{"id":19572,"date":"2022-05-17T18:00:50","date_gmt":"2022-05-17T16:00:50","guid":{"rendered":"http:\/\/www.robertosedda.it\/?p=19572"},"modified":"2022-12-13T16:51:38","modified_gmt":"2022-12-13T15:51:38","slug":"lincompetenza-probabile-di-dunning-e-kruger","status":"publish","type":"post","link":"http:\/\/www.robertosedda.it\/?p=19572","title":{"rendered":"L&#8217;incompetenza probabile di Dunning e Kruger"},"content":{"rendered":"\n<p>Il fidato <a href=\"http:\/\/www.robertosedda.it\/?page_id=10420\" data-type=\"page\" data-id=\"10420\">aggregatore di notizie<\/a> mi ha proposto, qualche giorno fa, un <a href=\"https:\/\/economicsfromthetopdown.com\/2022\/04\/08\/the-dunning-kruger-effect-is-autocorrelation\/\">articolo<\/a> di Blair Fix su un <em>blog<\/em> chiamato <em>Economics from the top down<\/em> che demolisce (punta a demolire) il cosiddetto <em>effetto Dunning-Kruger<\/em>, perlomeno nella forma con cui \u00e8 stato espresso nell&#8217;<a href=\"https:\/\/www.researchgate.net\/publication\/12688660_Unskilled_and_Unaware_of_It_How_Difficulties_in_Recognizing_One's_Own_Incompetence_Lead_to_Inflated_Self-Assessments\" data-type=\"URL\" data-id=\"https:\/\/www.researchgate.net\/publication\/12688660_Unskilled_and_Unaware_of_It_How_Difficulties_in_Recognizing_One's_Own_Incompetence_Lead_to_Inflated_Self-Assessments\">articolo scientifico originario<\/a>.<\/p>\n\n\n\n<p>Per coloro che negli ultimi vent&#8217;anni non avessero mai letto <em><a href=\"https:\/\/www.internazionale.it\/opinione\/annamaria-testa\/2019\/01\/14\/incompetenti-inconsapevoli\">Internazionale<\/a><\/em>, <em><a href=\"https:\/\/www.repubblica.it\/sport\/2020\/04\/14\/news\/la_rapina_dell_uomo_invisibile_e_la_teoria_dell_ignorante_zero_ecco_perche_ci_crediamo_esperti_di_tutto_anche_di_coronav-301026284\/\">Repubblica<\/a><\/em> o <em>I<a href=\"https:\/\/www.ilsole24ore.com\/art\/salvini-borghi-e-sindrome-pinocchio-di-cui-ci-sarebbe-bisogno-AB6cZPhB\">l Sole 24 Ore<\/a><\/em>, nel 1999 Dunning e Kruger condussero una serie di esperimenti che consistevano nel sottoporre i partecipanti a una serie di test e chiedendo poi loro di valutare la propria prestazione, prima di conoscere il risultato effettivo. Al termine degli esperimenti Dunning e Kruger sostennero di avere verificato che coloro che erano andati peggio erano anche quelli che sbagliavano di pi\u00f9 nell&#8217;autovalutarsi, sistematicamente sovrastimando la propria abilit\u00e0 e quindi i propri risultati.<\/p>\n\n\n\n<p>Se volessimo ricorrere alla saggezza dei modi di dire popolari, siamo nel campo del detto: <em>meno ne sanno e pi\u00f9 credono di saperne<\/em> (curiosamente, gli articoli che parlano di effetto Dunning-Kruger usano invece citazioni colte adatte a quelli che&#8230; ne sanno, e quindi hanno letto Socrate, Alexander Pope o Shakespeare). <\/p>\n\n\n\n<p>Mi pare di capire che la ricerca originale di Dunning-Kruger punti a indagare la relazione fra capacit\u00e0 cognitive (<em>io penso<\/em>) e metacognitive (<em>io penso a come penso<\/em>) e individuasse un doppio onere per le persone con basse prestazioni: non solo pensano male, ma pensano anche male al modo con cui pensano. Fuori del dibattito accademico, per\u00f2, la teoria ha acquisito larga popolarit\u00e0 dopo la crisi finanziaria del 2008, quando le <em>elite<\/em> stupefatte dall&#8217;emergere di pensieri non convenzionali che le avversavano, <a href=\"http:\/\/www.robertosedda.it\/?p=16172\" data-type=\"post\" data-id=\"16172\">sbrigativamente riassunti nel termine <em>populismi<\/em><\/a>, hanno trovato nell&#8217;effetto <em>Dunning-Kruger<\/em>, variamente combinato con le teorie sulle <em>fake news<\/em>, un modo paternalistico e rassicurante per riaffermare la propria superiorit\u00e0 intellettuale e per liquidare ogni critica al proprio privilegio, economico o di prestigio.<\/p>\n\n\n\n<p>Questa liquidazione, se notate, \u00e8 il filo conduttore dei tre articoli che ho citato all&#8217;inizio, a prescindere dalla reale esistenza o meno dell&#8217;errore di coloro contro cui ci si scaglia: Annamaria Testa giunge perfino a evocare Eco e le <em>legioni di imbecilli<\/em>, che non \u00e8 male per chi predica la <a href=\"http:\/\/www.robertosedda.it\/?p=13299\" data-type=\"post\" data-id=\"13299\">comunicazione non ostile<\/a>.<\/p>\n\n\n\n<figure class=\"wp-block-image alignwide size-large\"><img data-attachment-id=\"19574\" data-permalink=\"http:\/\/www.robertosedda.it\/?attachment_id=19574\" data-orig-file=\"https:\/\/i0.wp.com\/www.robertosedda.it\/wp-content\/uploads\/2022\/04\/Effetto_Dunning-Kruger.png?fit=1024%2C768\" data-orig-size=\"1024,768\" data-comments-opened=\"1\" data-image-meta=\"{&quot;aperture&quot;:&quot;0&quot;,&quot;credit&quot;:&quot;&quot;,&quot;camera&quot;:&quot;&quot;,&quot;caption&quot;:&quot;&quot;,&quot;created_timestamp&quot;:&quot;0&quot;,&quot;copyright&quot;:&quot;&quot;,&quot;focal_length&quot;:&quot;0&quot;,&quot;iso&quot;:&quot;0&quot;,&quot;shutter_speed&quot;:&quot;0&quot;,&quot;title&quot;:&quot;&quot;,&quot;orientation&quot;:&quot;0&quot;}\" data-image-title=\"Effetto_Dunning-Kruger\" data-image-description=\"\" data-image-caption=\"\" data-medium-file=\"https:\/\/i0.wp.com\/www.robertosedda.it\/wp-content\/uploads\/2022\/04\/Effetto_Dunning-Kruger.png?fit=300%2C225\" data-large-file=\"https:\/\/i0.wp.com\/www.robertosedda.it\/wp-content\/uploads\/2022\/04\/Effetto_Dunning-Kruger.png?fit=510%2C383\" decoding=\"async\" loading=\"lazy\" width=\"510\" height=\"383\" src=\"https:\/\/i0.wp.com\/www.robertosedda.it\/wp-content\/uploads\/2022\/04\/Effetto_Dunning-Kruger.png?resize=510%2C383\" alt=\"\" class=\"wp-image-19574\" srcset=\"https:\/\/i0.wp.com\/www.robertosedda.it\/wp-content\/uploads\/2022\/04\/Effetto_Dunning-Kruger.png?resize=510%2C383 510w, https:\/\/i0.wp.com\/www.robertosedda.it\/wp-content\/uploads\/2022\/04\/Effetto_Dunning-Kruger.png?resize=300%2C225 300w, https:\/\/i0.wp.com\/www.robertosedda.it\/wp-content\/uploads\/2022\/04\/Effetto_Dunning-Kruger.png?resize=150%2C113 150w, https:\/\/i0.wp.com\/www.robertosedda.it\/wp-content\/uploads\/2022\/04\/Effetto_Dunning-Kruger.png?w=1024 1024w\" sizes=\"(max-width: 510px) 100vw, 510px\" data-recalc-dims=\"1\" \/><figcaption>E no, questo non \u00e8 l&#8217;effetto Dunning-Kruger, anche se sta su <em><a href=\"https:\/\/upload.wikimedia.org\/wikipedia\/commons\/4\/47\/Effetto_Dunning-Kruger.png\">Wikipedia<\/a><\/em> e viene prontamente ripreso da Testa.<\/figcaption><\/figure>\n\n\n\n<p>Ora, personalmente, ho sempre dubitato dell&#8217;effetto Dunning-Kruger. Intanto, fa parte di quel tipo di lavori di psicologia sociale che sembrano costruiti per confermare sperimentalmente i pregiudizi e le fisime dell&#8217;ideologia dominante, molti dei quali sono oggi parte di una <a href=\"http:\/\/www.robertosedda.it\/?p=15327\">enorme crisi di replicabilit\u00e0<\/a>. in secondo luogo, per quanto nel dibattito sociale e politico attuale sia citato con grandissima enfasi, \u00e8 alla fine di scarsa utilit\u00e0 pratica; \u00e8 sempre bene averlo in mente per ricordarsi che \u00e8 importante <em>sapere di non sapere<\/em>, ma per il resto pu\u00f2 solo creare una paranoia paralizzante: se mi sembra che le mie competenze su una determinata materia siano superiori a quelle della media delle persone, come faccio a sapere se il mio giudizio \u00e8 esatto o se invece \u00e8 all&#8217;opera l&#8217;effetto Dunning-Kruger? Non posso, e quindi, \u00e8 inutile. In realt\u00e0 se ci si pensa il problema \u00e8 che questo tipo di circolo vizioso dipende dal fatto che capacit\u00e0 cognitive e metacognitive sono a loro volta legate in maniera complessa, e l&#8217;approccio di Dunning e Kruger nel definirne il rapporto \u00e8 rigidamente binario in maniera eccessiva: come scrivono Robert D. McIntosh and Sergio Della Sala, due psicologi dell&#8217;Universit\u00e0 di Edimburgo in un <a href=\"https:\/\/thepsychologist.bps.org.uk\/volume-35\/march-2022\/persistent-irony-dunning-kruger-effect\">articolo<\/a> giusto di alcune settimane fa: \u00abSe le nostre capacit\u00e0 cognitive sono deboli, questo varr\u00e0 anche per le capacit\u00e0 metacognitive, e noi potremmo essere gli ultimi ad accorgercene. Sfortunatamente, lo schema proposto dall&#8217;effetto Dunning-Kruger in s\u00e9 e per s\u00e9 non fornisce prove credibili di questa teoria, non solo a causa della debolezza dell&#8217;analisi statistica, ma perch\u00e9 tipicamente gli studi sull&#8217;autovalutazione in realt\u00e0 non misurano le capacit\u00e0 metacognitive. Chiedere a qualcuno di indicare con un numero quanto bene pensa di aver svolto un compito, o di valutarsi rispetto ad altri, pu\u00f2 comportare un certo grado di autoconsapevolezza ma comporta anche capacit\u00e0 di formulare ipotesi e di procedere per approssimazione, e non c&#8217;\u00e8 un modo semplice di sbrogliare l&#8217;intrico di questi fattori\u00bb.<\/p>\n\n\n\n<p>Avevo pensato di tradurre l&#8217;articolo di Fix, la cui critica non verte tanto sul contenuto quanto sul metodo: l&#8217;esperimento originale \u00e8 costruito in modo da creare in suoi propri risultati in maniera automatica a causa di un artificio statistico. L&#8217;elegante confutazione si basa sul ripetere i calcoli con numeri generati casualmente: l&#8217;effetto Dunning-Kruger si ripresenta anche in questo caso, in maniera evidentemente paradossale. La spiegazione \u00e8 nel fatto che \u00e8 all&#8217;opera un meccanismo di autocorrelazione, cio\u00e8 le due variabili considerate sono connesse fra loro &#8211; in pratica sono la <em>stessa<\/em> variabile &#8211; e quindi l&#8217;effetto statistico si ripresenta per forza.<\/p>\n\n\n\n<p>Poi, per\u00f2, leggendo la <a href=\"https:\/\/thepsychologist.bps.org.uk\/volume-35\/april-2022\/dunning-kruger-effect-and-its-discontents\">veemente risposta<\/a> di Dunning alle critiche di Mcintosh e Della Sala, ho visto che rivendicava che l&#8217;effetto a cui ha dato il nome si ripresenta in studi <em>non<\/em> costruiti col meccanismo dello studio originale, cio\u00e8 che usano le variabili in modo diverso. La confutazione di Fix era cio\u00e8 valida, ma limitata.<\/p>\n\n\n\n<p>Intendiamoci, seguendo il suggerimento dello stesso Fix mi sono letto lo studio originario di Dunning e Kruger. Diceva Fix: \u00ab&#8230;Dunning e Kruger sono ottimi scrittori, e otteniamo la ricetta per un articolo di richiamo. Sotto questo punto di vista, vi raccomando di leggerlo, perch\u00e9 ci ricorda che la buona retorica non equivale a buona scienza\u00bb. Ora, a me non sembra poi scritto in questa maniera cos\u00ec abile, ma certo dal punto di vista della buona scienza rivela delle sorprese: per esempio, credo che la maggior parte delle persone creda che il test a cui erano stati sottoposti i partecipanti fosse un qualche test di cultura generale, o relativo a una materia valutabile oggettivamente. Invece Dunning e Kruger hanno preso una serie di battute comiche e freddure, hanno chiesto a un gruppo di comici professionisti di valutarne la spiritosit\u00e0, e sulla base della graduatoria cos\u00ec ottenuta hanno considerato la maggiore o minore competenza dei partecipanti; poi, naturalmente, tutto va nel calderone dell&#8217;errore statistico, ma certo si rimane sorpresi.<\/p>\n\n\n\n<p>Comunque, per tornare a noi, la confutazione di Fix, che \u00e8 basata su due articoli molto citati di Nuhfer, del <a href=\"https:\/\/digitalcommons.usf.edu\/cgi\/viewcontent.cgi?article=1188&amp;context=numeracy\">2016<\/a> e <a href=\"https:\/\/digitalcommons.usf.edu\/cgi\/viewcontent.cgi?article=1215&amp;context=numeracy\">2017<\/a>, \u00e8 convincente ma non completa perch\u00e9, come fa notare Dunning, altri studi che rafforzano la sua tesi impiegano metodiche differenti. Il problema, per\u00f2, che c&#8217;\u00e8 ormai un largo campo di letteratura che confuta complessivamente anche questi studi: se ne trova un elenco in un articolo del 2020 di <a href=\"https:\/\/www.gwern.net\/docs\/iq\/2020-gignac.pdf\">Gignac e Zajenkowski<\/a> che riprendendo un <a href=\"https:\/\/www.frontiersin.org\/articles\/10.3389\/fpsyg.2022.840180\/full#B19\">articolo del 2002<\/a> di Krueger &#8211; che, attenzione, non \u00e8 Kruger &#8211; e Mueller spiegano l&#8217;effetto Dunning-Kruger come una combinazione di due fenomeni abbastanza noti: la regressione verso la media e l&#8217;illusione di essere meglio della media; un altro <a href=\"https:\/\/www.frontiersin.org\/articles\/10.3389\/fpsyg.2022.840180\/full\">articolo<\/a> che mi sono letto, di Magnus e Peresetsky, ha nell&#8217;introduzione una ricostruzione molto simile delle critiche avanzate dal fronte statistico al lavoro di Dunning e Kruger: in tutti i casi l&#8217;obiezione si riassume nel fatto che sono presenti dei meccanismi statistici che spiegano il fenomeno senza bisogno di scomodare dimensioni cognitive o psicologiche.<\/p>\n\n\n\n<p>Da questa serie di letture mi porto via tre considerazioni. <\/p>\n\n\n\n<p>La prima \u00e8, ancora una volta, la constatazione di come la scienza sia &#8211; possa essere &#8211; <em>sociale<\/em>, cio\u00e8 segua l&#8217;ideologia: se la critica di Krueger e Mueller risale al 2002, molto vicina all&#8217;uscita del lavoro originale di Dunning e Kruger, ci si dovrebbe chiedere come sia possibile che abbiamo passato vent&#8217;anni a farci ammorbare da una teoria piuttosto elitista; la risposta, in realt\u00e0 \u00e8 insita nella domanda; \u00e8 successo esattamente perch\u00e9 era elitista e si accordava con le esigenze politiche del momento, esattamente come la favoletta del bambino sobrio che \u00e8 capace di rimandare il consumo delle caramelle e quindi poi diventa capitano d&#8217;industria era funzionale a un certo tipo di ideologia capitalista e alla propaganda del sogno americano.<\/p>\n\n\n\n<p>La seconda osservazione \u00e8 pi\u00f9 facile da fare dopo che abbiamo vissuto la pandemia e abbiamo visto quante minchiate &#8211; scusate, ma non c&#8217;\u00e8 altra parola &#8211; statistiche possano essere diffuse senza battere ciglio da scienziati anche di grido nelle rispettive specialit\u00e0; davvero la statistica \u00e8 una scienza incompresa.<\/p>\n\n\n\n<p>La terza osservazione \u00e8 che dire che l&#8217;effetto Dunning-Kruger \u00e8 una teoria elitista non vuol dire che non sia vero che non ci siano gli ignoranti o che la preparazione non conti &#8211; al massimo la lezione che possiamo trarne \u00e8 che, talvolta, sono gli scienziati di grido stessi a essere, secondo il titolo dell&#8217;articolo orinale di Dunning e Kruger, <em>inabili e incoscienti della propria inabilit\u00e0<\/em>, ma in generale la formazione e la preparazione contano: se ne trova ampiamente traccia negli articoli di Nuhfer, che ha fatto esperimenti impostati in maniera differente e statisticamente robusta, e soprattutto c&#8217;\u00e8 un bellissimo <a href=\"https:\/\/onlinelibrary.wiley.com\/doi\/pdf\/10.1207\/s15516709cog2605_1\">articolo<\/a> di Rozenblit e Kiel che non avrei mai letto se non mi fossi dovuto ricostruire tutta l&#8217;altra polemica sulle distorsioni cognitive e che si concentra sul perch\u00e9 le persone credono che le loro spiegazioni di un fenomeno siano pi\u00f9 approfondite e <em>profonde<\/em> di quello che sono in realt\u00e0, e come mai questo valga meno per tipi di conoscenza: un articolo che quindi consiglio del tutto.<\/p>\n","protected":false},"excerpt":{"rendered":"<p>Il fidato aggregatore di notizie mi ha proposto, qualche giorno fa, un articolo di Blair Fix su un blog chiamato<\/p>\n","protected":false},"author":1,"featured_media":19574,"comment_status":"open","ping_status":"open","sticky":false,"template":"","format":"standard","meta":{"_mi_skip_tracking":false,"_monsterinsights_sitenote_active":false,"_monsterinsights_sitenote_note":"","_monsterinsights_sitenote_category":0,"jetpack_post_was_ever_published":false,"_jetpack_newsletter_access":"","jetpack_publicize_message":"In molti abbiamo sentito parlare dell'effetto Dunning-Kruger: peccato che sia falso (o meglio, vero ma... non quello).","jetpack_is_tweetstorm":false,"jetpack_publicize_feature_enabled":true,"jetpack_social_post_already_shared":true,"jetpack_social_options":{"image_generator_settings":{"template":"highway","enabled":false}}},"categories":[52,60,57,17,16],"tags":[],"jetpack_publicize_connections":[],"jetpack_featured_media_url":"https:\/\/i0.wp.com\/www.robertosedda.it\/wp-content\/uploads\/2022\/04\/Effetto_Dunning-Kruger.png?fit=1024%2C768","jetpack_sharing_enabled":true,"jetpack_shortlink":"https:\/\/wp.me\/p4jV2T-55G","jetpack_likes_enabled":true,"jetpack-related-posts":[{"id":8285,"url":"http:\/\/www.robertosedda.it\/?p=8285","url_meta":{"origin":19572,"position":0},"title":"Bilancio e ringraziamenti annuali","author":"Rufus","date":"01\/09\/2014","format":false,"excerpt":"Col 31 agosto il sito ha festeggiato due anni di vita e quindi \u00e8 tempo di bilanci. Non tanto perch\u00e9 i numeri siano rilevanti:\u00a0La casa di Roberto resta, come \u00e8 giusto che sia, un sito assolutamente minuscolo\u00a0nel vasto mondo della rete, con numeri di visitatori molto bassi. Cio\u00e8, sono numeri\u2026","rel":"","context":"In &quot;Coordinate&quot;","block_context":{"text":"Coordinate","link":"http:\/\/www.robertosedda.it\/?cat=52"},"img":{"alt_text":"","src":"https:\/\/i0.wp.com\/www.robertosedda.it\/wp-content\/uploads\/2014\/09\/Pasquetta-2004-019.jpg?fit=1200%2C900&resize=350%2C200","width":350,"height":200,"srcset":"https:\/\/i0.wp.com\/www.robertosedda.it\/wp-content\/uploads\/2014\/09\/Pasquetta-2004-019.jpg?fit=1200%2C900&resize=350%2C200 1x, https:\/\/i0.wp.com\/www.robertosedda.it\/wp-content\/uploads\/2014\/09\/Pasquetta-2004-019.jpg?fit=1200%2C900&resize=700%2C400 2x, https:\/\/i0.wp.com\/www.robertosedda.it\/wp-content\/uploads\/2014\/09\/Pasquetta-2004-019.jpg?fit=1200%2C900&resize=1050%2C600 3x"},"classes":[]},{"id":4396,"url":"http:\/\/www.robertosedda.it\/?p=4396","url_meta":{"origin":19572,"position":1},"title":"Primo anniversario","author":"Rufus","date":"04\/09\/2013","format":false,"excerpt":"Il primo articolo del blog rinnovato \u00e8 uscito il 4 settembre 2012. Oggi quindi questo sito compie un anno. Giusto per informazione, in questo periodo ci sono state 15181 visite (10659 persone) con 29616 visualizzazioni di pagina. Non credo che siano numeri significativi, cio\u00e8 non ho la pi\u00f9 pallida idea\u2026","rel":"","context":"In &quot;Coordinate&quot;","block_context":{"text":"Coordinate","link":"http:\/\/www.robertosedda.it\/?cat=52"},"img":{"alt_text":"","src":"","width":0,"height":0},"classes":[]},{"id":10799,"url":"http:\/\/www.robertosedda.it\/?p=10799","url_meta":{"origin":19572,"position":2},"title":"Ringraziamenti annuali (i soliti, ma sinceri)","author":"Rufus","date":"09\/09\/2015","format":false,"excerpt":"Come sempre fine agosto \u00e8 tempo di bilanci annuali per quanto riguarda le statistiche di frequenza del blog. Col fatto che siamo rimasti fermi quasi una settimana sono un po\u2019 in ritardo, ma ieri sono andato finalmente a guardarmele. Raccontava il compianto padre Acquaro di un suo confratello mercedario, afflitto\u2026","rel":"","context":"In &quot;Il web&quot;","block_context":{"text":"Il web","link":"http:\/\/www.robertosedda.it\/?cat=64"},"img":{"alt_text":"","src":"https:\/\/i0.wp.com\/www.robertosedda.it\/wp-content\/uploads\/2015\/09\/Stats-2014_15.jpg?fit=1187%2C581&resize=350%2C200","width":350,"height":200,"srcset":"https:\/\/i0.wp.com\/www.robertosedda.it\/wp-content\/uploads\/2015\/09\/Stats-2014_15.jpg?fit=1187%2C581&resize=350%2C200 1x, https:\/\/i0.wp.com\/www.robertosedda.it\/wp-content\/uploads\/2015\/09\/Stats-2014_15.jpg?fit=1187%2C581&resize=700%2C400 2x, https:\/\/i0.wp.com\/www.robertosedda.it\/wp-content\/uploads\/2015\/09\/Stats-2014_15.jpg?fit=1187%2C581&resize=1050%2C600 3x"},"classes":[]},{"id":14818,"url":"http:\/\/www.robertosedda.it\/?p=14818","url_meta":{"origin":19572,"position":3},"title":"REBLOG: Del perch\u00e9 Giulio Cavalli \u00e8 un gran signore","author":"Rufus","date":"12\/03\/2018","format":false,"excerpt":"Segnalo l'articolo di smentita, ricco anche di\u00a0link a interessanti articoli storici sulla\u00a0vera propaganda nazista, a proposito delle famose 11 regole di Goebbels delle quali si \u00e8 parlato qui sul\u00a0blog nei giorni scorsi. Non \u00e8 comunque facile intitolare un articolo\u00a0Ho scritto una bufala. Scusatemi, e quindi\u00a0chapeau!","rel":"","context":"In &quot;Segnalazioni&quot;","block_context":{"text":"Segnalazioni","link":"http:\/\/www.robertosedda.it\/?cat=95"},"img":{"alt_text":"","src":"","width":0,"height":0},"classes":[]},{"id":19456,"url":"http:\/\/www.robertosedda.it\/?p=19456","url_meta":{"origin":19572,"position":4},"title":"Affidarsi agli affidabili","author":"Rufus","date":"06\/04\/2022","format":false,"excerpt":"I mezzi di informazione godono di una credibilit\u00e0 che \u00e8 totalmente immeritata. L'abbiamo sperimentato tutti, in quello che chiamo l'Effetto amnesia di Murray Gell-Man (lo chiamo con questo nome perch\u00e9 una volta l'ho ne ho parlato con Murray Gell-Man, e buttando l\u00e0 il nome di una persona famosa lascio intendere\u2026","rel":"","context":"In &quot;Coordinate&quot;","block_context":{"text":"Coordinate","link":"http:\/\/www.robertosedda.it\/?cat=52"},"img":{"alt_text":"","src":"https:\/\/i0.wp.com\/www.robertosedda.it\/wp-content\/uploads\/2022\/04\/Crichton.jpg?fit=460%2C288&resize=350%2C200","width":350,"height":200},"classes":[]},{"id":17042,"url":"http:\/\/www.robertosedda.it\/?p=17042","url_meta":{"origin":19572,"position":5},"title":"Tutti al mare fascista","author":"Rufus","date":"23\/08\/2019","format":false,"excerpt":"Trovo in giro un link a un interessante articolo su Domus di Alessandro Benetti a proposito di uno dei campi preferiti di sperimentazione degli architetti razionalisti di epoca fascista: i luoghi deputati a ospitare i bagnanti, i lidi e simili (il tema dovrebbe interessare gli abitanti di una citt\u00e0 che\u2026","rel":"","context":"In &quot;Coordinate&quot;","block_context":{"text":"Coordinate","link":"http:\/\/www.robertosedda.it\/?cat=52"},"img":{"alt_text":"","src":"https:\/\/i0.wp.com\/www.robertosedda.it\/wp-content\/uploads\/2019\/08\/20150621_132343.jpg?fit=1200%2C720&resize=350%2C200","width":350,"height":200,"srcset":"https:\/\/i0.wp.com\/www.robertosedda.it\/wp-content\/uploads\/2019\/08\/20150621_132343.jpg?fit=1200%2C720&resize=350%2C200 1x, https:\/\/i0.wp.com\/www.robertosedda.it\/wp-content\/uploads\/2019\/08\/20150621_132343.jpg?fit=1200%2C720&resize=700%2C400 2x, https:\/\/i0.wp.com\/www.robertosedda.it\/wp-content\/uploads\/2019\/08\/20150621_132343.jpg?fit=1200%2C720&resize=1050%2C600 3x"},"classes":[]}],"_links":{"self":[{"href":"http:\/\/www.robertosedda.it\/index.php?rest_route=\/wp\/v2\/posts\/19572"}],"collection":[{"href":"http:\/\/www.robertosedda.it\/index.php?rest_route=\/wp\/v2\/posts"}],"about":[{"href":"http:\/\/www.robertosedda.it\/index.php?rest_route=\/wp\/v2\/types\/post"}],"author":[{"embeddable":true,"href":"http:\/\/www.robertosedda.it\/index.php?rest_route=\/wp\/v2\/users\/1"}],"replies":[{"embeddable":true,"href":"http:\/\/www.robertosedda.it\/index.php?rest_route=%2Fwp%2Fv2%2Fcomments&post=19572"}],"version-history":[{"count":4,"href":"http:\/\/www.robertosedda.it\/index.php?rest_route=\/wp\/v2\/posts\/19572\/revisions"}],"predecessor-version":[{"id":19666,"href":"http:\/\/www.robertosedda.it\/index.php?rest_route=\/wp\/v2\/posts\/19572\/revisions\/19666"}],"wp:featuredmedia":[{"embeddable":true,"href":"http:\/\/www.robertosedda.it\/index.php?rest_route=\/wp\/v2\/media\/19574"}],"wp:attachment":[{"href":"http:\/\/www.robertosedda.it\/index.php?rest_route=%2Fwp%2Fv2%2Fmedia&parent=19572"}],"wp:term":[{"taxonomy":"category","embeddable":true,"href":"http:\/\/www.robertosedda.it\/index.php?rest_route=%2Fwp%2Fv2%2Fcategories&post=19572"},{"taxonomy":"post_tag","embeddable":true,"href":"http:\/\/www.robertosedda.it\/index.php?rest_route=%2Fwp%2Fv2%2Ftags&post=19572"}],"curies":[{"name":"wp","href":"https:\/\/api.w.org\/{rel}","templated":true}]}}