{"id":19447,"date":"2023-04-05T10:45:56","date_gmt":"2023-04-05T08:45:56","guid":{"rendered":"http:\/\/www.robertosedda.it\/?p=19447"},"modified":"2023-04-05T10:45:59","modified_gmt":"2023-04-05T08:45:59","slug":"politica-di-rappresentanza-e-politica-emancipativa","status":"publish","type":"post","link":"http:\/\/www.robertosedda.it\/?p=19447","title":{"rendered":"Politica di rappresentanza e politica emancipativa"},"content":{"rendered":"\n<figure class=\"wp-block-image alignright size-full is-resized\"><img data-attachment-id=\"20052\" data-permalink=\"http:\/\/www.robertosedda.it\/?attachment_id=20052\" data-orig-file=\"https:\/\/i0.wp.com\/www.robertosedda.it\/wp-content\/uploads\/2023\/04\/Picket.jpg?fit=630%2C357\" data-orig-size=\"630,357\" data-comments-opened=\"1\" data-image-meta=\"{&quot;aperture&quot;:&quot;0&quot;,&quot;credit&quot;:&quot;Roberto Sedda&quot;,&quot;camera&quot;:&quot;&quot;,&quot;caption&quot;:&quot;&quot;,&quot;created_timestamp&quot;:&quot;1680690542&quot;,&quot;copyright&quot;:&quot;&quot;,&quot;focal_length&quot;:&quot;0&quot;,&quot;iso&quot;:&quot;0&quot;,&quot;shutter_speed&quot;:&quot;0&quot;,&quot;title&quot;:&quot;&quot;,&quot;orientation&quot;:&quot;0&quot;}\" data-image-title=\"Picket\" data-image-description=\"\" data-image-caption=\"\" data-medium-file=\"https:\/\/i0.wp.com\/www.robertosedda.it\/wp-content\/uploads\/2023\/04\/Picket.jpg?fit=300%2C170\" data-large-file=\"https:\/\/i0.wp.com\/www.robertosedda.it\/wp-content\/uploads\/2023\/04\/Picket.jpg?fit=510%2C289\" decoding=\"async\" loading=\"lazy\" src=\"https:\/\/i0.wp.com\/www.robertosedda.it\/wp-content\/uploads\/2023\/04\/Picket.jpg?resize=473%2C268\" alt=\"\" class=\"wp-image-20052\" width=\"473\" height=\"268\" srcset=\"https:\/\/i0.wp.com\/www.robertosedda.it\/wp-content\/uploads\/2023\/04\/Picket.jpg?w=630 630w, https:\/\/i0.wp.com\/www.robertosedda.it\/wp-content\/uploads\/2023\/04\/Picket.jpg?resize=300%2C170 300w, https:\/\/i0.wp.com\/www.robertosedda.it\/wp-content\/uploads\/2023\/04\/Picket.jpg?resize=510%2C289 510w, https:\/\/i0.wp.com\/www.robertosedda.it\/wp-content\/uploads\/2023\/04\/Picket.jpg?resize=150%2C85 150w\" sizes=\"(max-width: 473px) 100vw, 473px\" data-recalc-dims=\"1\" \/><\/figure>\n\n\n\n<p>Controllando gli articoli scritti in questo stesso giorno nel passato, trovo una bozza dell&#8217;anno scorso, mai pubblicata, nella quale segnalavo un feroce <a href=\"https:\/\/www.theguardian.com\/commentisfree\/2022\/apr\/05\/jay-z-beyonce-picket-line-party-celebrity-activism-oscars-chateau-marmont\">editoriale<\/a> del <em>Guardian <\/em>, a firma di Emma Dabiri, che critica Jay-Z e Beyonc\u00e9, due celebrit\u00e0 caratterizzate anche da un certo attivismo sociale, che per partecipare a una festa post-Oscar (quelli, ripeto, dell&#8217;anno scorso), non si sono fatti troppi problemi a passare attraverso un picchetto di lavoratori licenziati dalla struttura in cui si teneva la festa. Mi verrebbe da dire che il problema a monte fosse l&#8217;aver deciso di tenere l\u00ec la festa, casomai, ma attraversare un picchetto \u00e8 comunque un gesto simbolico piuttosto forte.<\/p>\n\n\n\n<p>Credo che avessi deciso di segnalare l&#8217;articolo, piuttosto breve, fra l&#8217;altro, gi\u00e0 dalla lettura delle prime righe:<\/p>\n\n\n\n<blockquote class=\"wp-block-quote\">\n<p>Molta dell&#8217;energia scatenatasi dopo l&#8217;assassinio di George Flyd sembra essere stata sequestrata e dirottata a favore di una &#8220;ditta antirazzista&#8221; preoccupata oltre misura col tema delle microaggressioni, dotata di visibilit\u00e0 nei film e nei mezzi di comunicazione e legata da relazioni interpersonali. Si tratta di uno schema che ignora largamente le disparit\u00e0 economiche, o la possibilit\u00e0 di istituire lotte organizzate e dotate di scopi strategici.<\/p>\n<\/blockquote>\n\n\n\n<p>Non ho tempo di tradurre tutto l&#8217;articolo, ma mi \u00e8 sembrato interessante alla rilettura anche a distanza, soprattutto nella distinzione che traccia fra una linea politica di <em>posizionamento<\/em>, preoccupata di acquisire visibilit\u00e0 e, alla fin fine, collusa con il sistema che critica, e una politica <em>emancipativa<\/em>, volta a cambiare realmente la situazione in favore di chi \u00e8 oppresso. A fianco a questo c&#8217;\u00e8 un&#8217;altra questione, che riguarda quanto sia ingombrante questo posizionamento: \u00abMa a questi, chi gli ha dato l&#8217;incarico di rappresentarci?\u00bb.<\/p>\n\n\n\n<p>Il succo dell&#8217;articolo sta, insomma, in questo passaggio:<\/p>\n\n\n\n<blockquote class=\"wp-block-quote\">\n<p>Tuttavia questa &#8220;rappresentazione&#8221; spettacolarizzata, che impacchetta l&#8217;energia del movimento <em>Black Lives Matter<\/em> in bocconcini elegantemente serviti, cambia poco. Specialmente quando, avendo la possibilit\u00e0 di sostenere un cambiamento reale, si preferisce fare una festa in un ambiente lussuoso. [&#8230;] Mentre i lavoratori del picchetto si sobbarcavano il lavoro pesante di un <em>vero<\/em> attivismo all&#8217;esterno, la festa di coloro che &#8220;rappresentano&#8221; \u00e8 continuata all&#8217;interno, senza lasciarsi distrarre da quelle fastidiose domande.<\/p>\n\n\n\n<p>La contraddizione rappresentata da &#8220;attivisti&#8221; miliardari che passano attraverso un picchetto \u00e8 stata quasi completamente ignorata nelle discussioni dopo l&#8217;Oscar. \u00c8 stato invece lo &#8220;schiaffo fra celebrit\u00e0&#8221; che ha riscosso attenzione: l&#8217;incidente nel quale l&#8217;attore milionario di Hollywood Will Smith ha colpito il conduttore degli Oscar, il comico milionario di Hollywood Chris Rock, per avere fatto una battuta sgradevole sulla moglie di Smith, l&#8217;attrice milionaria di Hollywood Jada Pinkett Smith. In una evidente messa in stato di accusa delle nostre priorit\u00e0, i commentatori sono ossessionati dai capricci dei megaricchi mentre i lavoratori fanno fatica a vivere.<\/p>\n\n\n\n<p>Non solo questa visibilit\u00e0 non \u00e8 un rimedio immediato per il razzismo, l&#8217;episodio al Chateau Mormont in s\u00e9, cos\u00ec come il silenzio che l&#8217;ha circondato, rimane un esempio brutale di come &#8220;le politiche di rappresentanza&#8221; possono in realt\u00e0 distrarre da politiche realmente emancipative. Dimostra che il mondo &#8220;antirazzista&#8221; cos\u00ec spesso citato dopo il 2020 non sar\u00e0 raggiunto senza analisi di classe, a prescindere da quanti film neri faccia Hollywood.<\/p>\n\n\n\n<p>L&#8217;episodio dimostra anche quante persone siano pi\u00f9 che disposte a usare il linguaggio della diversit\u00e0, dell&#8217;inclusone e dell&#8217;antirazzismo &#8211; dalle celebrit\u00e0 reali a aspiranti &#8220;attivisti <em>influencer<\/em>&#8221; &#8211; anche se questo finisce non per servire la liberazione collettiva, ma l&#8217;ambizione personale.<\/p>\n<\/blockquote>\n\n\n\n<p>C&#8217;\u00e8 forse un filo di moralismo di troppo (del resto la dicotomia &#8220;ricchi e ipocriti&#8221; contro &#8220;poveri e ignoti&#8221; \u00e8 troppo seducente per essere ignorata) e devo dire che a <em>analisi di classe <\/em>ho avuto un sobbalzo, ma complessivamente mi trovo d&#8217;accordo.<\/p>\n\n\n\n<p>Oh, verrebbe da dire: ben svegliata. Forse non c&#8217;era bisogno di aspettare gli Oscar, sotto molti punti di vista questo sequestro del tema dei diritti civili da parte di celebrit\u00e0 e grandi aziende era gi\u00e0 evidente perfino <a href=\"http:\/\/www.robertosedda.it\/?p=18168\">da prima<\/a> di <em>Black Lives Matter<\/em>, ma comunque: ben venga. E in ogni caso, nelle prassi quotidiane vedo che anche in Italia con grande frequenza  si reagisce pavlovianamente all&#8217;uso delle parole <em>giuste<\/em> da parte di famosi e famosetti e di, com&#8217;era?, \u00abaspiranti attivisti <em>influencer<\/em>\u00bb, dando credito enorme a chi dopotutto non fa che ripetere <em>slogan<\/em> a pappagallo e dimenticando che molti servono soltanto l&#8217;ambizione personale.<\/p>\n","protected":false},"excerpt":{"rendered":"<p>Controllando gli articoli scritti in questo stesso giorno nel passato, trovo una bozza dell&#8217;anno scorso, mai pubblicata, nella quale segnalavo<\/p>\n","protected":false},"author":1,"featured_media":20052,"comment_status":"open","ping_status":"open","sticky":false,"template":"","format":"standard","meta":{"_mi_skip_tracking":false,"_monsterinsights_sitenote_active":false,"_monsterinsights_sitenote_note":"","_monsterinsights_sitenote_category":0,"jetpack_post_was_ever_published":false,"_jetpack_newsletter_access":"","jetpack_publicize_message":"","jetpack_is_tweetstorm":false,"jetpack_publicize_feature_enabled":true,"jetpack_social_post_already_shared":true,"jetpack_social_options":{"image_generator_settings":{"template":"highway","enabled":false}}},"categories":[52,57,59,95,16],"tags":[],"jetpack_publicize_connections":[],"jetpack_featured_media_url":"https:\/\/i0.wp.com\/www.robertosedda.it\/wp-content\/uploads\/2023\/04\/Picket.jpg?fit=630%2C357","jetpack_sharing_enabled":true,"jetpack_shortlink":"https:\/\/wp.me\/p4jV2T-53F","jetpack_likes_enabled":true,"jetpack-related-posts":[{"id":13382,"url":"http:\/\/www.robertosedda.it\/?p=13382","url_meta":{"origin":19447,"position":0},"title":"Ragazze che muoiono bruciate sotto chiave l&#8217;otto marzo. Nel 2017","author":"Rufus","date":"10\/03\/2017","format":false,"excerpt":"Mi ha molto colpito, stamattina, leggere su\u00a0Il sismografo\u00a0la notizia che in un ostello in Guatemala lo scorso otto marzo sono morte trentacinque ragazzine minorenni in un incendio. Tutti sapete che probabilmente il famoso incendio in una fabbrica americana da cui avrebbe preso origine la festa della donna \u00e8 probabilmente un'invenzione\u2026","rel":"","context":"In &quot;Coordinate&quot;","block_context":{"text":"Coordinate","link":"http:\/\/www.robertosedda.it\/?cat=52"},"img":{"alt_text":"","src":"https:\/\/i0.wp.com\/www.robertosedda.it\/wp-content\/uploads\/2017\/03\/Incendio-Guatemala-pubblicata-pompieri.jpg?fit=750%2C422&resize=350%2C200","width":350,"height":200,"srcset":"https:\/\/i0.wp.com\/www.robertosedda.it\/wp-content\/uploads\/2017\/03\/Incendio-Guatemala-pubblicata-pompieri.jpg?fit=750%2C422&resize=350%2C200 1x, https:\/\/i0.wp.com\/www.robertosedda.it\/wp-content\/uploads\/2017\/03\/Incendio-Guatemala-pubblicata-pompieri.jpg?fit=750%2C422&resize=700%2C400 2x"},"classes":[]},{"id":14224,"url":"http:\/\/www.robertosedda.it\/?p=14224","url_meta":{"origin":19447,"position":1},"title":"Contributo all&#8217;esatta comprensione del vocabolario","author":"Rufus","date":"16\/10\/2017","format":false,"excerpt":"I giorni scorsi ero a Palermo e ho visto che un mio contatto lamentava Alcuni commenti alle immagini della \"marcia per la sicurezza\" in corso a Cagliari: 1) \"Heil Hitler\"; 2) \"Mussolini ci oliara immoi fianta giai abbrusciusu is nieddus\"; 3) \"ci vuole l'esercito con il colpo in canna e\u2026","rel":"","context":"In &quot;Coordinate&quot;","block_context":{"text":"Coordinate","link":"http:\/\/www.robertosedda.it\/?cat=52"},"img":{"alt_text":"","src":"https:\/\/i0.wp.com\/www.robertosedda.it\/wp-content\/uploads\/2017\/10\/19145_650_320_dy_Fiaccolata_per_la_sicurezza_a_Cagliari_sfilano_duecento_persone_-_FOTO.jpg?fit=650%2C567&resize=350%2C200","width":350,"height":200},"classes":[]},{"id":9738,"url":"http:\/\/www.robertosedda.it\/?p=9738","url_meta":{"origin":19447,"position":2},"title":"Le curve come arma o come bersaglio?","author":"Rufus","date":"05\/03\/2015","format":false,"excerpt":"Sta diventando virale sulla rete la foto di una giovanissima attivista politica danese,\u00a0 Nikita Kl\u00e6strup, che a un qualche raduno di gala del suo raggruppamento politico (incidentalmente: conservatori) ha sfoggiato il\u00a0look che vedete qui sotto:Ecco, diciamo che \u00e8 un\u00a0look che parla da solo. O no? Ecco, in realt\u00e0 forse no.\u2026","rel":"","context":"In &quot;Coordinate&quot;","block_context":{"text":"Coordinate","link":"http:\/\/www.robertosedda.it\/?cat=52"},"img":{"alt_text":"","src":"https:\/\/i0.wp.com\/www.robertosedda.it\/wp-content\/uploads\/2015\/03\/Nikita-Kl\u00e6strup.jpg?fit=549%2C792&resize=350%2C200","width":350,"height":200},"classes":[]},{"id":11281,"url":"http:\/\/www.robertosedda.it\/?p=11281","url_meta":{"origin":19447,"position":3},"title":"Slittamenti di senso","author":"Rufus","date":"11\/12\/2015","format":false,"excerpt":"Ieri ho avuto un breve scambio su\u00a0Facebook\u00a0 con un amico. Lo riporto qui per due motivi. Uno \u00e8 che il\u00a0blog serve esattamente a questo: a riportare tutto a casa di quel che spargo sulla rete. La seconda \u00e8 che il breve dialogo svela alcuni, come dire?, impoverimenti del ragionamento politico\u2026","rel":"","context":"In &quot;Coordinate&quot;","block_context":{"text":"Coordinate","link":"http:\/\/www.robertosedda.it\/?cat=52"},"img":{"alt_text":"","src":"https:\/\/external.xx.fbcdn.net\/safe_image.php?d=AQDHnfuSv7NvIG7Y&w=487&h=255&url=http%3A%2F%2Fwww.ilpost.it%2Fwp-content%2Fuploads%2F2015%2F12%2FLibero10.png&cfs=1&upscale=1&sx=0&sy=147&sw=470&sh=246","width":350,"height":200},"classes":[]},{"id":1642,"url":"http:\/\/www.robertosedda.it\/?p=1642","url_meta":{"origin":19447,"position":4},"title":"Quel che ho detto (o volevo dire) a Eben Ezer &#8211; la Sardegna","author":"Rufus","date":"18\/12\/2012","format":false,"excerpt":"L'altro giorno mi sono dilungato molto di pi\u00f9, oggi sar\u00f2 (per fortuna di tutti) pi\u00f9 breve. La domanda a cui avrei dovuto rispondere nella seconda parte del mio intervento era, pi\u00f9 o meno: com'\u00e8 la Sardegna vista dalla visuale di Banca Popolare Etica? Pi\u00f9 esattamente, come \u00e8 la Sardegna vista\u2026","rel":"","context":"In &quot;Coordinate&quot;","block_context":{"text":"Coordinate","link":"http:\/\/www.robertosedda.it\/?cat=52"},"img":{"alt_text":"","src":"","width":0,"height":0},"classes":[]},{"id":6789,"url":"http:\/\/www.robertosedda.it\/?p=6789","url_meta":{"origin":19447,"position":5},"title":"Lo stesso spettacolo","author":"Rufus","date":"20\/03\/2014","format":false,"excerpt":"Ieri, festa di San Giuseppe, siamo andati a mangiarci una pizza a casa del mitico Pino (una pizza di Lollove Pizza con casizzolu, salsiccia al cannonau e funghi, roba seria). Siccome era casa del mitico Pino, abbiamo guardato la televisione (tutti sanno che a casa di Maria Bonaria e mia\u2026","rel":"","context":"In &quot;Coordinate&quot;","block_context":{"text":"Coordinate","link":"http:\/\/www.robertosedda.it\/?cat=52"},"img":{"alt_text":"","src":"https:\/\/i0.wp.com\/www.robertosedda.it\/wp-content\/uploads\/2013\/10\/Rufus-clown.jpg?fit=604%2C415&resize=350%2C200","width":350,"height":200},"classes":[]}],"_links":{"self":[{"href":"http:\/\/www.robertosedda.it\/index.php?rest_route=\/wp\/v2\/posts\/19447"}],"collection":[{"href":"http:\/\/www.robertosedda.it\/index.php?rest_route=\/wp\/v2\/posts"}],"about":[{"href":"http:\/\/www.robertosedda.it\/index.php?rest_route=\/wp\/v2\/types\/post"}],"author":[{"embeddable":true,"href":"http:\/\/www.robertosedda.it\/index.php?rest_route=\/wp\/v2\/users\/1"}],"replies":[{"embeddable":true,"href":"http:\/\/www.robertosedda.it\/index.php?rest_route=%2Fwp%2Fv2%2Fcomments&post=19447"}],"version-history":[{"count":4,"href":"http:\/\/www.robertosedda.it\/index.php?rest_route=\/wp\/v2\/posts\/19447\/revisions"}],"predecessor-version":[{"id":20055,"href":"http:\/\/www.robertosedda.it\/index.php?rest_route=\/wp\/v2\/posts\/19447\/revisions\/20055"}],"wp:featuredmedia":[{"embeddable":true,"href":"http:\/\/www.robertosedda.it\/index.php?rest_route=\/wp\/v2\/media\/20052"}],"wp:attachment":[{"href":"http:\/\/www.robertosedda.it\/index.php?rest_route=%2Fwp%2Fv2%2Fmedia&parent=19447"}],"wp:term":[{"taxonomy":"category","embeddable":true,"href":"http:\/\/www.robertosedda.it\/index.php?rest_route=%2Fwp%2Fv2%2Fcategories&post=19447"},{"taxonomy":"post_tag","embeddable":true,"href":"http:\/\/www.robertosedda.it\/index.php?rest_route=%2Fwp%2Fv2%2Ftags&post=19447"}],"curies":[{"name":"wp","href":"https:\/\/api.w.org\/{rel}","templated":true}]}}