{"id":19440,"date":"2022-04-05T11:33:08","date_gmt":"2022-04-05T09:33:08","guid":{"rendered":"http:\/\/www.robertosedda.it\/?p=19440"},"modified":"2022-04-05T11:35:48","modified_gmt":"2022-04-05T09:35:48","slug":"e-sempre-tempo-di-minimarketing","status":"publish","type":"post","link":"http:\/\/www.robertosedda.it\/?p=19440","title":{"rendered":"\u00c8 sempre tempo di minimarketing"},"content":{"rendered":"\n<p>Vale la pena di seguire la sempre interessante <em>newsletter<\/em> di <em>minimarketing<\/em> di Gianluca Diegoli. Considerato che sono secoli che non la consiglio, approfitto della <a href=\"https:\/\/lettera.minimarketing.it\/p\/e-venerdi-il-marketing-insegnato?s=r\">non-recensione di un film interessante<\/a> &#8211; applicato al <em>marketing<\/em>.<\/p>\n\n\n\n<figure class=\"wp-block-image alignwide size-full\"><img data-attachment-id=\"19441\" data-permalink=\"http:\/\/www.robertosedda.it\/?attachment_id=19441\" data-orig-file=\"https:\/\/i0.wp.com\/www.robertosedda.it\/wp-content\/uploads\/2022\/04\/Diegoli.jpg?fit=787%2C397\" data-orig-size=\"787,397\" data-comments-opened=\"1\" data-image-meta=\"{&quot;aperture&quot;:&quot;0&quot;,&quot;credit&quot;:&quot;Roberto Sedda&quot;,&quot;camera&quot;:&quot;&quot;,&quot;caption&quot;:&quot;&quot;,&quot;created_timestamp&quot;:&quot;1649158184&quot;,&quot;copyright&quot;:&quot;&quot;,&quot;focal_length&quot;:&quot;0&quot;,&quot;iso&quot;:&quot;0&quot;,&quot;shutter_speed&quot;:&quot;0&quot;,&quot;title&quot;:&quot;&quot;,&quot;orientation&quot;:&quot;0&quot;}\" data-image-title=\"Diegoli\" data-image-description=\"\" data-image-caption=\"\" data-medium-file=\"https:\/\/i0.wp.com\/www.robertosedda.it\/wp-content\/uploads\/2022\/04\/Diegoli.jpg?fit=300%2C151\" data-large-file=\"https:\/\/i0.wp.com\/www.robertosedda.it\/wp-content\/uploads\/2022\/04\/Diegoli.jpg?fit=510%2C257\" decoding=\"async\" loading=\"lazy\" width=\"787\" height=\"397\" src=\"https:\/\/i0.wp.com\/www.robertosedda.it\/wp-content\/uploads\/2022\/04\/Diegoli.jpg?resize=787%2C397\" alt=\"\" class=\"wp-image-19441\" srcset=\"https:\/\/i0.wp.com\/www.robertosedda.it\/wp-content\/uploads\/2022\/04\/Diegoli.jpg?w=787 787w, https:\/\/i0.wp.com\/www.robertosedda.it\/wp-content\/uploads\/2022\/04\/Diegoli.jpg?resize=300%2C151 300w, https:\/\/i0.wp.com\/www.robertosedda.it\/wp-content\/uploads\/2022\/04\/Diegoli.jpg?resize=510%2C257 510w, https:\/\/i0.wp.com\/www.robertosedda.it\/wp-content\/uploads\/2022\/04\/Diegoli.jpg?resize=150%2C76 150w\" sizes=\"(max-width: 787px) 100vw, 787px\" data-recalc-dims=\"1\" \/><\/figure>\n\n\n\n<p><\/p>\n","protected":false},"excerpt":{"rendered":"<p>Vale la pena di seguire la sempre interessante newsletter di minimarketing di Gianluca Diegoli. Considerato che sono secoli che non<\/p>\n","protected":false},"author":1,"featured_media":19441,"comment_status":"open","ping_status":"open","sticky":false,"template":"","format":"standard","meta":{"_mi_skip_tracking":false,"_monsterinsights_sitenote_active":false,"_monsterinsights_sitenote_note":"","_monsterinsights_sitenote_category":0,"jetpack_post_was_ever_published":false,"_jetpack_newsletter_access":"","jetpack_publicize_message":"","jetpack_is_tweetstorm":false,"jetpack_publicize_feature_enabled":true,"jetpack_social_post_already_shared":true,"jetpack_social_options":{"image_generator_settings":{"template":"highway","enabled":false}}},"categories":[52,55,77,95,16],"tags":[],"jetpack_publicize_connections":[],"jetpack_featured_media_url":"https:\/\/i0.wp.com\/www.robertosedda.it\/wp-content\/uploads\/2022\/04\/Diegoli.jpg?fit=787%2C397","jetpack_sharing_enabled":true,"jetpack_shortlink":"https:\/\/wp.me\/p4jV2T-53y","jetpack_likes_enabled":true,"jetpack-related-posts":[{"id":17010,"url":"http:\/\/www.robertosedda.it\/?p=17010","url_meta":{"origin":19440,"position":0},"title":"Gli spaghetti degli altri","author":"Rufus","date":"17\/08\/2019","format":false,"excerpt":"La rivista americana Bon Appetit dedica un articolo a cinquantacinque ricette di pasta alternative alla solita pasta al sugo (specificando che non c'\u00e8 la marinara, qualunque cosa essa sia). Secondo me \u00e8 una lettura interessante per diversi motivi. Intanto, consente di esercitarsi nei soliti stereotipi e provare ogni tanto il\u2026","rel":"","context":"In &quot;Cibo e cucine&quot;","block_context":{"text":"Cibo e cucine","link":"http:\/\/www.robertosedda.it\/?cat=71"},"img":{"alt_text":"","src":"https:\/\/i0.wp.com\/www.robertosedda.it\/wp-content\/uploads\/2019\/08\/creamy-pasta-with-peas-and-mint.jpg?fit=800%2C800&resize=350%2C200","width":350,"height":200,"srcset":"https:\/\/i0.wp.com\/www.robertosedda.it\/wp-content\/uploads\/2019\/08\/creamy-pasta-with-peas-and-mint.jpg?fit=800%2C800&resize=350%2C200 1x, https:\/\/i0.wp.com\/www.robertosedda.it\/wp-content\/uploads\/2019\/08\/creamy-pasta-with-peas-and-mint.jpg?fit=800%2C800&resize=700%2C400 2x"},"classes":[]},{"id":14518,"url":"http:\/\/www.robertosedda.it\/?p=14518","url_meta":{"origin":19440,"position":1},"title":"Lo stato del mondo 2018 \u00e8 in corso!","author":"Rufus","date":"11\/01\/2018","format":false,"excerpt":"Come tutti gli anni segnalo la discussione aperta su\u00a0The Well\u00a0fra Bruce Sterling e Jon Lebkowski (aperta sta a significare che tutti gli utenti possono partecipare, non solo i due principali interlocutori). L'argomento \u00e8 lo stato del mondo 2018\u00a0ed \u00e8 una conversazione piuttosto rutilante che si snoda da un argomento all'altro:\u2026","rel":"","context":"In &quot;Antropologia&quot;","block_context":{"text":"Antropologia","link":"http:\/\/www.robertosedda.it\/?cat=97"},"img":{"alt_text":"","src":"https:\/\/i0.wp.com\/www.robertosedda.it\/wp-content\/uploads\/2017\/01\/The-well.jpeg?fit=225%2C225&resize=350%2C200","width":350,"height":200},"classes":[]},{"id":14679,"url":"http:\/\/www.robertosedda.it\/?p=14679","url_meta":{"origin":19440,"position":2},"title":"Fallire","author":"Rufus","date":"13\/02\/2018","format":"video","excerpt":"Avrei delle cose da dire sul caso\u00a0Oxfam, ma sono un po' difficili da articolare (in qualche modo assomigliano ai pensieri sulla cooperativa 29 giugno, comunque) anche perch\u00e9 \u00e8 facile trascendere nell'astioso, come questo articolo peraltro interessante e spesso condivisibile sul sito della CNN, e in parte perch\u00e9 devo decidere se\u2026","rel":"","context":"In &quot;Le cose&quot;","block_context":{"text":"Le cose","link":"http:\/\/www.robertosedda.it\/?cat=55"},"img":{"alt_text":"","src":"https:\/\/i0.wp.com\/www.robertosedda.it\/wp-content\/uploads\/2018\/02\/Damberberger.jpg?fit=1136%2C639&resize=350%2C200","width":350,"height":200,"srcset":"https:\/\/i0.wp.com\/www.robertosedda.it\/wp-content\/uploads\/2018\/02\/Damberberger.jpg?fit=1136%2C639&resize=350%2C200 1x, https:\/\/i0.wp.com\/www.robertosedda.it\/wp-content\/uploads\/2018\/02\/Damberberger.jpg?fit=1136%2C639&resize=700%2C400 2x, https:\/\/i0.wp.com\/www.robertosedda.it\/wp-content\/uploads\/2018\/02\/Damberberger.jpg?fit=1136%2C639&resize=1050%2C600 3x"},"classes":[]},{"id":10944,"url":"http:\/\/www.robertosedda.it\/?p=10944","url_meta":{"origin":19440,"position":3},"title":"REBLOG: torna in linea Non Con I Miei Soldi","author":"Rufus","date":"30\/09\/2015","format":"link","excerpt":"Dopo un bel\u00a0restyling il sito \u00e8 di nuovo disponibile: pi\u00f9 facilmente navigabile, pi\u00f9 fruibile, sempre interessante (\u00e8 uno\u00a0spot, il mio!).","rel":"","context":"In &quot;Segnalazioni&quot;","block_context":{"text":"Segnalazioni","link":"http:\/\/www.robertosedda.it\/?cat=95"},"img":{"alt_text":"","src":"","width":0,"height":0},"classes":[]},{"id":10935,"url":"http:\/\/www.robertosedda.it\/?p=10935","url_meta":{"origin":19440,"position":4},"title":"REBLOG: Le favole iniziano a Cabras","author":"Rufus","date":"30\/09\/2015","format":"link","excerpt":"Il\u00a0trailer\u00a0di un film, intitolato Le favole iniziano a Cabras,\u00a0\u00a0che sembra interessante (anche se un po' si vede che presenta sempre i soliti noti - e anche qualcuno meno noto, in realt\u00e0).","rel":"","context":"Articolo simile","block_context":{"text":"Articolo simile","link":""},"img":{"alt_text":"","src":"","width":0,"height":0},"classes":[]},{"id":12835,"url":"http:\/\/www.robertosedda.it\/?p=12835","url_meta":{"origin":19440,"position":5},"title":"Habemus paginam! (ma non sono sicuro)","author":"Rufus","date":"18\/11\/2016","format":false,"excerpt":"Una delle cose seccanti del tenere questo\u00a0blog \u00e8 che capita che quando condivido gli articoli si\u00a0Facebook le persone commentano l\u00ec e non qua e una serie di cose interessanti o spiritose o semplicemente amichevoli si perdono via in Zuckerlandia, come lacrime nella pioggia. La cosa non mi ha mai disturbato\u2026","rel":"","context":"In &quot;Coordinate&quot;","block_context":{"text":"Coordinate","link":"http:\/\/www.robertosedda.it\/?cat=52"},"img":{"alt_text":"","src":"https:\/\/i0.wp.com\/www.robertosedda.it\/wp-content\/uploads\/2016\/11\/La-casa-di-Roberto.jpg?fit=1120%2C455&resize=350%2C200","width":350,"height":200,"srcset":"https:\/\/i0.wp.com\/www.robertosedda.it\/wp-content\/uploads\/2016\/11\/La-casa-di-Roberto.jpg?fit=1120%2C455&resize=350%2C200 1x, https:\/\/i0.wp.com\/www.robertosedda.it\/wp-content\/uploads\/2016\/11\/La-casa-di-Roberto.jpg?fit=1120%2C455&resize=700%2C400 2x, https:\/\/i0.wp.com\/www.robertosedda.it\/wp-content\/uploads\/2016\/11\/La-casa-di-Roberto.jpg?fit=1120%2C455&resize=1050%2C600 3x"},"classes":[]}],"_links":{"self":[{"href":"http:\/\/www.robertosedda.it\/index.php?rest_route=\/wp\/v2\/posts\/19440"}],"collection":[{"href":"http:\/\/www.robertosedda.it\/index.php?rest_route=\/wp\/v2\/posts"}],"about":[{"href":"http:\/\/www.robertosedda.it\/index.php?rest_route=\/wp\/v2\/types\/post"}],"author":[{"embeddable":true,"href":"http:\/\/www.robertosedda.it\/index.php?rest_route=\/wp\/v2\/users\/1"}],"replies":[{"embeddable":true,"href":"http:\/\/www.robertosedda.it\/index.php?rest_route=%2Fwp%2Fv2%2Fcomments&post=19440"}],"version-history":[{"count":2,"href":"http:\/\/www.robertosedda.it\/index.php?rest_route=\/wp\/v2\/posts\/19440\/revisions"}],"predecessor-version":[{"id":19443,"href":"http:\/\/www.robertosedda.it\/index.php?rest_route=\/wp\/v2\/posts\/19440\/revisions\/19443"}],"wp:featuredmedia":[{"embeddable":true,"href":"http:\/\/www.robertosedda.it\/index.php?rest_route=\/wp\/v2\/media\/19441"}],"wp:attachment":[{"href":"http:\/\/www.robertosedda.it\/index.php?rest_route=%2Fwp%2Fv2%2Fmedia&parent=19440"}],"wp:term":[{"taxonomy":"category","embeddable":true,"href":"http:\/\/www.robertosedda.it\/index.php?rest_route=%2Fwp%2Fv2%2Fcategories&post=19440"},{"taxonomy":"post_tag","embeddable":true,"href":"http:\/\/www.robertosedda.it\/index.php?rest_route=%2Fwp%2Fv2%2Ftags&post=19440"}],"curies":[{"name":"wp","href":"https:\/\/api.w.org\/{rel}","templated":true}]}}