{"id":1935,"date":"2013-01-11T19:01:11","date_gmt":"2013-01-11T18:01:11","guid":{"rendered":"http:\/\/www.robertosedda.it\/?p=1935"},"modified":"2013-01-11T19:14:24","modified_gmt":"2013-01-11T18:14:24","slug":"falsi-amici-social","status":"publish","type":"post","link":"http:\/\/www.robertosedda.it\/?p=1935","title":{"rendered":"Falsi amici&#8230; social"},"content":{"rendered":"<p>Come sapete <a href=\"http:\/\/www.robertosedda.it\/?p=1540\">sto cominciando a farmi un po&#8217; di formazione sul lavorare sul<\/a> <em>web<\/em>, tramite i <em>social network<\/em> e non solo. Perci\u00f2 un titolo come <a href=\"http:\/\/www.internazionale.it\/news\/tecnologia\/2013\/01\/10\/dieci-regole-per-chi-lavora-con-i-social-network\/\"><em>Dieci regole per chi lavora con i social network<\/em>,<\/a> di un articolo proposto da <em>Internazionale<\/em>, non poteva che interessarmi.<\/p>\n<p>Peccato che nel caso specifico (e la cosa \u00e8 sorprendente per un giornale di qualit\u00e0 come <em>Internazionale<\/em>) la redazione sia rimasta vittima di un &#8220;falso amico&#8221;, cio\u00e8 quelle espressioni in lingua straniera che sembrano naturalmente voler dire qualcosa ma che in realt\u00e0 ne indicano un&#8217;altra (come <em>factory<\/em>, che non \u00e8 una fattoria ma una fabbrica, per esempio, oppure <em>ostrich<\/em> che \u00e8 lo struzzo, <em>camera<\/em> che non \u00e8 una stanza ma la macchina fotografica e cos\u00ec via).<\/p>\n<p><a href=\"http:\/\/www.robertosedda.it\/?attachment_id=1946\" rel=\"attachment wp-att-1946\"><img data-attachment-id=\"1946\" data-permalink=\"http:\/\/www.robertosedda.it\/?attachment_id=1946\" data-orig-file=\"https:\/\/i0.wp.com\/www.robertosedda.it\/wp-content\/uploads\/2013\/01\/Schermata-1.png?fit=979%2C683\" data-orig-size=\"979,683\" data-comments-opened=\"1\" data-image-meta=\"{&quot;aperture&quot;:&quot;0&quot;,&quot;credit&quot;:&quot;&quot;,&quot;camera&quot;:&quot;&quot;,&quot;caption&quot;:&quot;&quot;,&quot;created_timestamp&quot;:&quot;0&quot;,&quot;copyright&quot;:&quot;&quot;,&quot;focal_length&quot;:&quot;0&quot;,&quot;iso&quot;:&quot;0&quot;,&quot;shutter_speed&quot;:&quot;0&quot;,&quot;title&quot;:&quot;&quot;}\" data-image-title=\"Schermata-1\" data-image-description=\"\" data-image-caption=\"\" data-medium-file=\"https:\/\/i0.wp.com\/www.robertosedda.it\/wp-content\/uploads\/2013\/01\/Schermata-1.png?fit=300%2C209\" data-large-file=\"https:\/\/i0.wp.com\/www.robertosedda.it\/wp-content\/uploads\/2013\/01\/Schermata-1.png?fit=510%2C356\" decoding=\"async\" loading=\"lazy\" class=\"aligncenter size-full wp-image-1946\" alt=\"Schermata-1\" src=\"https:\/\/i0.wp.com\/www.robertosedda.it\/wp-content\/uploads\/2013\/01\/Schermata-1.png?resize=800%2C558\" width=\"800\" height=\"558\" srcset=\"https:\/\/i0.wp.com\/www.robertosedda.it\/wp-content\/uploads\/2013\/01\/Schermata-1.png?w=979 979w, https:\/\/i0.wp.com\/www.robertosedda.it\/wp-content\/uploads\/2013\/01\/Schermata-1.png?resize=300%2C209 300w, https:\/\/i0.wp.com\/www.robertosedda.it\/wp-content\/uploads\/2013\/01\/Schermata-1.png?resize=700%2C488 700w\" sizes=\"(max-width: 800px) 100vw, 800px\" data-recalc-dims=\"1\" \/><\/a>Non c&#8217;\u00e8 dubbio infatti, anche guardando alla foto ispirata a <em>Facebook<\/em>, che si pensi ai <em>social networks &#8211; <\/em>ma la lettura dell&#8217;articolo originale indica che si parla piuttosto di reti e imprese sociali nel senso delle cooperative sociali, delle associazioni di volontariato, delle ONG e cose del genere. Un curioso infortunio, davvero.<\/p>\n<p>Per non fare un articolo che sia solo di critica allo sfortunato redattore, ne approfitto per tradurre l&#8217;originale: potr\u00e0 interessare i miei amici che fanno volontariato, innovazione sociale, finanza etica e cos\u00ec via. La fonte \u00e8 <a href=\"http:\/\/www.fastcoexist.com\/1681132\/10-resolutions-for-social-entrepreneurs-in-2013\">questa<\/a>, mentre la traduzione \u00e8 mia.<\/p>\n<p>***<\/p>\n<h2>Dieci propositi per il 2013 per gli imprenditori sociali<\/h2>\n<p>L&#8217;impreditorialit\u00e0 sociale sta raggiungendo un livello di massa critica. Ogni anno sempre pi\u00f9 persone iniziano a lavorare in imprese e organizzazioni indirizzate a migliorare il mondo. Mentre guardiamo con fiducia al resto del 2013 e alla continua espansione di questo settore, qui c&#8217;\u00e8 una lista di propositi che gli imprenditori sociali dovrebbero considerare.<\/p>\n<h3>1. Parlate coi vostri utenti<\/h3>\n<p>Se non parlate coi vostri utenti, siete in errore. Trovate modi di convolgere i vostri clienti nella costruzione dei programmi, prodotti e servizi. Il solo modo per essere rilevanti \u00e8 che voi siate fondati sulla realt\u00e0 del vostro pubblico. E ricordate che le loro necessit\u00e0 cambiano col tempo &#8211; e voi dovreste cambare con loro.<\/p>\n<h3>2. Guardate a monte<\/h3>\n<p>Le sfide sociali e ambientali che stiamo provando ad affrontare sono spesso sintomi di sistemi malati. Nella vostra ricerca di fare la differenza provate a scendere a un livello successivo. Se riuscite a risolvere il problema che causa il problema, sarete due passi avanti.<\/p>\n<h3>3. Valutate<\/h3>\n<p>La verit\u00e0 fa male. Ma \u00e8 oltremodo utile. Trovate il modo di ottenere riscontri sul vostro lavoro e sulla vostra <em>performance<\/em> come componente di una squadra. Create analisi statistiche che producano risultati singinificativi rispetto alla vostra situazione e assicuratevi di agire sulla base di ci\u00f2 che verificate.<\/p>\n<h3>4. Dedicatevi all&#8217;impatto, non al progetto<\/h3>\n<p>Abbiamo tutti un coinvolgimento emotivo profondo nel nostro lavoro. Ma il successo del progetto non \u00e8 l&#8217;obiettivo corretto. Vi dovete focalizzare sull&#8217;impatto del vostro lavoro. Che questo voglia dire raffinare, riconsiderare, o fondere, fate ci\u00f2 che \u00e8 necessario per servire il bene maggiore.<\/p>\n<h3>5. Coinvolgete e associate<\/h3>\n<p>Che sfide che affrontiamo non saranno risolte da nessuna iniziativa individuale. Fra noi coloro che hanno maggior successo sono coloro che accolgono le proprie relazioni con imprese complementari. Idnetificate chi fa parte del vostro ecosistema e trovate il modo di inserirvi nei loro sforzi. Associarsi con altri aiuta ad assicurare la vostra posizione mentre fate muovere in avanti le lancette pi\u00f9 velocemente.<\/p>\n<h3>6. Prendetevi cura di voi stessi<\/h3>\n<p>Gli umani apprezzano il sonno, la luce del sole e l&#8217;attivit\u00e0 fisica, e anche cibo e compagnia di altre persone. Troppi imprenditori sociali dimenticano di fare attenzione al loro benessere personale. Prendetevi una paudsa dal lavoro e divertitevi un po&#8217;. Dovreste badare a voi stesis perch\u00e9 questa \u00e8 realmente la cosa pi\u00f9 importante.<\/p>\n<h3>7. Connettetevi al posto in cui vivete<\/h3>\n<p>Ancora meglio, connettetevi dove vivete. Il nostro vicinato \u00e8 il mattoncino base di un mondo pi\u00f9 sostenibile. Fate la spesa dove vivete. Sostenete gli artisti locali. Fate almeno una cosa per connettere il vostor vicinato e, cos\u00ec facendo, connettete il mondo.<\/p>\n<h3>8. Offritevi volontari<\/h3>\n<p>Lo so, avete gi\u00e0 dato in ufficio. Ma molti di noi lavorano su progetti che sono due o tre gradi di separazione distanit da coloro che hanno pi\u00f9 bisogno. In quest&#8217;anno fate in modo di fare del vero servizio. Il tempo che passate facendo volontariato pu\u00f2 fare la differenza maggiore fra tutto ci\u00f2 che fate quest&#8217;anno &#8211; e la vostra dedizione agli altri potr\u00e0 connettervi col mond0 in maniere inaspettate.<\/p>\n<h3>9. Prendete un rischio<\/h3>\n<p>La differenza fra coloro che fanno e coloro che non fanno spesso si riduce alla fine a una dispnibilit\u00e0 ad assumersi dei rischi. Lasciate che questo sia l&#8217;anno in cui vi inoltrate su un ramo. Incamminatevi nell&#8217;ignoto e confidate che il sentiero apparir\u00e0. Non lo saprete mai a meno che non proviate.<\/p>\n<h3>10. Inventate qualcosa<\/h3>\n<p>Il mondo va avanti man mano che le persone creano cose nuove. Decidete di fare qualcosa di nuovo nel 2013. Qualcosa che pu\u00f2 succedere solo se voi lo fate accadere. La capacit\u00e0 di farlo \u00e8 dentro di voi.<\/p>\n<p><em>Eli Malinski \u00e8 direttore esecutivo del nuovo <a href=\"http:\/\/nyc.socialinnovation.org\/\" target=\"_blank\">Centre for Social Innovation<\/a> di New York.<\/em><\/p>\n","protected":false},"excerpt":{"rendered":"<p>Come sapete sto cominciando a farmi un po&#8217; di formazione sul lavorare sul web, tramite i social network e non<\/p>\n","protected":false},"author":1,"featured_media":1946,"comment_status":"open","ping_status":"open","sticky":false,"template":"","format":"standard","meta":{"_mi_skip_tracking":false,"_monsterinsights_sitenote_active":false,"_monsterinsights_sitenote_note":"","_monsterinsights_sitenote_category":0,"jetpack_post_was_ever_published":false,"_jetpack_newsletter_access":"","jetpack_publicize_message":"","jetpack_is_tweetstorm":false,"jetpack_publicize_feature_enabled":true,"jetpack_social_post_already_shared":false,"jetpack_social_options":{"image_generator_settings":{"template":"highway","enabled":false}}},"categories":[52,55,77,17,16],"tags":[],"jetpack_publicize_connections":[],"jetpack_featured_media_url":"https:\/\/i0.wp.com\/www.robertosedda.it\/wp-content\/uploads\/2013\/01\/Schermata-1.png?fit=979%2C683","jetpack_sharing_enabled":true,"jetpack_shortlink":"https:\/\/wp.me\/p4jV2T-vd","jetpack_likes_enabled":true,"jetpack-related-posts":[{"id":7217,"url":"http:\/\/www.robertosedda.it\/?p=7217","url_meta":{"origin":1935,"position":0},"title":"Ho esplorato DeoSpace, social network cattolico","author":"Rufus","date":"28\/04\/2014","format":false,"excerpt":"Mentre cercavo una versione digitale del decreto\u00a0Inter Mirifica\u00a0del Concilio Vaticano II mi sono imbattuto in una serie di agenzie di stampa di fine marzo che annunciavano l'inaugurazione di un social network\u00a0 cattolico, di nome DeoSpace. Incuriosito ho seguito il\u00a0link e mi sono iscritto, vagabondandoci un po' dentro.\u00a0\u00c8 stata una sperimentazione\u2026","rel":"","context":"In &quot;Coordinate&quot;","block_context":{"text":"Coordinate","link":"http:\/\/www.robertosedda.it\/?cat=52"},"img":{"alt_text":"","src":"https:\/\/i0.wp.com\/www.robertosedda.it\/wp-content\/uploads\/2014\/04\/DeoSpace-3.jpg?fit=964%2C654&resize=350%2C200","width":350,"height":200,"srcset":"https:\/\/i0.wp.com\/www.robertosedda.it\/wp-content\/uploads\/2014\/04\/DeoSpace-3.jpg?fit=964%2C654&resize=350%2C200 1x, https:\/\/i0.wp.com\/www.robertosedda.it\/wp-content\/uploads\/2014\/04\/DeoSpace-3.jpg?fit=964%2C654&resize=700%2C400 2x"},"classes":[]},{"id":833,"url":"http:\/\/www.robertosedda.it\/?p=833","url_meta":{"origin":1935,"position":1},"title":"The social (KLM) network","author":"Rufus","date":"06\/09\/2012","format":false,"excerpt":"Mi ha molto incuriosito la campagna di pubblicit\u00e0 radiofonica con cui KLM lancia la possibilit\u00e0 di scegliersi i vicini di posto controllando i profili Facebook e LinkedIn degli altri passeggeri prenotati per il proprio volo. In realt\u00e0 ho scoperto che la notizia \u00e8 vecchia: ne aveva gi\u00e0 parlato a dicembre\u2026","rel":"","context":"In &quot;Coordinate&quot;","block_context":{"text":"Coordinate","link":"http:\/\/www.robertosedda.it\/?cat=52"},"img":{"alt_text":"","src":"","width":0,"height":0},"classes":[]},{"id":2100,"url":"http:\/\/www.robertosedda.it\/?p=2100","url_meta":{"origin":1935,"position":2},"title":"A Cagliari il 2 e 3 marzo il corso &#8220;Il web 2.0 e la sostenibilit\u00e0&#8221;","author":"Rufus","date":"28\/01\/2013","format":false,"excerpt":"Dopo un paio di spostamenti di date finalmente arriva a Cagliari Il web 2.0 e la sostenibilit\u00e0, corso di formazione sulle dinamiche di rete per le aziende e i cittadini sostenibili e responsabili, organizzato dalla Fondazione Culturale Responsabilit\u00e0 Etica (la fondazione culturale di Banca Etica) che si \u00e8 tenuto sinora\u2026","rel":"","context":"In &quot;Coordinate&quot;","block_context":{"text":"Coordinate","link":"http:\/\/www.robertosedda.it\/?cat=52"},"img":{"alt_text":"","src":"","width":0,"height":0},"classes":[]},{"id":845,"url":"http:\/\/www.robertosedda.it\/?p=845","url_meta":{"origin":1935,"position":3},"title":"I link della settimana","author":"Rufus","date":"10\/09\/2012","format":false,"excerpt":"Credo che questo sar\u00e0 il primo e unico articolo di questo genere sul sito. Dapprima avevo l'idea di pubblicare, ogni fine settimana, il riassunto dei link e segnalazioni che faccio sulla rete, su Facebook principalmente. Scrivendo l'articolo mi sono reso conto che \u00e8 una roba di una noia mortale e,\u2026","rel":"","context":"In &quot;Coordinate&quot;","block_context":{"text":"Coordinate","link":"http:\/\/www.robertosedda.it\/?cat=52"},"img":{"alt_text":"","src":"","width":0,"height":0},"classes":[]},{"id":10205,"url":"http:\/\/www.robertosedda.it\/?p=10205","url_meta":{"origin":1935,"position":4},"title":"Articoli dimenticati","author":"Rufus","date":"08\/05\/2015","format":false,"excerpt":"Mi sono accorto oggi che non avevo riportato sul\u00a0blog l'articolo che ho pubblicato sul supplemento diocesano di\u00a0Avvenire\u00a0del 19 aprile 2015, dedicato a Banca Etica. Lo riposto qui: \u00e8 un articolo brevissimo e anche piuttosto anonimo (me lo dico da solo...), nel senso che occorreva prima di tutto presentare la Banca\u2026","rel":"","context":"In &quot;Banche e finanza&quot;","block_context":{"text":"Banche e finanza","link":"http:\/\/www.robertosedda.it\/?cat=72"},"img":{"alt_text":"","src":"https:\/\/i0.wp.com\/www.robertosedda.it\/wp-content\/uploads\/2015\/05\/Avvenire-Cagliari-testata.jpg?fit=648%2C218&resize=350%2C200","width":350,"height":200},"classes":[]},{"id":2109,"url":"http:\/\/www.robertosedda.it\/?p=2109","url_meta":{"origin":1935,"position":5},"title":"Le impreviste delusioni di padre Spadaro (e quel certo moralismo&#8230;)","author":"Rufus","date":"30\/01\/2013","format":false,"excerpt":"Aperture di credito Qualche settimana fa grazie a un articolo sul sito dell'Azione Cattolica ho scoperto padre Antonio Spadaro: gesuita, direttore della Civilt\u00e0 Cattolica, teologo esperto delle dinamiche del web, animatore culturale e acuto critico di Flannery O'Connor\u00a0(si dice anche che sia lui il consulente principale del Papa per la\u2026","rel":"","context":"In &quot;Coordinate&quot;","block_context":{"text":"Coordinate","link":"http:\/\/www.robertosedda.it\/?cat=52"},"img":{"alt_text":"","src":"https:\/\/i0.wp.com\/www.robertosedda.it\/wp-content\/uploads\/2013\/01\/Web-2.0-Spadaro.jpg?fit=276%2C437&resize=350%2C200","width":350,"height":200},"classes":[]}],"_links":{"self":[{"href":"http:\/\/www.robertosedda.it\/index.php?rest_route=\/wp\/v2\/posts\/1935"}],"collection":[{"href":"http:\/\/www.robertosedda.it\/index.php?rest_route=\/wp\/v2\/posts"}],"about":[{"href":"http:\/\/www.robertosedda.it\/index.php?rest_route=\/wp\/v2\/types\/post"}],"author":[{"embeddable":true,"href":"http:\/\/www.robertosedda.it\/index.php?rest_route=\/wp\/v2\/users\/1"}],"replies":[{"embeddable":true,"href":"http:\/\/www.robertosedda.it\/index.php?rest_route=%2Fwp%2Fv2%2Fcomments&post=1935"}],"version-history":[{"count":8,"href":"http:\/\/www.robertosedda.it\/index.php?rest_route=\/wp\/v2\/posts\/1935\/revisions"}],"predecessor-version":[{"id":1945,"href":"http:\/\/www.robertosedda.it\/index.php?rest_route=\/wp\/v2\/posts\/1935\/revisions\/1945"}],"wp:featuredmedia":[{"embeddable":true,"href":"http:\/\/www.robertosedda.it\/index.php?rest_route=\/wp\/v2\/media\/1946"}],"wp:attachment":[{"href":"http:\/\/www.robertosedda.it\/index.php?rest_route=%2Fwp%2Fv2%2Fmedia&parent=1935"}],"wp:term":[{"taxonomy":"category","embeddable":true,"href":"http:\/\/www.robertosedda.it\/index.php?rest_route=%2Fwp%2Fv2%2Fcategories&post=1935"},{"taxonomy":"post_tag","embeddable":true,"href":"http:\/\/www.robertosedda.it\/index.php?rest_route=%2Fwp%2Fv2%2Ftags&post=1935"}],"curies":[{"name":"wp","href":"https:\/\/api.w.org\/{rel}","templated":true}]}}