{"id":19236,"date":"2022-03-08T15:03:51","date_gmt":"2022-03-08T14:03:51","guid":{"rendered":"http:\/\/www.robertosedda.it\/?p=19236"},"modified":"2023-03-28T11:20:55","modified_gmt":"2023-03-28T09:20:55","slug":"regole-della-convenzione-di-ginevra","status":"publish","type":"post","link":"http:\/\/www.robertosedda.it\/?p=19236","title":{"rendered":"Regole della Convenzione di Ginevra"},"content":{"rendered":"\n<p>Ho visto passare, uno dei primi giorni della guerra, una serie di <em>tweet<\/em> piuttosto espliciti provenienti dall&#8217;<em>account<\/em> ufficiale della Croce Rossa, che ricordavano i punti essenziali della Convenzioni di Ginevra. Mi ero ripromesso di tradurli &#8211; le Convenzioni di Ginevra \u00e8 sempre citata ma, credo, poco conosciuta effettivamente &#8211; e poi non ero riuscito, quindi lo faccio ora. Le evidenziazioni in grassetto sono mie, per cercare di rendere evidente il fatto che inizialmente si trattava, come detto, di una serie di <em>tweet<\/em> separati; il linguaggio molto diretto invece \u00e8 quello dell&#8217;originale. Il primo <em>tweet<\/em> del  <em>thread<\/em> \u00e8 quello qui sotto, per chi vuole leggere gli originali.<\/p>\n\n\n\n<figure class=\"wp-block-embed aligncenter is-type-rich is-provider-twitter wp-block-embed-twitter\"><div class=\"wp-block-embed__wrapper\">\nhttps:\/\/twitter.com\/ICRC\/status\/1499765222936096779\n<\/div><\/figure>\n\n\n\n<p>Abbiamo ricevuto migliaia di domande sulle Convenzioni di Ginevra. Per questo motivo elencheremo le regole di guerra che \u00e8 necessario conoscere in questo momento. Tutti gli Stati le hanno firmate &#8211; e sono legalmente obbligati a rispettarle.<\/p>\n\n\n\n<p><strong>Civili.<\/strong><\/p>\n\n\n\n<ul><li>Non possono essere attaccati.<\/li><li>Devono essere protetti.<\/li><li>Non sono un obiettivo.<\/li><\/ul>\n\n\n\n<p>Qualunque giro di parole si adotti &#8211; il messaggio \u00e8 lo stesso. \u00c8 illegale.<\/p>\n\n\n\n<p><strong>Combattenti<\/strong>. <\/p>\n\n\n\n<p>I combattenti devono distinguersi dai civili in tute le operazioni militari indossando insegne identificabili e portando apertamente le armi. Questo aiuta a tenere al sicuro i civili dai danni.<\/p>\n\n\n\n<p>I combattenti devono rispettare le regole di guerra. Punto. <\/p>\n\n\n\n<p><strong>Infrastrutture civili.<\/strong> <\/p>\n\n\n\n<p>Si tratta di scuole, ospedali, abitazioni civili, impianti che forniscono acqua potabile, e linee elettriche.<\/p>\n\n\n\n<p>Sostanzialmente, tutto ci\u00f2 di cui i civili hanno bisogno per portare avanti la loro vita quotidiana.<\/p>\n\n\n\n<p>Non possiamo sottolinearlo a sufficienza.<\/p>\n\n\n\n<p><strong>I malati e i feriti.<\/strong><\/p>\n\n\n\n<p>Devono essere assistiti, senza far caso a quale parte appartengano.<\/p>\n\n\n\n<p>Le parti in conflitto devono anche recuperare e identificare coloro che sono morti e facilitarne il ritorno &#8211; in maniera dignitosa.<\/p>\n\n\n\n<p>Possiamo fornire assistenza in questo come intermediari neutrali.<\/p>\n\n\n\n<p><strong>Prigionieri di guerra e persone detenute.<\/strong><\/p>\n\n\n\n<p>La legge prevede che siano protetti.<\/p>\n\n\n\n<p>Questo vale anche nei confronti di atti di violenza, intimidazione e maltrattamenti.<\/p>\n\n\n\n<p>Essi devono anche essere trattati dignitosamente e non esposti alla curiosit\u00e0 del pubblico &#8211; come attraverso la circolazione di immagini sui <em>social<\/em>.<\/p>\n\n\n\n<p><strong>Armi.<\/strong><\/p>\n\n\n\n<p>L&#8217;uso di armi illegali e l&#8217;uso illegale di armi \u00e8 proibito. Non ci sono se o ma. <\/p>\n\n\n\n<p>L&#8217;uso di armi ad alto impatto esplosivo in aree popolate &#8211; come nelle citt\u00e0 &#8211; dovrebbe essere evitato.<\/p>\n\n\n\n<p>Alla fine saranno i civili a pagarne il prezzo.<\/p>\n\n\n\n<p><strong>Operatori e organizzazioni umanitarie.<\/strong><\/p>\n\n\n\n<p>Ci deve essere permesso di operare in sicurezza. Il nostro lavoro \u00e8 portare aiuto e salvare vite. <\/p>\n\n\n\n<p>Le sanzioni e altre misure restrittive devono essere progettate pe consentire il verificarsi delle azioni umanitarie.<\/p>\n\n\n\n<p>In tutte le situazioni, gli aiuti da cui dipende la vita o la morte non devono essere bloccati.<\/p>\n\n\n\n<p><strong>Insegne della Croce\/Mezzaluna Rossa.<\/strong><\/p>\n\n\n\n<p>Sono simboli di protezione. In un conflitto, devono essere usati solo per: <\/p>\n\n\n\n<p>Personale e strutture mediche, compresi i medici e veicoli medici militari;<\/p>\n\n\n\n<p>Gli operatori della Croce\/Mezzaluna Rossa e i loro veicoli, strutture e il soccorso umanitario che forniscono.<\/p>\n\n\n\n<p>Le regole di guerra salvano vite. Esse riducono la sofferenza delle persone. Chiediamo a tute le pari di rispettarle &#8211; ora. <\/p>\n\n\n\n<p>Maggiori informazioni <a href=\"https:\/\/t.co\/r9pdhztxh8\" data-type=\"URL\" data-id=\"https:\/\/t.co\/r9pdhztxh8\">qui<\/a>.<\/p>\n","protected":false},"excerpt":{"rendered":"<p>Ho visto passare, uno dei primi giorni della guerra, una serie di tweet piuttosto espliciti provenienti dall&#8217;account ufficiale della Croce<\/p>\n","protected":false},"author":1,"featured_media":19237,"comment_status":"open","ping_status":"open","sticky":false,"template":"","format":"standard","meta":{"_mi_skip_tracking":false,"_monsterinsights_sitenote_active":false,"_monsterinsights_sitenote_note":"","_monsterinsights_sitenote_category":0,"jetpack_post_was_ever_published":false,"_jetpack_newsletter_access":"","jetpack_publicize_message":"Per quelli che si chiedessero cosa dicono esattamente le Convenzioni di Ginevra","jetpack_is_tweetstorm":false,"jetpack_publicize_feature_enabled":true,"jetpack_social_post_already_shared":true,"jetpack_social_options":{"image_generator_settings":{"template":"highway","enabled":false}}},"categories":[52,57,59,95,16],"tags":[],"jetpack_publicize_connections":[],"jetpack_featured_media_url":"https:\/\/i0.wp.com\/www.robertosedda.it\/wp-content\/uploads\/2022\/03\/Red-Cross.jpg?fit=757%2C338","jetpack_sharing_enabled":true,"jetpack_shortlink":"https:\/\/wp.me\/p4jV2T-50g","jetpack_likes_enabled":true,"jetpack-related-posts":[{"id":18245,"url":"http:\/\/www.robertosedda.it\/?p=18245","url_meta":{"origin":19236,"position":0},"title":"No, non \u00e8 roba da fantascienza","author":"Rufus","date":"11\/08\/2020","format":false,"excerpt":"Seguendo una segnalazione di Neil Gaiman ho trovato una serie di tweet dello scrittore Nick Harkaway che espongono un concetto che condivido parola per parola e che pertanto ho tradotto. Non \u00e8 una lettura lunga, una volta tanto, ma \u00e8 stimolante lo stesso. https:\/\/twitter.com\/Harkaway\/status\/1292010872525803520 Harkaway parte da un tweet con\u2026","rel":"","context":"In &quot;Antropologia&quot;","block_context":{"text":"Antropologia","link":"http:\/\/www.robertosedda.it\/?cat=97"},"img":{"alt_text":"","src":"https:\/\/i0.wp.com\/www.robertosedda.it\/wp-content\/uploads\/2020\/08\/Harkaway.png?fit=898%2C485&resize=350%2C200","width":350,"height":200,"srcset":"https:\/\/i0.wp.com\/www.robertosedda.it\/wp-content\/uploads\/2020\/08\/Harkaway.png?fit=898%2C485&resize=350%2C200 1x, https:\/\/i0.wp.com\/www.robertosedda.it\/wp-content\/uploads\/2020\/08\/Harkaway.png?fit=898%2C485&resize=700%2C400 2x"},"classes":[]},{"id":19672,"url":"http:\/\/www.robertosedda.it\/?p=19672","url_meta":{"origin":19236,"position":1},"title":"Il nuovo trattato sulle pandemie e la partita in corso","author":"Rufus","date":"18\/05\/2022","format":false,"excerpt":"Rilancio e traduco un pezzo di Nicoletta Dentico sulle trattative in corso per la firma di un trattato mondiale sulle pandemie, nell'ambito dell'Organizzazione Mondiale della Sanit\u00e0, perch\u00e9 mi sembra un articolo molto interessante. L'originale \u00e8 stato pubblicato su Inter Press Service il 12 maggio; ho mantenuto i link originali; ho\u2026","rel":"","context":"In &quot;Coordinate&quot;","block_context":{"text":"Coordinate","link":"http:\/\/www.robertosedda.it\/?cat=52"},"img":{"alt_text":"","src":"https:\/\/i0.wp.com\/www.robertosedda.it\/wp-content\/uploads\/2016\/05\/Dentico.jpg?fit=400%2C400&resize=350%2C200","width":350,"height":200},"classes":[]},{"id":10864,"url":"http:\/\/www.robertosedda.it\/?p=10864","url_meta":{"origin":19236,"position":2},"title":"La pancia del Colosseo","author":"Rufus","date":"22\/09\/2015","format":false,"excerpt":"Sulla storia\u00a0del vergognoso decreto del Governo che fa rientrare la gestione dei siti archeologici fra i \"servizi pubblici essenziali\" arrivo buon ultimo, quindi non mi dilungo sul fatto in s\u00e9: cio\u00e8 di come venga usata un'assemblea sindacale\u00a0autorizzata in anticipo, che discute del fatto che i lavoratori non vengono pagati, per\u2026","rel":"","context":"In &quot;Coordinate&quot;","block_context":{"text":"Coordinate","link":"http:\/\/www.robertosedda.it\/?cat=52"},"img":{"alt_text":"","src":"https:\/\/i0.wp.com\/www.robertosedda.it\/wp-content\/uploads\/2015\/09\/National-Gallery.jpg?fit=707%2C281&resize=350%2C200","width":350,"height":200,"srcset":"https:\/\/i0.wp.com\/www.robertosedda.it\/wp-content\/uploads\/2015\/09\/National-Gallery.jpg?fit=707%2C281&resize=350%2C200 1x, https:\/\/i0.wp.com\/www.robertosedda.it\/wp-content\/uploads\/2015\/09\/National-Gallery.jpg?fit=707%2C281&resize=700%2C400 2x"},"classes":[]},{"id":11974,"url":"http:\/\/www.robertosedda.it\/?p=11974","url_meta":{"origin":19236,"position":3},"title":"So&#8217; tutti d&#8217;accordo, signora mia&#8230;","author":"Rufus","date":"23\/05\/2016","format":"video","excerpt":"Vedo su\u00a0Slate\u00a0un articoletto interessante che a partire da casi apparentemente minori racconta come funziona all'interno dei meccanismi pubblicitari on line\u00a0delle grandi aziende il posizionamento sulle questioni sociali di attualit\u00e0 e la codipendenza (non c'\u00e8 altra parola) fra indignazione, attacco, reazione e acquisto finale di visibilit\u00e0 fra gli attivisti on line\u00a0e\u2026","rel":"","context":"In &quot;Coordinate&quot;","block_context":{"text":"Coordinate","link":"http:\/\/www.robertosedda.it\/?cat=52"},"img":{"alt_text":"","src":"https:\/\/i0.wp.com\/www.robertosedda.it\/wp-content\/uploads\/2016\/05\/Jack-McCain.jpg?resize=350%2C200","width":350,"height":200},"classes":[]},{"id":9597,"url":"http:\/\/www.robertosedda.it\/?p=9597","url_meta":{"origin":19236,"position":4},"title":"Un tweet di troppo","author":"Rufus","date":"18\/02\/2015","format":false,"excerpt":"L'articolo che segue \u00e8 stato pubblicato dal\u00a0New York Times nei giorni scorsi. Parla di social, di modi di esprimere se stessi sulla rete, di stupidit\u00e0, di campagne d'odio mascherate da giustizia, di politicamente corretto e dell'influenza molto concreta che tutto ci\u00f2 pu\u00f2 avere sulla vita delle persone: non potevo non\u2026","rel":"","context":"In &quot;Coordinate&quot;","block_context":{"text":"Coordinate","link":"http:\/\/www.robertosedda.it\/?cat=52"},"img":{"alt_text":"","src":"https:\/\/i0.wp.com\/www.robertosedda.it\/wp-content\/uploads\/2015\/02\/Justine-Sacco-fired.jpg?fit=634%2C286&resize=350%2C200","width":350,"height":200},"classes":[]},{"id":19247,"url":"http:\/\/www.robertosedda.it\/?p=19247","url_meta":{"origin":19236,"position":5},"title":"Differenze salariali di genere","author":"Rufus","date":"08\/03\/2022","format":false,"excerpt":"Segnalo, come ottimo esempio di attivismo sulle tematiche di genere nella festa dell'Otto Marzo, il bot (cio\u00e8 un account automatizzato) che risponde a tutti i tweet di organizzazioni di vario tipo che menzionano la giornata con il dato della loro differenza salariale fra uomini e donne. Potete cliccare sull'immagine qui\u2026","rel":"","context":"In &quot;Coordinate&quot;","block_context":{"text":"Coordinate","link":"http:\/\/www.robertosedda.it\/?cat=52"},"img":{"alt_text":"","src":"https:\/\/i0.wp.com\/www.robertosedda.it\/wp-content\/uploads\/2022\/03\/Gender-pay-gap-bot.jpg?fit=624%2C496&resize=350%2C200","width":350,"height":200},"classes":[]}],"_links":{"self":[{"href":"http:\/\/www.robertosedda.it\/index.php?rest_route=\/wp\/v2\/posts\/19236"}],"collection":[{"href":"http:\/\/www.robertosedda.it\/index.php?rest_route=\/wp\/v2\/posts"}],"about":[{"href":"http:\/\/www.robertosedda.it\/index.php?rest_route=\/wp\/v2\/types\/post"}],"author":[{"embeddable":true,"href":"http:\/\/www.robertosedda.it\/index.php?rest_route=\/wp\/v2\/users\/1"}],"replies":[{"embeddable":true,"href":"http:\/\/www.robertosedda.it\/index.php?rest_route=%2Fwp%2Fv2%2Fcomments&post=19236"}],"version-history":[{"count":1,"href":"http:\/\/www.robertosedda.it\/index.php?rest_route=\/wp\/v2\/posts\/19236\/revisions"}],"predecessor-version":[{"id":19238,"href":"http:\/\/www.robertosedda.it\/index.php?rest_route=\/wp\/v2\/posts\/19236\/revisions\/19238"}],"wp:featuredmedia":[{"embeddable":true,"href":"http:\/\/www.robertosedda.it\/index.php?rest_route=\/wp\/v2\/media\/19237"}],"wp:attachment":[{"href":"http:\/\/www.robertosedda.it\/index.php?rest_route=%2Fwp%2Fv2%2Fmedia&parent=19236"}],"wp:term":[{"taxonomy":"category","embeddable":true,"href":"http:\/\/www.robertosedda.it\/index.php?rest_route=%2Fwp%2Fv2%2Fcategories&post=19236"},{"taxonomy":"post_tag","embeddable":true,"href":"http:\/\/www.robertosedda.it\/index.php?rest_route=%2Fwp%2Fv2%2Ftags&post=19236"}],"curies":[{"name":"wp","href":"https:\/\/api.w.org\/{rel}","templated":true}]}}