{"id":18975,"date":"2021-11-24T09:33:42","date_gmt":"2021-11-24T08:33:42","guid":{"rendered":"http:\/\/www.robertosedda.it\/?p=18975"},"modified":"2022-04-12T17:19:38","modified_gmt":"2022-04-12T15:19:38","slug":"per-il-vietnam","status":"publish","type":"post","link":"http:\/\/www.robertosedda.it\/?p=18975","title":{"rendered":"\u00abPer il Vietnam&#8230;\u00bb"},"content":{"rendered":"\n<p>Proseguendo sul filone di <a href=\"http:\/\/www.robertosedda.it\/?p=18963\" data-type=\"post\" data-id=\"18963\">ieri<\/a>, fra le meraviglie conservate accuratamente dall&#8217;Inossidabile, salta fuori questa, davvero ragguardevole.<\/p>\n\n\n\n<figure class=\"wp-block-image alignwide size-full\"><img data-attachment-id=\"18976\" data-permalink=\"http:\/\/www.robertosedda.it\/?attachment_id=18976\" data-orig-file=\"https:\/\/i0.wp.com\/www.robertosedda.it\/wp-content\/uploads\/2021\/11\/Vietnam.jpg?fit=768%2C1024\" data-orig-size=\"768,1024\" data-comments-opened=\"1\" data-image-meta=\"{&quot;aperture&quot;:&quot;0&quot;,&quot;credit&quot;:&quot;&quot;,&quot;camera&quot;:&quot;&quot;,&quot;caption&quot;:&quot;&quot;,&quot;created_timestamp&quot;:&quot;0&quot;,&quot;copyright&quot;:&quot;&quot;,&quot;focal_length&quot;:&quot;0&quot;,&quot;iso&quot;:&quot;0&quot;,&quot;shutter_speed&quot;:&quot;0&quot;,&quot;title&quot;:&quot;&quot;,&quot;orientation&quot;:&quot;1&quot;}\" data-image-title=\"Vietnam\" data-image-description=\"\" data-image-caption=\"\" data-medium-file=\"https:\/\/i0.wp.com\/www.robertosedda.it\/wp-content\/uploads\/2021\/11\/Vietnam.jpg?fit=225%2C300\" data-large-file=\"https:\/\/i0.wp.com\/www.robertosedda.it\/wp-content\/uploads\/2021\/11\/Vietnam.jpg?fit=510%2C680\" decoding=\"async\" loading=\"lazy\" width=\"768\" height=\"1024\" src=\"https:\/\/i0.wp.com\/www.robertosedda.it\/wp-content\/uploads\/2021\/11\/Vietnam.jpg?resize=768%2C1024\" alt=\"\" class=\"wp-image-18976\" srcset=\"https:\/\/i0.wp.com\/www.robertosedda.it\/wp-content\/uploads\/2021\/11\/Vietnam.jpg?w=768 768w, https:\/\/i0.wp.com\/www.robertosedda.it\/wp-content\/uploads\/2021\/11\/Vietnam.jpg?resize=225%2C300 225w, https:\/\/i0.wp.com\/www.robertosedda.it\/wp-content\/uploads\/2021\/11\/Vietnam.jpg?resize=510%2C680 510w, https:\/\/i0.wp.com\/www.robertosedda.it\/wp-content\/uploads\/2021\/11\/Vietnam.jpg?resize=113%2C150 113w\" sizes=\"(max-width: 768px) 100vw, 768px\" data-recalc-dims=\"1\" \/><figcaption>Nel 1973 avevo 9 anni<\/figcaption><\/figure>\n\n\n\n<p>La cosa pi\u00f9 sorprendente (in mezzo a <em>tante<\/em> altre cose, ci sarebbe da commentare ogni riga) \u00e8 il fatto che i miei genitori abbiano deciso di conservare non solo la letterina, ma anche il mio ragguardevole patrimonio messo a disposizione, cos\u00ec vanificando quel gesto compiuto cos\u00ec di cuore! O avranno versato l&#8217;equivalente? O sar\u00f2 stato io a immaginarmi una raccolta fondi che non esisteva?<\/p>\n\n\n\n<p>Misteri ormai irrisolvibili.<\/p>\n\n\n\n<p>Comunque il cuore del banchiere etico c&#8217;era gi\u00e0 allora, pare&#8230;<\/p>\n","protected":false},"excerpt":{"rendered":"<p>\u00c8 tutto il mio patrimonio, ma lo verso di cuore&#8230;<\/p>\n","protected":false},"author":1,"featured_media":18976,"comment_status":"open","ping_status":"open","sticky":false,"template":"","format":"standard","meta":{"_mi_skip_tracking":false,"_monsterinsights_sitenote_active":false,"_monsterinsights_sitenote_note":"","_monsterinsights_sitenote_category":0,"jetpack_post_was_ever_published":false,"_jetpack_newsletter_access":"","jetpack_publicize_message":"\u00abPer il Vietnam...\u00bb, nel 1973","jetpack_is_tweetstorm":false,"jetpack_publicize_feature_enabled":true,"jetpack_social_post_already_shared":true,"jetpack_social_options":{"image_generator_settings":{"template":"highway","enabled":false}}},"categories":[52,86,53,17,16],"tags":[],"jetpack_publicize_connections":[],"jetpack_featured_media_url":"https:\/\/i0.wp.com\/www.robertosedda.it\/wp-content\/uploads\/2021\/11\/Vietnam.jpg?fit=768%2C1024","jetpack_sharing_enabled":true,"jetpack_shortlink":"https:\/\/wp.me\/p4jV2T-4W3","jetpack_likes_enabled":true,"jetpack-related-posts":[{"id":6964,"url":"http:\/\/www.robertosedda.it\/?p=6964","url_meta":{"origin":18975,"position":0},"title":"Allo Skepto","author":"Rufus","date":"15\/04\/2014","format":"video","excerpt":"Nel fine settimana sono stato con Maria Bonaria a un paio di sessioni dello\u00a0Skepto, il festival internazionale di cortometraggi che si tiene a Cagliari, in parte per avere l'occasione di salutare Petter Skafle Henriksen che accompagnava il suo The boy and the abyss. Fra i corti che ho visto ho\u2026","rel":"","context":"In &quot;Coordinate&quot;","block_context":{"text":"Coordinate","link":"http:\/\/www.robertosedda.it\/?cat=52"},"img":{"alt_text":"","src":"https:\/\/i0.wp.com\/i.vimeocdn.com\/video\/447843926_640.jpg?resize=350%2C200","width":350,"height":200},"classes":[]},{"id":11562,"url":"http:\/\/www.robertosedda.it\/?p=11562","url_meta":{"origin":18975,"position":1},"title":"Quantit\u00e0 di sangue ragguardevoli","author":"Rufus","date":"17\/02\/2016","format":"video","excerpt":"The hateful eight\u00a0(Quentin Tarantino, USA 2015) (nota: possibili\u00a0spoiler, a vostro pericolo) L'altra sera ho visto l'ultimo di Tarantino: \u00e8 stato interessante vederlo a cos\u00ec breve distanza da\u00a0Revenant\u00a0perch\u00e9 i due film, per quanto\u00a0diversissimi, condividono in fondo il tentativo di parlare esclusivamente attraverso l'estetica. Premessa: se siete deboli di stomaco, non andate\u2026","rel":"","context":"In &quot;Cappe e spade&quot;","block_context":{"text":"Cappe e spade","link":"http:\/\/www.robertosedda.it\/?cat=70"},"img":{"alt_text":"","src":"https:\/\/i0.wp.com\/www.robertosedda.it\/wp-content\/uploads\/2016\/02\/Hateful-eight.jpg?fit=1200%2C808&resize=350%2C200","width":350,"height":200,"srcset":"https:\/\/i0.wp.com\/www.robertosedda.it\/wp-content\/uploads\/2016\/02\/Hateful-eight.jpg?fit=1200%2C808&resize=350%2C200 1x, https:\/\/i0.wp.com\/www.robertosedda.it\/wp-content\/uploads\/2016\/02\/Hateful-eight.jpg?fit=1200%2C808&resize=700%2C400 2x, https:\/\/i0.wp.com\/www.robertosedda.it\/wp-content\/uploads\/2016\/02\/Hateful-eight.jpg?fit=1200%2C808&resize=1050%2C600 3x"},"classes":[]},{"id":12179,"url":"http:\/\/www.robertosedda.it\/?p=12179","url_meta":{"origin":18975,"position":2},"title":"Dispiacere","author":"Rufus","date":"29\/06\/2016","format":false,"excerpt":"Stamattina mi sveglio con la notizia di decine di morti a Istanbul. Non so come dire senza essere retorico: mi dispiace molto. Davvero tanto. E non voglio unirmi al coro di altre volte, il coro di quelli che dicono:\u00a0per Parigi tanta emozione, e invece adesso..., ma vedo che l'emozione che\u2026","rel":"","context":"In &quot;Coordinate&quot;","block_context":{"text":"Coordinate","link":"http:\/\/www.robertosedda.it\/?cat=52"},"img":{"alt_text":"","src":"https:\/\/i0.wp.com\/www.robertosedda.it\/wp-content\/uploads\/2016\/06\/Istanbul.jpg?fit=1200%2C800&resize=350%2C200","width":350,"height":200,"srcset":"https:\/\/i0.wp.com\/www.robertosedda.it\/wp-content\/uploads\/2016\/06\/Istanbul.jpg?fit=1200%2C800&resize=350%2C200 1x, https:\/\/i0.wp.com\/www.robertosedda.it\/wp-content\/uploads\/2016\/06\/Istanbul.jpg?fit=1200%2C800&resize=700%2C400 2x, https:\/\/i0.wp.com\/www.robertosedda.it\/wp-content\/uploads\/2016\/06\/Istanbul.jpg?fit=1200%2C800&resize=1050%2C600 3x"},"classes":[]},{"id":15672,"url":"http:\/\/www.robertosedda.it\/?p=15672","url_meta":{"origin":18975,"position":3},"title":"La macchina del pianto","author":"Rufus","date":"17\/09\/2018","format":false,"excerpt":"Come reazione alla lettura del libro di Bandi mi sono messo a rileggere il libro Cuore. Ora, chi segue questo blog ricorder\u00e0 che su alcuni alcuni dei classici per l'infanzia ho\u00a0 opinioni che non sono esattamente lusinghiere, e spesso nemmeno in linea con l'opinione corrente: per esempio credo che Piccole\u2026","rel":"","context":"In &quot;Coordinate&quot;","block_context":{"text":"Coordinate","link":"http:\/\/www.robertosedda.it\/?cat=52"},"img":{"alt_text":"","src":"https:\/\/i0.wp.com\/www.robertosedda.it\/wp-content\/uploads\/2018\/09\/Cuore.jpg?fit=260%2C400&resize=350%2C200","width":350,"height":200},"classes":[]},{"id":10554,"url":"http:\/\/www.robertosedda.it\/?p=10554","url_meta":{"origin":18975,"position":4},"title":"Luoghi cari al cuore","author":"Rufus","date":"16\/07\/2015","format":false,"excerpt":"Ieri sono andato per questioni di Banca Etica a Porto Torres. Finito quel che dovevo fare risalgo in macchina e vedo l'indicazione:\u00a0Stintino. Ventiquattro chilometri. Siccome ne faccio gi\u00e0 quasi cinquecento in una sola serata penso che una cinquantina in pi\u00f9 cosa vuoi che sia e quindi giro a destra invece\u2026","rel":"","context":"In &quot;Coordinate&quot;","block_context":{"text":"Coordinate","link":"http:\/\/www.robertosedda.it\/?cat=52"},"img":{"alt_text":"","src":"https:\/\/i0.wp.com\/www.robertosedda.it\/wp-content\/uploads\/2015\/07\/Iole-Sedda-e-famiglia.jpg?fit=960%2C720&resize=350%2C200","width":350,"height":200,"srcset":"https:\/\/i0.wp.com\/www.robertosedda.it\/wp-content\/uploads\/2015\/07\/Iole-Sedda-e-famiglia.jpg?fit=960%2C720&resize=350%2C200 1x, https:\/\/i0.wp.com\/www.robertosedda.it\/wp-content\/uploads\/2015\/07\/Iole-Sedda-e-famiglia.jpg?fit=960%2C720&resize=700%2C400 2x"},"classes":[]},{"id":18217,"url":"http:\/\/www.robertosedda.it\/?p=18217","url_meta":{"origin":18975,"position":5},"title":"Il grande amore del suo cuore","author":"Rufus","date":"21\/07\/2020","format":false,"excerpt":"Tempo fa mi \u00e8 capitato di imbattermi nel Racconto di marzo di Neil Gaiman. \u00c8 un racconto brevissimo, e fa parte di un progetto collaborativo col pubblico sponsorizzato da Blackberry anni fa. Al tempo Gaiman ha scritto una serie di tweet, uno per ogni mese, facendo delle domande ai lettori:\u2026","rel":"","context":"In &quot;Cappe e spade&quot;","block_context":{"text":"Cappe e spade","link":"http:\/\/www.robertosedda.it\/?cat=70"},"img":{"alt_text":"","src":"https:\/\/i0.wp.com\/www.robertosedda.it\/wp-content\/uploads\/2020\/07\/March-tale-inspiration.png?fit=445%2C406&resize=350%2C200","width":350,"height":200},"classes":[]}],"_links":{"self":[{"href":"http:\/\/www.robertosedda.it\/index.php?rest_route=\/wp\/v2\/posts\/18975"}],"collection":[{"href":"http:\/\/www.robertosedda.it\/index.php?rest_route=\/wp\/v2\/posts"}],"about":[{"href":"http:\/\/www.robertosedda.it\/index.php?rest_route=\/wp\/v2\/types\/post"}],"author":[{"embeddable":true,"href":"http:\/\/www.robertosedda.it\/index.php?rest_route=\/wp\/v2\/users\/1"}],"replies":[{"embeddable":true,"href":"http:\/\/www.robertosedda.it\/index.php?rest_route=%2Fwp%2Fv2%2Fcomments&post=18975"}],"version-history":[{"count":1,"href":"http:\/\/www.robertosedda.it\/index.php?rest_route=\/wp\/v2\/posts\/18975\/revisions"}],"predecessor-version":[{"id":18977,"href":"http:\/\/www.robertosedda.it\/index.php?rest_route=\/wp\/v2\/posts\/18975\/revisions\/18977"}],"wp:featuredmedia":[{"embeddable":true,"href":"http:\/\/www.robertosedda.it\/index.php?rest_route=\/wp\/v2\/media\/18976"}],"wp:attachment":[{"href":"http:\/\/www.robertosedda.it\/index.php?rest_route=%2Fwp%2Fv2%2Fmedia&parent=18975"}],"wp:term":[{"taxonomy":"category","embeddable":true,"href":"http:\/\/www.robertosedda.it\/index.php?rest_route=%2Fwp%2Fv2%2Fcategories&post=18975"},{"taxonomy":"post_tag","embeddable":true,"href":"http:\/\/www.robertosedda.it\/index.php?rest_route=%2Fwp%2Fv2%2Ftags&post=18975"}],"curies":[{"name":"wp","href":"https:\/\/api.w.org\/{rel}","templated":true}]}}