{"id":18747,"date":"2021-05-31T16:13:45","date_gmt":"2021-05-31T14:13:45","guid":{"rendered":"http:\/\/www.robertosedda.it\/?p=18747"},"modified":"2021-05-31T16:13:50","modified_gmt":"2021-05-31T14:13:50","slug":"vago-sospetto","status":"publish","type":"post","link":"http:\/\/www.robertosedda.it\/?p=18747","title":{"rendered":"Vago sospetto"},"content":{"rendered":"\n<div class=\"wp-block-image\"><figure class=\"alignright size-large is-resized\"><img data-attachment-id=\"18748\" data-permalink=\"http:\/\/www.robertosedda.it\/?attachment_id=18748\" data-orig-file=\"https:\/\/i0.wp.com\/www.robertosedda.it\/wp-content\/uploads\/2021\/05\/Isola-delle-anime.jpg?fit=327%2C499\" data-orig-size=\"327,499\" data-comments-opened=\"1\" data-image-meta=\"{&quot;aperture&quot;:&quot;0&quot;,&quot;credit&quot;:&quot;&quot;,&quot;camera&quot;:&quot;&quot;,&quot;caption&quot;:&quot;&quot;,&quot;created_timestamp&quot;:&quot;0&quot;,&quot;copyright&quot;:&quot;&quot;,&quot;focal_length&quot;:&quot;0&quot;,&quot;iso&quot;:&quot;0&quot;,&quot;shutter_speed&quot;:&quot;0&quot;,&quot;title&quot;:&quot;&quot;,&quot;orientation&quot;:&quot;0&quot;}\" data-image-title=\"Isola-delle-anime\" data-image-description=\"\" data-image-caption=\"\" data-medium-file=\"https:\/\/i0.wp.com\/www.robertosedda.it\/wp-content\/uploads\/2021\/05\/Isola-delle-anime.jpg?fit=197%2C300\" data-large-file=\"https:\/\/i0.wp.com\/www.robertosedda.it\/wp-content\/uploads\/2021\/05\/Isola-delle-anime.jpg?fit=327%2C499\" decoding=\"async\" loading=\"lazy\" src=\"https:\/\/i0.wp.com\/www.robertosedda.it\/wp-content\/uploads\/2021\/05\/Isola-delle-anime.jpg?resize=164%2C250\" alt=\"\" class=\"wp-image-18748\" width=\"164\" height=\"250\" srcset=\"https:\/\/i0.wp.com\/www.robertosedda.it\/wp-content\/uploads\/2021\/05\/Isola-delle-anime.jpg?w=327 327w, https:\/\/i0.wp.com\/www.robertosedda.it\/wp-content\/uploads\/2021\/05\/Isola-delle-anime.jpg?resize=197%2C300 197w, https:\/\/i0.wp.com\/www.robertosedda.it\/wp-content\/uploads\/2021\/05\/Isola-delle-anime.jpg?resize=98%2C150 98w\" sizes=\"(max-width: 164px) 100vw, 164px\" data-recalc-dims=\"1\" \/><\/figure><\/div>\n\n\n\n<p>L&#8217;altro giorno in libreria mi sono fatto regalare al volo dall&#8217;Inossidabile un libro che mi sembrava interessante. Arrivato a casa l&#8217;ho aperto di buona voglia.<\/p>\n\n\n\n<p>Diciamo che si apre con una specie di sacrifico rituale di una ragazza per garantire la fertilit\u00e0 dei luoghi, perpetrato da uno vestito da <em>mammuthone<\/em> presso un antico tempio a pozzo, unico testimone un cagnolino dotato di autocoscienza umana, che esita a entrare nella radura perch\u00e9 percepisce che la sua presenza altera un equilibrio ancestrale e sente il peso di un silenzio soprannaturale (il che apre interessanti questioni filosofiche e teologiche: quali antenati? gli umani che hanno costruito il pozzo o i bastardini di millenni fa? e cosa c&#8217;\u00e8 nel soprannaturale dei cani? gli eroi divinizzati, tipo Rin Tin Tin?).<\/p>\n\n\n\n<p>Finito questo po&#8217; po&#8217; di prologo il romanzo vero e proprio si apre con la frase: \u00abIl silenzio in Sardegna \u00e8 quasi una religione\u00bb. <\/p>\n\n\n\n<p>E niente, non so perch\u00e9 ma credo che non finir\u00f2 di leggerlo, chiss\u00e0 perch\u00e9. <\/p>\n","protected":false},"excerpt":{"rendered":"<p>L&#8217;altro giorno in libreria mi sono fatto regalare al volo dall&#8217;Inossidabile un libro che mi sembrava interessante. Arrivato a casa<\/p>\n","protected":false},"author":1,"featured_media":18748,"comment_status":"open","ping_status":"open","sticky":false,"template":"","format":"standard","meta":{"_mi_skip_tracking":false,"_monsterinsights_sitenote_active":false,"_monsterinsights_sitenote_note":"","_monsterinsights_sitenote_category":0,"jetpack_post_was_ever_published":false,"_jetpack_newsletter_access":"","jetpack_publicize_message":"Un vago sospetto: Quello che un romanzo non sia proprio proprio fatto per me.","jetpack_is_tweetstorm":false,"jetpack_publicize_feature_enabled":true,"jetpack_social_post_already_shared":true,"jetpack_social_options":{"image_generator_settings":{"template":"highway","enabled":false}}},"categories":[52,56,68,95,16],"tags":[],"jetpack_publicize_connections":[],"jetpack_featured_media_url":"https:\/\/i0.wp.com\/www.robertosedda.it\/wp-content\/uploads\/2021\/05\/Isola-delle-anime.jpg?fit=327%2C499","jetpack_sharing_enabled":true,"jetpack_shortlink":"https:\/\/wp.me\/p4jV2T-4Sn","jetpack_likes_enabled":true,"jetpack-related-posts":[{"id":13941,"url":"http:\/\/www.robertosedda.it\/?p=13941","url_meta":{"origin":18747,"position":0},"title":"REBLOG: L\u2019illusione di essere \u00e9lite","author":"Rufus","date":"14\/07\/2017","format":"link","excerpt":"Sulla rivista Studio un articolo interessante di Anna Momigliano sulla nuova \"classe aspirazionale\", il modo di distinguersi dalle masse attraverso consumi mirati, la differenza fra ceto e classe e, infine, la decadenza della media borghesia. Un po' confuso a tratti, ma se non sbaglio apre finalmente una discussione interessante (e\u2026","rel":"","context":"In &quot;Segnalazioni&quot;","block_context":{"text":"Segnalazioni","link":"http:\/\/www.robertosedda.it\/?cat=95"},"img":{"alt_text":"","src":"https:\/\/i0.wp.com\/www.robertosedda.it\/wp-content\/uploads\/2017\/07\/Momigliano.jpg?fit=911%2C321&resize=350%2C200","width":350,"height":200,"srcset":"https:\/\/i0.wp.com\/www.robertosedda.it\/wp-content\/uploads\/2017\/07\/Momigliano.jpg?fit=911%2C321&resize=350%2C200 1x, https:\/\/i0.wp.com\/www.robertosedda.it\/wp-content\/uploads\/2017\/07\/Momigliano.jpg?fit=911%2C321&resize=700%2C400 2x"},"classes":[]},{"id":15989,"url":"http:\/\/www.robertosedda.it\/?p=15989","url_meta":{"origin":18747,"position":1},"title":"Colonialismo e tatuaggi","author":"Rufus","date":"13\/12\/2018","format":false,"excerpt":"Dalla rivista\u00a0Huck\u00a0la segnalazione di un lavoro davvero eccellente fatto dal fotografo Jono Rotman, che ha documentato la vita interna della\u00a0gang\u00a0pi\u00f9 diffusa in Nuova Zelanda (altro che i peggiori bar di Caracas). Pensiamo alla Nuova Zelanda come a quel posto dove ci sono le montagne del\u00a0Signore degli Anelli e gente che\u2026","rel":"","context":"In &quot;Coordinate&quot;","block_context":{"text":"Coordinate","link":"http:\/\/www.robertosedda.it\/?cat=52"},"img":{"alt_text":"","src":"https:\/\/i0.wp.com\/www.robertosedda.it\/wp-content\/uploads\/2018\/12\/Denimz-Rogue.jpg?fit=956%2C1200&resize=350%2C200","width":350,"height":200,"srcset":"https:\/\/i0.wp.com\/www.robertosedda.it\/wp-content\/uploads\/2018\/12\/Denimz-Rogue.jpg?fit=956%2C1200&resize=350%2C200 1x, https:\/\/i0.wp.com\/www.robertosedda.it\/wp-content\/uploads\/2018\/12\/Denimz-Rogue.jpg?fit=956%2C1200&resize=700%2C400 2x"},"classes":[]},{"id":14108,"url":"http:\/\/www.robertosedda.it\/?p=14108","url_meta":{"origin":18747,"position":2},"title":"I fantasmi di Gramsci","author":"Rufus","date":"05\/09\/2017","format":"video","excerpt":"https:\/\/www.youtube.com\/watch?v=1950jqyfK6I Visto ieri\u00a0Nel mondo grande e terribile, piccolo e interessante film su Gramsci, che copre sostanzialmente il periodo della detenzione nel carcere di Turi di Bari. Non sono abbastanza esperto di Gramsci per giudicare della resa delle sue idee, che mi \u00e8 parsa a un tempo interessante e zoppicante: marginalmente\u2026","rel":"","context":"In &quot;Biografie&quot;","block_context":{"text":"Biografie","link":"http:\/\/www.robertosedda.it\/?cat=83"},"img":{"alt_text":"","src":"https:\/\/i0.wp.com\/www.robertosedda.it\/wp-content\/uploads\/2017\/09\/Gramsci.jpg?fit=1200%2C646&resize=350%2C200","width":350,"height":200,"srcset":"https:\/\/i0.wp.com\/www.robertosedda.it\/wp-content\/uploads\/2017\/09\/Gramsci.jpg?fit=1200%2C646&resize=350%2C200 1x, https:\/\/i0.wp.com\/www.robertosedda.it\/wp-content\/uploads\/2017\/09\/Gramsci.jpg?fit=1200%2C646&resize=700%2C400 2x, https:\/\/i0.wp.com\/www.robertosedda.it\/wp-content\/uploads\/2017\/09\/Gramsci.jpg?fit=1200%2C646&resize=1050%2C600 3x"},"classes":[]},{"id":7606,"url":"http:\/\/www.robertosedda.it\/?p=7606","url_meta":{"origin":18747,"position":3},"title":"Cose interessanti (e meno) a &#8220;Leggendo Metropolitano&#8221; (di festival &#8211; 3)","author":"Rufus","date":"05\/06\/2014","format":false,"excerpt":"Sono tornato ieri con Maria Bonaria a\u00a0Leggendo Metropolitano, dove\u00a0l'anno scorso avevo sentito Bruce Sterling e Paolo Nespoli. L'anno scorso c'ero capitato per caso, quest'anno mi sono studiato il programma in anticipo (e ne ho pure parlato nell'ultima puntata di\u00a0Oggi parliamo di libri, che non ho per\u00f2 ancora\u00a0pubblicato qui sul blog)\u2026","rel":"","context":"In &quot;Coordinate&quot;","block_context":{"text":"Coordinate","link":"http:\/\/www.robertosedda.it\/?cat=52"},"img":{"alt_text":"","src":"https:\/\/i0.wp.com\/www.robertosedda.it\/wp-content\/uploads\/2014\/06\/2014-06-04-20.06.13.jpg?fit=1200%2C900&resize=350%2C200","width":350,"height":200,"srcset":"https:\/\/i0.wp.com\/www.robertosedda.it\/wp-content\/uploads\/2014\/06\/2014-06-04-20.06.13.jpg?fit=1200%2C900&resize=350%2C200 1x, https:\/\/i0.wp.com\/www.robertosedda.it\/wp-content\/uploads\/2014\/06\/2014-06-04-20.06.13.jpg?fit=1200%2C900&resize=700%2C400 2x, https:\/\/i0.wp.com\/www.robertosedda.it\/wp-content\/uploads\/2014\/06\/2014-06-04-20.06.13.jpg?fit=1200%2C900&resize=1050%2C600 3x"},"classes":[]},{"id":11115,"url":"http:\/\/www.robertosedda.it\/?p=11115","url_meta":{"origin":18747,"position":4},"title":"REBLOG: Il Messico visto dalle sue fotografe","author":"Rufus","date":"03\/11\/2015","format":false,"excerpt":"Un bel servizio di\u00a0Internazionale\u00a0sulla mostra che si apre a New York dedicata a Tina Modotti e altre fotografe messicane.","rel":"","context":"In &quot;Segnalazioni&quot;","block_context":{"text":"Segnalazioni","link":"http:\/\/www.robertosedda.it\/?cat=95"},"img":{"alt_text":"","src":"https:\/\/i0.wp.com\/www.robertosedda.it\/wp-content\/uploads\/2015\/11\/117488-md.jpg?fit=687%2C1000&resize=350%2C200","width":350,"height":200},"classes":[]},{"id":16207,"url":"http:\/\/www.robertosedda.it\/?p=16207","url_meta":{"origin":18747,"position":5},"title":"Essere un marchio (di se stessi)","author":"Rufus","date":"01\/02\/2019","format":false,"excerpt":"La storia che voglio raccontarvi oggi \u00e8 probabilmente una storia minore, per\u00f2 a me sembra irresistibilmente divertente e, quel che \u00e8 pi\u00f9 importante, molto rappresentativa dei tempi che corrono. Dunque la storia \u00e8 questa. Durante le foto sul red carpet per la consegna dei Golden Globes una (astuta) ragazza si\u2026","rel":"","context":"In &quot;Coordinate&quot;","block_context":{"text":"Coordinate","link":"http:\/\/www.robertosedda.it\/?cat=52"},"img":{"alt_text":"","src":"https:\/\/i0.wp.com\/www.robertosedda.it\/wp-content\/uploads\/2019\/02\/Photobomb6.jpg?fit=1200%2C675&resize=350%2C200","width":350,"height":200,"srcset":"https:\/\/i0.wp.com\/www.robertosedda.it\/wp-content\/uploads\/2019\/02\/Photobomb6.jpg?fit=1200%2C675&resize=350%2C200 1x, https:\/\/i0.wp.com\/www.robertosedda.it\/wp-content\/uploads\/2019\/02\/Photobomb6.jpg?fit=1200%2C675&resize=700%2C400 2x, https:\/\/i0.wp.com\/www.robertosedda.it\/wp-content\/uploads\/2019\/02\/Photobomb6.jpg?fit=1200%2C675&resize=1050%2C600 3x"},"classes":[]}],"_links":{"self":[{"href":"http:\/\/www.robertosedda.it\/index.php?rest_route=\/wp\/v2\/posts\/18747"}],"collection":[{"href":"http:\/\/www.robertosedda.it\/index.php?rest_route=\/wp\/v2\/posts"}],"about":[{"href":"http:\/\/www.robertosedda.it\/index.php?rest_route=\/wp\/v2\/types\/post"}],"author":[{"embeddable":true,"href":"http:\/\/www.robertosedda.it\/index.php?rest_route=\/wp\/v2\/users\/1"}],"replies":[{"embeddable":true,"href":"http:\/\/www.robertosedda.it\/index.php?rest_route=%2Fwp%2Fv2%2Fcomments&post=18747"}],"version-history":[{"count":1,"href":"http:\/\/www.robertosedda.it\/index.php?rest_route=\/wp\/v2\/posts\/18747\/revisions"}],"predecessor-version":[{"id":18749,"href":"http:\/\/www.robertosedda.it\/index.php?rest_route=\/wp\/v2\/posts\/18747\/revisions\/18749"}],"wp:featuredmedia":[{"embeddable":true,"href":"http:\/\/www.robertosedda.it\/index.php?rest_route=\/wp\/v2\/media\/18748"}],"wp:attachment":[{"href":"http:\/\/www.robertosedda.it\/index.php?rest_route=%2Fwp%2Fv2%2Fmedia&parent=18747"}],"wp:term":[{"taxonomy":"category","embeddable":true,"href":"http:\/\/www.robertosedda.it\/index.php?rest_route=%2Fwp%2Fv2%2Fcategories&post=18747"},{"taxonomy":"post_tag","embeddable":true,"href":"http:\/\/www.robertosedda.it\/index.php?rest_route=%2Fwp%2Fv2%2Ftags&post=18747"}],"curies":[{"name":"wp","href":"https:\/\/api.w.org\/{rel}","templated":true}]}}