{"id":18723,"date":"2021-06-03T19:16:05","date_gmt":"2021-06-03T17:16:05","guid":{"rendered":"http:\/\/www.robertosedda.it\/?p=18723"},"modified":"2021-07-09T15:50:09","modified_gmt":"2021-07-09T13:50:09","slug":"lamabile-rufus-e-il-meraviglioso-mondo-dei-podcast","status":"publish","type":"post","link":"http:\/\/www.robertosedda.it\/?p=18723","title":{"rendered":"L&#8217;amabile Rufus e il meraviglioso mondo dei podcast"},"content":{"rendered":"\n<p>A fine agosto dell&#8217;anno scorso, quando gi\u00e0 si intuiva che avremmo passato altri lunghi mesi pi\u00f9 o meno reclusi, ho cominciato a camminare. Pu\u00f2 darsi che la cosa abbia avuto inizio perch\u00e9 mi sono detto che era meglio tenere d&#8217;occhio la pressione, ma in realt\u00e0 col senno di poi credo che volessi reagire alla situazione generale muovendomi, davvero facendo <em>muovere <\/em>il corpo, e contemporaneamente volessi avere un momento in cui sgombrare la mente.<\/p>\n\n\n\n<p>Da allora cammino un&#8217;ora al giorno, tutti i giorni o quasi. Ho perso pi\u00f9 o meno sette chili, cosa della quale sono entusiasta, ma parte della disciplina che mi sono dato \u00e8 quella di non badarci troppo e non camminare solo per quel motivo: e infatti non sto nemmeno particolarmente a dieta (pu\u00f2 darsi, peraltro, che abbia cominciato a controllare la bilancia tutti i giorni, ma questo non verr\u00e0 <em>mai <\/em>ammesso in pubblico). Non voglio camminare per un motivo specifico, ma perch\u00e9 \u00e8 l&#8217;unica soluzione possibile, come direbbe <a href=\"https:\/\/www.youtube.com\/watch?v=2599VWEeEpE\">Bianco<\/a>:<\/p>\n\n\n\n<blockquote class=\"wp-block-quote\"><p>Le crisi servono a pensare<br \/>In un attimo passer\u00e0 tutto<br \/>La soluzione \u00e8 camminare, camminare<\/p><cite>Bianco, <em>In un atttimo<\/em><\/cite><\/blockquote>\n\n\n\n<p>Cammino in terrazzo, che per fortuna \u00e8 grande, giro a giro &#8211; \u00abcome un criceto\u00bb, dice a tutti Maria Bonaria. <\/p>\n\n\n\n<figure class=\"wp-block-image alignwide size-full\"><img data-attachment-id=\"18739\" data-permalink=\"http:\/\/www.robertosedda.it\/?attachment_id=18739\" data-orig-file=\"https:\/\/i0.wp.com\/www.robertosedda.it\/wp-content\/uploads\/2021\/05\/IMG_20201001_070353-scaled.jpg?fit=2560%2C1920\" data-orig-size=\"2560,1920\" data-comments-opened=\"1\" data-image-meta=\"{&quot;aperture&quot;:&quot;2.2&quot;,&quot;credit&quot;:&quot;&quot;,&quot;camera&quot;:&quot;STF-L09&quot;,&quot;caption&quot;:&quot;&quot;,&quot;created_timestamp&quot;:&quot;1601535833&quot;,&quot;copyright&quot;:&quot;&quot;,&quot;focal_length&quot;:&quot;3.95&quot;,&quot;iso&quot;:&quot;320&quot;,&quot;shutter_speed&quot;:&quot;0.04&quot;,&quot;title&quot;:&quot;&quot;,&quot;orientation&quot;:&quot;0&quot;}\" data-image-title=\"IMG_20201001_070353\" data-image-description=\"\" data-image-caption=\"\" data-medium-file=\"https:\/\/i0.wp.com\/www.robertosedda.it\/wp-content\/uploads\/2021\/05\/IMG_20201001_070353-scaled.jpg?fit=300%2C225\" data-large-file=\"https:\/\/i0.wp.com\/www.robertosedda.it\/wp-content\/uploads\/2021\/05\/IMG_20201001_070353-scaled.jpg?fit=510%2C383\" decoding=\"async\" loading=\"lazy\" width=\"800\" height=\"600\" src=\"https:\/\/i0.wp.com\/www.robertosedda.it\/wp-content\/uploads\/2021\/05\/IMG_20201001_070353-scaled.jpg?resize=800%2C600\" alt=\"\" class=\"wp-image-18739\" srcset=\"https:\/\/i0.wp.com\/www.robertosedda.it\/wp-content\/uploads\/2021\/05\/IMG_20201001_070353-scaled.jpg?w=2560 2560w, https:\/\/i0.wp.com\/www.robertosedda.it\/wp-content\/uploads\/2021\/05\/IMG_20201001_070353-scaled.jpg?resize=300%2C225 300w, https:\/\/i0.wp.com\/www.robertosedda.it\/wp-content\/uploads\/2021\/05\/IMG_20201001_070353-scaled.jpg?resize=510%2C383 510w, https:\/\/i0.wp.com\/www.robertosedda.it\/wp-content\/uploads\/2021\/05\/IMG_20201001_070353-scaled.jpg?resize=150%2C113 150w, https:\/\/i0.wp.com\/www.robertosedda.it\/wp-content\/uploads\/2021\/05\/IMG_20201001_070353-scaled.jpg?resize=1536%2C1152 1536w, https:\/\/i0.wp.com\/www.robertosedda.it\/wp-content\/uploads\/2021\/05\/IMG_20201001_070353-scaled.jpg?resize=2048%2C1536 2048w, https:\/\/i0.wp.com\/www.robertosedda.it\/wp-content\/uploads\/2021\/05\/IMG_20201001_070353-scaled.jpg?w=1600 1600w, https:\/\/i0.wp.com\/www.robertosedda.it\/wp-content\/uploads\/2021\/05\/IMG_20201001_070353-scaled.jpg?w=2400 2400w\" sizes=\"(max-width: 800px) 100vw, 800px\" data-recalc-dims=\"1\" \/><figcaption>Alle sette del mattino, cammino<\/figcaption><\/figure>\n\n\n\n<p>Mi dicono tutti, in particolare il Subcomandante Marcos: \u00abMa perch\u00e9 non vai fuori a camminare?! In realt\u00e0 si pu\u00f2&#8230;\u00bb. In realt\u00e0 non sempre si pu\u00f2 o si \u00e8 potuto, ma il punto non \u00e8 questo: il fatto \u00e8 che muovere il corpo e fare un certo tipo di vuoto mentale richiede, se non proprio una stanza, quanto meno uno spazio tutto per s\u00e9, e strada, piste ciclabili e percorsi vari non sempre lo permettono. Mi piace molto camminare al Poetto e i vari sentieri dentro Molentargius sono un luogo del mio cuore, ma il posto che mi sono trovato, tutto per me, \u00e8 il terrazzo.<\/p>\n\n\n\n<h3>Orfano della radio<\/h3>\n\n\n\n<p>Mentre cammino, per sgombrare la mente e fare il vuoto faccio due cose. Una \u00e8 quella di guardare gli uccelli della zona, delle cui complesse dinamiche sociali sono diventato esperto: ma questa \u00e8 un&#8217;altra storia e sar\u00e0 raccontata un&#8217;altra volta. E l&#8217;altra cosa che faccio \u00e8 ascoltare <em>podcast<\/em>, ma questo richiede qualche parola di spiegazione aggiuntiva.<\/p>\n\n\n\n<p>Gi\u00e0 da prima di rinunciare alla macchina guidavo poco e mi sentivo un po&#8217; orfano della radio: non tanto perch\u00e9 a casa nostra la radio non sia accesa praticamente in permanenza, ma perch\u00e9 l&#8217;ascolto alla guida, con il cambio di stazione a portata di mano, ha una dimensione di scoperta casuale che l&#8217;ascolto domestico non ha e io mi sento un pochino portato alla serendipit\u00e0 (come dimostrano le <a href=\"http:\/\/www.robertosedda.it\/?p=18338\" data-type=\"post\" data-id=\"18338\"><em>playlist <\/em>di <em>Spotify<\/em><\/a><em> <\/em>o il benemerito aggregatore di notizie). In pi\u00f9 \u00e8 un&#8217;attivit\u00e0 che di solito impiega solo met\u00e0 del cervello, quindi adattissima per gli scopi per i quali volevo mettermi a camminare. In realt\u00e0 proprio stamattina, mentre pensavo a questo articolo da scrivere, mi sono reso conto che probabilmente c&#8217;era anche in motivo esattamente opposto: a me camminare piace, ma a camminare si fa anche fatica e magari inconsciamente cercavo qualcosa che mi aiutasse ad attraversare il deserto: ti perdi nell&#8217;ascolto di chiss\u00e0 chi e <em>voil\u00e0<\/em>, l&#8217;oretta di marcia \u00e8 gi\u00e0 passata.  <\/p>\n\n\n\n<p>E poi mi sembrava di percepire che nel mondo dei <em>podcast <\/em>ci fossero delle cose interessanti, che volevo approfondire. Gi\u00e0 durante il <em>lockdown<\/em> avevo fatto degli esperimenti con quello che poi sarebbe diventato il <em>podcast<\/em> di riferimento, ma a settembre ho deciso di aver eun approccio pi\u00f9 razionale e ho fatto la classica ricerchina su quei siti <em>web<\/em> con titoli tipo <em>Dieci podcast che non potete assolutamente perdere<\/em>, ho esplorato quali fossero le piattaforme e mi sono fatto un mio primo mazzo di ascolti possibili. Man mano ho aggiunto delle cose e ne ho eliminato altre. Pochi giorni fa su <em>Facebook<\/em> un&#8217;amica ha chiesto consigli di ascolto, io ho risposto un po&#8217; a casaccio ma l&#8217;argomento mi \u00e8 rimasto in mente e adesso lo ripropongo in maniera un po&#8217; pi\u00f9 sistematica, con l&#8217;idea che possa essere utile ad altri. <\/p>\n\n\n\n<p>Ho cercato di raccoglierli in gruppi; ci sono <em>podcast<\/em> sia in italiano che in inglese; io ascolto la maggior parte delle cose su <em>Spotify<\/em>, ho sul telefono l&#8217;applicazione di <em>RaiPlay<\/em> e uso un minimo anche <em>Audible<\/em> e <em>Spreaker: <\/em>in generale, comunque, la maggior parte dei vari <em>podcast<\/em> \u00e8 presente su diverse piattaforme alternative. Con alcune (sorprendenti?) eccezioni buona parte della selezione comprende cose un po&#8217; da <em>boomer <\/em>oppure un po&#8217; da <em>nerd<\/em>, qualunque cose questi due termini vogliano dire (nel complesso, l&#8217;insieme dei <em>podcast<\/em> \u00e8 <em>un po&#8217; molto da Roberto Sedda<\/em>, ma questo era ovvio ai bene informati).<\/p>\n\n\n\n<h3>Il <em>podcast<\/em> di riferimento \u00e8&#8230;<\/h3>\n\n\n\n<div class=\"wp-block-image\"><figure class=\"alignright size-full is-resized\"><img data-attachment-id=\"18750\" data-permalink=\"http:\/\/www.robertosedda.it\/?attachment_id=18750\" data-orig-file=\"https:\/\/i0.wp.com\/www.robertosedda.it\/wp-content\/uploads\/2021\/05\/La-riserva.jpg?fit=494%2C879\" data-orig-size=\"494,879\" data-comments-opened=\"1\" data-image-meta=\"{&quot;aperture&quot;:&quot;0&quot;,&quot;credit&quot;:&quot;&quot;,&quot;camera&quot;:&quot;&quot;,&quot;caption&quot;:&quot;&quot;,&quot;created_timestamp&quot;:&quot;0&quot;,&quot;copyright&quot;:&quot;&quot;,&quot;focal_length&quot;:&quot;0&quot;,&quot;iso&quot;:&quot;0&quot;,&quot;shutter_speed&quot;:&quot;0&quot;,&quot;title&quot;:&quot;&quot;,&quot;orientation&quot;:&quot;0&quot;}\" data-image-title=\"La-riserva\" data-image-description=\"\" data-image-caption=\"\" data-medium-file=\"https:\/\/i0.wp.com\/www.robertosedda.it\/wp-content\/uploads\/2021\/05\/La-riserva.jpg?fit=169%2C300\" data-large-file=\"https:\/\/i0.wp.com\/www.robertosedda.it\/wp-content\/uploads\/2021\/05\/La-riserva.jpg?fit=494%2C879\" decoding=\"async\" loading=\"lazy\" src=\"https:\/\/i0.wp.com\/www.robertosedda.it\/wp-content\/uploads\/2021\/05\/La-riserva.jpg?resize=247%2C440\" alt=\"\" class=\"wp-image-18750\" width=\"247\" height=\"440\" srcset=\"https:\/\/i0.wp.com\/www.robertosedda.it\/wp-content\/uploads\/2021\/05\/La-riserva.jpg?w=494 494w, https:\/\/i0.wp.com\/www.robertosedda.it\/wp-content\/uploads\/2021\/05\/La-riserva.jpg?resize=169%2C300 169w, https:\/\/i0.wp.com\/www.robertosedda.it\/wp-content\/uploads\/2021\/05\/La-riserva.jpg?resize=84%2C150 84w\" sizes=\"(max-width: 247px) 100vw, 247px\" data-recalc-dims=\"1\" \/><\/figure><\/div>\n\n\n\n<h4><em>La Riserva<\/em><\/h4>\n\n\n\n<p>Fin da quando ho iniziato a camminare ho deciso che mi sarei fatto fare compagnia da <em>L<\/em>a <em>Riserva<\/em>, \u00abvariet\u00e0 calcistico\u00bb con Simone Conte, Daniele Manusia e Emanuele Atturo, che gi\u00e0 mi aveva tenuto di buonumore durante il primo <em>lockdown<\/em>. <em>La Riserva<\/em> \u00e8, sostanzialmente, il primo e pi\u00f9 importante <em>podcast<\/em> derivato dall&#8217;esperienza dell&#8217;ottimo <em>L&#8217;Ultimo Uomo<\/em> (e a me leggere e sentire parlare di sport <a href=\"http:\/\/www.robertosedda.it\/?p=7648\" data-type=\"post\" data-id=\"7648\">piace<\/a>). Pu\u00f2 darsi che dietro la scelta ci fosse anche un pizzico di civetteria (tutto le volte che lo racconto c&#8217;\u00e8 qualcuno che dice: \u00abNoooo, il <em>calcio<\/em>?!?! Ma daiiii&#8230;\u00bb, e io, sentendomi fighissimo, \u00abMa no, guarda, bisogna respingere questo falso concetto di cultura alta&#8230;\u00bb), ma in realt\u00e0 quello che apprezzo di pi\u00f9 de <em>La Riserva<\/em> \u00e8 che si tratta dei migliori notisti politico-sociali che io abbia a disposizione e, direi, fra i migliori in Italia. Certo, non \u00e8 sempre intenzionale, e sono soprattutto squarci improvvisi dentro cose delle quali ogni tanto non mi interessa niente, per\u00f2 ci sono e sono sempre letture della realt\u00e0 con le quali mi sento in totale sintonia (avrei perfino detto che <em>La Riserva<\/em> mi serve a tenermi in contatto col <em>paese reale<\/em>, se durante l&#8217;ultima puntata Conte, Manusia e Atturo non avessero, giustamente, sbeffeggiato l&#8217;espressione). <\/p>\n\n\n\n<p>Nel frattempo ho imparato un sacco di cose sulla costruzione dal basso, il calcio moderno, l&#8217;andamento dei principali campionati stranieri e l&#8217;assetto societario del Barcellona, e questo amplia di molto la mia conversazione in societ\u00e0.<\/p>\n\n\n\n<p>Parentesi. Nel suo manuale di sceneggiatura <em>The whole picture<\/em>, Richard Walter nel 1977 descriveva il suo approccio alla gestione delle fasi introduttive delle riunioni di lavoro, nel suo caso frequentate soprattutto da maschi: <\/p>\n\n\n\n<blockquote class=\"wp-block-quote\"><p>L&#8217;ignoranza in campo sportivo, naturalmente, pu\u00f2 dimostrarsi una debolezza non da poco per lo sceneggiatore maschio. Nel mondo dello spettacolo molte riunioni si aprono facendo quattro chiacchiere. Ma il sottotesto &#8211; la vera sostanza di queste conversazioni &#8211; non ha niente a che fare con il <em>football <\/em> americano o la pallacanestro. Si tratta invece della primordiale, cerimoniale rassicurazione che noi uomini non abbiamo intenzione di sbudellarci a vicenda. Si tratta dello stesso motivo, secondo gli antropologi, per il quale gli uomini si stringono la mano: per dimostrare che non impugnano nessuna arma. <\/p><p>Ci\u00f2 che conta in una conversazione fra uomini, di conseguenza, non \u00e8 l&#8217;argomento ma il ritmo, la cadenza, il crescere o il calare del tono, i gesti e le posture, lo schivare e il ripartire, impettirsi o cinguettare. In breve: \u00e8 un rituale. Fortunatamente per me sono riuscito a scoprire ben presto che non c&#8217;\u00e8 bisogno di sapere qualcosa di sport per sembrare informati.<\/p><p>Quando incontro degli uomini con cui devo discutere d&#8217;affari io di solito uso una generica mossa d&#8217;apertura ariosa e scanzonata: \u00abChe mi dici della partita?\u00bb.<\/p><p>La mia controparte &#8211; agente, produttore, dirigente &#8211; non viene mai a vedere il mio <em>bluff<\/em>. Non mi chiede mai esattamente a quale partita sto facendo riferimento. Non mi chiede mai di specificare esattamente lo sport. Farlo vorrebbe dire dichiarare la sua ignoranza. Non sapendo se parlo di hockey, pallacanestro, ping-pong o rugby, invariabilmente mi risponde esprimendo un consenso gutturale e vigoroso: \u00ab<em>Yeah<\/em>! \u00c8 stata davvero <em>qualcosa<\/em>!\u00bb.<\/p><p>A questo punto uno di solito potrebbe smetterla e dedicarsi al vero scopo della riunione, qualunque sia. Ma dopo anni di questo mantra devo ammettere di essere diventato presuntuoso. Invece di passare alle cose serie, di solito propongo qualcosa del genere: \u00abMa ci credi a cosa ha fatto quello l\u00ec?!\u00bb.<\/p><p>Invece di chiedere: \u00abCredere <em>che cosa<\/em> a proposito di <em>chi<\/em>?\u00bb, la mia controparte maschile scuoter\u00e0 la testa con l&#8217;aria di chi la sa lunga e dir\u00e0 qualcosa come: \u00abMa come fa a riuscirci?!\u00bb.<\/p><\/blockquote>\n\n\n\n<p>Ecco, io non ho pi\u00f9 bisogno di questi trucchetti. Io ne so.<\/p>\n\n\n\n<p>Un&#8217;ultima nota: i tre autori de <em>La Riserva<\/em> sono tutti e tre uomini e il punto di vista della trasmissione \u00e8 molto maschile. Non sessista (direi tutt&#8217;altro), ma molto, molto maschile. Ed \u00e8 un altro elemento del quale trovo ci sia bisogno: del punto di vista e del capire la differenza. <\/p>\n\n\n\n<div class=\"wp-block-image\"><figure class=\"alignleft size-full is-resized\"><img data-attachment-id=\"18759\" data-permalink=\"http:\/\/www.robertosedda.it\/?attachment_id=18759\" data-orig-file=\"https:\/\/i0.wp.com\/www.robertosedda.it\/wp-content\/uploads\/2021\/06\/Trame.jpg?fit=534%2C950\" data-orig-size=\"534,950\" data-comments-opened=\"1\" data-image-meta=\"{&quot;aperture&quot;:&quot;0&quot;,&quot;credit&quot;:&quot;&quot;,&quot;camera&quot;:&quot;&quot;,&quot;caption&quot;:&quot;&quot;,&quot;created_timestamp&quot;:&quot;0&quot;,&quot;copyright&quot;:&quot;&quot;,&quot;focal_length&quot;:&quot;0&quot;,&quot;iso&quot;:&quot;0&quot;,&quot;shutter_speed&quot;:&quot;0&quot;,&quot;title&quot;:&quot;&quot;,&quot;orientation&quot;:&quot;0&quot;}\" data-image-title=\"Trame\" data-image-description=\"\" data-image-caption=\"\" data-medium-file=\"https:\/\/i0.wp.com\/www.robertosedda.it\/wp-content\/uploads\/2021\/06\/Trame.jpg?fit=169%2C300\" data-large-file=\"https:\/\/i0.wp.com\/www.robertosedda.it\/wp-content\/uploads\/2021\/06\/Trame.jpg?fit=510%2C907\" decoding=\"async\" loading=\"lazy\" src=\"https:\/\/i0.wp.com\/www.robertosedda.it\/wp-content\/uploads\/2021\/06\/Trame.jpg?resize=267%2C475\" alt=\"\" class=\"wp-image-18759\" width=\"267\" height=\"475\" srcset=\"https:\/\/i0.wp.com\/www.robertosedda.it\/wp-content\/uploads\/2021\/06\/Trame.jpg?w=534 534w, https:\/\/i0.wp.com\/www.robertosedda.it\/wp-content\/uploads\/2021\/06\/Trame.jpg?resize=169%2C300 169w, https:\/\/i0.wp.com\/www.robertosedda.it\/wp-content\/uploads\/2021\/06\/Trame.jpg?resize=510%2C907 510w, https:\/\/i0.wp.com\/www.robertosedda.it\/wp-content\/uploads\/2021\/06\/Trame.jpg?resize=84%2C150 84w\" sizes=\"(max-width: 267px) 100vw, 267px\" data-recalc-dims=\"1\" \/><\/figure><\/div>\n\n\n\n<h4><em>Trame<\/em><\/h4>\n\n\n\n<p>Dopo <em>La Riserva<\/em> ho provato a esplorare gli altri vari <em>podcast<\/em> di <em>Fenomeno<\/em> (non mi sarebbe dispiaciuto accoppiare il <em>basket<\/em> al calcio, e magari perfino il tennis), ma devo dire non mi sono trovato particolarmente bene, tranne per <em>Trame<\/em>, che si occupa delle ricadute politico-diplomatiche dello sport a livello internazionale. <\/p>\n\n\n\n<p>Sono puntate generalmente pi\u00f9 brevi e quindi pi\u00f9 maneggevoli di quelle de <em>La Riserva<\/em>, ma anche di interesse pi\u00f9 altalenante, almeno per me. O meglio, alcune cose sono abbastanza fuori tema, come la puntata sulla geopolitica di <em>Game of Thrones<\/em> o quella sulla contesa per i casin\u00f2 di Macao fra USA e Stati Uniti. Altre puntate sono molto pi\u00f9 in tema e hanno anche una impostazione etica apprezzabile, come quella sul riconoscimento del genocidio armeno, a partire dalla vicenda del giocatore della Roma Mkhitaryan, la persecuzione degli uiguri in Cina e il caso del calciatore Erfan Hezim o i <em>gamers for Hong Kong<\/em> nel campo dei <em>videogame<\/em>.<\/p>\n\n\n\n<p>Altre puntate valide sono quelli con argomenti che ci si aspetta da un <em>podcast<\/em> che parla di sport e politica: Trump e Bolsonaro, per esempio, allo sport devono moltissimo. Ma gli aspetti pi\u00f9 interessanti, e di solito meno considerati, sono quelli che riguardano la diplomazia parallela sviluppata attraverso lo sport: come Gianni Infantino usi il suo ruolo di Presidente della FIFA per trattare da pari a pari con i vari capi di Stato, o come il Kosovo abbia usato la nazionale di calcio per garantirsi il riconoscimento della propria identit\u00e0 statuale oppure, per andare al passato, come il Regno Unito abbia usato <em>rugby, cricket<\/em> e altri sport <em>imperiali<\/em> per cementare l&#8217;identit\u00e0 collettiva delle nazioni della propria sfera d&#8217;influenza, prima nell&#8217;Impero e poi nel Commonwealth.<\/p>\n\n\n\n<h2>Storia e altra cultura<\/h2>\n\n\n\n<div class=\"wp-block-image\"><figure class=\"alignright size-full is-resized\"><img data-attachment-id=\"18767\" data-permalink=\"http:\/\/www.robertosedda.it\/?attachment_id=18767\" data-orig-file=\"https:\/\/i0.wp.com\/www.robertosedda.it\/wp-content\/uploads\/2021\/06\/Barbero1.jpg?fit=374%2C665\" data-orig-size=\"374,665\" data-comments-opened=\"1\" data-image-meta=\"{&quot;aperture&quot;:&quot;0&quot;,&quot;credit&quot;:&quot;&quot;,&quot;camera&quot;:&quot;&quot;,&quot;caption&quot;:&quot;&quot;,&quot;created_timestamp&quot;:&quot;0&quot;,&quot;copyright&quot;:&quot;&quot;,&quot;focal_length&quot;:&quot;0&quot;,&quot;iso&quot;:&quot;0&quot;,&quot;shutter_speed&quot;:&quot;0&quot;,&quot;title&quot;:&quot;&quot;,&quot;orientation&quot;:&quot;0&quot;}\" data-image-title=\"Barbero1\" data-image-description=\"\" data-image-caption=\"\" data-medium-file=\"https:\/\/i0.wp.com\/www.robertosedda.it\/wp-content\/uploads\/2021\/06\/Barbero1.jpg?fit=169%2C300\" data-large-file=\"https:\/\/i0.wp.com\/www.robertosedda.it\/wp-content\/uploads\/2021\/06\/Barbero1.jpg?fit=374%2C665\" decoding=\"async\" loading=\"lazy\" src=\"https:\/\/i0.wp.com\/www.robertosedda.it\/wp-content\/uploads\/2021\/06\/Barbero1.jpg?resize=281%2C499\" alt=\"\" class=\"wp-image-18767\" width=\"281\" height=\"499\" srcset=\"https:\/\/i0.wp.com\/www.robertosedda.it\/wp-content\/uploads\/2021\/06\/Barbero1.jpg?w=374 374w, https:\/\/i0.wp.com\/www.robertosedda.it\/wp-content\/uploads\/2021\/06\/Barbero1.jpg?resize=169%2C300 169w, https:\/\/i0.wp.com\/www.robertosedda.it\/wp-content\/uploads\/2021\/06\/Barbero1.jpg?resize=84%2C150 84w\" sizes=\"(max-width: 281px) 100vw, 281px\" data-recalc-dims=\"1\" \/><\/figure><\/div>\n\n\n\n<h4>Barbero in tutte le salse<\/h4>\n\n\n\n<p>L&#8217;altro elemento ricorrente dei miei ascolti sono le conferenze a tema storico di Alessandro Barbero (che fra l&#8217;altro \u00e8 anche uno degli ascolti preferiti di Simone Conte de <em>La Riserva<\/em>, il che crea un <em>loop<\/em> interessante). <\/p>\n\n\n\n<p>Barbero \u00e8 infallibilmente garbato, spiritoso e molto preparato, quindi sempre piacevole da ascoltare. La raccolta che uso io (la vedete qui a destra) prende le mosse dal gran numero di lezioni tenute negli anni al <em>Festival della Mente<\/em> di Sarzana (con tutta una serie di aggiunte ulteriori alla fine sono pi\u00f9 di centotrenta puntate) e ha un po&#8217; il difetto che l&#8217;impostazione delle lezioni tende a privilegiare la scelta di un singolo episodio, spesso una battaglia o comunque un episodio bellico. \u00c8 una scelta che aumenta la godibilit\u00e0 immediata e esalta il tono da commedia umana che \u00e8 pi\u00f9 nelle corde di Barbero, ma rende pi\u00f9 difficile la possibilit\u00e0 di rendere in pieno il periodo o lo scenario, col rischio di qualche inevitabile semplificazione &#8211; del resto, stiamo parlando di lezioni di un&#8217;ora, non di tomi di mille pagine.<\/p>\n\n\n\n<p>Su <em>Spotify<\/em> si trovano con facilit\u00e0 un altro paio di raccolte, in cui gli argomenti sono spesso pi\u00f9 trasversali ma che sono meno complete e quindi offrono molta meno scelta. Fra tutte, ovviamente, le ripetizioni e le sovrapposizioni abbondano.<\/p>\n\n\n\n<div class=\"wp-block-image\"><figure class=\"alignleft size-full is-resized\"><img data-attachment-id=\"18795\" data-permalink=\"http:\/\/www.robertosedda.it\/?attachment_id=18795\" data-orig-file=\"https:\/\/i0.wp.com\/www.robertosedda.it\/wp-content\/uploads\/2021\/06\/Screenshot_20210529_140137_com.spotify.music_.jpg?fit=1080%2C1920\" data-orig-size=\"1080,1920\" data-comments-opened=\"1\" data-image-meta=\"{&quot;aperture&quot;:&quot;0&quot;,&quot;credit&quot;:&quot;&quot;,&quot;camera&quot;:&quot;STF-L09&quot;,&quot;caption&quot;:&quot;&quot;,&quot;created_timestamp&quot;:&quot;1622296898&quot;,&quot;copyright&quot;:&quot;&quot;,&quot;focal_length&quot;:&quot;0&quot;,&quot;iso&quot;:&quot;0&quot;,&quot;shutter_speed&quot;:&quot;0&quot;,&quot;title&quot;:&quot;&quot;,&quot;orientation&quot;:&quot;0&quot;}\" data-image-title=\"Screenshot_20210529_140137_com.spotify.music_\" data-image-description=\"\" data-image-caption=\"\" data-medium-file=\"https:\/\/i0.wp.com\/www.robertosedda.it\/wp-content\/uploads\/2021\/06\/Screenshot_20210529_140137_com.spotify.music_.jpg?fit=169%2C300\" data-large-file=\"https:\/\/i0.wp.com\/www.robertosedda.it\/wp-content\/uploads\/2021\/06\/Screenshot_20210529_140137_com.spotify.music_.jpg?fit=510%2C907\" decoding=\"async\" loading=\"lazy\" src=\"https:\/\/i0.wp.com\/www.robertosedda.it\/wp-content\/uploads\/2021\/06\/Screenshot_20210529_140137_com.spotify.music_.jpg?resize=270%2C480\" alt=\"\" class=\"wp-image-18795\" width=\"270\" height=\"480\" srcset=\"https:\/\/i0.wp.com\/www.robertosedda.it\/wp-content\/uploads\/2021\/06\/Screenshot_20210529_140137_com.spotify.music_.jpg?w=1080 1080w, https:\/\/i0.wp.com\/www.robertosedda.it\/wp-content\/uploads\/2021\/06\/Screenshot_20210529_140137_com.spotify.music_.jpg?resize=169%2C300 169w, https:\/\/i0.wp.com\/www.robertosedda.it\/wp-content\/uploads\/2021\/06\/Screenshot_20210529_140137_com.spotify.music_.jpg?resize=510%2C907 510w, https:\/\/i0.wp.com\/www.robertosedda.it\/wp-content\/uploads\/2021\/06\/Screenshot_20210529_140137_com.spotify.music_.jpg?resize=84%2C150 84w, https:\/\/i0.wp.com\/www.robertosedda.it\/wp-content\/uploads\/2021\/06\/Screenshot_20210529_140137_com.spotify.music_.jpg?resize=864%2C1536 864w\" sizes=\"(max-width: 270px) 100vw, 270px\" data-recalc-dims=\"1\" \/><\/figure><\/div>\n\n\n\n<h4><em>You&#8217;re Dead to Me<\/em><\/h4>\n\n\n\n<p>Fra i miei ascolti ci sono un po&#8217; di cose della <em>BBC<\/em>, benemerita, soprattutto perch\u00e9 i suoi <em>speaker<\/em> col birignao sono molto pi\u00f9 comprensibili per il povero ascoltatore non madrelingua di scarse capacit\u00e0 come me.<\/p>\n\n\n\n<p><em>You&#8217;re Dead to Me<\/em> vorrebbe dire pi\u00f9: \u00abTu per me sei morto\u00bb nel senso dell&#8217;invettiva, ma qui, trattandosi di un programma di divulgazione storica, \u00e8 pi\u00f9 che altro una constatazione: dopotutto Boudicca, Lucrezia Borgia o i Padri Pellegrini attualmente non godono particolarmente di buona salute.<\/p>\n\n\n\n<p>La formula del <em>podcast<\/em> prevede un conduttore fisso, Greg Jenner, figura centrale dei programmi di divulgazione storica della <em>BBC<\/em>. A lui si uniscono di volta in volta docenti di storia, a seconda dell&#8217;argomento trattato, e artisti comici. Devo dire che, all&#8217;ascolto, non mi \u00e8 sempre chiaro chi sia chi: il che probabilmente vuol dire qualcosa sull&#8217;ironia innata dei docenti inglesi, o sui buoni studi dei comici, o viceversa sul carattere sedato dell&#8217;arte comica inglese.<\/p>\n\n\n\n<p>Comunque.<\/p>\n\n\n\n<p>Le puntate sono brevi, maneggevoli e, oh, quanto efficaci: fanno perfino in tempo a suggerire letture o a raccontare dell&#8217;inaugurazione di mostre o altre iniziative culturali. Il tono \u00e8 un po&#8217; quello di voler sfatare le precomprensioni sull&#8217;argomento scelto per la puntata e dare le basi per una migliore comprensione; io apprezzo particolarmente l&#8217;ampio spettro degli argomenti trattati, che spaziano da un tempo e da un continente all&#8217;altro.<\/p>\n\n\n\n<div class=\"wp-block-image\"><figure class=\"alignright size-full is-resized\"><img data-attachment-id=\"18793\" data-permalink=\"http:\/\/www.robertosedda.it\/?attachment_id=18793\" data-orig-file=\"https:\/\/i0.wp.com\/www.robertosedda.it\/wp-content\/uploads\/2021\/06\/Screenshot_20210529_135840_com.spotify.music_.jpg?fit=1080%2C1920\" data-orig-size=\"1080,1920\" data-comments-opened=\"1\" data-image-meta=\"{&quot;aperture&quot;:&quot;0&quot;,&quot;credit&quot;:&quot;&quot;,&quot;camera&quot;:&quot;STF-L09&quot;,&quot;caption&quot;:&quot;&quot;,&quot;created_timestamp&quot;:&quot;1622296720&quot;,&quot;copyright&quot;:&quot;&quot;,&quot;focal_length&quot;:&quot;0&quot;,&quot;iso&quot;:&quot;0&quot;,&quot;shutter_speed&quot;:&quot;0&quot;,&quot;title&quot;:&quot;&quot;,&quot;orientation&quot;:&quot;0&quot;}\" data-image-title=\"Screenshot_20210529_135840_com.spotify.music_\" data-image-description=\"\" data-image-caption=\"\" data-medium-file=\"https:\/\/i0.wp.com\/www.robertosedda.it\/wp-content\/uploads\/2021\/06\/Screenshot_20210529_135840_com.spotify.music_.jpg?fit=169%2C300\" data-large-file=\"https:\/\/i0.wp.com\/www.robertosedda.it\/wp-content\/uploads\/2021\/06\/Screenshot_20210529_135840_com.spotify.music_.jpg?fit=510%2C907\" decoding=\"async\" loading=\"lazy\" src=\"https:\/\/i0.wp.com\/www.robertosedda.it\/wp-content\/uploads\/2021\/06\/Screenshot_20210529_135840_com.spotify.music_.jpg?resize=270%2C480\" alt=\"\" class=\"wp-image-18793\" width=\"270\" height=\"480\" srcset=\"https:\/\/i0.wp.com\/www.robertosedda.it\/wp-content\/uploads\/2021\/06\/Screenshot_20210529_135840_com.spotify.music_.jpg?w=1080 1080w, https:\/\/i0.wp.com\/www.robertosedda.it\/wp-content\/uploads\/2021\/06\/Screenshot_20210529_135840_com.spotify.music_.jpg?resize=169%2C300 169w, https:\/\/i0.wp.com\/www.robertosedda.it\/wp-content\/uploads\/2021\/06\/Screenshot_20210529_135840_com.spotify.music_.jpg?resize=510%2C907 510w, https:\/\/i0.wp.com\/www.robertosedda.it\/wp-content\/uploads\/2021\/06\/Screenshot_20210529_135840_com.spotify.music_.jpg?resize=84%2C150 84w, https:\/\/i0.wp.com\/www.robertosedda.it\/wp-content\/uploads\/2021\/06\/Screenshot_20210529_135840_com.spotify.music_.jpg?resize=864%2C1536 864w\" sizes=\"(max-width: 270px) 100vw, 270px\" data-recalc-dims=\"1\" \/><\/figure><\/div>\n\n\n\n<h4><em>The Food Programme<\/em><\/h4>\n\n\n\n<p>Un altro bel programma della <em>BBC<\/em> \u00e8 questo <em>The Food Programme<\/em> &#8211; una serie di puntate dedicate al cibo sotto ogni punto di vista, condotte di volta in volta da giornalisti diversi &#8211; rientra fra gli ottimi programmi di divulgazione scientifica (in senso lato: c&#8217;\u00e8 molta attualit\u00e0 a 360\u00b0 e un po&#8217; di storia) cos\u00ec diffusi in ambito anglosassone, e come tale non delude mai: le puntate sono relativamente brevi e maneggevoli e sempre condotte con estrema professionalit\u00e0.<\/p>\n\n\n\n<p>Mi rendo conto che le caratteristiche che ho elencato &#8211; dizione perfetta, professionalit\u00e0, divulgazione scientifica di qualit\u00e0, vago intento pedagogico, <em>humour<\/em> inglese &#8211; possono non sembrare particolarmente attraenti o perlomeno evocare l&#8217;idea della merenda dalla nonna a uno che fosse in cerca di alcool e <em>streetfood<\/em>, per rimanere dentro le metafore culinarie, ma per me questo <em>mix<\/em> \u00e8 del tutto irresistibile e trovo oltretutto la scelta degli argomenti assolutamente infallibile (<em>parliamo della cerimonia del the<\/em> \u00e8 un tipo di argomento che pu\u00f2 essere considerato tradizionale, <em>come fanno le universit\u00e0 a gestire le mense durante la pandemia?<\/em> o <em>cosa mangiano gli operatori durante le lunghe campagne elettorali americane<\/em> lo sono molto meno). In realt\u00e0 <em>The Food Programme<\/em> non \u00e8 un programma non \u00e8 propriamente un programma di divulgazione scientifica: \u00e8 un programma giornalistico di intrattenimento fatto con rigore e dentro una impostazione di amore per la cultura, e direi che \u00e8 sufficiente.<\/p>\n\n\n\n<div class=\"wp-block-image\"><figure class=\"alignleft size-full is-resized\"><img data-attachment-id=\"18771\" data-permalink=\"http:\/\/www.robertosedda.it\/?attachment_id=18771\" data-orig-file=\"https:\/\/i0.wp.com\/www.robertosedda.it\/wp-content\/uploads\/2021\/06\/Attiviamo-energie-positive.jpg?fit=374%2C665\" data-orig-size=\"374,665\" data-comments-opened=\"1\" data-image-meta=\"{&quot;aperture&quot;:&quot;0&quot;,&quot;credit&quot;:&quot;&quot;,&quot;camera&quot;:&quot;&quot;,&quot;caption&quot;:&quot;&quot;,&quot;created_timestamp&quot;:&quot;0&quot;,&quot;copyright&quot;:&quot;&quot;,&quot;focal_length&quot;:&quot;0&quot;,&quot;iso&quot;:&quot;0&quot;,&quot;shutter_speed&quot;:&quot;0&quot;,&quot;title&quot;:&quot;&quot;,&quot;orientation&quot;:&quot;0&quot;}\" data-image-title=\"Attiviamo-energie-positive\" data-image-description=\"\" data-image-caption=\"\" data-medium-file=\"https:\/\/i0.wp.com\/www.robertosedda.it\/wp-content\/uploads\/2021\/06\/Attiviamo-energie-positive.jpg?fit=169%2C300\" data-large-file=\"https:\/\/i0.wp.com\/www.robertosedda.it\/wp-content\/uploads\/2021\/06\/Attiviamo-energie-positive.jpg?fit=374%2C665\" decoding=\"async\" loading=\"lazy\" src=\"https:\/\/i0.wp.com\/www.robertosedda.it\/wp-content\/uploads\/2021\/06\/Attiviamo-energie-positive.jpg?resize=281%2C499\" alt=\"\" class=\"wp-image-18771\" width=\"281\" height=\"499\" srcset=\"https:\/\/i0.wp.com\/www.robertosedda.it\/wp-content\/uploads\/2021\/06\/Attiviamo-energie-positive.jpg?w=374 374w, https:\/\/i0.wp.com\/www.robertosedda.it\/wp-content\/uploads\/2021\/06\/Attiviamo-energie-positive.jpg?resize=169%2C300 169w, https:\/\/i0.wp.com\/www.robertosedda.it\/wp-content\/uploads\/2021\/06\/Attiviamo-energie-positive.jpg?resize=84%2C150 84w\" sizes=\"(max-width: 281px) 100vw, 281px\" data-recalc-dims=\"1\" \/><\/figure><\/div>\n\n\n\n<h4><em>Attiviamo Energie Positive<\/em><\/h4>\n\n\n\n<p>In questa parte dell&#8217;articolo a cui ho dato il titolo di <em>Storia e altra cultura<\/em> il <em>podcast<\/em> di <em>Attiviamo Energie Positive<\/em> pu\u00f2 sembrare una presenza non del tutto appropriata e, in un certo senso, \u00e8 vero che si tratta di cultura <em>applicata<\/em>: il punto di riferimento \u00e8 sempre la finanza etica, l&#8217;economia sociale, l&#8217;innovazione tecnologica e, in generale, i progetti promossi dalla piattaforma di <em>crowfunding<\/em> di <em>Produzioni dal Basso<\/em> o le varie realt\u00e0 che girano intorno a <em>PdB<\/em> e agli altri promotori del <em>podcast<\/em>. E, in fondo, non \u00e8 neanche esattamente un <em>podcast<\/em>: si tratta di lezioni o conferenze trasmesse in <em>streaming<\/em> di cui questa \u00e8 la sola parte audio (del tutto sufficiente, peraltro).<\/p>\n\n\n\n<p>D&#8217;altra parte avrebbe un&#8217;idea abbastanza misera di cultura chi ritenesse che queste tematiche siano, in qualche modo, meno <em>degne <\/em>dell&#8217;insegnamento della storia o della letteratura, e il <em>mix<\/em> di argomenti offerto dal <em>podcast<\/em> (e nel <a href=\"https:\/\/www.attiviamoenergiepositive.it\/\">sito di riferimento<\/a> ci sono sempre le <em>slide<\/em> e gli altri materiali delle lezioni offerte) \u00e8 sufficientemente variegato da offrire diversi motivi di interesse. <\/p>\n\n\n\n<p>Detto in un altro modo: io tengo <em>Attiviamo Energie Positive<\/em> fra i miei <em>podcast<\/em> (anche) per motivi d&#8217;ufficio. Ma se non avessi quei motivi probabilmente il <em>parterre<\/em> dei relatori (uno degli ultimi a fare la sua comparsa <a href=\"http:\/\/www.robertosedda.it\/?s=diegoli\">Gianluca Diegoli<\/a>) mi avrebbe probabilmente attratto inevitabilmente lo stesso.<\/p>\n\n\n\n<div class=\"wp-block-image\"><figure class=\"alignright size-full is-resized\"><img data-attachment-id=\"18797\" data-permalink=\"http:\/\/www.robertosedda.it\/?attachment_id=18797\" data-orig-file=\"https:\/\/i0.wp.com\/www.robertosedda.it\/wp-content\/uploads\/2021\/06\/Screenshot_20210529_132311_com.spotify.music_.jpg?fit=1080%2C1920\" data-orig-size=\"1080,1920\" data-comments-opened=\"1\" data-image-meta=\"{&quot;aperture&quot;:&quot;0&quot;,&quot;credit&quot;:&quot;&quot;,&quot;camera&quot;:&quot;STF-L09&quot;,&quot;caption&quot;:&quot;&quot;,&quot;created_timestamp&quot;:&quot;1622294591&quot;,&quot;copyright&quot;:&quot;&quot;,&quot;focal_length&quot;:&quot;0&quot;,&quot;iso&quot;:&quot;0&quot;,&quot;shutter_speed&quot;:&quot;0&quot;,&quot;title&quot;:&quot;&quot;,&quot;orientation&quot;:&quot;0&quot;}\" data-image-title=\"Screenshot_20210529_132311_com.spotify.music_\" data-image-description=\"\" data-image-caption=\"\" data-medium-file=\"https:\/\/i0.wp.com\/www.robertosedda.it\/wp-content\/uploads\/2021\/06\/Screenshot_20210529_132311_com.spotify.music_.jpg?fit=169%2C300\" data-large-file=\"https:\/\/i0.wp.com\/www.robertosedda.it\/wp-content\/uploads\/2021\/06\/Screenshot_20210529_132311_com.spotify.music_.jpg?fit=510%2C907\" decoding=\"async\" loading=\"lazy\" src=\"https:\/\/i0.wp.com\/www.robertosedda.it\/wp-content\/uploads\/2021\/06\/Screenshot_20210529_132311_com.spotify.music_.jpg?resize=270%2C480\" alt=\"\" class=\"wp-image-18797\" width=\"270\" height=\"480\" srcset=\"https:\/\/i0.wp.com\/www.robertosedda.it\/wp-content\/uploads\/2021\/06\/Screenshot_20210529_132311_com.spotify.music_.jpg?w=1080 1080w, https:\/\/i0.wp.com\/www.robertosedda.it\/wp-content\/uploads\/2021\/06\/Screenshot_20210529_132311_com.spotify.music_.jpg?resize=169%2C300 169w, https:\/\/i0.wp.com\/www.robertosedda.it\/wp-content\/uploads\/2021\/06\/Screenshot_20210529_132311_com.spotify.music_.jpg?resize=510%2C907 510w, https:\/\/i0.wp.com\/www.robertosedda.it\/wp-content\/uploads\/2021\/06\/Screenshot_20210529_132311_com.spotify.music_.jpg?resize=84%2C150 84w, https:\/\/i0.wp.com\/www.robertosedda.it\/wp-content\/uploads\/2021\/06\/Screenshot_20210529_132311_com.spotify.music_.jpg?resize=864%2C1536 864w\" sizes=\"(max-width: 270px) 100vw, 270px\" data-recalc-dims=\"1\" \/><\/figure><\/div>\n\n\n\n<h4><em>Copertina<\/em><\/h4>\n\n\n\n<p>Seguo con una certa attenzione Matteo B. Bianchi dai tempi di <em>Dispenser<\/em>, che era una bella trasmissione di <em>Radio 2<\/em>. Bianchi ha prodotto un certo numero di <em>podcast<\/em>: questo <em>Copertina<\/em> \u00e8 quello che apprezzo davvero, ed \u00e8 anche, curiosamente, praticamente l&#8217;unico <em>podcast<\/em> di libri che seguo.<\/p>\n\n\n\n<p>La formula esatta del <em>podcast<\/em> \u00e8 cambiata abbastanza nel tempo, anche se alcuni elementi rimangono costanti, in particolare l&#8217;attenzione alle librerie indipendenti e lo spazio dato alle voci dirette dei librai, non solo per i consigli di lettura e il parere sul panorama letterario, ma anche per le riflessioni sul lavoro, il ruolo sociale, il rapporto col pubblico e, in fondo, con la societ\u00e0 italiana.<\/p>\n\n\n\n<p>E poi ci sono giri e rigiri intorno ai libri e alla letteratura: devo dire che spesso ignoro <em>qualunque <\/em>cosa degli autori di cui si parla e che non comprerei mai i libri trattati, ma non trovo la cosa particolarmente importante, anche perch\u00e9 il tono della trasmissione \u00e8 sempre piuttosto trasversale: in fondo il tema non \u00e8 mai questo o quello specifico libro, ma il rapporto che ciascuno, e in particolare gli ospiti della trasmissione, hanno coi libri, e su questo tema sono disposto sempre a stare all&#8217;ascolto, anche per parecchio tempo (ma le puntate non sono mai lunghissime).<\/p>\n\n\n\n<div class=\"wp-block-image\"><figure class=\"alignleft size-full is-resized\"><img data-attachment-id=\"18799\" data-permalink=\"http:\/\/www.robertosedda.it\/?attachment_id=18799\" data-orig-file=\"https:\/\/i0.wp.com\/www.robertosedda.it\/wp-content\/uploads\/2021\/06\/Screenshot_20210529_141704_it.radiorai.jpg?fit=1080%2C1920\" data-orig-size=\"1080,1920\" data-comments-opened=\"1\" data-image-meta=\"{&quot;aperture&quot;:&quot;0&quot;,&quot;credit&quot;:&quot;&quot;,&quot;camera&quot;:&quot;STF-L09&quot;,&quot;caption&quot;:&quot;&quot;,&quot;created_timestamp&quot;:&quot;1622297824&quot;,&quot;copyright&quot;:&quot;&quot;,&quot;focal_length&quot;:&quot;0&quot;,&quot;iso&quot;:&quot;0&quot;,&quot;shutter_speed&quot;:&quot;0&quot;,&quot;title&quot;:&quot;&quot;,&quot;orientation&quot;:&quot;0&quot;}\" data-image-title=\"Screenshot_20210529_141704_it.radiorai\" data-image-description=\"\" data-image-caption=\"\" data-medium-file=\"https:\/\/i0.wp.com\/www.robertosedda.it\/wp-content\/uploads\/2021\/06\/Screenshot_20210529_141704_it.radiorai.jpg?fit=169%2C300\" data-large-file=\"https:\/\/i0.wp.com\/www.robertosedda.it\/wp-content\/uploads\/2021\/06\/Screenshot_20210529_141704_it.radiorai.jpg?fit=510%2C907\" decoding=\"async\" loading=\"lazy\" src=\"https:\/\/i0.wp.com\/www.robertosedda.it\/wp-content\/uploads\/2021\/06\/Screenshot_20210529_141704_it.radiorai.jpg?resize=270%2C480\" alt=\"\" class=\"wp-image-18799\" width=\"270\" height=\"480\" srcset=\"https:\/\/i0.wp.com\/www.robertosedda.it\/wp-content\/uploads\/2021\/06\/Screenshot_20210529_141704_it.radiorai.jpg?w=1080 1080w, https:\/\/i0.wp.com\/www.robertosedda.it\/wp-content\/uploads\/2021\/06\/Screenshot_20210529_141704_it.radiorai.jpg?resize=169%2C300 169w, https:\/\/i0.wp.com\/www.robertosedda.it\/wp-content\/uploads\/2021\/06\/Screenshot_20210529_141704_it.radiorai.jpg?resize=510%2C907 510w, https:\/\/i0.wp.com\/www.robertosedda.it\/wp-content\/uploads\/2021\/06\/Screenshot_20210529_141704_it.radiorai.jpg?resize=84%2C150 84w, https:\/\/i0.wp.com\/www.robertosedda.it\/wp-content\/uploads\/2021\/06\/Screenshot_20210529_141704_it.radiorai.jpg?resize=864%2C1536 864w\" sizes=\"(max-width: 270px) 100vw, 270px\" data-recalc-dims=\"1\" \/><\/figure><\/div>\n\n\n\n<h4><em>Alle otto della sera<\/em><\/h4>\n\n\n\n<p>Trasmessa molti anni fa, <em>Alle otto della sera<\/em> era una specie di zibaldone: per una o due settimane o gi\u00f9 di l\u00ec per mezz&#8217;ora veniva affrontato un argomento, diciamo culturale, senza apparentemente alcuna logica: la produzione di un artista, la vita di un condottiero, perfino argomenti piuttosto esoterici come i sottomarini italiani nell&#8217;Atlantico durante la II Guerra Mondiale (poco dopo questo colpo di genio la trasmissione, forse non sorprendentemente, chiuse i battenti dopo anni di onorato servizio).<\/p>\n\n\n\n<p>La raccolta su <em>RaiPlay<\/em> credo offra il meglio, e non tutto, di quanto venne trasmesso: anche cos\u00ec ci sono comunque parecchie chicche: il <em>De Bello Gallico<\/em> letto da Elio (sic), un ciclo di Valerio Massimo Manfredi su Alessandro Magno, De Gasperi raccontato da Andreotti (doppio sic) e parecchie altre cose. <\/p>\n\n\n\n<p>A distanza di anni perfino la dizione, per non dire il piglio o l&#8217;argomentare dei conduttori pu\u00f2 apparire datato, e siamo lontani mille miglia dall&#8217;ariosa confidenzialit\u00e0 della <em>BBC<\/em>, ma vale la pena di pagare lo scotto di un po&#8217; di costo d&#8217;ingresso per avere a disposizione della buona (ottima) divulgazione sugli argomenti pi\u00f9 disparati. Per gli appassionati di cinema menzione di riguardo per il ciclo <em>Venti divi, venti film<\/em> di Giovanna Gagliardo (che<em> <\/em>l&#8217;esperto di cinema di <em>Famiglia Cristiana<\/em> categorizzerebbe come <em>controverso\/dibattiti<\/em>).<\/p>\n\n\n\n<p>Per molti aspetti lo stesso stile enciclopedico hanno altre due trasmissioni della RAI di cui incollo qui sotto le immagini, e che hanno per\u00f2 nel tempo costruito uno stile comunicativo pi\u00f9 moderno, anche se non necessariamente pi\u00f9 coinvolgente: sono <em>Passioni<\/em> (che \u00e8 sostanzialmente una riedizione di <em>Alle otto della sera<\/em> fatta in altro orario e su un&#8217;altra rete, ma con lo stesso spirito di affidare un tema, spesso anche di nicchia, a un appassionato perch\u00e9 lo svisceri a suo piacimento) e <em>Wikiradio<\/em> (con la sua consociata <em>Wikimusic<\/em>), che \u00e8 invece pi\u00f9 una pillola quotidiana di cultura (della sezione sui giochi, fra l&#8217;altro, si occupa l&#8217;ottimo Andrea Angiolino).<\/p>\n\n\n\n<figure data-carousel-extra='{\"blog_id\":1,\"permalink\":\"http:\\\/\\\/www.robertosedda.it\\\/?p=18723\"}'  class=\"is-layout-flex wp-block-gallery-1 wp-block-gallery columns-5 is-cropped\"><ul class=\"blocks-gallery-grid\"><li class=\"blocks-gallery-item\"><figure><img data-attachment-id=\"18801\" data-permalink=\"http:\/\/www.robertosedda.it\/?attachment_id=18801\" data-orig-file=\"https:\/\/i0.wp.com\/www.robertosedda.it\/wp-content\/uploads\/2021\/06\/Screenshot_20210529_142403_it.radiorai.jpg?fit=1080%2C1920\" data-orig-size=\"1080,1920\" data-comments-opened=\"1\" data-image-meta=\"{&quot;aperture&quot;:&quot;0&quot;,&quot;credit&quot;:&quot;&quot;,&quot;camera&quot;:&quot;STF-L09&quot;,&quot;caption&quot;:&quot;&quot;,&quot;created_timestamp&quot;:&quot;1622298243&quot;,&quot;copyright&quot;:&quot;&quot;,&quot;focal_length&quot;:&quot;0&quot;,&quot;iso&quot;:&quot;0&quot;,&quot;shutter_speed&quot;:&quot;0&quot;,&quot;title&quot;:&quot;&quot;,&quot;orientation&quot;:&quot;0&quot;}\" data-image-title=\"Screenshot_20210529_142403_it.radiorai\" data-image-description=\"\" data-image-caption=\"\" data-medium-file=\"https:\/\/i0.wp.com\/www.robertosedda.it\/wp-content\/uploads\/2021\/06\/Screenshot_20210529_142403_it.radiorai.jpg?fit=169%2C300\" data-large-file=\"https:\/\/i0.wp.com\/www.robertosedda.it\/wp-content\/uploads\/2021\/06\/Screenshot_20210529_142403_it.radiorai.jpg?fit=510%2C907\" decoding=\"async\" loading=\"lazy\" width=\"800\" height=\"1422\" src=\"https:\/\/i0.wp.com\/www.robertosedda.it\/wp-content\/uploads\/2021\/06\/Screenshot_20210529_142403_it.radiorai.jpg?resize=800%2C1422\" alt=\"\" data-id=\"18801\" data-link=\"http:\/\/www.robertosedda.it\/?attachment_id=18801\" class=\"wp-image-18801\" srcset=\"https:\/\/i0.wp.com\/www.robertosedda.it\/wp-content\/uploads\/2021\/06\/Screenshot_20210529_142403_it.radiorai.jpg?w=1080 1080w, https:\/\/i0.wp.com\/www.robertosedda.it\/wp-content\/uploads\/2021\/06\/Screenshot_20210529_142403_it.radiorai.jpg?resize=169%2C300 169w, https:\/\/i0.wp.com\/www.robertosedda.it\/wp-content\/uploads\/2021\/06\/Screenshot_20210529_142403_it.radiorai.jpg?resize=510%2C907 510w, https:\/\/i0.wp.com\/www.robertosedda.it\/wp-content\/uploads\/2021\/06\/Screenshot_20210529_142403_it.radiorai.jpg?resize=84%2C150 84w, https:\/\/i0.wp.com\/www.robertosedda.it\/wp-content\/uploads\/2021\/06\/Screenshot_20210529_142403_it.radiorai.jpg?resize=864%2C1536 864w\" sizes=\"(max-width: 800px) 100vw, 800px\" data-recalc-dims=\"1\" \/><\/figure><\/li><li class=\"blocks-gallery-item\"><figure><img data-attachment-id=\"18802\" data-permalink=\"http:\/\/www.robertosedda.it\/?attachment_id=18802\" data-orig-file=\"https:\/\/i0.wp.com\/www.robertosedda.it\/wp-content\/uploads\/2021\/06\/Screenshot_20210529_142657_it.radiorai.jpg?fit=1080%2C1920\" data-orig-size=\"1080,1920\" data-comments-opened=\"1\" data-image-meta=\"{&quot;aperture&quot;:&quot;0&quot;,&quot;credit&quot;:&quot;&quot;,&quot;camera&quot;:&quot;STF-L09&quot;,&quot;caption&quot;:&quot;&quot;,&quot;created_timestamp&quot;:&quot;1622298418&quot;,&quot;copyright&quot;:&quot;&quot;,&quot;focal_length&quot;:&quot;0&quot;,&quot;iso&quot;:&quot;0&quot;,&quot;shutter_speed&quot;:&quot;0&quot;,&quot;title&quot;:&quot;&quot;,&quot;orientation&quot;:&quot;0&quot;}\" data-image-title=\"Screenshot_20210529_142657_it.radiorai\" data-image-description=\"\" data-image-caption=\"\" data-medium-file=\"https:\/\/i0.wp.com\/www.robertosedda.it\/wp-content\/uploads\/2021\/06\/Screenshot_20210529_142657_it.radiorai.jpg?fit=169%2C300\" data-large-file=\"https:\/\/i0.wp.com\/www.robertosedda.it\/wp-content\/uploads\/2021\/06\/Screenshot_20210529_142657_it.radiorai.jpg?fit=510%2C907\" decoding=\"async\" loading=\"lazy\" width=\"800\" height=\"1422\" src=\"https:\/\/i0.wp.com\/www.robertosedda.it\/wp-content\/uploads\/2021\/06\/Screenshot_20210529_142657_it.radiorai.jpg?resize=800%2C1422\" alt=\"\" data-id=\"18802\" data-link=\"http:\/\/www.robertosedda.it\/?attachment_id=18802\" class=\"wp-image-18802\" srcset=\"https:\/\/i0.wp.com\/www.robertosedda.it\/wp-content\/uploads\/2021\/06\/Screenshot_20210529_142657_it.radiorai.jpg?w=1080 1080w, https:\/\/i0.wp.com\/www.robertosedda.it\/wp-content\/uploads\/2021\/06\/Screenshot_20210529_142657_it.radiorai.jpg?resize=169%2C300 169w, https:\/\/i0.wp.com\/www.robertosedda.it\/wp-content\/uploads\/2021\/06\/Screenshot_20210529_142657_it.radiorai.jpg?resize=510%2C907 510w, https:\/\/i0.wp.com\/www.robertosedda.it\/wp-content\/uploads\/2021\/06\/Screenshot_20210529_142657_it.radiorai.jpg?resize=84%2C150 84w, https:\/\/i0.wp.com\/www.robertosedda.it\/wp-content\/uploads\/2021\/06\/Screenshot_20210529_142657_it.radiorai.jpg?resize=864%2C1536 864w\" sizes=\"(max-width: 800px) 100vw, 800px\" data-recalc-dims=\"1\" \/><\/figure><\/li><li class=\"blocks-gallery-item\"><figure><img data-attachment-id=\"18803\" data-permalink=\"http:\/\/www.robertosedda.it\/?attachment_id=18803\" data-orig-file=\"https:\/\/i0.wp.com\/www.robertosedda.it\/wp-content\/uploads\/2021\/06\/Screenshot_20210529_143518_it.radiorai.jpg?fit=1080%2C1920\" data-orig-size=\"1080,1920\" data-comments-opened=\"1\" data-image-meta=\"{&quot;aperture&quot;:&quot;0&quot;,&quot;credit&quot;:&quot;&quot;,&quot;camera&quot;:&quot;STF-L09&quot;,&quot;caption&quot;:&quot;&quot;,&quot;created_timestamp&quot;:&quot;1622298918&quot;,&quot;copyright&quot;:&quot;&quot;,&quot;focal_length&quot;:&quot;0&quot;,&quot;iso&quot;:&quot;0&quot;,&quot;shutter_speed&quot;:&quot;0&quot;,&quot;title&quot;:&quot;&quot;,&quot;orientation&quot;:&quot;0&quot;}\" data-image-title=\"Screenshot_20210529_143518_it.radiorai\" data-image-description=\"\" data-image-caption=\"\" data-medium-file=\"https:\/\/i0.wp.com\/www.robertosedda.it\/wp-content\/uploads\/2021\/06\/Screenshot_20210529_143518_it.radiorai.jpg?fit=169%2C300\" data-large-file=\"https:\/\/i0.wp.com\/www.robertosedda.it\/wp-content\/uploads\/2021\/06\/Screenshot_20210529_143518_it.radiorai.jpg?fit=510%2C907\" decoding=\"async\" loading=\"lazy\" width=\"800\" height=\"1422\" src=\"https:\/\/i0.wp.com\/www.robertosedda.it\/wp-content\/uploads\/2021\/06\/Screenshot_20210529_143518_it.radiorai.jpg?resize=800%2C1422\" alt=\"\" data-id=\"18803\" data-link=\"http:\/\/www.robertosedda.it\/?attachment_id=18803\" class=\"wp-image-18803\" srcset=\"https:\/\/i0.wp.com\/www.robertosedda.it\/wp-content\/uploads\/2021\/06\/Screenshot_20210529_143518_it.radiorai.jpg?w=1080 1080w, https:\/\/i0.wp.com\/www.robertosedda.it\/wp-content\/uploads\/2021\/06\/Screenshot_20210529_143518_it.radiorai.jpg?resize=169%2C300 169w, https:\/\/i0.wp.com\/www.robertosedda.it\/wp-content\/uploads\/2021\/06\/Screenshot_20210529_143518_it.radiorai.jpg?resize=510%2C907 510w, https:\/\/i0.wp.com\/www.robertosedda.it\/wp-content\/uploads\/2021\/06\/Screenshot_20210529_143518_it.radiorai.jpg?resize=84%2C150 84w, https:\/\/i0.wp.com\/www.robertosedda.it\/wp-content\/uploads\/2021\/06\/Screenshot_20210529_143518_it.radiorai.jpg?resize=864%2C1536 864w\" sizes=\"(max-width: 800px) 100vw, 800px\" data-recalc-dims=\"1\" \/><\/figure><\/li><li class=\"blocks-gallery-item\"><figure><img data-attachment-id=\"18804\" data-permalink=\"http:\/\/www.robertosedda.it\/?attachment_id=18804\" data-orig-file=\"https:\/\/i0.wp.com\/www.robertosedda.it\/wp-content\/uploads\/2021\/06\/Screenshot_20210529_142622_it.radiorai.jpg?fit=1080%2C1920\" data-orig-size=\"1080,1920\" data-comments-opened=\"1\" data-image-meta=\"{&quot;aperture&quot;:&quot;0&quot;,&quot;credit&quot;:&quot;&quot;,&quot;camera&quot;:&quot;STF-L09&quot;,&quot;caption&quot;:&quot;&quot;,&quot;created_timestamp&quot;:&quot;1622298382&quot;,&quot;copyright&quot;:&quot;&quot;,&quot;focal_length&quot;:&quot;0&quot;,&quot;iso&quot;:&quot;0&quot;,&quot;shutter_speed&quot;:&quot;0&quot;,&quot;title&quot;:&quot;&quot;,&quot;orientation&quot;:&quot;0&quot;}\" data-image-title=\"Screenshot_20210529_142622_it.radiorai\" data-image-description=\"\" data-image-caption=\"\" data-medium-file=\"https:\/\/i0.wp.com\/www.robertosedda.it\/wp-content\/uploads\/2021\/06\/Screenshot_20210529_142622_it.radiorai.jpg?fit=169%2C300\" data-large-file=\"https:\/\/i0.wp.com\/www.robertosedda.it\/wp-content\/uploads\/2021\/06\/Screenshot_20210529_142622_it.radiorai.jpg?fit=510%2C907\" decoding=\"async\" loading=\"lazy\" width=\"800\" height=\"1422\" src=\"https:\/\/i0.wp.com\/www.robertosedda.it\/wp-content\/uploads\/2021\/06\/Screenshot_20210529_142622_it.radiorai.jpg?resize=800%2C1422\" alt=\"\" data-id=\"18804\" data-link=\"http:\/\/www.robertosedda.it\/?attachment_id=18804\" class=\"wp-image-18804\" srcset=\"https:\/\/i0.wp.com\/www.robertosedda.it\/wp-content\/uploads\/2021\/06\/Screenshot_20210529_142622_it.radiorai.jpg?w=1080 1080w, https:\/\/i0.wp.com\/www.robertosedda.it\/wp-content\/uploads\/2021\/06\/Screenshot_20210529_142622_it.radiorai.jpg?resize=169%2C300 169w, https:\/\/i0.wp.com\/www.robertosedda.it\/wp-content\/uploads\/2021\/06\/Screenshot_20210529_142622_it.radiorai.jpg?resize=510%2C907 510w, https:\/\/i0.wp.com\/www.robertosedda.it\/wp-content\/uploads\/2021\/06\/Screenshot_20210529_142622_it.radiorai.jpg?resize=84%2C150 84w, https:\/\/i0.wp.com\/www.robertosedda.it\/wp-content\/uploads\/2021\/06\/Screenshot_20210529_142622_it.radiorai.jpg?resize=864%2C1536 864w\" sizes=\"(max-width: 800px) 100vw, 800px\" data-recalc-dims=\"1\" \/><\/figure><\/li><li class=\"blocks-gallery-item\"><figure><img data-attachment-id=\"18807\" data-permalink=\"http:\/\/www.robertosedda.it\/?attachment_id=18807\" data-orig-file=\"https:\/\/i0.wp.com\/www.robertosedda.it\/wp-content\/uploads\/2021\/06\/Screenshot_20210529_142546_it.radiorai.jpg?fit=1080%2C1920\" data-orig-size=\"1080,1920\" data-comments-opened=\"1\" data-image-meta=\"{&quot;aperture&quot;:&quot;0&quot;,&quot;credit&quot;:&quot;&quot;,&quot;camera&quot;:&quot;STF-L09&quot;,&quot;caption&quot;:&quot;&quot;,&quot;created_timestamp&quot;:&quot;1622298346&quot;,&quot;copyright&quot;:&quot;&quot;,&quot;focal_length&quot;:&quot;0&quot;,&quot;iso&quot;:&quot;0&quot;,&quot;shutter_speed&quot;:&quot;0&quot;,&quot;title&quot;:&quot;&quot;,&quot;orientation&quot;:&quot;0&quot;}\" data-image-title=\"Screenshot_20210529_142546_it.radiorai\" data-image-description=\"\" data-image-caption=\"\" data-medium-file=\"https:\/\/i0.wp.com\/www.robertosedda.it\/wp-content\/uploads\/2021\/06\/Screenshot_20210529_142546_it.radiorai.jpg?fit=169%2C300\" data-large-file=\"https:\/\/i0.wp.com\/www.robertosedda.it\/wp-content\/uploads\/2021\/06\/Screenshot_20210529_142546_it.radiorai.jpg?fit=510%2C907\" decoding=\"async\" loading=\"lazy\" width=\"800\" height=\"1422\" src=\"https:\/\/i0.wp.com\/www.robertosedda.it\/wp-content\/uploads\/2021\/06\/Screenshot_20210529_142546_it.radiorai.jpg?resize=800%2C1422\" alt=\"\" data-id=\"18807\" data-full-url=\"https:\/\/i0.wp.com\/www.robertosedda.it\/wp-content\/uploads\/2021\/06\/Screenshot_20210529_142546_it.radiorai.jpg?resize=800%2C1422\" data-link=\"http:\/\/www.robertosedda.it\/?attachment_id=18807\" class=\"wp-image-18807\" srcset=\"https:\/\/i0.wp.com\/www.robertosedda.it\/wp-content\/uploads\/2021\/06\/Screenshot_20210529_142546_it.radiorai.jpg?w=1080 1080w, https:\/\/i0.wp.com\/www.robertosedda.it\/wp-content\/uploads\/2021\/06\/Screenshot_20210529_142546_it.radiorai.jpg?resize=169%2C300 169w, https:\/\/i0.wp.com\/www.robertosedda.it\/wp-content\/uploads\/2021\/06\/Screenshot_20210529_142546_it.radiorai.jpg?resize=510%2C907 510w, https:\/\/i0.wp.com\/www.robertosedda.it\/wp-content\/uploads\/2021\/06\/Screenshot_20210529_142546_it.radiorai.jpg?resize=84%2C150 84w, https:\/\/i0.wp.com\/www.robertosedda.it\/wp-content\/uploads\/2021\/06\/Screenshot_20210529_142546_it.radiorai.jpg?resize=864%2C1536 864w\" sizes=\"(max-width: 800px) 100vw, 800px\" data-recalc-dims=\"1\" \/><\/figure><\/li><\/ul><\/figure>\n\n\n\n<h4 class=\"has-text-align-left\"><em>Vite che non sono la tua<\/em> e <em>Tutta l&#8217;umanit\u00e0 ne parla<\/em><\/h4>\n\n\n\n<p>La lunga carrellata di <em>podcast<\/em> radiofonici di <em>Radio 3<\/em> si chiude con due <em>podcast<\/em> dedicati ai <em>personaggi<\/em>, poco importa se reali o immaginari. <em>Tutta l&#8217;umanit\u00e0 ne parla<\/em> deriva da un classico programma mattutino di <em>Radio 3<\/em>, che si intitola <em>Tutta la citt\u00e0 ne parla<\/em> e trae spunto dalle questioni di attualit\u00e0 poste dagli ascoltatori e dibattute da esperti. <em>Tutta l&#8217;umanit\u00e0 ne parla<\/em> affronta lo stesso tipo di questioni di attualit\u00e0 facendole discutere da personaggi famosi in qualche modo collegati all&#8217;argomento, interpretati da esperti in materia e, soprattutto, del pensiero di quel personaggio. Per quanto possa sembrare un <em>pastiche<\/em> \u00e8 invece una trasmissione dotata di brio, spesso molto pi\u00f9 della trasmissione originaria, e di solito un ascolto piacevole. <\/p>\n\n\n\n<p><em>Vite che non sono la tua<\/em> \u00e8 invece il racconto biografico di un personaggio storico, spesso non particolarmente noto (e questo \u00e8 uno dei punti di forza della trasmissione), raccontato in profondit\u00e0 e secondo un approccio autoriale pi\u00f9 spiccato e pi\u00f9 disteso che in trasmissioni come <em>Wikiradio<\/em>, per quanto la durata sia grosso modo la stessa (in realt\u00e0 <em>Vite che non sono la tua<\/em> e <em>Wikiradio<\/em> in parte si sovrappongono e in parte si completano).<\/p>\n\n\n\n<h2>Musica<\/h2>\n\n\n\n<p>In realt\u00e0 l&#8217;offerta di musica sui canali RAI \u00e8 sconfinata &#8211; non parliamo di tutto il resto dell&#8217;universo mondo ascoltabile &#8211; quindi i due programmi che riporto non sono gli <em>unici<\/em>, ma quelli che trovo adatti a un ascolto &#8220;da <em>podcast<\/em>&#8220;.<\/p>\n\n\n\n<div class=\"wp-block-image\"><figure class=\"alignleft size-full is-resized\"><img data-attachment-id=\"18808\" data-permalink=\"http:\/\/www.robertosedda.it\/?attachment_id=18808\" data-orig-file=\"https:\/\/i0.wp.com\/www.robertosedda.it\/wp-content\/uploads\/2021\/06\/Screenshot_20210529_142209_it.radiorai.jpg?fit=1080%2C1920\" data-orig-size=\"1080,1920\" data-comments-opened=\"1\" data-image-meta=\"{&quot;aperture&quot;:&quot;0&quot;,&quot;credit&quot;:&quot;&quot;,&quot;camera&quot;:&quot;STF-L09&quot;,&quot;caption&quot;:&quot;&quot;,&quot;created_timestamp&quot;:&quot;1622298129&quot;,&quot;copyright&quot;:&quot;&quot;,&quot;focal_length&quot;:&quot;0&quot;,&quot;iso&quot;:&quot;0&quot;,&quot;shutter_speed&quot;:&quot;0&quot;,&quot;title&quot;:&quot;&quot;,&quot;orientation&quot;:&quot;0&quot;}\" data-image-title=\"Screenshot_20210529_142209_it.radiorai\" data-image-description=\"\" data-image-caption=\"\" data-medium-file=\"https:\/\/i0.wp.com\/www.robertosedda.it\/wp-content\/uploads\/2021\/06\/Screenshot_20210529_142209_it.radiorai.jpg?fit=169%2C300\" data-large-file=\"https:\/\/i0.wp.com\/www.robertosedda.it\/wp-content\/uploads\/2021\/06\/Screenshot_20210529_142209_it.radiorai.jpg?fit=510%2C907\" decoding=\"async\" loading=\"lazy\" src=\"https:\/\/i0.wp.com\/www.robertosedda.it\/wp-content\/uploads\/2021\/06\/Screenshot_20210529_142209_it.radiorai.jpg?resize=270%2C480\" alt=\"\" class=\"wp-image-18808\" width=\"270\" height=\"480\" srcset=\"https:\/\/i0.wp.com\/www.robertosedda.it\/wp-content\/uploads\/2021\/06\/Screenshot_20210529_142209_it.radiorai.jpg?w=1080 1080w, https:\/\/i0.wp.com\/www.robertosedda.it\/wp-content\/uploads\/2021\/06\/Screenshot_20210529_142209_it.radiorai.jpg?resize=169%2C300 169w, https:\/\/i0.wp.com\/www.robertosedda.it\/wp-content\/uploads\/2021\/06\/Screenshot_20210529_142209_it.radiorai.jpg?resize=510%2C907 510w, https:\/\/i0.wp.com\/www.robertosedda.it\/wp-content\/uploads\/2021\/06\/Screenshot_20210529_142209_it.radiorai.jpg?resize=84%2C150 84w, https:\/\/i0.wp.com\/www.robertosedda.it\/wp-content\/uploads\/2021\/06\/Screenshot_20210529_142209_it.radiorai.jpg?resize=864%2C1536 864w\" sizes=\"(max-width: 270px) 100vw, 270px\" data-recalc-dims=\"1\" \/><\/figure><\/div>\n\n\n\n<h4><em>Lezioni di musica<\/em><\/h4>\n\n\n\n<p><em>Lezioni di musica <\/em>va in onda ormai da anni e il camp degli argomenti trattati si \u00e8 fatto, complessivamente, vastissimo.<\/p>\n\n\n\n<p>Ad ogni lezione, di solito divisa nelle due trasmissioni del sabato e della domenica ma che talvolta si allunga a cicli un po&#8217; pi\u00f9 ampi, uno dei principali musicologi italiani spiega un argomento, per esempio cos&#8217;\u00e8 una sinfonia e come  si articola, o come ascoltare la singola opera di un certo autore, e cos\u00ec via, concentrandosi sulla musica classica con qualche incursione nella musica barocca e rinascimentale da una parte e in quella contemporanea dall&#8217;altra (ma sempre, per capirci, musica <em>colta<\/em>).<\/p>\n\n\n\n<p>Devo dire che io trovavo pi\u00f9 profitto durante le prime stagioni della trasmissione, quando gli argomenti erano pi\u00f9 di base e di taglio pi\u00f9 generale: ricordo l&#8217;emozione quando ho capito che avevo imparato a riconoscere il primo e il secondo tema di una sinfonia; qualche volta oggi gli argomenti tendono a essere pi\u00f9 specialistici o meno immediati, ma il bello del <em>podcast<\/em>, ovviamente, \u00e8 che permette di scegliere e in ogni caso il tono divulgativo e la qualit\u00e0 degli esperti rende normalmente accattivanti (quasi) tutte le puntate, anche quello con gli argomenti relativamente pi\u00f9 esoterici.<\/p>\n\n\n\n<div class=\"wp-block-image\"><figure class=\"alignright size-full is-resized\"><img data-attachment-id=\"18809\" data-permalink=\"http:\/\/www.robertosedda.it\/?attachment_id=18809\" data-orig-file=\"https:\/\/i0.wp.com\/www.robertosedda.it\/wp-content\/uploads\/2021\/06\/Screenshot_20210529_141944_it.radiorai.jpg?fit=1080%2C1920\" data-orig-size=\"1080,1920\" data-comments-opened=\"1\" data-image-meta=\"{&quot;aperture&quot;:&quot;0&quot;,&quot;credit&quot;:&quot;&quot;,&quot;camera&quot;:&quot;STF-L09&quot;,&quot;caption&quot;:&quot;&quot;,&quot;created_timestamp&quot;:&quot;1622297984&quot;,&quot;copyright&quot;:&quot;&quot;,&quot;focal_length&quot;:&quot;0&quot;,&quot;iso&quot;:&quot;0&quot;,&quot;shutter_speed&quot;:&quot;0&quot;,&quot;title&quot;:&quot;&quot;,&quot;orientation&quot;:&quot;0&quot;}\" data-image-title=\"Screenshot_20210529_141944_it.radiorai\" data-image-description=\"\" data-image-caption=\"\" data-medium-file=\"https:\/\/i0.wp.com\/www.robertosedda.it\/wp-content\/uploads\/2021\/06\/Screenshot_20210529_141944_it.radiorai.jpg?fit=169%2C300\" data-large-file=\"https:\/\/i0.wp.com\/www.robertosedda.it\/wp-content\/uploads\/2021\/06\/Screenshot_20210529_141944_it.radiorai.jpg?fit=510%2C907\" decoding=\"async\" loading=\"lazy\" src=\"https:\/\/i0.wp.com\/www.robertosedda.it\/wp-content\/uploads\/2021\/06\/Screenshot_20210529_141944_it.radiorai.jpg?resize=270%2C480\" alt=\"\" class=\"wp-image-18809\" width=\"270\" height=\"480\" srcset=\"https:\/\/i0.wp.com\/www.robertosedda.it\/wp-content\/uploads\/2021\/06\/Screenshot_20210529_141944_it.radiorai.jpg?w=1080 1080w, https:\/\/i0.wp.com\/www.robertosedda.it\/wp-content\/uploads\/2021\/06\/Screenshot_20210529_141944_it.radiorai.jpg?resize=169%2C300 169w, https:\/\/i0.wp.com\/www.robertosedda.it\/wp-content\/uploads\/2021\/06\/Screenshot_20210529_141944_it.radiorai.jpg?resize=510%2C907 510w, https:\/\/i0.wp.com\/www.robertosedda.it\/wp-content\/uploads\/2021\/06\/Screenshot_20210529_141944_it.radiorai.jpg?resize=84%2C150 84w, https:\/\/i0.wp.com\/www.robertosedda.it\/wp-content\/uploads\/2021\/06\/Screenshot_20210529_141944_it.radiorai.jpg?resize=864%2C1536 864w\" sizes=\"(max-width: 270px) 100vw, 270px\" data-recalc-dims=\"1\" \/><\/figure><\/div>\n\n\n\n<h4><em>File urbani<\/em><\/h4>\n\n\n\n<p>Purtroppo ormai uscita dalla programmazione <em>File urbani<\/em> era una trasmissione che in due puntate del fine settimana esplorava il panorama musicale &#8211; e, attraverso la musica, culturale e identitario &#8211; di una citt\u00e0 del mondo, con un piglio diretto, molti ascolti dal vivo (o proposti come fossero dal vivo) e una serie di altri inserti sonori o brevi interviste.<\/p>\n\n\n\n<p>Dato che la trasmissione puntava a trasmettere l&#8217;idea di una sorta di ricerca o <em>reportage<\/em> sul campo questo gli dava una dimensione interessante e a seconda che esplorasse periferie dei centri europei o viceversa centri urbani importanti ma di paesi del sud del mondo esprimeva un certo taglio <em>underground<\/em> o, volta a volta, <em>terzomondista<\/em>, attraverso il complesso dei materiali proposti. Probabilmente i veri <em>esperti <\/em>della musica che si suona nelle periferie di, poniamo, Rodi, avranno magari trovato fin troppo <em>mainstream<\/em> la trasmissione, ma per tutte le persone normali come me era l&#8217;occasione per essere esposti a realt\u00e0 e influenze musicali altrimenti del tutto aliene, per non parlare della possibilit\u00e0 di percepire almeno uno scorcio della scena e dei movimenti culturali di citt\u00e0 e regioni spesso non di primaria grandezza e magari non particolarmente note alle cronache culturali &#8211; quando non fuori dell&#8217;orizzonte geografico dell&#8217;italiano medio &#8211; e devo dire che per entrambi questi motivi <em>File urbani <\/em>\u00e8 una delle trasmissioni delle quali sento pi\u00f9 la mancanza, dal punto di vista musicale e non solo.  <\/p>\n\n\n\n<h3>Racconti e inchieste<\/h3>\n\n\n\n<p>Credo che la categoria <em>Inchieste<\/em> sia facilmente comprensibile; i <em>Racconti<\/em> sono sostanzialmente inchieste rivolte a fatti del passato, che hanno un taglio pi\u00f9 giornalistico e narrativo rispetto alle ricostruzioni storiche di, per esempio, Barbero.<\/p>\n\n\n\n<div class=\"wp-block-image\"><figure class=\"alignleft size-full is-resized\"><img data-attachment-id=\"18794\" data-permalink=\"http:\/\/www.robertosedda.it\/?attachment_id=18794\" data-orig-file=\"https:\/\/i0.wp.com\/www.robertosedda.it\/wp-content\/uploads\/2021\/06\/Screenshot_20210529_140103_com.spotify.music_.jpg?fit=1080%2C1920\" data-orig-size=\"1080,1920\" data-comments-opened=\"1\" data-image-meta=\"{&quot;aperture&quot;:&quot;0&quot;,&quot;credit&quot;:&quot;&quot;,&quot;camera&quot;:&quot;STF-L09&quot;,&quot;caption&quot;:&quot;&quot;,&quot;created_timestamp&quot;:&quot;1622296863&quot;,&quot;copyright&quot;:&quot;&quot;,&quot;focal_length&quot;:&quot;0&quot;,&quot;iso&quot;:&quot;0&quot;,&quot;shutter_speed&quot;:&quot;0&quot;,&quot;title&quot;:&quot;&quot;,&quot;orientation&quot;:&quot;0&quot;}\" data-image-title=\"Screenshot_20210529_140103_com.spotify.music_\" data-image-description=\"\" data-image-caption=\"\" data-medium-file=\"https:\/\/i0.wp.com\/www.robertosedda.it\/wp-content\/uploads\/2021\/06\/Screenshot_20210529_140103_com.spotify.music_.jpg?fit=169%2C300\" data-large-file=\"https:\/\/i0.wp.com\/www.robertosedda.it\/wp-content\/uploads\/2021\/06\/Screenshot_20210529_140103_com.spotify.music_.jpg?fit=510%2C907\" decoding=\"async\" loading=\"lazy\" src=\"https:\/\/i0.wp.com\/www.robertosedda.it\/wp-content\/uploads\/2021\/06\/Screenshot_20210529_140103_com.spotify.music_.jpg?resize=270%2C480\" alt=\"\" class=\"wp-image-18794\" width=\"270\" height=\"480\" srcset=\"https:\/\/i0.wp.com\/www.robertosedda.it\/wp-content\/uploads\/2021\/06\/Screenshot_20210529_140103_com.spotify.music_.jpg?w=1080 1080w, https:\/\/i0.wp.com\/www.robertosedda.it\/wp-content\/uploads\/2021\/06\/Screenshot_20210529_140103_com.spotify.music_.jpg?resize=169%2C300 169w, https:\/\/i0.wp.com\/www.robertosedda.it\/wp-content\/uploads\/2021\/06\/Screenshot_20210529_140103_com.spotify.music_.jpg?resize=510%2C907 510w, https:\/\/i0.wp.com\/www.robertosedda.it\/wp-content\/uploads\/2021\/06\/Screenshot_20210529_140103_com.spotify.music_.jpg?resize=84%2C150 84w, https:\/\/i0.wp.com\/www.robertosedda.it\/wp-content\/uploads\/2021\/06\/Screenshot_20210529_140103_com.spotify.music_.jpg?resize=864%2C1536 864w\" sizes=\"(max-width: 270px) 100vw, 270px\" data-recalc-dims=\"1\" \/><\/figure><\/div>\n\n\n\n<h4><em>Veleno<\/em><\/h4>\n\n\n\n<p>Recentemente trasformato anche in un documentario su <em>Netflix<\/em>, <em>Veleno<\/em> \u00e8 un&#8217;inchiesta di Pablo Trincia di <em>Repubblica<\/em>, dedicata a ricostruire la vicenda dei <em>diavoli della Bassa Modenese<\/em>, una storia di panico sociale e giudiziario su un presunto intreccio fra riti satanici e abusi pedofili, sgonfiatosi poi nelle aule di tribunale ma non prima che un certo numero di minori fosse stato allontanato, spesso in maniera definitiva, dalla famiglia e che diverse delle persone coinvolte si fossero fatte un buon numero di anni di carcere.<\/p>\n\n\n\n<p>Ricordavo di avere seguito distrattamente il caso, analogo a un certo numero di altri fenomeni di panico succedutisi negli anni; credevo che sostanzialmente i processi avessero ristabilito le dimensioni oggettive dei fatti; a quanto capisco invece \u00e8 stato proprio il <em>podcast<\/em> a riaprire la vicenda e a riportarla all&#8217;attenzione dell&#8217;opinione pubblica, favorendo anche una riflessione, del tutto necessaria, sul modo con il quale queste ondate di panico riescono ogni volta ad affermarsi nonostante il fatto che le lezioni del passato dovrebbero averci immunizzato in materia: a quanto pare, invece, un fariseo d&#8217;occasione \u00e8 sempre disponibile.<\/p>\n\n\n\n<p>Il racconto del <em>podcast<\/em> &#8211; sono appena sei puntate &#8211; \u00e8 incalzante e coinvolgente. Quando cito il <em>podcast<\/em> mi sento spesso dire da amici e amiche che non se la sentono di ascoltarlo, perch\u00e9 temono un&#8217;esperienza troppo dura. Rispetto a questo tipo di reazione sono combattuto: anche io, di primo acchito, lo definirei un pugno nello stomaco, quindi \u00e8 chiaro che l&#8217;ascolto non \u00e8 innocuo, soprattutto perch\u00e9 questa \u00e8 una vicenda che non pu\u00f2 avere lieto fine, e infatti non c &#8216;\u00e8; d&#8217;altra parte  non \u00e8 un ascolto &#8211; almeno secondo me &#8211; ansiogeno o particolarmente duro o impressionante: pi\u00f9 che altro \u00e8 una riflessione, resa plasticamente evidente, su come \u00e8 difficile vivere quando si \u00e8 poveri, anche in Italia, anche oggi, non perch\u00e9 sia difficile mettere insieme il pranzo con la cena, ma per tutto il resto.<\/p>\n\n\n\n<div class=\"wp-block-image\"><figure class=\"alignright size-full is-resized\"><img data-attachment-id=\"18796\" data-permalink=\"http:\/\/www.robertosedda.it\/?attachment_id=18796\" data-orig-file=\"https:\/\/i0.wp.com\/www.robertosedda.it\/wp-content\/uploads\/2021\/06\/Screenshot_20210529_140215_com.spotify.music_.jpg?fit=1080%2C1920\" data-orig-size=\"1080,1920\" data-comments-opened=\"1\" data-image-meta=\"{&quot;aperture&quot;:&quot;0&quot;,&quot;credit&quot;:&quot;&quot;,&quot;camera&quot;:&quot;STF-L09&quot;,&quot;caption&quot;:&quot;&quot;,&quot;created_timestamp&quot;:&quot;1622296935&quot;,&quot;copyright&quot;:&quot;&quot;,&quot;focal_length&quot;:&quot;0&quot;,&quot;iso&quot;:&quot;0&quot;,&quot;shutter_speed&quot;:&quot;0&quot;,&quot;title&quot;:&quot;&quot;,&quot;orientation&quot;:&quot;0&quot;}\" data-image-title=\"Screenshot_20210529_140215_com.spotify.music_\" data-image-description=\"\" data-image-caption=\"\" data-medium-file=\"https:\/\/i0.wp.com\/www.robertosedda.it\/wp-content\/uploads\/2021\/06\/Screenshot_20210529_140215_com.spotify.music_.jpg?fit=169%2C300\" data-large-file=\"https:\/\/i0.wp.com\/www.robertosedda.it\/wp-content\/uploads\/2021\/06\/Screenshot_20210529_140215_com.spotify.music_.jpg?fit=510%2C907\" decoding=\"async\" loading=\"lazy\" src=\"https:\/\/i0.wp.com\/www.robertosedda.it\/wp-content\/uploads\/2021\/06\/Screenshot_20210529_140215_com.spotify.music_.jpg?resize=270%2C480\" alt=\"\" class=\"wp-image-18796\" width=\"270\" height=\"480\" srcset=\"https:\/\/i0.wp.com\/www.robertosedda.it\/wp-content\/uploads\/2021\/06\/Screenshot_20210529_140215_com.spotify.music_.jpg?w=1080 1080w, https:\/\/i0.wp.com\/www.robertosedda.it\/wp-content\/uploads\/2021\/06\/Screenshot_20210529_140215_com.spotify.music_.jpg?resize=169%2C300 169w, https:\/\/i0.wp.com\/www.robertosedda.it\/wp-content\/uploads\/2021\/06\/Screenshot_20210529_140215_com.spotify.music_.jpg?resize=510%2C907 510w, https:\/\/i0.wp.com\/www.robertosedda.it\/wp-content\/uploads\/2021\/06\/Screenshot_20210529_140215_com.spotify.music_.jpg?resize=84%2C150 84w, https:\/\/i0.wp.com\/www.robertosedda.it\/wp-content\/uploads\/2021\/06\/Screenshot_20210529_140215_com.spotify.music_.jpg?resize=864%2C1536 864w\" sizes=\"(max-width: 270px) 100vw, 270px\" data-recalc-dims=\"1\" \/><\/figure><\/div>\n\n\n\n<h4><em>Fake Heiress<\/em><\/h4>\n\n\n\n<p>Tempo fa mi ero messo a tradurre un <a href=\"https:\/\/www.thecut.com\/2018\/05\/how-anna-delvey-tricked-new-york.html\">articolo<\/a> sulla storia di Anna Delvey (in realt\u00e0 Anna Sorokin), una ragazza capace di penetrare l&#8217;alta societ\u00e0 newyorchese facendosi credere una ricchissima ereditiera tedesca, a colpi di mance da cento dollari, pernottamenti in alberghi di lusso e una faccia di bronzo impressionante, lasciando in giro una quantit\u00e0 di conti da pagare e di ferite di vario genere impressionanti.<\/p>\n\n\n\n<p>Non sono mai riuscito a finire la traduzione, ma in copenso posso consigliare questo <em>podcast<\/em>, che ricostruisce la vicenda arricchendola di un buon numero di notazioni di costume e che grazie a un intreccio interessante di materiali documentari e inserti narrativi affidati ad attori riesce a mantenere un buon ritmo e una buona capacit\u00e0 di coinvolgimento.<\/p>\n\n\n\n<p>Naturalmente, una parte del lavoro la deve fare l&#8217;ascoltatore, nel senso che le domande principali suscitate dalla vicenda non sono quelle su <em>cosa<\/em> sia successo (in materia non c&#8217;\u00e8 nessun dubbio, se non forse qualcuno marginale) ma sul <em>come<\/em>: cio\u00e8 come sia possibile che pezzi cos\u00ec importanti e diversi della societ\u00e0 americana siano cos\u00ec permeabili al mito del successo da permettere a una persona come la Delvey, abilissima e sfrontata quanto si vuole, ma comunque inconsistente sotto molti punti di vista, di fare quel che ha voluto per mesi e mesi e trascinare nel vortice delle sue menzogne tante altre persone, non tutte milionari che possono anche permettersi di accollarsi il conto astronomico di un ristorante senza troppo badare, ma anche lavoratori normali disposti a sobbarcarsi costi economici o professionali non da poco. In realt\u00e0 il <em>milieu<\/em> che circonda Anna Delvey \u00e8 fatta da persone non troppo dissimili da lei &#8211; alla ricerca del colpo risolutivo che assicuri fama e successo &#8211; e forse \u00e8 questo il segreto che le ha permesso di tenere in piedi la sua sciarada cos\u00ec a lungo.<\/p>\n\n\n\n<div class=\"wp-block-image\"><figure class=\"alignleft size-full is-resized\"><img data-attachment-id=\"18778\" data-permalink=\"http:\/\/www.robertosedda.it\/?attachment_id=18778\" data-orig-file=\"https:\/\/i0.wp.com\/www.robertosedda.it\/wp-content\/uploads\/2021\/06\/A-pugni-chiusi.jpg?fit=1080%2C1920\" data-orig-size=\"1080,1920\" data-comments-opened=\"1\" data-image-meta=\"{&quot;aperture&quot;:&quot;0&quot;,&quot;credit&quot;:&quot;&quot;,&quot;camera&quot;:&quot;STF-L09&quot;,&quot;caption&quot;:&quot;&quot;,&quot;created_timestamp&quot;:&quot;1622294501&quot;,&quot;copyright&quot;:&quot;&quot;,&quot;focal_length&quot;:&quot;0&quot;,&quot;iso&quot;:&quot;0&quot;,&quot;shutter_speed&quot;:&quot;0&quot;,&quot;title&quot;:&quot;&quot;,&quot;orientation&quot;:&quot;0&quot;}\" data-image-title=\"A-pugni-chiusi\" data-image-description=\"\" data-image-caption=\"\" data-medium-file=\"https:\/\/i0.wp.com\/www.robertosedda.it\/wp-content\/uploads\/2021\/06\/A-pugni-chiusi.jpg?fit=169%2C300\" data-large-file=\"https:\/\/i0.wp.com\/www.robertosedda.it\/wp-content\/uploads\/2021\/06\/A-pugni-chiusi.jpg?fit=510%2C907\" decoding=\"async\" loading=\"lazy\" src=\"https:\/\/i0.wp.com\/www.robertosedda.it\/wp-content\/uploads\/2021\/06\/A-pugni-chiusi.jpg?resize=270%2C480\" alt=\"\" class=\"wp-image-18778\" width=\"270\" height=\"480\" srcset=\"https:\/\/i0.wp.com\/www.robertosedda.it\/wp-content\/uploads\/2021\/06\/A-pugni-chiusi.jpg?w=1080 1080w, https:\/\/i0.wp.com\/www.robertosedda.it\/wp-content\/uploads\/2021\/06\/A-pugni-chiusi.jpg?resize=169%2C300 169w, https:\/\/i0.wp.com\/www.robertosedda.it\/wp-content\/uploads\/2021\/06\/A-pugni-chiusi.jpg?resize=510%2C907 510w, https:\/\/i0.wp.com\/www.robertosedda.it\/wp-content\/uploads\/2021\/06\/A-pugni-chiusi.jpg?resize=84%2C150 84w, https:\/\/i0.wp.com\/www.robertosedda.it\/wp-content\/uploads\/2021\/06\/A-pugni-chiusi.jpg?resize=864%2C1536 864w\" sizes=\"(max-width: 270px) 100vw, 270px\" data-recalc-dims=\"1\" \/><\/figure><\/div>\n\n\n\n<h4><em>A pugni chiusi<\/em><\/h4>\n\n\n\n<p>Questo \u00e8 un bellissimo <em>podcast<\/em>, emozionante e commovente, col racconto delle varie vicende che hanno attraversato le Olimpiadi di Citt\u00e0 del Messico del &#8217;68. I <em>pugni chiusi <\/em> del titolo sono quelli mostrati sul podio dai due velocisti statunitensi Tommie Smith e John Carlos, ma attorno alle Olimpiadi ruota molto molto di pi\u00f9, a partire dalla puntata prologo che ricorda che il massacro degli studenti in Piazza delle 3 Culture precede l&#8217;inizio dei giochi di appena una decina di giorni (in piazza, fra l&#8217;altro, c&#8217;erano casualmente diversi atleti italiani, che sfuggirono per un pelo alla morte). E la consapevolezza politica degli atleti non si ferma a Smith e Carlos e nemmeno alle tensioni dentro il blocco occidentale: la ginnasta ceca V\u011bra \u010c\u00e1slavsk\u00e1 protest\u00f2 contro la repressione della Primavera di Praga e per questo pag\u00f2 un prezzo altissimo.<\/p>\n\n\n\n<p>Quello che emerge \u00e8 uno spaccato interessante di come le Olimpiadi di quell&#8217;anno condensassero e insieme amplificassero le tensioni politiche che attraversavano le piazze del mondo, i contrasti fra i blocchi e lo scontro sociale rispetto agli assetti di potere interni nei vari paesi; rimangono poi tutte le varie storie personali degli atleti, che non sono solo importanti in s\u00e9 (dopotutto lo sport \u00e8 un grande creatore di epiche e drammi) ma anche avvisaglie di fenomeni allora ancora non capiti, come quello del <em>doping<\/em>, e Cazzaniga \u00e8 bravo a evitare che il <em>focus<\/em> politico, che pure \u00e8 quello che pi\u00f9 gli interessa, fagociti tutto il resto.<\/p>\n\n\n\n<div class=\"wp-block-image\"><figure class=\"alignright size-full is-resized\"><img data-attachment-id=\"18780\" data-permalink=\"http:\/\/www.robertosedda.it\/?attachment_id=18780\" data-orig-file=\"https:\/\/i0.wp.com\/www.robertosedda.it\/wp-content\/uploads\/2021\/06\/1989.jpg?fit=1080%2C1920\" data-orig-size=\"1080,1920\" data-comments-opened=\"1\" data-image-meta=\"{&quot;aperture&quot;:&quot;0&quot;,&quot;credit&quot;:&quot;&quot;,&quot;camera&quot;:&quot;STF-L09&quot;,&quot;caption&quot;:&quot;&quot;,&quot;created_timestamp&quot;:&quot;1622296660&quot;,&quot;copyright&quot;:&quot;&quot;,&quot;focal_length&quot;:&quot;0&quot;,&quot;iso&quot;:&quot;0&quot;,&quot;shutter_speed&quot;:&quot;0&quot;,&quot;title&quot;:&quot;&quot;,&quot;orientation&quot;:&quot;0&quot;}\" data-image-title=\"1989\" data-image-description=\"\" data-image-caption=\"\" data-medium-file=\"https:\/\/i0.wp.com\/www.robertosedda.it\/wp-content\/uploads\/2021\/06\/1989.jpg?fit=169%2C300\" data-large-file=\"https:\/\/i0.wp.com\/www.robertosedda.it\/wp-content\/uploads\/2021\/06\/1989.jpg?fit=510%2C907\" decoding=\"async\" loading=\"lazy\" src=\"https:\/\/i0.wp.com\/www.robertosedda.it\/wp-content\/uploads\/2021\/06\/1989.jpg?resize=270%2C480\" alt=\"\" class=\"wp-image-18780\" width=\"270\" height=\"480\" srcset=\"https:\/\/i0.wp.com\/www.robertosedda.it\/wp-content\/uploads\/2021\/06\/1989.jpg?w=1080 1080w, https:\/\/i0.wp.com\/www.robertosedda.it\/wp-content\/uploads\/2021\/06\/1989.jpg?resize=169%2C300 169w, https:\/\/i0.wp.com\/www.robertosedda.it\/wp-content\/uploads\/2021\/06\/1989.jpg?resize=510%2C907 510w, https:\/\/i0.wp.com\/www.robertosedda.it\/wp-content\/uploads\/2021\/06\/1989.jpg?resize=84%2C150 84w, https:\/\/i0.wp.com\/www.robertosedda.it\/wp-content\/uploads\/2021\/06\/1989.jpg?resize=864%2C1536 864w\" sizes=\"(max-width: 270px) 100vw, 270px\" data-recalc-dims=\"1\" \/><\/figure><\/div>\n\n\n\n<h4><em>1989<\/em><\/h4>\n\n\n\n<p>Dopo <em>A pungi chiusi<\/em> Riccardo Gazzaniga ha dedicato un altro <em>podcast<\/em> a raccontare le vicende dell&#8217;anno 1989, l&#8217;anno del crollo del Muro e di molto altro (Piazza Tien An Men, per dire).<\/p>\n\n\n\n<p>Gazzaniga ha ragione a voler descrivere quell&#8217;anno con lo stesso stile impiegato per le Olimpiadi di Citt\u00e0 del Messico: considerandolo un momento che \u00e8 il precipitato di eventi che giungono da lontano o la tempesta perfetta che riassume un intero decennio se non di pi\u00f9; tuttavia le vicende delle Olimpiadi si dipanano per circa un solo mese, qui il tempo degli eventi \u00e8 molto pi\u00f9 lungo, pi\u00f9 articolato, e le spiegazioni devono farsi anch&#8217;esse pi\u00f9 complesse, andare a ritroso a ritrovare le cause lungo archi di tempo maggiori, cambiare scenario e in parte protagonisti: inevitabilmente la compattezza del racconto ne risente e anche la tensione, che rendeva cos\u00ec emozionante e commovente <em>A pugni chiusi<\/em>, si fa talvolta minore. Per tanti altri aspetti si tratta invece di fatti che hanno una portata e una importanza storica maggiore rispetto all&#8217;episodio delle Olimpiadi del&#8217;68 &#8211; o forse sono io che nell&#8217;89 ero dotato di capacit\u00e0 di comprensione e quindi mi sento pi\u00f9 vicino a questi avvenimenti. In entrambi i casi, trovo <em>1989 <\/em>lievemente inferiore a <em>A pugni chiusi<\/em>, ma certamente ugualmente straconsigliato.<\/p>\n\n\n\n<h3>Interviste<\/h3>\n\n\n\n<div class=\"wp-block-image\"><figure class=\"alignleft size-full is-resized\"><img data-attachment-id=\"18774\" data-permalink=\"http:\/\/www.robertosedda.it\/?attachment_id=18774\" data-orig-file=\"https:\/\/i0.wp.com\/www.robertosedda.it\/wp-content\/uploads\/2021\/06\/Archivio-Pacifico.jpg?fit=1080%2C1920\" data-orig-size=\"1080,1920\" data-comments-opened=\"1\" data-image-meta=\"{&quot;aperture&quot;:&quot;0&quot;,&quot;credit&quot;:&quot;&quot;,&quot;camera&quot;:&quot;STF-L09&quot;,&quot;caption&quot;:&quot;&quot;,&quot;created_timestamp&quot;:&quot;1622451771&quot;,&quot;copyright&quot;:&quot;&quot;,&quot;focal_length&quot;:&quot;0&quot;,&quot;iso&quot;:&quot;0&quot;,&quot;shutter_speed&quot;:&quot;0&quot;,&quot;title&quot;:&quot;&quot;,&quot;orientation&quot;:&quot;0&quot;}\" data-image-title=\"Archivio-Pacifico\" data-image-description=\"\" data-image-caption=\"\" data-medium-file=\"https:\/\/i0.wp.com\/www.robertosedda.it\/wp-content\/uploads\/2021\/06\/Archivio-Pacifico.jpg?fit=169%2C300\" data-large-file=\"https:\/\/i0.wp.com\/www.robertosedda.it\/wp-content\/uploads\/2021\/06\/Archivio-Pacifico.jpg?fit=510%2C907\" decoding=\"async\" loading=\"lazy\" src=\"https:\/\/i0.wp.com\/www.robertosedda.it\/wp-content\/uploads\/2021\/06\/Archivio-Pacifico.jpg?resize=270%2C480\" alt=\"\" class=\"wp-image-18774\" width=\"270\" height=\"480\" srcset=\"https:\/\/i0.wp.com\/www.robertosedda.it\/wp-content\/uploads\/2021\/06\/Archivio-Pacifico.jpg?w=1080 1080w, https:\/\/i0.wp.com\/www.robertosedda.it\/wp-content\/uploads\/2021\/06\/Archivio-Pacifico.jpg?resize=169%2C300 169w, https:\/\/i0.wp.com\/www.robertosedda.it\/wp-content\/uploads\/2021\/06\/Archivio-Pacifico.jpg?resize=510%2C907 510w, https:\/\/i0.wp.com\/www.robertosedda.it\/wp-content\/uploads\/2021\/06\/Archivio-Pacifico.jpg?resize=84%2C150 84w, https:\/\/i0.wp.com\/www.robertosedda.it\/wp-content\/uploads\/2021\/06\/Archivio-Pacifico.jpg?resize=864%2C1536 864w\" sizes=\"(max-width: 270px) 100vw, 270px\" data-recalc-dims=\"1\" \/><\/figure><\/div>\n\n\n\n<h4><em>Archivio Pacifico<\/em><\/h4>\n\n\n\n<p><em>Archivio Pacifico<\/em> \u00e8 una serie di interviste curate dallo scrittore Francesco Pacifico (del quale devo ammettere di non avere letto nulla) al quale sono arrivato perch\u00e9 nei famosi articoli del genere <em>I migliori dieci podcast&#8230;<\/em> era sempre citato.<\/p>\n\n\n\n<p>Pacifico sceglie di intervistare solo personaggi molti noti, di diversi campi, perch\u00e9 \u00e8 interessato, fondamentalmente, alle dinamiche legate al successo personale e alla gestione del proprio talento, con onori e oneri (una delle formule usate per presentare il <em>podcast<\/em> \u00e8: \u00abMi interessa indagare sull&#8217;identit\u00e0 professionale delle persone molto brave, che percorso hanno fatto, se hanno avuto fortuna, chi hanno incontrato sulla strada, quante notti hanno perso, come vivono, come si sono formate, di cosa hanno paura, quando hanno pensato che fosse tutto finito e non ce l&#8217;avevano fatta\u00bb).<\/p>\n\n\n\n<p>Sono interviste abbastanza lunghe, dal tono confidenziale e, se non altro, riescono normalmente a rendere perfino gradevoli anche quel paio di intervistati che sono, notoriamente, portati a sembrare antipatici. In pi\u00f9 quasi sempre Pacifico sfonda, e riesce a scandagliare in maniera interessante il tema collegato al personaggio che sta intervistando: la mia preferita, a parte quella con Zerocalcare, \u00e8 quella con Giancarlo De Cataldo (che gigioneggia moltissimo) dalla quale viene fuori una bella puntata sullo scrivere e il mestiere del narratore.<\/p>\n\n\n\n<p>Come forse si capisce dal fatto che l&#8217;immagine \u00e8 diversa dalle altre, io lo ascolto su<em> Spreaker<\/em>, ma vedo che sta anche su <em>Spotify<\/em>. La serie di interviste dovrebbe essersi conclusa e attualmente il <em>podcast<\/em> mi pare inattivo, ma vale la pena di recuperarlo.<\/p>\n\n\n\n<div class=\"wp-block-image\"><figure class=\"alignright size-full is-resized\"><img data-attachment-id=\"18776\" data-permalink=\"http:\/\/www.robertosedda.it\/?attachment_id=18776\" data-orig-file=\"https:\/\/i0.wp.com\/www.robertosedda.it\/wp-content\/uploads\/2021\/06\/92-minuti.jpg?fit=1080%2C1920\" data-orig-size=\"1080,1920\" data-comments-opened=\"1\" data-image-meta=\"{&quot;aperture&quot;:&quot;0&quot;,&quot;credit&quot;:&quot;&quot;,&quot;camera&quot;:&quot;STF-L09&quot;,&quot;caption&quot;:&quot;&quot;,&quot;created_timestamp&quot;:&quot;1622294452&quot;,&quot;copyright&quot;:&quot;&quot;,&quot;focal_length&quot;:&quot;0&quot;,&quot;iso&quot;:&quot;0&quot;,&quot;shutter_speed&quot;:&quot;0&quot;,&quot;title&quot;:&quot;&quot;,&quot;orientation&quot;:&quot;0&quot;}\" data-image-title=\"92-minuti\" data-image-description=\"\" data-image-caption=\"\" data-medium-file=\"https:\/\/i0.wp.com\/www.robertosedda.it\/wp-content\/uploads\/2021\/06\/92-minuti.jpg?fit=169%2C300\" data-large-file=\"https:\/\/i0.wp.com\/www.robertosedda.it\/wp-content\/uploads\/2021\/06\/92-minuti.jpg?fit=510%2C907\" decoding=\"async\" loading=\"lazy\" src=\"https:\/\/i0.wp.com\/www.robertosedda.it\/wp-content\/uploads\/2021\/06\/92-minuti.jpg?resize=270%2C480\" alt=\"\" class=\"wp-image-18776\" width=\"270\" height=\"480\" srcset=\"https:\/\/i0.wp.com\/www.robertosedda.it\/wp-content\/uploads\/2021\/06\/92-minuti.jpg?w=1080 1080w, https:\/\/i0.wp.com\/www.robertosedda.it\/wp-content\/uploads\/2021\/06\/92-minuti.jpg?resize=169%2C300 169w, https:\/\/i0.wp.com\/www.robertosedda.it\/wp-content\/uploads\/2021\/06\/92-minuti.jpg?resize=510%2C907 510w, https:\/\/i0.wp.com\/www.robertosedda.it\/wp-content\/uploads\/2021\/06\/92-minuti.jpg?resize=84%2C150 84w, https:\/\/i0.wp.com\/www.robertosedda.it\/wp-content\/uploads\/2021\/06\/92-minuti.jpg?resize=864%2C1536 864w\" sizes=\"(max-width: 270px) 100vw, 270px\" data-recalc-dims=\"1\" \/><\/figure><\/div>\n\n\n\n<h4><em>92 minuti di applausi<\/em><\/h4>\n\n\n\n<p>Alle persone di successo intervistate da Pacifico si possono efficacemente accoppiare le sei puntate di questo <em>podcast<\/em> che intende mettere alla berlina l&#8217;arte contemporanea, giocando sostanzialmente sui pregiudizi del pubblico, il quale, diciamolo, \u00e8 ignorante: ma i curatori del programma scelgono programmaticamente di schierarsi da quella parte, se no non ci sarebbe gioco, mentre a fare il difensore d&#8217;ufficio del capolavoro sotto processo \u00e8 di volta in volta un esperto invitato appositamente.<\/p>\n\n\n\n<p>Si tratta di attacchi, per la verit\u00e0, fin troppo edulcorati e certamente non sferrati fino in fondo o non proposti con cattiveria, anzi. Casomai, se si pu\u00f2 fare una critica, \u00e8 che spesso il gioco delle parti \u00e8 fin troppo trasparente: un po&#8217; di pepe in pi\u00f9 a me non dispiacerebbe e qualche volta il riassuntino redazionale che ridice l&#8217;opinione del critico in modo che il pubblico se lo imprima bene in mente a me fa lo stesso effetto irritante che qualcuno una volta aveva detto a proposito di Borat: \u00ab\u00c8 come se qualcuno ti facesse il solletico sotto le unghie dei piedi\u00bb.<\/p>\n\n\n\n<p>In ogni caso per\u00f2 avercene di pi\u00f9 di programmi divulgativi sull&#8217;arte contemporanea e la cultura <em>pop<\/em>, per di pi\u00f9 gradevoli e tendenzialmente spiritosi.<\/p>\n\n\n\n<div class=\"wp-block-image\"><figure class=\"alignleft size-full is-resized\"><img data-attachment-id=\"18775\" data-permalink=\"http:\/\/www.robertosedda.it\/?attachment_id=18775\" data-orig-file=\"https:\/\/i0.wp.com\/www.robertosedda.it\/wp-content\/uploads\/2021\/06\/Radici.jpg?fit=1080%2C1920\" data-orig-size=\"1080,1920\" data-comments-opened=\"1\" data-image-meta=\"{&quot;aperture&quot;:&quot;0&quot;,&quot;credit&quot;:&quot;&quot;,&quot;camera&quot;:&quot;STF-L09&quot;,&quot;caption&quot;:&quot;&quot;,&quot;created_timestamp&quot;:&quot;1622294373&quot;,&quot;copyright&quot;:&quot;&quot;,&quot;focal_length&quot;:&quot;0&quot;,&quot;iso&quot;:&quot;0&quot;,&quot;shutter_speed&quot;:&quot;0&quot;,&quot;title&quot;:&quot;&quot;,&quot;orientation&quot;:&quot;0&quot;}\" data-image-title=\"Radici\" data-image-description=\"\" data-image-caption=\"\" data-medium-file=\"https:\/\/i0.wp.com\/www.robertosedda.it\/wp-content\/uploads\/2021\/06\/Radici.jpg?fit=169%2C300\" data-large-file=\"https:\/\/i0.wp.com\/www.robertosedda.it\/wp-content\/uploads\/2021\/06\/Radici.jpg?fit=510%2C907\" decoding=\"async\" loading=\"lazy\" src=\"https:\/\/i0.wp.com\/www.robertosedda.it\/wp-content\/uploads\/2021\/06\/Radici.jpg?resize=270%2C480\" alt=\"\" class=\"wp-image-18775\" width=\"270\" height=\"480\" srcset=\"https:\/\/i0.wp.com\/www.robertosedda.it\/wp-content\/uploads\/2021\/06\/Radici.jpg?w=1080 1080w, https:\/\/i0.wp.com\/www.robertosedda.it\/wp-content\/uploads\/2021\/06\/Radici.jpg?resize=169%2C300 169w, https:\/\/i0.wp.com\/www.robertosedda.it\/wp-content\/uploads\/2021\/06\/Radici.jpg?resize=510%2C907 510w, https:\/\/i0.wp.com\/www.robertosedda.it\/wp-content\/uploads\/2021\/06\/Radici.jpg?resize=84%2C150 84w, https:\/\/i0.wp.com\/www.robertosedda.it\/wp-content\/uploads\/2021\/06\/Radici.jpg?resize=864%2C1536 864w\" sizes=\"(max-width: 270px) 100vw, 270px\" data-recalc-dims=\"1\" \/><\/figure><\/div>\n\n\n\n<h4><em>Radici<\/em><\/h4>\n\n\n\n<p>Nel 2018 \u00e8 stato costituito il progetto <em><a href=\"https:\/\/www.nuoveradici.world\/\">Nuove radici.world<\/a><\/em> che aveva l&#8217;obiettivo di realizzare: \u00abuna narrazione corretta sull\u2019immigrazione, svincolata da tesi precostituite, pregiudizi, demagogia e orientamenti politici che influenzano l\u2019opinione pubblica e i comportamenti sociali. Il presupposto originale era l\u2019urgenza di contrastare un dibattito polarizzato, che si basa esclusivamente sulla contrapposizione fra immigrato buono o cattivo. Considerato solo come risorsa o minaccia\u00bb. <em>Radici<\/em> \u00e8 il <em>podcast<\/em> del progetto, che si articola anche in una serie di altre azioni.<\/p>\n\n\n\n<p>Il <em>podcast<\/em> dopo il 2018 \u00e8 stato poi ripreso in maniera saltuaria (l&#8217;ultima puntata \u00e8 giusto del mese scorso). Devo dire che a me, a fronte di tutte le buone intenzioni di oggettivit\u00e0, sembra essere un <em>podcast<\/em> piuttosto (molto? moltissimo?) schierato, e d&#8217;altra parte per certi aspetti direi che considerati le problematiche e gli antagonisti ci mancherebbe pure altro, quindi magari la polemica sull&#8217;oggettivit\u00e0 la possiamo rimandare. <\/p>\n\n\n\n<p>In ogni caso quello che \u00e8 interessante sono le voci e le vicende dei protagonisti e in particolare di quei cittadini italiani che provengono da famiglie i cui componenti originariamente erano immigrati in Italia, all&#8217;esperienza dei quali la sensibilit\u00e0 del <em>podcast<\/em> mi sembra principalmente orientata (e questa importanza delle voci \u00e8 pure il motivo per il quale ho messo questo <em>podcast<\/em> fra le interviste e non fra le inchieste).<\/p>\n\n\n\n<h3>Narrazioni<\/h3>\n\n\n\n<div class=\"wp-block-image\"><figure class=\"alignright size-full is-resized\"><img data-attachment-id=\"18800\" data-permalink=\"http:\/\/www.robertosedda.it\/?attachment_id=18800\" data-orig-file=\"https:\/\/i0.wp.com\/www.robertosedda.it\/wp-content\/uploads\/2021\/06\/Screenshot_20210603_180727_it.radiorai.jpg?fit=1080%2C1920\" data-orig-size=\"1080,1920\" data-comments-opened=\"1\" data-image-meta=\"{&quot;aperture&quot;:&quot;0&quot;,&quot;credit&quot;:&quot;&quot;,&quot;camera&quot;:&quot;STF-L09&quot;,&quot;caption&quot;:&quot;&quot;,&quot;created_timestamp&quot;:&quot;1622743647&quot;,&quot;copyright&quot;:&quot;&quot;,&quot;focal_length&quot;:&quot;0&quot;,&quot;iso&quot;:&quot;0&quot;,&quot;shutter_speed&quot;:&quot;0&quot;,&quot;title&quot;:&quot;&quot;,&quot;orientation&quot;:&quot;1&quot;}\" data-image-title=\"Screenshot_20210603_180727_it.radiorai\" data-image-description=\"\" data-image-caption=\"\" data-medium-file=\"https:\/\/i0.wp.com\/www.robertosedda.it\/wp-content\/uploads\/2021\/06\/Screenshot_20210603_180727_it.radiorai.jpg?fit=169%2C300\" data-large-file=\"https:\/\/i0.wp.com\/www.robertosedda.it\/wp-content\/uploads\/2021\/06\/Screenshot_20210603_180727_it.radiorai.jpg?fit=510%2C907\" decoding=\"async\" loading=\"lazy\" src=\"https:\/\/i0.wp.com\/www.robertosedda.it\/wp-content\/uploads\/2021\/06\/Screenshot_20210603_180727_it.radiorai.jpg?resize=270%2C480\" alt=\"\" class=\"wp-image-18800\" width=\"270\" height=\"480\" srcset=\"https:\/\/i0.wp.com\/www.robertosedda.it\/wp-content\/uploads\/2021\/06\/Screenshot_20210603_180727_it.radiorai.jpg?w=1080 1080w, https:\/\/i0.wp.com\/www.robertosedda.it\/wp-content\/uploads\/2021\/06\/Screenshot_20210603_180727_it.radiorai.jpg?resize=169%2C300 169w, https:\/\/i0.wp.com\/www.robertosedda.it\/wp-content\/uploads\/2021\/06\/Screenshot_20210603_180727_it.radiorai.jpg?resize=510%2C907 510w, https:\/\/i0.wp.com\/www.robertosedda.it\/wp-content\/uploads\/2021\/06\/Screenshot_20210603_180727_it.radiorai.jpg?resize=84%2C150 84w, https:\/\/i0.wp.com\/www.robertosedda.it\/wp-content\/uploads\/2021\/06\/Screenshot_20210603_180727_it.radiorai.jpg?resize=864%2C1536 864w\" sizes=\"(max-width: 270px) 100vw, 270px\" data-recalc-dims=\"1\" \/><\/figure><\/div>\n\n\n\n<h4><em>Amn\u00e8sia<\/em><\/h4>\n\n\n\n<p>Matteo Caccia \u00e8 un altro autore radiofonico che, finch\u00e9 ho potuto, ho seguito con molta attenzione (vedo ora che ha dei <em>podcast<\/em> nuovi su altre piattaforme, e magari recuperer\u00f2 il tempo perduto.<\/p>\n\n\n\n<p>Ho di <em>Amn\u00e8sia<\/em> un ricordo molto preciso di ascolti in automobile mentre scorrazzavo per diversi motivi su strade improponibili della Sardegna. Caccia raccontava, con un taglio molto realistico e coinvolgente la storia di una persona, lui stesso, che aveva perso la memoria per un incidente e il percorso, faticosissimo, per ricostruirsi un&#8217;identit\u00e0, recuperare il suo ruolo sociale e prima ancora, quello familiare e degli affetti. <\/p>\n\n\n\n<p>Credo che nella radio italiana fosse dai tempi di <em>Jack Folla &#8211; un DJ nel braccio della morte<\/em> che non ci fosse un programma che programmaticamente confondeva cos\u00ec profondamente i confini fra realt\u00e0 e possibile finzione, lasciando lo spettatore in un limbo che inevitabilmente creava una dimensione di immedesimazione molto profonda. <\/p>\n\n\n\n<p>Devo dire che ai tempi la casualit\u00e0 dell&#8217;ascolto automobilistico non mi permise di seguire la trasmissione fino alla conclusione: tutt&#8217;ora non ho sentito l&#8217;ultima puntata nella quale Caccia aveva promesso di rivelare la verit\u00e0 sulla storia, e nei miei giri intorno al terrazzo non sono ancora arrivato a riconcedermi il piacere di risolvere finalmente il mistero. <\/p>\n\n\n\n<div class=\"wp-block-image\"><figure class=\"alignleft size-full is-resized\"><img data-attachment-id=\"18817\" data-permalink=\"http:\/\/www.robertosedda.it\/?attachment_id=18817\" data-orig-file=\"https:\/\/i0.wp.com\/www.robertosedda.it\/wp-content\/uploads\/2021\/06\/Screenshot_20210604_102509_com.audible.application.jpg?fit=1080%2C1920\" data-orig-size=\"1080,1920\" data-comments-opened=\"1\" data-image-meta=\"{&quot;aperture&quot;:&quot;0&quot;,&quot;credit&quot;:&quot;&quot;,&quot;camera&quot;:&quot;STF-L09&quot;,&quot;caption&quot;:&quot;&quot;,&quot;created_timestamp&quot;:&quot;1622802309&quot;,&quot;copyright&quot;:&quot;&quot;,&quot;focal_length&quot;:&quot;0&quot;,&quot;iso&quot;:&quot;0&quot;,&quot;shutter_speed&quot;:&quot;0&quot;,&quot;title&quot;:&quot;&quot;,&quot;orientation&quot;:&quot;0&quot;}\" data-image-title=\"Screenshot_20210604_102509_com.audible.application\" data-image-description=\"\" data-image-caption=\"\" data-medium-file=\"https:\/\/i0.wp.com\/www.robertosedda.it\/wp-content\/uploads\/2021\/06\/Screenshot_20210604_102509_com.audible.application.jpg?fit=169%2C300\" data-large-file=\"https:\/\/i0.wp.com\/www.robertosedda.it\/wp-content\/uploads\/2021\/06\/Screenshot_20210604_102509_com.audible.application.jpg?fit=510%2C907\" decoding=\"async\" loading=\"lazy\" src=\"https:\/\/i0.wp.com\/www.robertosedda.it\/wp-content\/uploads\/2021\/06\/Screenshot_20210604_102509_com.audible.application.jpg?resize=270%2C480\" alt=\"\" class=\"wp-image-18817\" width=\"270\" height=\"480\" srcset=\"https:\/\/i0.wp.com\/www.robertosedda.it\/wp-content\/uploads\/2021\/06\/Screenshot_20210604_102509_com.audible.application.jpg?w=1080 1080w, https:\/\/i0.wp.com\/www.robertosedda.it\/wp-content\/uploads\/2021\/06\/Screenshot_20210604_102509_com.audible.application.jpg?resize=169%2C300 169w, https:\/\/i0.wp.com\/www.robertosedda.it\/wp-content\/uploads\/2021\/06\/Screenshot_20210604_102509_com.audible.application.jpg?resize=510%2C907 510w, https:\/\/i0.wp.com\/www.robertosedda.it\/wp-content\/uploads\/2021\/06\/Screenshot_20210604_102509_com.audible.application.jpg?resize=84%2C150 84w, https:\/\/i0.wp.com\/www.robertosedda.it\/wp-content\/uploads\/2021\/06\/Screenshot_20210604_102509_com.audible.application.jpg?resize=864%2C1536 864w\" sizes=\"(max-width: 270px) 100vw, 270px\" data-recalc-dims=\"1\" \/><\/figure><\/div>\n\n\n\n<h4><em>Sandman<\/em><\/h4>\n\n\n\n<p>Ho fatto l&#8217;abbonamento a <em>Audible<\/em> solo per poter ascoltare la drammatizzazione di <em>Sandman<\/em>, fumetto di culto di Neil Gaiman. Non \u00e8 esattamente un audiolibroma si tratta appunto di una drammatizzazione &#8211; un po&#8217; come i vecchi radiodrammi della <em>RAI<\/em>, tipo il famoso<em> Il mercante di fiori<\/em>: ci sono quindi pi\u00f9 voci, un narratore e pi\u00f9 personaggi, effetti sonori e rumori di fondo, come se i dialoghi fossero registrati in presa diretta.<\/p>\n\n\n\n<p>Il lavoro fatto \u00e8 di grandissima qualit\u00e0 e riesce a essere da una parte estremamente fedele al fumetto e dall&#8217;altra costruisce efficemente un&#8217;identit\u00e0 artistica autonoma al prodotto, (rendendolo molto apprezzabile anche a chi il fumetto non l&#8217;ha mai letto), un risultato per niente banale.<\/p>\n\n\n\n<p>Non l&#8217;ho ancora finito: per uno strano vezzo limito l&#8217;ascolto alle passeggiate domenicali. Per il momento colgo molto di pi\u00f9 che nella lettura l&#8217;impostazione <em>dark<\/em> e direttamente <em>horror<\/em> del fumetto: sinora, non avendolo letto tutto ma solo alcune raccolte, ricordavo molto di pi\u00f9 le dimensioni patetiche e liriche e la capacit\u00e0 di costruzione del mondo. Uno dei dubbi che ho \u00e8 se nell&#8217;audiodramma \u00e8 possibile rendere con efficacia la coralit\u00e0 che \u00e8 una delle caratteristiche della serie: nel fumetto se hai il dubbio che un personaggio sia gi\u00e0 comparso vai a recuperare la puntata precedente, con i file audio non \u00e8 cos\u00ec semplice.<\/p>\n\n\n\n<p>L&#8217;altro rimpianto che ho \u00e8 che, per qualche strana configurazione, <em>Audible<\/em> mi propone solo la versione in italiano: per me \u00e8 certamente pi\u00f9 fruibile e Roberto Pedicini e gli altri sono bravissimi, per\u00f2 avrei voluto molto provare a sentire come suonava nell&#8217;originale.<\/p>\n\n\n\n<div class=\"wp-block-image\"><figure class=\"alignright size-full is-resized\"><img data-attachment-id=\"18798\" data-permalink=\"http:\/\/www.robertosedda.it\/?attachment_id=18798\" data-orig-file=\"https:\/\/i0.wp.com\/www.robertosedda.it\/wp-content\/uploads\/2021\/06\/Screenshot_20210529_141551_it.radiorai.jpg?fit=1080%2C1920\" data-orig-size=\"1080,1920\" data-comments-opened=\"1\" data-image-meta=\"{&quot;aperture&quot;:&quot;0&quot;,&quot;credit&quot;:&quot;&quot;,&quot;camera&quot;:&quot;STF-L09&quot;,&quot;caption&quot;:&quot;&quot;,&quot;created_timestamp&quot;:&quot;1622297751&quot;,&quot;copyright&quot;:&quot;&quot;,&quot;focal_length&quot;:&quot;0&quot;,&quot;iso&quot;:&quot;0&quot;,&quot;shutter_speed&quot;:&quot;0&quot;,&quot;title&quot;:&quot;&quot;,&quot;orientation&quot;:&quot;0&quot;}\" data-image-title=\"Screenshot_20210529_141551_it.radiorai\" data-image-description=\"\" data-image-caption=\"\" data-medium-file=\"https:\/\/i0.wp.com\/www.robertosedda.it\/wp-content\/uploads\/2021\/06\/Screenshot_20210529_141551_it.radiorai.jpg?fit=169%2C300\" data-large-file=\"https:\/\/i0.wp.com\/www.robertosedda.it\/wp-content\/uploads\/2021\/06\/Screenshot_20210529_141551_it.radiorai.jpg?fit=510%2C907\" decoding=\"async\" loading=\"lazy\" src=\"https:\/\/i0.wp.com\/www.robertosedda.it\/wp-content\/uploads\/2021\/06\/Screenshot_20210529_141551_it.radiorai.jpg?resize=270%2C480\" alt=\"\" class=\"wp-image-18798\" width=\"270\" height=\"480\" srcset=\"https:\/\/i0.wp.com\/www.robertosedda.it\/wp-content\/uploads\/2021\/06\/Screenshot_20210529_141551_it.radiorai.jpg?w=1080 1080w, https:\/\/i0.wp.com\/www.robertosedda.it\/wp-content\/uploads\/2021\/06\/Screenshot_20210529_141551_it.radiorai.jpg?resize=169%2C300 169w, https:\/\/i0.wp.com\/www.robertosedda.it\/wp-content\/uploads\/2021\/06\/Screenshot_20210529_141551_it.radiorai.jpg?resize=510%2C907 510w, https:\/\/i0.wp.com\/www.robertosedda.it\/wp-content\/uploads\/2021\/06\/Screenshot_20210529_141551_it.radiorai.jpg?resize=84%2C150 84w, https:\/\/i0.wp.com\/www.robertosedda.it\/wp-content\/uploads\/2021\/06\/Screenshot_20210529_141551_it.radiorai.jpg?resize=864%2C1536 864w\" sizes=\"(max-width: 270px) 100vw, 270px\" data-recalc-dims=\"1\" \/><\/figure><\/div>\n\n\n\n<h4><em>Ad alta voce<\/em><\/h4>\n\n\n\n<p><em>Ad alta voce<\/em>, come altre cose che ascolto su <em>RaiPlay<\/em>, non \u00e8 propriamente un <em>podcast<\/em> quanto la registrazione scaricabile di un programma radiofonico: in questo caso una raccolta di audiolibri, letti a puntate ogni giorno su <em>Radio 3<\/em>. <\/p>\n\n\n\n<p>Essendo una trasmissione che va avanti da anni la scelta \u00e8 ovviamente amplissima, fra l&#8217;altro con un taglio internazionale pi\u00f9 che apprezzabile, e i lettori di grande qualit\u00e0, anzi, spesso l&#8217;occasione per una rassegna del meglio del teatro italiano.<\/p>\n\n\n\n<p>Vedo che purtroppo ogni tanto alcune delle letture, pur indicate, risultano indisponibili per questioni legate ai diritti d&#8217;autore; anche cos\u00ec, comunque, la quantit\u00e0 e qualit\u00e0 offerta da <em>Ad alta voce<\/em> merita la registrazione alla applicazione di <em>RaiPlay<\/em>. <\/p>\n\n\n\n<p>Fra i miei ascolti preferiti, le varie letture di Hemingway di Elio Fantastichini, <em>Un anno sull&#8217;altipiano<\/em> letto da Marco Paolini, <em>La vergine in giardino<\/em> di Antonia S. Byatt letta da Anna Bonaiuto (una voce ricorrente) e <em>Fame<\/em> di Knut Hamsun letto da Elia Schilton. Considerato che da solo non avrei mai letto n\u00e9 <em>La vergine in giardino<\/em> che <em>Fame<\/em> n\u00e9 diverse altre cose non posso che elevare lodi al programma.<\/p>\n\n\n\n<h3>Fuori sacco<\/h3>\n\n\n\n<div class=\"wp-block-image\"><figure class=\"alignleft size-full is-resized\"><img data-attachment-id=\"18792\" data-permalink=\"http:\/\/www.robertosedda.it\/?attachment_id=18792\" data-orig-file=\"https:\/\/i0.wp.com\/www.robertosedda.it\/wp-content\/uploads\/2021\/06\/Screenshot_20210529_132702_com.spotify.music_.jpg?fit=1080%2C1920\" data-orig-size=\"1080,1920\" data-comments-opened=\"1\" data-image-meta=\"{&quot;aperture&quot;:&quot;0&quot;,&quot;credit&quot;:&quot;&quot;,&quot;camera&quot;:&quot;STF-L09&quot;,&quot;caption&quot;:&quot;&quot;,&quot;created_timestamp&quot;:&quot;1622294822&quot;,&quot;copyright&quot;:&quot;&quot;,&quot;focal_length&quot;:&quot;0&quot;,&quot;iso&quot;:&quot;0&quot;,&quot;shutter_speed&quot;:&quot;0&quot;,&quot;title&quot;:&quot;&quot;,&quot;orientation&quot;:&quot;0&quot;}\" data-image-title=\"Screenshot_20210529_132702_com.spotify.music_\" data-image-description=\"\" data-image-caption=\"\" data-medium-file=\"https:\/\/i0.wp.com\/www.robertosedda.it\/wp-content\/uploads\/2021\/06\/Screenshot_20210529_132702_com.spotify.music_.jpg?fit=169%2C300\" data-large-file=\"https:\/\/i0.wp.com\/www.robertosedda.it\/wp-content\/uploads\/2021\/06\/Screenshot_20210529_132702_com.spotify.music_.jpg?fit=510%2C907\" decoding=\"async\" loading=\"lazy\" src=\"https:\/\/i0.wp.com\/www.robertosedda.it\/wp-content\/uploads\/2021\/06\/Screenshot_20210529_132702_com.spotify.music_.jpg?resize=270%2C480\" alt=\"\" class=\"wp-image-18792\" width=\"270\" height=\"480\" srcset=\"https:\/\/i0.wp.com\/www.robertosedda.it\/wp-content\/uploads\/2021\/06\/Screenshot_20210529_132702_com.spotify.music_.jpg?w=1080 1080w, https:\/\/i0.wp.com\/www.robertosedda.it\/wp-content\/uploads\/2021\/06\/Screenshot_20210529_132702_com.spotify.music_.jpg?resize=169%2C300 169w, https:\/\/i0.wp.com\/www.robertosedda.it\/wp-content\/uploads\/2021\/06\/Screenshot_20210529_132702_com.spotify.music_.jpg?resize=510%2C907 510w, https:\/\/i0.wp.com\/www.robertosedda.it\/wp-content\/uploads\/2021\/06\/Screenshot_20210529_132702_com.spotify.music_.jpg?resize=84%2C150 84w, https:\/\/i0.wp.com\/www.robertosedda.it\/wp-content\/uploads\/2021\/06\/Screenshot_20210529_132702_com.spotify.music_.jpg?resize=864%2C1536 864w\" sizes=\"(max-width: 270px) 100vw, 270px\" data-recalc-dims=\"1\" \/><\/figure><\/div>\n\n\n\n<h4><em>Guys we f****d<\/em><\/h4>\n\n\n\n<p>Cio\u00e8: <em>Guys we fucked<\/em>, che sarebbe <em>Tizi che ci siamo scopate<\/em>. Anche questo viene dagli elenchi sui <em>podcast<\/em> imperdibili che ho consultato all&#8217;inizio, e prometteva un punto di vista  vivace e divertente (le conduttrici sono un duo comico) e programmaticamente irriverente: la premessa era che ogni ospite della trasmissione avrebbe avuto la caratteristica di avere fatto sesso, in passato, con una delle conduttrici (il che, peraltro, poneva dei problemi di approvvigionamento, nonch\u00e9 come sostituire a eventuali assenze dell&#8217;ultimo minuto). Vedo ora che attualmente chi va in studio ha solo occasionalmente questa caratteristica, quindi evidentemente i prerequisiti sono cambiati.<\/p>\n\n\n\n<p>Devo dire che i miei ascolti sono stati molto saltuari perch\u00e9 l&#8217;inglese \u00e8, in questo caso, troppo difficile per me, non solo per il linguaggio ma anche perch\u00e9 mitragliato a una velocit\u00e0 difficilmente gestibile. Ho anche l&#8217;impressione che se ci capissi di pi\u00f9 scoprirei che in fondo in fondo la visione del sesso e delle relazioni sentimentali, per non parlare dell&#8217;impostazione politica, non mi trova esattamente concorde. D&#8217;altra parte \u00e8 indubitabilmente un&#8217;operazione coraggiosa che viene ormai condotta da decine di puntate senza apparentemente deragliare, quindi credo meriti ogni tanto un tentativo di ascolto, se non altro per restare in sintonia col paese real&#8230; ah no, scusate.<\/p>\n","protected":false},"excerpt":{"rendered":"<p>A fine agosto dell&#8217;anno scorso, quando gi\u00e0 si intuiva che avremmo passato altri lunghi mesi pi\u00f9 o meno reclusi, ho<\/p>\n","protected":false},"author":1,"featured_media":18750,"comment_status":"open","ping_status":"open","sticky":false,"template":"","format":"standard","meta":{"_mi_skip_tracking":false,"_monsterinsights_sitenote_active":false,"_monsterinsights_sitenote_note":"","_monsterinsights_sitenote_category":0,"jetpack_post_was_ever_published":false,"_jetpack_newsletter_access":"","jetpack_publicize_message":"","jetpack_is_tweetstorm":false,"jetpack_publicize_feature_enabled":true,"jetpack_social_post_already_shared":true,"jetpack_social_options":{"image_generator_settings":{"template":"highway","enabled":false}}},"categories":[52,64,55,15,12],"tags":[],"jetpack_publicize_connections":[],"jetpack_featured_media_url":"https:\/\/i0.wp.com\/www.robertosedda.it\/wp-content\/uploads\/2021\/05\/La-riserva.jpg?fit=494%2C879","jetpack_sharing_enabled":true,"jetpack_shortlink":"https:\/\/wp.me\/p4jV2T-4RZ","jetpack_likes_enabled":true,"jetpack-related-posts":[{"id":14970,"url":"http:\/\/www.robertosedda.it\/?p=14970","url_meta":{"origin":18723,"position":0},"title":"La mattina, quando mi alzo&#8230;","author":"Rufus","date":"06\/04\/2018","format":false,"excerpt":"Cagliari Inedei \u00e8 un programma su\u00a0Radio X\u00a0inventato e curato da Cristina Marras che cerca di raccontare la nostra citt\u00e0 e la sua vita attraverso delle piccolissime pillole di racconti della giornata tipo dei suoi abitanti, fatti dalla loro stessa voce raccolta in maniera molto spontanea. Cos'\u00e8 una citt\u00e0 se non\u2026","rel":"","context":"In &quot;Coordinate&quot;","block_context":{"text":"Coordinate","link":"http:\/\/www.robertosedda.it\/?cat=52"},"img":{"alt_text":"","src":"https:\/\/i0.wp.com\/www.robertosedda.it\/wp-content\/uploads\/2018\/04\/cagliari-inedeilogo-620x350.jpg?fit=620%2C350&resize=350%2C200","width":350,"height":200},"classes":[]},{"id":556,"url":"http:\/\/www.robertosedda.it\/?p=556","url_meta":{"origin":18723,"position":1},"title":"Camminando si apre cammino","author":"Rufus","date":"22\/08\/2012","format":false,"excerpt":"Per una strana\u00a0 fortunata coincidenza, la Nuova Sardegna di ieri ha pubblicato in due pagine successive sia la notizia dell\u2019inaugurazione del\u00a0sentiero Frassati della Sardegna sia la notizia di\u00a0Caminantes, un convegno di studi che da oggi fino a domenica, a Sedilo, mette a confronto sul tema del pellegrinaggio religioso in Sardegna\u2026","rel":"","context":"In &quot;Coordinate&quot;","block_context":{"text":"Coordinate","link":"http:\/\/www.robertosedda.it\/?cat=52"},"img":{"alt_text":"","src":"","width":0,"height":0},"classes":[]},{"id":15174,"url":"http:\/\/www.robertosedda.it\/?p=15174","url_meta":{"origin":18723,"position":2},"title":"Latino fish and chips","author":"Rufus","date":"17\/05\/2018","format":false,"excerpt":"Nei miei vagabondaggi sulla rete mi sono imbattuto in un\u00a0blog (e\u00a0podcast) divertente dedicato alla storia romana, che si chiama\u00a0Totalus rankium. La traduzione\u00a0sarebbe qualcosa del tipo \"classifica globale\" in un latino inglesizzato - sarei stato tentato di definirlo\u00a0latino\u00a0maccheronico\u00a0ma gli inglesi non mangiano spaghetti e insomma, boh. Il sito \u00e8 un delizioso\u2026","rel":"","context":"In &quot;Coordinate&quot;","block_context":{"text":"Coordinate","link":"http:\/\/www.robertosedda.it\/?cat=52"},"img":{"alt_text":"","src":"https:\/\/i0.wp.com\/www.robertosedda.it\/wp-content\/uploads\/2018\/05\/Totalium-rankium-1.jpg?fit=700%2C1094&resize=350%2C200","width":350,"height":200,"srcset":"https:\/\/i0.wp.com\/www.robertosedda.it\/wp-content\/uploads\/2018\/05\/Totalium-rankium-1.jpg?fit=700%2C1094&resize=350%2C200 1x, https:\/\/i0.wp.com\/www.robertosedda.it\/wp-content\/uploads\/2018\/05\/Totalium-rankium-1.jpg?fit=700%2C1094&resize=700%2C400 2x"},"classes":[]},{"id":9667,"url":"http:\/\/www.robertosedda.it\/?p=9667","url_meta":{"origin":18723,"position":3},"title":"Piccole incursioni radiofoniche (filopalestinesi?)","author":"Rufus","date":"25\/02\/2015","format":false,"excerpt":"Ieri ho giocato una piccola parte in commedia in un tentativo di sensibilizzare l'opinione pubblica sul tema del riconoscimento dello Stato di Palestina. Concretamente? Ho telefonato a Prima pagina, la rassegna dei quotidiani nazionali su Radio3,\u00a0 per porre la questione. Chi \u00e8 curioso pu\u00f2 ascoltare il podcast: la mia domanda\u2026","rel":"","context":"In &quot;Coordinate&quot;","block_context":{"text":"Coordinate","link":"http:\/\/www.robertosedda.it\/?cat=52"},"img":{"alt_text":"","src":"https:\/\/i0.wp.com\/www.robertosedda.it\/wp-content\/uploads\/2015\/02\/Tutta-la-citt\u00e0-ne-parla.jpg?fit=640%2C360&resize=350%2C200","width":350,"height":200},"classes":[]},{"id":20883,"url":"http:\/\/www.robertosedda.it\/?p=20883","url_meta":{"origin":18723,"position":4},"title":"Indiani e pionieri","author":"Rufus","date":"28\/01\/2026","format":false,"excerpt":"Ieri, segnalando Dark Winds, ho raccontato con un certo scetticismo del suo tono anticoloniale o comunque critico riguardo al trattamento, negli anni '60 del secolo scorso, non nel '700 e '800, dei nativi americani (quelli che in Canada e Australia sono definiti Primi Popoli). Mi sono chiesto, dopo aver pubblicato\u2026","rel":"","context":"In &quot;Coordinate&quot;","block_context":{"text":"Coordinate","link":"http:\/\/www.robertosedda.it\/?cat=52"},"img":{"alt_text":"","src":"https:\/\/i0.wp.com\/www.robertosedda.it\/wp-content\/uploads\/2026\/01\/MV5BNWUxYzAxZmQtMDcyMC00ZjhmLTljZWItZGI5MWNkM2ViYjE1XkEyXkFqcGc@._V1_-scaled.jpg?resize=350%2C200","width":350,"height":200,"srcset":"https:\/\/i0.wp.com\/www.robertosedda.it\/wp-content\/uploads\/2026\/01\/MV5BNWUxYzAxZmQtMDcyMC00ZjhmLTljZWItZGI5MWNkM2ViYjE1XkEyXkFqcGc@._V1_-scaled.jpg?resize=350%2C200 1x, https:\/\/i0.wp.com\/www.robertosedda.it\/wp-content\/uploads\/2026\/01\/MV5BNWUxYzAxZmQtMDcyMC00ZjhmLTljZWItZGI5MWNkM2ViYjE1XkEyXkFqcGc@._V1_-scaled.jpg?resize=700%2C400 2x, https:\/\/i0.wp.com\/www.robertosedda.it\/wp-content\/uploads\/2026\/01\/MV5BNWUxYzAxZmQtMDcyMC00ZjhmLTljZWItZGI5MWNkM2ViYjE1XkEyXkFqcGc@._V1_-scaled.jpg?resize=1050%2C600 3x, https:\/\/i0.wp.com\/www.robertosedda.it\/wp-content\/uploads\/2026\/01\/MV5BNWUxYzAxZmQtMDcyMC00ZjhmLTljZWItZGI5MWNkM2ViYjE1XkEyXkFqcGc@._V1_-scaled.jpg?resize=1400%2C800 4x"},"classes":[]},{"id":7441,"url":"http:\/\/www.robertosedda.it\/?p=7441","url_meta":{"origin":18723,"position":5},"title":"Gialli al femminile: \u00abuna ragazzina lo sai che io son per te\u00bb","author":"Rufus","date":"16\/05\/2014","format":"video","excerpt":"Prima di tutto credo di dover spiegare il titolo: il riferimento \u00e8 a una canzone di Sylvie Vartan dell'epoca della mia infanzia, Come un ragazzo http:\/\/www.youtube.com\/watch?v=cllAhRvHk3s Sara Paretsky, Linda Barnes e Sue Grafton La puntata di Oggi parliamo di libri trasmessa nella settimana dell'8 marzo era dedicata, con un accostamento\u2026","rel":"","context":"In &quot;Coordinate&quot;","block_context":{"text":"Coordinate","link":"http:\/\/www.robertosedda.it\/?cat=52"},"img":{"alt_text":"","src":"https:\/\/i0.wp.com\/img.youtube.com\/vi\/cllAhRvHk3s\/0.jpg?resize=350%2C200","width":350,"height":200},"classes":[]}],"_links":{"self":[{"href":"http:\/\/www.robertosedda.it\/index.php?rest_route=\/wp\/v2\/posts\/18723"}],"collection":[{"href":"http:\/\/www.robertosedda.it\/index.php?rest_route=\/wp\/v2\/posts"}],"about":[{"href":"http:\/\/www.robertosedda.it\/index.php?rest_route=\/wp\/v2\/types\/post"}],"author":[{"embeddable":true,"href":"http:\/\/www.robertosedda.it\/index.php?rest_route=\/wp\/v2\/users\/1"}],"replies":[{"embeddable":true,"href":"http:\/\/www.robertosedda.it\/index.php?rest_route=%2Fwp%2Fv2%2Fcomments&post=18723"}],"version-history":[{"count":19,"href":"http:\/\/www.robertosedda.it\/index.php?rest_route=\/wp\/v2\/posts\/18723\/revisions"}],"predecessor-version":[{"id":18818,"href":"http:\/\/www.robertosedda.it\/index.php?rest_route=\/wp\/v2\/posts\/18723\/revisions\/18818"}],"wp:featuredmedia":[{"embeddable":true,"href":"http:\/\/www.robertosedda.it\/index.php?rest_route=\/wp\/v2\/media\/18750"}],"wp:attachment":[{"href":"http:\/\/www.robertosedda.it\/index.php?rest_route=%2Fwp%2Fv2%2Fmedia&parent=18723"}],"wp:term":[{"taxonomy":"category","embeddable":true,"href":"http:\/\/www.robertosedda.it\/index.php?rest_route=%2Fwp%2Fv2%2Fcategories&post=18723"},{"taxonomy":"post_tag","embeddable":true,"href":"http:\/\/www.robertosedda.it\/index.php?rest_route=%2Fwp%2Fv2%2Ftags&post=18723"}],"curies":[{"name":"wp","href":"https:\/\/api.w.org\/{rel}","templated":true}]}}