{"id":18659,"date":"2021-05-07T11:53:09","date_gmt":"2021-05-07T09:53:09","guid":{"rendered":"http:\/\/www.robertosedda.it\/?p=18659"},"modified":"2025-05-08T15:52:30","modified_gmt":"2025-05-08T13:52:30","slug":"molto-ordinario","status":"publish","type":"post","link":"http:\/\/www.robertosedda.it\/?p=18659","title":{"rendered":"Molto ordinario"},"content":{"rendered":"\n<figure class=\"wp-block-image alignright size-medium\"><img data-attachment-id=\"18660\" data-permalink=\"http:\/\/www.robertosedda.it\/?attachment_id=18660\" data-orig-file=\"https:\/\/i0.wp.com\/www.robertosedda.it\/wp-content\/uploads\/2021\/05\/Locke-Lamora.gif?fit=1000%2C1535\" data-orig-size=\"1000,1535\" data-comments-opened=\"1\" data-image-meta=\"{&quot;aperture&quot;:&quot;0&quot;,&quot;credit&quot;:&quot;&quot;,&quot;camera&quot;:&quot;&quot;,&quot;caption&quot;:&quot;&quot;,&quot;created_timestamp&quot;:&quot;0&quot;,&quot;copyright&quot;:&quot;&quot;,&quot;focal_length&quot;:&quot;0&quot;,&quot;iso&quot;:&quot;0&quot;,&quot;shutter_speed&quot;:&quot;0&quot;,&quot;title&quot;:&quot;&quot;,&quot;orientation&quot;:&quot;0&quot;}\" data-image-title=\"Locke-Lamora\" data-image-description=\"\" data-image-caption=\"\" data-medium-file=\"https:\/\/i0.wp.com\/www.robertosedda.it\/wp-content\/uploads\/2021\/05\/Locke-Lamora.gif?fit=195%2C300\" data-large-file=\"https:\/\/i0.wp.com\/www.robertosedda.it\/wp-content\/uploads\/2021\/05\/Locke-Lamora.gif?fit=510%2C783\" decoding=\"async\" loading=\"lazy\" width=\"195\" height=\"300\" src=\"https:\/\/i0.wp.com\/www.robertosedda.it\/wp-content\/uploads\/2021\/05\/Locke-Lamora.gif?resize=195%2C300\" alt=\"\" class=\"wp-image-18660\" srcset=\"https:\/\/i0.wp.com\/www.robertosedda.it\/wp-content\/uploads\/2021\/05\/Locke-Lamora.gif?resize=195%2C300 195w, https:\/\/i0.wp.com\/www.robertosedda.it\/wp-content\/uploads\/2021\/05\/Locke-Lamora.gif?resize=510%2C783 510w, https:\/\/i0.wp.com\/www.robertosedda.it\/wp-content\/uploads\/2021\/05\/Locke-Lamora.gif?resize=98%2C150 98w\" sizes=\"(max-width: 195px) 100vw, 195px\" data-recalc-dims=\"1\" \/><\/figure>\n\n\n\n<p>Ieri ho visto in rete una battuta di Scott Lynch (l&#8217;autore della bella serie di romanzi <em>fantasy<\/em> su Locke Lamora e un altro degli scrittori che seguo su <em>Twitter<\/em>) che pi\u00f9 o meno diceva: \u00abHo dei fastidi di salute dalla cause non chiare e ho fatto un&#8217;ecografia. Nel referto il medico ha scritto che il mio pancreas \u00e8 <em>ordinario<\/em>. Ehi &#8216;fanculo, non tutti siamo potuti andare nelle vostre universit\u00e0 fighette di pancreas del cazzo\u00bb.<\/p>\n\n\n\n<p>L&#8217;ho letta e ho pensato che la frase rispecchia benissimo i tempi e quel vittimismo isterico misto ad aggressivit\u00e0 dal quale siamo circondati e poi ho pensato che per\u00f2 ragionando cos\u00ec si finisce per delegittimare quelle giuste lotte contro le vere discriminazioni che devono suscitare indignazione e solidariet\u00e0 e non essere degradate a vittimismo isterico ma poi ho pensato che per\u00f2 se uno \u00e8 vittimista isterico glielo si deve dire perch\u00e9 comunque la sua piccineria indebolisce le giuste e sacrosante lotte contro la discriminazione e per\u00f2 ho pensato che queste cose alla \u00abmanca l&#8217;analisi e poi non ho l&#8217;elmetto\u00bb sono cose davvero da <em>boomer<\/em> e per\u00f2 ho pensato sar\u00f2 <em>boomer<\/em> ma quelli oltre che vittimisti isterici sono pure cretini e niente, ho pensato che \u00e8 un mondo difficile.<\/p>\n\n\n\n<p>Ci tocca sbagliare da professionisti.<\/p>\n","protected":false},"excerpt":{"rendered":"<p>Ieri ho visto in rete una battuta di Scott Lynch (l&#8217;autore della bella serie di romanzi fantasy su Locke Lamora<\/p>\n","protected":false},"author":1,"featured_media":18660,"comment_status":"open","ping_status":"open","sticky":false,"template":"","format":"standard","meta":{"_mi_skip_tracking":false,"_monsterinsights_sitenote_active":false,"_monsterinsights_sitenote_note":"","_monsterinsights_sitenote_category":0,"jetpack_post_was_ever_published":false,"_jetpack_newsletter_access":"","jetpack_publicize_message":"Molto ordinario. E vittimista isterico. O boomer. O forse tutti e due.","jetpack_is_tweetstorm":false,"jetpack_publicize_feature_enabled":true,"jetpack_social_post_already_shared":true,"jetpack_social_options":{"image_generator_settings":{"template":"highway","enabled":false}}},"categories":[52,57,17,59,16],"tags":[],"jetpack_publicize_connections":[],"jetpack_featured_media_url":"https:\/\/i0.wp.com\/www.robertosedda.it\/wp-content\/uploads\/2021\/05\/Locke-Lamora.gif?fit=1000%2C1535","jetpack_sharing_enabled":true,"jetpack_shortlink":"https:\/\/wp.me\/p4jV2T-4QX","jetpack_likes_enabled":true,"jetpack-related-posts":[{"id":5008,"url":"http:\/\/www.robertosedda.it\/?p=5008","url_meta":{"origin":18659,"position":0},"title":"Con la stessa passione dei bambini","author":"Rufus","date":"13\/11\/2013","format":false,"excerpt":"Ieri sono andato alla Messa in occasione del diciannovesimo anniversario dell'ordinazione di don Giulio Madeddu. Al momento della colletta (la preghiera che il sacerdote pronuncia fra i riti di ingresso e la liturgia della Parola, per predisporre l'assemblea ormai costituita all'ascolto), Giulio ha letto ad alta voce il testo, rubricato\u2026","rel":"","context":"In &quot;Coordinate&quot;","block_context":{"text":"Coordinate","link":"http:\/\/www.robertosedda.it\/?cat=52"},"img":{"alt_text":"","src":"","width":0,"height":0},"classes":[]},{"id":4827,"url":"http:\/\/www.robertosedda.it\/?p=4827","url_meta":{"origin":18659,"position":1},"title":"Articoli depressivi","author":"Rufus","date":"29\/10\/2013","format":false,"excerpt":"L'altro giorno il mio amico Andrea Assorgia ha letto un articolo sull'economia italiana che io avevo promosso su Facebook, scritto da un altro amico, Vittorio Pelligra, e mi ha detto: \u00abL'ho letto e mi sono depresso\u00bb. Andrea ha una figlia piccola, che incidentalmente \u00e8 anche mia figlioccia, quindi la sua\u2026","rel":"","context":"In &quot;Coordinate&quot;","block_context":{"text":"Coordinate","link":"http:\/\/www.robertosedda.it\/?cat=52"},"img":{"alt_text":"","src":"https:\/\/i0.wp.com\/www.robertosedda.it\/wp-content\/uploads\/2013\/10\/Tassi-disoccupazione-Europa.jpg?resize=350%2C200","width":350,"height":200,"srcset":"https:\/\/i0.wp.com\/www.robertosedda.it\/wp-content\/uploads\/2013\/10\/Tassi-disoccupazione-Europa.jpg?resize=350%2C200 1x, https:\/\/i0.wp.com\/www.robertosedda.it\/wp-content\/uploads\/2013\/10\/Tassi-disoccupazione-Europa.jpg?resize=700%2C400 2x"},"classes":[]},{"id":20960,"url":"http:\/\/www.robertosedda.it\/?p=20960","url_meta":{"origin":18659,"position":2},"title":"Quattro cose che ho pensato di Paolo Fresu","author":"Rufus","date":"12\/02\/2026","format":false,"excerpt":"Ieri ho visto a teatro Kind of Miles, spettacolo di Paolo Fresu e di un gigantesco sestetto di accompagnatori. https:\/\/youtu.be\/8Au09likPpU E mentre seguivo lo spettacolo, una autobiografia di Miles Davis o forse una autobiografia di Fresu o forse la storia di un innamoramento musicale o forse una storia di un\u2026","rel":"","context":"In &quot;Coordinate&quot;","block_context":{"text":"Coordinate","link":"http:\/\/www.robertosedda.it\/?cat=52"},"img":{"alt_text":"","src":"https:\/\/i0.wp.com\/www.robertosedda.it\/wp-content\/uploads\/2026\/02\/Kind-of-Miles-1-3.jpg?fit=1200%2C800&resize=350%2C200","width":350,"height":200,"srcset":"https:\/\/i0.wp.com\/www.robertosedda.it\/wp-content\/uploads\/2026\/02\/Kind-of-Miles-1-3.jpg?fit=1200%2C800&resize=350%2C200 1x, https:\/\/i0.wp.com\/www.robertosedda.it\/wp-content\/uploads\/2026\/02\/Kind-of-Miles-1-3.jpg?fit=1200%2C800&resize=700%2C400 2x, https:\/\/i0.wp.com\/www.robertosedda.it\/wp-content\/uploads\/2026\/02\/Kind-of-Miles-1-3.jpg?fit=1200%2C800&resize=1050%2C600 3x"},"classes":[]},{"id":15883,"url":"http:\/\/www.robertosedda.it\/?p=15883","url_meta":{"origin":18659,"position":3},"title":"Modi diversi di vedere le cose","author":"Rufus","date":"26\/11\/2018","format":false,"excerpt":"Oggi, credo per la prima volta in vita nostra, sia io che Maria Bonaria siamo nello stesso giorno in malattia dal lavoro. La verit\u00e0 \u00e8 che siamo profondamente raffreddati da un paio di giorni e ci aggiriamo per casa tossendo a ogni momento e Maria Bonaria, che \u00e8 prudente, ha\u2026","rel":"","context":"In &quot;Coordinate&quot;","block_context":{"text":"Coordinate","link":"http:\/\/www.robertosedda.it\/?cat=52"},"img":{"alt_text":"","src":"https:\/\/i0.wp.com\/www.robertosedda.it\/wp-content\/uploads\/2018\/11\/febbraio-2008.jpg?fit=1200%2C900&resize=350%2C200","width":350,"height":200,"srcset":"https:\/\/i0.wp.com\/www.robertosedda.it\/wp-content\/uploads\/2018\/11\/febbraio-2008.jpg?fit=1200%2C900&resize=350%2C200 1x, https:\/\/i0.wp.com\/www.robertosedda.it\/wp-content\/uploads\/2018\/11\/febbraio-2008.jpg?fit=1200%2C900&resize=700%2C400 2x, https:\/\/i0.wp.com\/www.robertosedda.it\/wp-content\/uploads\/2018\/11\/febbraio-2008.jpg?fit=1200%2C900&resize=1050%2C600 3x"},"classes":[]},{"id":13929,"url":"http:\/\/www.robertosedda.it\/?p=13929","url_meta":{"origin":18659,"position":4},"title":"Ma secondo voi&#8230;","author":"Rufus","date":"11\/07\/2017","format":false,"excerpt":"Sto pensando di riunire gli articoli del\u00a0blog che hanno temi simile e di farne delle raccolte da scaricare in formato\u00a0pdf. L'idea mi \u00e8 venuta perch\u00e9 so che da poco Maria Bonaria ha consigliato a una conoscente di controllare su questo sito se c'erano dei materiali che la potevano interessare e\u2026","rel":"","context":"In &quot;Coordinate&quot;","block_context":{"text":"Coordinate","link":"http:\/\/www.robertosedda.it\/?cat=52"},"img":{"alt_text":"","src":"https:\/\/i0.wp.com\/www.robertosedda.it\/wp-content\/uploads\/2017\/07\/Libreria-fantastica.jpg?fit=1024%2C631&resize=350%2C200","width":350,"height":200,"srcset":"https:\/\/i0.wp.com\/www.robertosedda.it\/wp-content\/uploads\/2017\/07\/Libreria-fantastica.jpg?fit=1024%2C631&resize=350%2C200 1x, https:\/\/i0.wp.com\/www.robertosedda.it\/wp-content\/uploads\/2017\/07\/Libreria-fantastica.jpg?fit=1024%2C631&resize=700%2C400 2x"},"classes":[]},{"id":17480,"url":"http:\/\/www.robertosedda.it\/?p=17480","url_meta":{"origin":18659,"position":5},"title":"Google Maps","author":"Rufus","date":"04\/11\/2019","format":false,"excerpt":"Questo ultimo lungo fine settimana me ne sono andato in giro per la Sardegna con Maria Bonaria. O meglio: avevo intenzione di farlo, poi pioveva e abbiamo deciso di limitare un po' i nostri giri. In ogni caso, gioved\u00ec ci ha trovato a Urzulei per pranzo e poi sulla strada\u2026","rel":"","context":"In &quot;Coordinate&quot;","block_context":{"text":"Coordinate","link":"http:\/\/www.robertosedda.it\/?cat=52"},"img":{"alt_text":"","src":"https:\/\/i0.wp.com\/www.robertosedda.it\/wp-content\/uploads\/2019\/11\/Urzulei3.png?fit=1081%2C636&resize=350%2C200","width":350,"height":200,"srcset":"https:\/\/i0.wp.com\/www.robertosedda.it\/wp-content\/uploads\/2019\/11\/Urzulei3.png?fit=1081%2C636&resize=350%2C200 1x, https:\/\/i0.wp.com\/www.robertosedda.it\/wp-content\/uploads\/2019\/11\/Urzulei3.png?fit=1081%2C636&resize=700%2C400 2x, https:\/\/i0.wp.com\/www.robertosedda.it\/wp-content\/uploads\/2019\/11\/Urzulei3.png?fit=1081%2C636&resize=1050%2C600 3x"},"classes":[]}],"_links":{"self":[{"href":"http:\/\/www.robertosedda.it\/index.php?rest_route=\/wp\/v2\/posts\/18659"}],"collection":[{"href":"http:\/\/www.robertosedda.it\/index.php?rest_route=\/wp\/v2\/posts"}],"about":[{"href":"http:\/\/www.robertosedda.it\/index.php?rest_route=\/wp\/v2\/types\/post"}],"author":[{"embeddable":true,"href":"http:\/\/www.robertosedda.it\/index.php?rest_route=\/wp\/v2\/users\/1"}],"replies":[{"embeddable":true,"href":"http:\/\/www.robertosedda.it\/index.php?rest_route=%2Fwp%2Fv2%2Fcomments&post=18659"}],"version-history":[{"count":2,"href":"http:\/\/www.robertosedda.it\/index.php?rest_route=\/wp\/v2\/posts\/18659\/revisions"}],"predecessor-version":[{"id":20603,"href":"http:\/\/www.robertosedda.it\/index.php?rest_route=\/wp\/v2\/posts\/18659\/revisions\/20603"}],"wp:featuredmedia":[{"embeddable":true,"href":"http:\/\/www.robertosedda.it\/index.php?rest_route=\/wp\/v2\/media\/18660"}],"wp:attachment":[{"href":"http:\/\/www.robertosedda.it\/index.php?rest_route=%2Fwp%2Fv2%2Fmedia&parent=18659"}],"wp:term":[{"taxonomy":"category","embeddable":true,"href":"http:\/\/www.robertosedda.it\/index.php?rest_route=%2Fwp%2Fv2%2Fcategories&post=18659"},{"taxonomy":"post_tag","embeddable":true,"href":"http:\/\/www.robertosedda.it\/index.php?rest_route=%2Fwp%2Fv2%2Ftags&post=18659"}],"curies":[{"name":"wp","href":"https:\/\/api.w.org\/{rel}","templated":true}]}}