{"id":18590,"date":"2021-04-30T23:51:07","date_gmt":"2021-04-30T21:51:07","guid":{"rendered":"http:\/\/www.robertosedda.it\/?p=18590"},"modified":"2026-01-15T14:48:32","modified_gmt":"2026-01-15T13:48:32","slug":"la-lectio-che-abbiamo-gia-fatto","status":"publish","type":"post","link":"http:\/\/www.robertosedda.it\/?p=18590","title":{"rendered":"La lectio che abbiamo gi\u00e0 fatto"},"content":{"rendered":"\n<p>A quanto pare il<em> <\/em> gruppo <em>La Pira<\/em> ci ha preso gusto e domenica, alle 18,00, facciamo di nuovo <em>lectio<\/em>, in questo caso sul brano della vite e dei tralci che si trova al Vangelo di Giovanni al capitolo 15, versetti 1-8. Si tratta di un brano su cui abbiamo gi\u00e0 lavorato sicuramente in qualche anno precedente, ma il bello della <em>lectio<\/em> \u00e8 che la Parola resta la stessa ma contemporaneamente cambia con te, quindi on c&#8217;\u00e8 problema. Qui di seguito trovate i materiali che utilizzeremo; come al solito a chi \u00e8 interessato ricordo che il metodo \u00e8 spiegato nel <a href=\"http:\/\/www.robertosedda.it\/?p=17748\">primo articolo<\/a> dedicato a questa nostra attivit\u00e0; un po\u2019 di altri materiali utili si pu\u00f2 trovare nelle varie <em><a href=\"http:\/\/www.robertosedda.it\/?s=lectio\">lectio<\/a><\/em> pubblicate via via.<\/p>\n\n\n\n<p>Ho un po&#8217; finito le opere di Caravaggio utili, quindi ho usato Rubens.<\/p>\n\n\n\n<h3>Il brano<\/h3>\n\n\n\n<figure class=\"wp-block-image alignwide size-full\"><img data-attachment-id=\"18591\" data-permalink=\"http:\/\/www.robertosedda.it\/?attachment_id=18591\" data-orig-file=\"https:\/\/i0.wp.com\/www.robertosedda.it\/wp-content\/uploads\/2021\/04\/Peter_Paul_Rubens_-_Last_Supper_-_WGA20255-scaled.jpg?fit=2110%2C2560\" data-orig-size=\"2110,2560\" data-comments-opened=\"1\" data-image-meta=\"{&quot;aperture&quot;:&quot;0&quot;,&quot;credit&quot;:&quot;&quot;,&quot;camera&quot;:&quot;&quot;,&quot;caption&quot;:&quot;&quot;,&quot;created_timestamp&quot;:&quot;0&quot;,&quot;copyright&quot;:&quot;&quot;,&quot;focal_length&quot;:&quot;0&quot;,&quot;iso&quot;:&quot;0&quot;,&quot;shutter_speed&quot;:&quot;0&quot;,&quot;title&quot;:&quot;&quot;,&quot;orientation&quot;:&quot;0&quot;}\" data-image-title=\"Peter_Paul_Rubens_-_Last_Supper_-_WGA20255\" data-image-description=\"\" data-image-caption=\"\" data-medium-file=\"https:\/\/i0.wp.com\/www.robertosedda.it\/wp-content\/uploads\/2021\/04\/Peter_Paul_Rubens_-_Last_Supper_-_WGA20255-scaled.jpg?fit=247%2C300\" data-large-file=\"https:\/\/i0.wp.com\/www.robertosedda.it\/wp-content\/uploads\/2021\/04\/Peter_Paul_Rubens_-_Last_Supper_-_WGA20255-scaled.jpg?fit=510%2C619\" decoding=\"async\" loading=\"lazy\" width=\"800\" height=\"971\" src=\"https:\/\/i0.wp.com\/www.robertosedda.it\/wp-content\/uploads\/2021\/04\/Peter_Paul_Rubens_-_Last_Supper_-_WGA20255-scaled.jpg?resize=800%2C971\" alt=\"\" class=\"wp-image-18591\" srcset=\"https:\/\/i0.wp.com\/www.robertosedda.it\/wp-content\/uploads\/2021\/04\/Peter_Paul_Rubens_-_Last_Supper_-_WGA20255-scaled.jpg?w=2110 2110w, https:\/\/i0.wp.com\/www.robertosedda.it\/wp-content\/uploads\/2021\/04\/Peter_Paul_Rubens_-_Last_Supper_-_WGA20255-scaled.jpg?resize=247%2C300 247w, https:\/\/i0.wp.com\/www.robertosedda.it\/wp-content\/uploads\/2021\/04\/Peter_Paul_Rubens_-_Last_Supper_-_WGA20255-scaled.jpg?resize=510%2C619 510w, https:\/\/i0.wp.com\/www.robertosedda.it\/wp-content\/uploads\/2021\/04\/Peter_Paul_Rubens_-_Last_Supper_-_WGA20255-scaled.jpg?resize=124%2C150 124w, https:\/\/i0.wp.com\/www.robertosedda.it\/wp-content\/uploads\/2021\/04\/Peter_Paul_Rubens_-_Last_Supper_-_WGA20255-scaled.jpg?resize=1266%2C1536 1266w, https:\/\/i0.wp.com\/www.robertosedda.it\/wp-content\/uploads\/2021\/04\/Peter_Paul_Rubens_-_Last_Supper_-_WGA20255-scaled.jpg?resize=1688%2C2048 1688w, https:\/\/i0.wp.com\/www.robertosedda.it\/wp-content\/uploads\/2021\/04\/Peter_Paul_Rubens_-_Last_Supper_-_WGA20255-scaled.jpg?w=1600 1600w\" sizes=\"(max-width: 800px) 100vw, 800px\" data-recalc-dims=\"1\" \/><figcaption>Peter Paul Rubens &#8211; Pinacoteca di Brera, Public Domain, https:\/\/commons.wikimedia.org\/w\/index.php?curid=15417511<\/figcaption><\/figure>\n\n\n\n<p>Dal Vangelo secondo Giovanni 15,1-8<br \/><em>In quel tempo, Ges\u00f9 disse ai suoi discepoli: \u00abIo sono la vite vera e il Padre mio \u00e8 l\u2019agricoltore. Ogni tralcio che in me non porta frutto, lo taglia, e ogni tralcio che porta frutto, lo pota perch\u00e9 porti pi\u00f9 frutto. Voi siete gi\u00e0 puri, a causa della parola che vi ho annunciato.<br \/>Rimanete in me e io in voi. Come il tralcio non pu\u00f2 portare frutto da se stesso se non rimane nella vite, cos\u00ec neanche voi se non rimanete in me. Io sono la vite, voi i tralci. Chi rimane in me, e io in lui, porta molto frutto, perch\u00e9 senza di me non potete far nulla. Chi non rimane in me viene gettato via come il tralcio e secca; poi lo raccolgono, lo gettano nel fuoco e lo bruciano.<br \/>Se rimanete in me e le mie parole rimangono in voi, chiedete quello che volete e vi sar\u00e0 fatto. In questo \u00e8 glorificato il Padre mio: che portiate molto frutto e diventiate miei discepoli\u00bb.<\/em><\/p>\n\n\n\n<h3>Commenti utilizzabili<\/h3>\n\n\n\n<p>Come sempre cerco di dividere i commenti da studiare in gruppi uniformi per rendere pi\u00f9 facile scegliere quello pi\u00f9 utile per le proprie esigenze (e compatibile con le disponibilit\u00e0 di tempo):<\/p>\n\n\n\n<p><strong>Schemi di <em>lectio<\/em> con spiegazione puntale del brano e altri materiali a supporto:<\/strong><\/p>\n\n\n\n<ul><li>i Padri Carmelitani pubblicano ogni mese sul loro sito un <a href=\"https:\/\/ocarm.org\/it\/lectio-divina\/150-lectio-divina-maggio-2021-it-pdf\/file\">libretto<\/a> con schemi di <em>lectio<\/em> per ciascun giorno (spiegazione puntuale del brano, domande per la riflessione, testi di preghiera, riflessioni dal taglio spirituale); il materiale proposto per questa domenica \u00e8 particolarmente ricco;<\/li><li>sul sito <em>Meditare la Parola<\/em> l&#8217;usuale <a href=\"https:\/\/meditarelaparola.blogspot.com\/2021\/04\/lectio-v-domenica-di-pasqua-anno-b.html\">commento<\/a> versetto per versetto;<\/li><li>sul sito dell&#8217;Abbazia di Borzone un <a href=\"http:\/\/www.abbaziaborzone.it\/2012\/04\/14\/io-sono-la-vera-vite\/\">commento<\/a> versetto per versetto.<\/li><\/ul>\n\n\n\n<hr class=\"wp-block-separator\"\/>\n\n\n\n<p><strong>Spiegazioni ampie con richiami ad altre parti della Bibbia<\/strong>:<\/p>\n\n\n\n<ul><li>sul sito dell&#8217;Abbazia di Pulsano, il solito ampio <a href=\"http:\/\/www.abbaziadipulsano.org\/wp-content\/uploads\/2018\/04\/LectioV-Dom.-di-Pasqua-B-2018.doc\">commento<\/a> all&#8217;intera Liturgia della Parola della giornata;<\/li><li>sul sito dei Gesuiti di Villapizzone, un <a href=\"https:\/\/www.gesuiti-villapizzone.it\/sito\/trascrizioni\/gv\/2\/50\/files\/gv50.pdf\">commento<\/a> davvero molto ampio a cura di padre Silvano Fausti (il commento copre i primi sei versetti, l&#8217;analisi del capitolo 15 del Vangelo di Giovanni prosegue poi nel <a href=\"https:\/\/www.gesuiti-villapizzone.it\/sito\/trascrizioni\/gv\/3\/51\/files\/gv51.pdf\">commento<\/a> successivo).<\/li><\/ul>\n\n\n\n<hr class=\"wp-block-separator\"\/>\n\n\n\n<p><strong>Commenti dal taglio esegetico spirituale:<\/strong><\/p>\n\n\n\n<ul><li>sul sito del Monastero di Bose un buon <a href=\"http:\/\/\u2022\thttps:\/\/www.monasterodibose.it\/preghiera\/vangelo\/14506-rimanere-nell-amore-di-cristo\">commento<\/a>, semplice ma completo, di padre Luciano Manicardi;<\/li><li>ancora sul sito di Bose un <a href=\"https:\/\/www.monasterodibose.it\/preghiera\/vangelo\/9117-Gesu-vite-vera\">commento<\/a>, dal taglio pi\u00f9 spirituale, di Enzo Bianchi;<\/li><li>su <em>Qumran<\/em> un <a href=\"https:\/\/www.qumran2.net\/materiale\/anteprima.php?file=52688&amp;anchor=documento_1&amp;ritorna=%2Findice.php%3Fid%3D73&amp;width=1920&amp;height=860\">commento<\/a> semplice ma efficace a cura della Parrocchia della Santa Famiglia in Matri;<\/li><li>sul sito <em>Centro studi biblici<\/em> un commento di padre Alberto Maggi.<\/li><\/ul>\n\n\n\n<hr class=\"wp-block-separator\"\/>\n\n\n\n<h3>Altri materiali utili per ciascun passo della <em>lectio<\/em><\/h3>\n\n\n\n<p>L\u2019intero testo della Liturgia della Parola si trova sul sito de <em><a href=\"http:\/\/www.lachiesa.it\/calendario\/Detailed\/20210502.shtml\">LaChiesa.it<\/a><\/em>.<\/p>\n\n\n\n<h4>Per iniziare<\/h4>\n\n\n\n<p><strong>Antifona d\u2019ingresso<\/strong><\/p>\n\n\n\n<p><em>Cantate al Signore un canto nuovo,<br \/>perch\u00e9 ha compiuto meraviglie;<br \/>agli occhi delle genti ha rivelato la sua giustizia. Alleluia.<\/em><\/p>\n\n\n\n<p>oppure<\/p>\n\n\n\n<p><em>Alleluia, alleluia.<br \/>Rimanete in me e io in voi, dice il Signore;<br \/>chi rimane in me porta molto frutto.<br \/>Alleluia.<\/em><\/p>\n\n\n\n<h4>Invocazione allo Spirito prima della <em>lectio<\/em><\/h4>\n\n\n\n<p><strong>Invocazione allo Spirito della Comunit\u00e0 di Bose<\/strong><\/p>\n\n\n\n<p><em>Signore, noi ti ringraziamo<br \/>perch\u00e9 ci hai riuniti alla tua presenza<br \/>per farci ascoltare la tua Parola<br \/>in essa tu ci riveli il tuo amore<br \/>e ci fai conoscere la tua volont\u00e0.<\/em><\/p>\n\n\n\n<p><em>Fa tacere in noi ogni altra voce<br \/>che non sia la tua,<br \/>e perch\u00e9 non troviamo condanna<br \/>nella tua Parola<br \/>letta ma non accolta,<br \/>meditata ma non amata,<br \/>pregata ma non custodita,<br \/>contemplata ma non realizzata,<br \/>manda il tuo Spirito Santo<br \/>ad aprire le nostre menti<br \/>e a guarire i nostri cuori.<\/em><\/p>\n\n\n\n<p><em>Solo cos\u00ec il nostro incontro<br \/>con la tua Parola<br \/>sar\u00e0 rinnovamento dell\u2019alleanza,<br \/>comunione con te e il Figlio<br \/>e lo Spirito santo,<br \/>Dio benedetto nei secoli dei secoli.<br \/>Amen.<\/em><\/p>\n\n\n\n<h4>Al termine della <em>contemplatio<\/em><\/h4>\n\n\n\n<p><strong>Salmo 1<\/strong><\/p>\n\n\n\n<p><strong><em>La tua Parola \u00e8 la mia gioia, Signore!<\/em><\/strong><\/p>\n\n\n\n<p>Beato l&#8217;uomo che non segue il consiglio degli empi,<br \/>non indugia nella via dei peccatori e non siede in compagnia degli stolti;<br \/>ma si compiace della legge del Signore,<br \/>la sua legge medita giorno e notte. <\/p>\n\n\n\n<p>Sar\u00e0 come albero piantato lungo corsi d&#8217;acqua,<br \/>che dar\u00e0 frutto a suo tempo<br \/>e le sue foglie non cadranno mai;<br \/>riusciranno tutte le sue opere. <\/p>\n\n\n\n<p>Non cos\u00ec, non cos\u00ec gli empi: ma come pula che il vento disperde;<br \/>perci\u00f2 non reggeranno gli empi nel giudizio, n\u00e9 i peccatori nell&#8217;assemblea dei giusti.<br \/>Il Signore veglia sul cammino dei giusti,<br \/>ma la via degli empi andr\u00e0 in rovina. <\/p>\n\n\n\n<h4>Per la conclusione dell\u2019incontro<\/h4>\n\n\n\n<p><em>O Dio, che ci hai inseriti in Cristo<br \/>come tralci nella vite vera,<br \/>confermaci nel tuo Spirito,<br \/>perch\u00e9, amandoci gli uni gli altri,<br \/>diventiamo primizie di un\u2019umanit\u00e0 nuova.<br \/>Per il nostro Signore Ges\u00f9 Cristo&#8230;<\/em><\/p>\n","protected":false},"excerpt":{"rendered":"<p>A quanto pare il gruppo La Pira ci ha preso gusto e domenica, alle 18,00, facciamo di nuovo lectio, in<\/p>\n","protected":false},"author":1,"featured_media":18591,"comment_status":"open","ping_status":"open","sticky":false,"template":"","format":"standard","meta":{"_mi_skip_tracking":false,"_monsterinsights_sitenote_active":false,"_monsterinsights_sitenote_note":"","_monsterinsights_sitenote_category":0,"jetpack_post_was_ever_published":false,"_jetpack_newsletter_access":"","jetpack_publicize_message":"","jetpack_is_tweetstorm":false,"jetpack_publicize_feature_enabled":true,"jetpack_social_post_already_shared":true,"jetpack_social_options":{"image_generator_settings":{"template":"highway","enabled":false}}},"categories":[52,54,17,62,16],"tags":[],"jetpack_publicize_connections":[],"jetpack_featured_media_url":"https:\/\/i0.wp.com\/www.robertosedda.it\/wp-content\/uploads\/2021\/04\/Peter_Paul_Rubens_-_Last_Supper_-_WGA20255-scaled.jpg?fit=2110%2C2560","jetpack_sharing_enabled":true,"jetpack_shortlink":"https:\/\/wp.me\/p4jV2T-4PQ","jetpack_likes_enabled":true,"jetpack-related-posts":[{"id":18500,"url":"http:\/\/www.robertosedda.it\/?p=18500","url_meta":{"origin":18590,"position":0},"title":"La lectio dell&#8217;incontro del giorno dopo","author":"Rufus","date":"17\/04\/2021","format":false,"excerpt":"Dopo un periodo di interruzione domani il gruppo La Pira fa la sua lectio periodica. Cime sempre pubblico qui i materiali che utilizzeremo per renderne pi\u00f9 facile la consultazione al gruppo e anche perch\u00e9 possono essere utili anche ad altri che vogliono fare una esperienza simile. Il metodo \u00e8 spiegato\u2026","rel":"","context":"In &quot;Coordinate&quot;","block_context":{"text":"Coordinate","link":"http:\/\/www.robertosedda.it\/?cat=52"},"img":{"alt_text":"","src":"https:\/\/i0.wp.com\/www.robertosedda.it\/wp-content\/uploads\/2021\/04\/3039px-1602-3_CaravaggioSupper_at_Emmaus_National_Gallery_London-scaled.jpg?fit=1200%2C853&resize=350%2C200","width":350,"height":200,"srcset":"https:\/\/i0.wp.com\/www.robertosedda.it\/wp-content\/uploads\/2021\/04\/3039px-1602-3_CaravaggioSupper_at_Emmaus_National_Gallery_London-scaled.jpg?fit=1200%2C853&resize=350%2C200 1x, https:\/\/i0.wp.com\/www.robertosedda.it\/wp-content\/uploads\/2021\/04\/3039px-1602-3_CaravaggioSupper_at_Emmaus_National_Gallery_London-scaled.jpg?fit=1200%2C853&resize=700%2C400 2x, https:\/\/i0.wp.com\/www.robertosedda.it\/wp-content\/uploads\/2021\/04\/3039px-1602-3_CaravaggioSupper_at_Emmaus_National_Gallery_London-scaled.jpg?fit=1200%2C853&resize=1050%2C600 3x"},"classes":[]},{"id":17748,"url":"http:\/\/www.robertosedda.it\/?p=17748","url_meta":{"origin":18590,"position":1},"title":"Come fare una lectio divina autogestita","author":"Rufus","date":"23\/01\/2020","format":false,"excerpt":"La lectio divina \u00e8 una antica pratica della tradizione monastica di studio e meditazione della Bibbia, venuta in auge nelle comunit\u00e0 parrocchiali e nelle associazioni laicali negli anni del post-Concilio. In Italia la sua divulgazione \u00e8 legata in particolar modo al lavoro del Cardinal Martini, anche se la sua diffusione\u2026","rel":"","context":"In &quot;Coordinate&quot;","block_context":{"text":"Coordinate","link":"http:\/\/www.robertosedda.it\/?cat=52"},"img":{"alt_text":"","src":"https:\/\/i0.wp.com\/www.robertosedda.it\/wp-content\/uploads\/2020\/01\/lectio.jpg?fit=810%2C538&resize=350%2C200","width":350,"height":200,"srcset":"https:\/\/i0.wp.com\/www.robertosedda.it\/wp-content\/uploads\/2020\/01\/lectio.jpg?fit=810%2C538&resize=350%2C200 1x, https:\/\/i0.wp.com\/www.robertosedda.it\/wp-content\/uploads\/2020\/01\/lectio.jpg?fit=810%2C538&resize=700%2C400 2x"},"classes":[]},{"id":18097,"url":"http:\/\/www.robertosedda.it\/?p=18097","url_meta":{"origin":18590,"position":2},"title":"Lectio in albis","author":"Rufus","date":"18\/04\/2020","format":false,"excerpt":"Domani il gruppo La Pira fa la sua lectio periodica. I materiali che utilizzeremo sono quelli che trovate qui sotto, e possono essere utili anche ad altri che vogliono fare una esperienza simile. Il metodo \u00e8 spiegato in questo vecchio articolo; anche quando il gruppo non si riunisce (virtualmente, in\u2026","rel":"","context":"In &quot;Coordinate&quot;","block_context":{"text":"Coordinate","link":"http:\/\/www.robertosedda.it\/?cat=52"},"img":{"alt_text":"","src":"https:\/\/i0.wp.com\/www.robertosedda.it\/wp-content\/uploads\/2020\/04\/Pentecoste-Rupnik.jpg?fit=430%2C540&resize=350%2C200","width":350,"height":200},"classes":[]},{"id":18083,"url":"http:\/\/www.robertosedda.it\/?p=18083","url_meta":{"origin":18590,"position":3},"title":"Lectio di Pasqua","author":"Rufus","date":"11\/04\/2020","format":false,"excerpt":"Trovate qui di seguito, come ogni sabato, i materiali per una lectio sul Vangelo della domenica, da fare da soli o in comunit\u00e0 (telematica, in questo periodo). Come al solito ricordo che lo schema generale della lectio e il modo di farla del gruppo La Pira sono spiegati in questo\u2026","rel":"","context":"In &quot;Coordinate&quot;","block_context":{"text":"Coordinate","link":"http:\/\/www.robertosedda.it\/?cat=52"},"img":{"alt_text":"","src":"https:\/\/i0.wp.com\/www.robertosedda.it\/wp-content\/uploads\/2020\/04\/Rupnik-Pasqua.jpg?fit=822%2C1024&resize=350%2C200","width":350,"height":200,"srcset":"https:\/\/i0.wp.com\/www.robertosedda.it\/wp-content\/uploads\/2020\/04\/Rupnik-Pasqua.jpg?fit=822%2C1024&resize=350%2C200 1x, https:\/\/i0.wp.com\/www.robertosedda.it\/wp-content\/uploads\/2020\/04\/Rupnik-Pasqua.jpg?fit=822%2C1024&resize=700%2C400 2x"},"classes":[]},{"id":18381,"url":"http:\/\/www.robertosedda.it\/?p=18381","url_meta":{"origin":18590,"position":4},"title":"Tempo di Avvento, tempo di lectio","author":"Rufus","date":"18\/12\/2020","format":false,"excerpt":"Il 21 dicembre prossimo, alle 21,00, il gruppo La Pira far\u00e0 la sua lectio di Natale abituale, su Zoom. Come al solito, chi si vuole unire a noi pu\u00f2 contattarci liberamente. Per tutti gli altri posto qui i materiali che utilizzeremo, nel caso volessero ripetere l'esperienza personalmente o con altri\u2026","rel":"","context":"In &quot;Coordinate&quot;","block_context":{"text":"Coordinate","link":"http:\/\/www.robertosedda.it\/?cat=52"},"img":{"alt_text":"","src":"https:\/\/i0.wp.com\/www.robertosedda.it\/wp-content\/uploads\/2020\/12\/1640px-Caravaggio-Nativity1600.jpg?fit=911%2C1200&resize=350%2C200","width":350,"height":200,"srcset":"https:\/\/i0.wp.com\/www.robertosedda.it\/wp-content\/uploads\/2020\/12\/1640px-Caravaggio-Nativity1600.jpg?fit=911%2C1200&resize=350%2C200 1x, https:\/\/i0.wp.com\/www.robertosedda.it\/wp-content\/uploads\/2020\/12\/1640px-Caravaggio-Nativity1600.jpg?fit=911%2C1200&resize=700%2C400 2x"},"classes":[]},{"id":18066,"url":"http:\/\/www.robertosedda.it\/?p=18066","url_meta":{"origin":18590,"position":5},"title":"La lectio della inaudita Domenica delle Palme","author":"Rufus","date":"04\/04\/2020","format":false,"excerpt":"Non so bene che impressione mi far\u00e0, domani, partecipare da casa ai riti mutili della Domenica delle Palme a causa dell'emergenza. Una domenica abbastanza inaudita, certamente per quelli della mia generazione ma probabilmente anche per quelli che hanno vissuto altri cataclismi come quello della guerra. Ad ogni modo, continuo con\u2026","rel":"","context":"In &quot;Coordinate&quot;","block_context":{"text":"Coordinate","link":"http:\/\/www.robertosedda.it\/?cat=52"},"img":{"alt_text":"","src":"https:\/\/i0.wp.com\/www.robertosedda.it\/wp-content\/uploads\/2020\/04\/Rupnik-pantocrator.jpg?fit=400%2C292&resize=350%2C200","width":350,"height":200},"classes":[]}],"_links":{"self":[{"href":"http:\/\/www.robertosedda.it\/index.php?rest_route=\/wp\/v2\/posts\/18590"}],"collection":[{"href":"http:\/\/www.robertosedda.it\/index.php?rest_route=\/wp\/v2\/posts"}],"about":[{"href":"http:\/\/www.robertosedda.it\/index.php?rest_route=\/wp\/v2\/types\/post"}],"author":[{"embeddable":true,"href":"http:\/\/www.robertosedda.it\/index.php?rest_route=\/wp\/v2\/users\/1"}],"replies":[{"embeddable":true,"href":"http:\/\/www.robertosedda.it\/index.php?rest_route=%2Fwp%2Fv2%2Fcomments&post=18590"}],"version-history":[{"count":3,"href":"http:\/\/www.robertosedda.it\/index.php?rest_route=\/wp\/v2\/posts\/18590\/revisions"}],"predecessor-version":[{"id":18594,"href":"http:\/\/www.robertosedda.it\/index.php?rest_route=\/wp\/v2\/posts\/18590\/revisions\/18594"}],"wp:featuredmedia":[{"embeddable":true,"href":"http:\/\/www.robertosedda.it\/index.php?rest_route=\/wp\/v2\/media\/18591"}],"wp:attachment":[{"href":"http:\/\/www.robertosedda.it\/index.php?rest_route=%2Fwp%2Fv2%2Fmedia&parent=18590"}],"wp:term":[{"taxonomy":"category","embeddable":true,"href":"http:\/\/www.robertosedda.it\/index.php?rest_route=%2Fwp%2Fv2%2Fcategories&post=18590"},{"taxonomy":"post_tag","embeddable":true,"href":"http:\/\/www.robertosedda.it\/index.php?rest_route=%2Fwp%2Fv2%2Ftags&post=18590"}],"curies":[{"name":"wp","href":"https:\/\/api.w.org\/{rel}","templated":true}]}}