{"id":18500,"date":"2021-04-17T16:41:35","date_gmt":"2021-04-17T14:41:35","guid":{"rendered":"http:\/\/www.robertosedda.it\/?p=18500"},"modified":"2021-05-02T16:54:36","modified_gmt":"2021-05-02T14:54:36","slug":"la-lectio-dellincontro-del-giorno-dopo","status":"publish","type":"post","link":"http:\/\/www.robertosedda.it\/?p=18500","title":{"rendered":"La lectio dell&#8217;incontro del giorno dopo"},"content":{"rendered":"\n<p>Dopo un periodo di interruzione domani il gruppo La Pira fa la sua <em>lectio <\/em>periodica. Cime sempre pubblico qui i materiali che utilizzeremo per renderne pi\u00f9 facile la consultazione al gruppo e anche perch\u00e9 possono essere utili anche ad altri che vogliono fare una esperienza simile. Il metodo \u00e8 spiegato nel <a href=\"http:\/\/www.robertosedda.it\/?p=17748\">primo articolo<\/a> dedicato a questa nostra attivit\u00e0; un po&#8217; di altri materiali utili si pu\u00f2 trovare nelle varie <em><a href=\"http:\/\/www.robertosedda.it\/?s=lectio\">lectio<\/a><\/em> pubblicate via via.<\/p>\n\n\n\n<p>Le immagini a commento, come per il resto dell&#8217;anno liturgico, sono di Caravaggio. Dato che non ho trovato l&#8217;episodio del Vangelo oggetto della <em>lectio<\/em>, ho messo i due episodi immediatamente precedenti e seguenti nel racconto di Luca.<\/p>\n\n\n\n<h3>Il brano<\/h3>\n\n\n\n<figure class=\"wp-block-image alignwide size-full\"><img data-attachment-id=\"18501\" data-permalink=\"http:\/\/www.robertosedda.it\/?attachment_id=18501\" data-orig-file=\"https:\/\/i0.wp.com\/www.robertosedda.it\/wp-content\/uploads\/2021\/04\/3039px-1602-3_CaravaggioSupper_at_Emmaus_National_Gallery_London-scaled.jpg?fit=2560%2C1820\" data-orig-size=\"2560,1820\" data-comments-opened=\"1\" data-image-meta=\"{&quot;aperture&quot;:&quot;0&quot;,&quot;credit&quot;:&quot;&quot;,&quot;camera&quot;:&quot;&quot;,&quot;caption&quot;:&quot;&quot;,&quot;created_timestamp&quot;:&quot;0&quot;,&quot;copyright&quot;:&quot;&quot;,&quot;focal_length&quot;:&quot;0&quot;,&quot;iso&quot;:&quot;0&quot;,&quot;shutter_speed&quot;:&quot;0&quot;,&quot;title&quot;:&quot;&quot;,&quot;orientation&quot;:&quot;0&quot;}\" data-image-title=\"3039px-1602-3_CaravaggioSupper_at_Emmaus_National_Gallery_London\" data-image-description=\"\" data-image-caption=\"\" data-medium-file=\"https:\/\/i0.wp.com\/www.robertosedda.it\/wp-content\/uploads\/2021\/04\/3039px-1602-3_CaravaggioSupper_at_Emmaus_National_Gallery_London-scaled.jpg?fit=300%2C213\" data-large-file=\"https:\/\/i0.wp.com\/www.robertosedda.it\/wp-content\/uploads\/2021\/04\/3039px-1602-3_CaravaggioSupper_at_Emmaus_National_Gallery_London-scaled.jpg?fit=510%2C362\" decoding=\"async\" loading=\"lazy\" width=\"800\" height=\"569\" src=\"https:\/\/i0.wp.com\/www.robertosedda.it\/wp-content\/uploads\/2021\/04\/3039px-1602-3_CaravaggioSupper_at_Emmaus_National_Gallery_London-scaled.jpg?resize=800%2C569\" alt=\"\" class=\"wp-image-18501\" srcset=\"https:\/\/i0.wp.com\/www.robertosedda.it\/wp-content\/uploads\/2021\/04\/3039px-1602-3_CaravaggioSupper_at_Emmaus_National_Gallery_London-scaled.jpg?w=2560 2560w, https:\/\/i0.wp.com\/www.robertosedda.it\/wp-content\/uploads\/2021\/04\/3039px-1602-3_CaravaggioSupper_at_Emmaus_National_Gallery_London-scaled.jpg?resize=300%2C213 300w, https:\/\/i0.wp.com\/www.robertosedda.it\/wp-content\/uploads\/2021\/04\/3039px-1602-3_CaravaggioSupper_at_Emmaus_National_Gallery_London-scaled.jpg?resize=510%2C362 510w, https:\/\/i0.wp.com\/www.robertosedda.it\/wp-content\/uploads\/2021\/04\/3039px-1602-3_CaravaggioSupper_at_Emmaus_National_Gallery_London-scaled.jpg?resize=150%2C107 150w, https:\/\/i0.wp.com\/www.robertosedda.it\/wp-content\/uploads\/2021\/04\/3039px-1602-3_CaravaggioSupper_at_Emmaus_National_Gallery_London-scaled.jpg?resize=1536%2C1092 1536w, https:\/\/i0.wp.com\/www.robertosedda.it\/wp-content\/uploads\/2021\/04\/3039px-1602-3_CaravaggioSupper_at_Emmaus_National_Gallery_London-scaled.jpg?resize=2048%2C1456 2048w, https:\/\/i0.wp.com\/www.robertosedda.it\/wp-content\/uploads\/2021\/04\/3039px-1602-3_CaravaggioSupper_at_Emmaus_National_Gallery_London-scaled.jpg?w=1600 1600w, https:\/\/i0.wp.com\/www.robertosedda.it\/wp-content\/uploads\/2021\/04\/3039px-1602-3_CaravaggioSupper_at_Emmaus_National_Gallery_London-scaled.jpg?w=2400 2400w\" sizes=\"(max-width: 800px) 100vw, 800px\" data-recalc-dims=\"1\" \/><figcaption>Caravaggio &#8211; dal sito della <em>National Gallery<\/em> di Londra, Pubblico dominio, https:\/\/commons.wikimedia.org\/w\/index.php?curid=270022<\/figcaption><\/figure>\n\n\n\n<p><em>Dal Vangelo secondo Luca<\/em> (24,35-48)<em><br \/><\/em><br \/><em>In quel tempo, [i due discepoli che erano ritornati da \u00c8mmaus] narravano [agli Undici e a quelli che erano con loro] ci\u00f2 che era accaduto lungo la via e come avevano riconosciuto [Ges\u00f9] nello spezzare il pane.<br \/>Mentre essi parlavano di queste cose, Ges\u00f9 in persona stette in mezzo a loro e disse: \u00abPace a voi!\u00bb. Sconvolti e pieni di paura, credevano di vedere un fantasma. Ma egli disse loro: \u00abPerch\u00e9 siete turbati, e perch\u00e9 sorgono dubbi nel vostro cuore? Guardate le mie mani e i miei piedi: sono proprio io! Toccatemi e guardate; un fantasma non ha carne e ossa, come vedete che io ho\u00bb. Dicendo questo, mostr\u00f2 loro le mani e i piedi. Ma poich\u00e9 per la gioia non credevano ancora ed erano pieni di stupore, disse: \u00abAvete qui qualche cosa da mangiare?\u00bb. Gli offrirono una porzione di pesce arrostito; egli lo prese e lo mangi\u00f2 davanti a loro.<br \/>Poi disse: \u00abSono queste le parole che io vi dissi quando ero ancora con voi: bisogna che si compiano tutte le cose scritte su di me nella legge di Mos\u00e8, nei Profeti e nei Salmi\u00bb. Allora apr\u00ec loro la mente per comprendere le Scritture e disse loro: \u00abCos\u00ec sta scritto: il Cristo patir\u00e0 e risorger\u00e0 dai morti il terzo giorno, e nel suo nome saranno predicati a tutti i popoli la conversione e il perdono dei peccati, cominciando da Gerusalemme. Di questo voi siete testimoni\u00bb.<\/em><\/p>\n\n\n\n<h3>Commenti utilizzabili<\/h3>\n\n\n\n<p>Come sempre cerco di dividere i commenti da studiare in gruppi uniformi per rendere pi\u00f9 facile scegliere quello pi\u00f9 utile per le proprie esigenze (e compatibile con le disponibilit\u00e0 di tempo):<\/p>\n\n\n\n<p><strong>Schemi di <em>lectio<\/em> con spiegazione puntale del brano:<\/strong><\/p>\n\n\n\n<ul><li>sul sito <em>Meditare la Parola<\/em>, il solito <a href=\"https:\/\/meditarelaparola.blogspot.com\/2021\/04\/lectio-iii-domenica-di-pasqua-anno-b.html\" data-type=\"URL\" data-id=\"https:\/\/meditarelaparola.blogspot.com\/2021\/04\/lectio-iii-domenica-di-pasqua-anno-b.html\">commento<\/a> versetto per versetto, semplice ma esaustivo, e un sintetico schema di <em>lectio<\/em>;<\/li><li>sul sito dei Padri Carmelitani un <a href=\"https:\/\/ocarm.org\/it\/lectio-divina\/109-lectio-divina-aprile-2021-it-pdf\">libretto<\/a> con materiali utili (spiegazione puntuale del brano, domande per la riflessione, testi di preghiera) per fare <em>lectio<\/em> con il Vangelo di tutti i giorni del mese di aprile 2021, quindi anche per quello che ci interessa;<\/li><li>sul sito <em>Cerco il tuo volto<\/em>, uno <a href=\"https:\/\/www.cercoiltuovolto.it\/vangelo-del-giorno\/lectio-divina-del-5-aprile-2018-ordine-dei-carmelitani\/\">schema<\/a> di <em>lectio<\/em> pubblicato a suo tempo sul sito dell&#8217;Ordine Domenicano;<\/li><li>sul sito <em>Qumran<\/em>, uno <a href=\"https:\/\/www.qumran2.net\/parolenuove\/commenti.php?mostra_id=40640\" data-type=\"URL\" data-id=\"https:\/\/www.qumran2.net\/parolenuove\/commenti.php?mostra_id=40640\">schema<\/a> di <em>lectio<\/em> con commento puntuale del testo, preparata dalle sorelle del Monastero <em>Matris Domini<\/em>.<\/li><\/ul>\n\n\n\n<hr class=\"wp-block-separator\"\/>\n\n\n\n<p><strong>Spiegazioni ampie con richiami ad altre parti della Bibbia<\/strong>:<\/p>\n\n\n\n<ul><li>sul sito dell\u2019Abbazia di Pulsano, un ampio ed esaustivo <a href=\"http:\/\/www.abbaziadipulsano.org\/wp-content\/uploads\/2021\/04\/Lectio-III-Dom.-di-Pasqua-B-2021.doc\">commento<\/a> che come al solito si allarga anche alle altre letture del giorno.<\/li><\/ul>\n\n\n\n<hr class=\"wp-block-separator\"\/>\n\n\n\n<p><strong>Commenti dal taglio esegetico spirituale:<\/strong><\/p>\n\n\n\n<ul><li>sul sito <em>Centro studi biblici<\/em> tre commenti a cura di padre Alberto Maggi (<a href=\"https:\/\/www.google.com\/url?client=internal-element-cse&amp;cx=013676013180088714042:s7lqc0px_js&amp;q=https:\/\/www.studibiblici.it\/VideoOmelie\/trascrizioni\/Commento%2520al%2520Vangelo%2520di%2520P.%2520Alberto%2520Maggi%2520-%252019%2520apr%25202015.pdf&amp;sa=U&amp;ved=2ahUKEwiQmr3LsYXwAhUHgP0HHQu8CFEQFjADegQIBxAC&amp;usg=AOvVaw3LXDXIa7gsH_ArUSietzbS\">primo<\/a>, <a href=\"https:\/\/www.google.com\/url?client=internal-element-cse&amp;cx=013676013180088714042:s7lqc0px_js&amp;q=https:\/\/www.studibiblici.it\/VideoOmelie\/trascrizioni\/Commento%2520al%2520Vangelo%2520di%2520P.%2520Alberto%2520Maggi%2520-%252015%2520apr%25202018.pdf&amp;sa=U&amp;ved=2ahUKEwiQmr3LsYXwAhUHgP0HHQu8CFEQFjACegQICBAC&amp;usg=AOvVaw0D-FagQC8WoHaH_TSwbhkd\" data-type=\"URL\" data-id=\"https:\/\/www.google.com\/url?client=internal-element-cse&amp;cx=013676013180088714042:s7lqc0px_js&amp;q=https:\/\/www.studibiblici.it\/VideoOmelie\/trascrizioni\/Commento%2520al%2520Vangelo%2520di%2520P.%2520Alberto%2520Maggi%2520-%252015%2520apr%25202018.pdf&amp;sa=U&amp;ved=2ahUKEwiQmr3LsYXwAhUHgP0HHQu8CFEQFjACegQICBAC&amp;usg=AOvVaw0D-FagQC8WoHaH_TSwbhkd\">secondo<\/a> e <a href=\"https:\/\/www.google.com\/url?client=internal-element-cse&amp;cx=013676013180088714042:s7lqc0px_js&amp;q=https:\/\/www.studibiblici.it\/VideoOmelie\/testi\/III%2520dom%2520diPasqua.pdf&amp;sa=U&amp;ved=2ahUKEwiQmr3LsYXwAhUHgP0HHQu8CFEQFjABegQICRAB&amp;usg=AOvVaw1lRMNac-QgsvuVEbHqiqI5\">terzo<\/a>);<\/li><li>sul sito della <em>Congregazione per il clero<\/em>, un <a href=\"http:\/\/www.clerus.va\/content\/clerus\/it\/omelie\/new228.html\">commento<\/a> a cura di padre Gaetano Piccolo;<\/li><li>sul suo sito personale, un ampio <a href=\"http:\/\/francescofolloit.blogspot.com\/2021\/04\/perdonandoci-la-misericordia-ci-cambia.html\">commento<\/a> di don Francesco Follo;<\/li><li>sul sito del Monastero di Bose, una <a href=\"https:\/\/www.monasterodibose.it\/preghiera\/vangelo\/14487-la-presenza-del-signore\">analisi del brano<\/a> da parte di padre Luciano Manicardi;<\/li><li>ancora sul sito di Bose, un <a href=\"https:\/\/www.monasterodibose.it\/comunita\/fondatore\/riflessioni-sul-vangelo\/12230-credere-parola\">articolato commento<\/a> di Enzo Bianchi; <\/li><li>sul sito dell&#8217;associazione <em>Tuttavia<\/em>, un <a href=\"https:\/\/www.tuttavia.eu\/2018\/04\/14\/senso-scritture-lc24-35-48\/\">commento<\/a> a cura di Nicole Olivieri;<\/li><li>sul sito dell&#8217;associazione <em>Kairos<\/em>, un <a href=\"http:\/\/www.comunitakairos.it\/wordpress\/wp-content\/uploads\/2011\/11\/Lectio-divina-di-Lc-24-35-49.pdf\">commento<\/a> puntuale del testo<\/li><li>ancora sul sito <em>Cerco il tuo volto<\/em>, un interessante <a href=\"https:\/\/www.cercoiltuovolto.it\/vangelo-della-domenica\/commento-al-vangelo-di-domenica-18-aprile-2021-p-alessandro-cortesi-op\/\">commento<\/a> di padre Alessandro Cortesi.<\/li><\/ul>\n\n\n\n<hr class=\"wp-block-separator\"\/>\n\n\n\n<p><strong>Altro:<\/strong><\/p>\n\n\n\n<ul><li>sul sito della diocesi di Vercelli, un <a href=\"https:\/\/www.arcidiocesi.vc.it\/iii-domenica-pasqua-lc-2435-48\/\">commento<\/a> dal taglio prettamente spirituale che inquadra il brano nel contesto del capitolo 24 di Luca, a cura di don Gianfranco Busa.<\/li><\/ul>\n\n\n\n<figure class=\"wp-block-image alignwide size-full\"><img data-attachment-id=\"18503\" data-permalink=\"http:\/\/www.robertosedda.it\/?attachment_id=18503\" data-orig-file=\"https:\/\/i0.wp.com\/www.robertosedda.it\/wp-content\/uploads\/2021\/04\/Le_Caravage_-_Lincredulite_de_Saint_Thomas.jpg?fit=1077%2C780\" data-orig-size=\"1077,780\" data-comments-opened=\"1\" data-image-meta=\"{&quot;aperture&quot;:&quot;0&quot;,&quot;credit&quot;:&quot;&quot;,&quot;camera&quot;:&quot;&quot;,&quot;caption&quot;:&quot;&quot;,&quot;created_timestamp&quot;:&quot;0&quot;,&quot;copyright&quot;:&quot;&quot;,&quot;focal_length&quot;:&quot;0&quot;,&quot;iso&quot;:&quot;0&quot;,&quot;shutter_speed&quot;:&quot;0&quot;,&quot;title&quot;:&quot;&quot;,&quot;orientation&quot;:&quot;0&quot;}\" data-image-title=\"Le_Caravage_-_Lincredulite_de_Saint_Thomas\" data-image-description=\"\" data-image-caption=\"\" data-medium-file=\"https:\/\/i0.wp.com\/www.robertosedda.it\/wp-content\/uploads\/2021\/04\/Le_Caravage_-_Lincredulite_de_Saint_Thomas.jpg?fit=300%2C217\" data-large-file=\"https:\/\/i0.wp.com\/www.robertosedda.it\/wp-content\/uploads\/2021\/04\/Le_Caravage_-_Lincredulite_de_Saint_Thomas.jpg?fit=510%2C369\" decoding=\"async\" loading=\"lazy\" width=\"800\" height=\"579\" src=\"https:\/\/i0.wp.com\/www.robertosedda.it\/wp-content\/uploads\/2021\/04\/Le_Caravage_-_Lincredulite_de_Saint_Thomas.jpg?resize=800%2C579\" alt=\"\" class=\"wp-image-18503\" srcset=\"https:\/\/i0.wp.com\/www.robertosedda.it\/wp-content\/uploads\/2021\/04\/Le_Caravage_-_Lincredulite_de_Saint_Thomas.jpg?w=1077 1077w, https:\/\/i0.wp.com\/www.robertosedda.it\/wp-content\/uploads\/2021\/04\/Le_Caravage_-_Lincredulite_de_Saint_Thomas.jpg?resize=300%2C217 300w, https:\/\/i0.wp.com\/www.robertosedda.it\/wp-content\/uploads\/2021\/04\/Le_Caravage_-_Lincredulite_de_Saint_Thomas.jpg?resize=510%2C369 510w, https:\/\/i0.wp.com\/www.robertosedda.it\/wp-content\/uploads\/2021\/04\/Le_Caravage_-_Lincredulite_de_Saint_Thomas.jpg?resize=150%2C109 150w\" sizes=\"(max-width: 800px) 100vw, 800px\" data-recalc-dims=\"1\" \/><figcaption>Caravaggio &#8211; artrenewal.org picture n\u00b03757, Pubblico dominio, https:\/\/commons.wikimedia.org\/w\/index.php?curid=2672316<\/figcaption><\/figure>\n\n\n\n<h3>Altri materiali utili per ciascun passo della <em>lectio<\/em><\/h3>\n\n\n\n<p>L\u2019intero testo della Liturgia della Parola si trova sul sito de <em><a href=\"http:\/\/www.lachiesa.it\/calendario\/Detailed\/20210418.shtml\">LaChiesa.it<\/a><\/em>.<\/p>\n\n\n\n<h4>Per iniziare<\/h4>\n\n\n\n<p><strong>Antifona d\u2019ingresso<\/strong><\/p>\n\n\n\n<p><em>Acclamate Dio, voi tutti della terra,<br \/>cantate la gloria del suo nome,<br \/>dategli gloria con la lode. Alleluia.<\/em><\/p>\n\n\n\n<p>oppure<\/p>\n\n\n\n<p><em>O Padre, che nella gloriosa morte del tuo Figlio, vittima di espiazione per i nostri peccati, hai posto il fondamento della riconciliazione e della pace, apri il nostro cuore alla vera conversione e fa&#8217; di noi i testimoni dell&#8217;umanit\u00e0 nuova, pacificata nel tuo amore. Per il nostro Signore<\/em>&#8230;<\/p>\n\n\n\n<h4>Invocazione allo Spirito prima della <em>lectio<\/em><\/h4>\n\n\n\n<p><em>Padre nostro,<br \/>eccoci in ascolto della tua parola viva ed efficace:<br \/>essa penetri in noi come una spada a doppio taglio<br \/>e nella forza del tuo Spirito santo<br \/>ci chiami a conversione,<br \/>trasformi le nostre vite<br \/>e faccia di noi dei discepoli<br \/>di Ges\u00f9 Cristo tuo Figlio,<br \/>colui che \u00e8 la tua Parola fatta carne,<br \/>il tuo volto e la tua immagine,<br \/>la tua narrazione agli uomini.<br \/>Sii benedetto ora e nei secoli dei secoli. Amen<\/em><\/p>\n\n\n\n<h4><strong>Al termine della <em>contemplatio<\/em><\/strong><\/h4>\n\n\n\n<p><strong>Salmo 25<\/strong><\/p>\n\n\n\n<p><em>Buono e retto \u00e8 il Signore,<br \/>indica ai peccatori la via giusta;<\/em><\/p>\n\n\n\n<p><em>guida i poveri secondo giustizia,<br \/>insegna ai poveri la sua via.<\/em><\/p>\n\n\n\n<p><em>Tutti i sentieri del Signore sono amore e fedelt\u00e0<br \/>per chi custodisce la sua alleanza e i suoi precetti.<\/em><\/p>\n\n\n\n<p><em>Per il tuo nome, Signore,<br \/>perdona la mia colpa, anche se \u00e8 grande.<\/em><\/p>\n\n\n\n<p><em>C&#8217;\u00e8 un uomo che teme il Signore?<br \/>Gli indicher\u00e0 la via da scegliere.<\/em><\/p>\n\n\n\n<p><em>Egli riposer\u00e0 nel benessere,<br \/>la sua discendenza posseder\u00e0 la terra.<\/em><\/p>\n\n\n\n<p><em>Il Signore si confida con chi lo teme:<br \/>gli fa conoscere la sua alleanza.<\/em><\/p>\n\n\n\n<p><em>I miei occhi sono sempre rivolti al Signore,<br \/>\u00e8 lui che fa uscire dalla rete il mio piede.<\/em><\/p>\n\n\n\n<h4>Per la conclusione dell\u2019incontro<\/h4>\n\n\n\n<p><em>O Padre, che nella gloriosa morte del tuo Figlio, vittima di espiazione per i nostri peccati, hai posto il fondamento della riconciliazione e della pace, apri il nostro cuore alla vera conversione e fa&#8217; di noi i testimoni dell&#8217;umanit\u00e0 nuova, pacificata nel tuo amore. Per il nostro Signore&#8230;<\/em><\/p>\n","protected":false},"excerpt":{"rendered":"<p>Dopo un periodo di interruzione domani il gruppo La Pira fa la sua lectio periodica. Cime sempre pubblico qui i<\/p>\n","protected":false},"author":1,"featured_media":18501,"comment_status":"open","ping_status":"open","sticky":false,"template":"","format":"standard","meta":{"_mi_skip_tracking":false,"_monsterinsights_sitenote_active":false,"_monsterinsights_sitenote_note":"","_monsterinsights_sitenote_category":0,"jetpack_post_was_ever_published":false,"_jetpack_newsletter_access":"","jetpack_publicize_message":"La lectio dell'incontro del giorno dopo. Materiali per la lectio divina sull'apparizione di Ges\u00f9 ai discepoli nel Cenacolo","jetpack_is_tweetstorm":false,"jetpack_publicize_feature_enabled":true,"jetpack_social_post_already_shared":true,"jetpack_social_options":{"image_generator_settings":{"template":"highway","enabled":false}}},"categories":[52,54,17,62,16],"tags":[],"jetpack_publicize_connections":[],"jetpack_featured_media_url":"https:\/\/i0.wp.com\/www.robertosedda.it\/wp-content\/uploads\/2021\/04\/3039px-1602-3_CaravaggioSupper_at_Emmaus_National_Gallery_London-scaled.jpg?fit=2560%2C1820","jetpack_sharing_enabled":true,"jetpack_shortlink":"https:\/\/wp.me\/p4jV2T-4Oo","jetpack_likes_enabled":true,"jetpack-related-posts":[{"id":18590,"url":"http:\/\/www.robertosedda.it\/?p=18590","url_meta":{"origin":18500,"position":0},"title":"La lectio che abbiamo gi\u00e0 fatto","author":"Rufus","date":"30\/04\/2021","format":false,"excerpt":"A quanto pare il gruppo La Pira ci ha preso gusto e domenica, alle 18,00, facciamo di nuovo lectio, in questo caso sul brano della vite e dei tralci che si trova al Vangelo di Giovanni al capitolo 15, versetti 1-8. Si tratta di un brano su cui abbiamo gi\u00e0\u2026","rel":"","context":"In &quot;Coordinate&quot;","block_context":{"text":"Coordinate","link":"http:\/\/www.robertosedda.it\/?cat=52"},"img":{"alt_text":"","src":"https:\/\/i0.wp.com\/www.robertosedda.it\/wp-content\/uploads\/2021\/04\/Peter_Paul_Rubens_-_Last_Supper_-_WGA20255-scaled.jpg?fit=989%2C1200&resize=350%2C200","width":350,"height":200,"srcset":"https:\/\/i0.wp.com\/www.robertosedda.it\/wp-content\/uploads\/2021\/04\/Peter_Paul_Rubens_-_Last_Supper_-_WGA20255-scaled.jpg?fit=989%2C1200&resize=350%2C200 1x, https:\/\/i0.wp.com\/www.robertosedda.it\/wp-content\/uploads\/2021\/04\/Peter_Paul_Rubens_-_Last_Supper_-_WGA20255-scaled.jpg?fit=989%2C1200&resize=700%2C400 2x"},"classes":[]},{"id":18097,"url":"http:\/\/www.robertosedda.it\/?p=18097","url_meta":{"origin":18500,"position":1},"title":"Lectio in albis","author":"Rufus","date":"18\/04\/2020","format":false,"excerpt":"Domani il gruppo La Pira fa la sua lectio periodica. I materiali che utilizzeremo sono quelli che trovate qui sotto, e possono essere utili anche ad altri che vogliono fare una esperienza simile. Il metodo \u00e8 spiegato in questo vecchio articolo; anche quando il gruppo non si riunisce (virtualmente, in\u2026","rel":"","context":"In &quot;Coordinate&quot;","block_context":{"text":"Coordinate","link":"http:\/\/www.robertosedda.it\/?cat=52"},"img":{"alt_text":"","src":"https:\/\/i0.wp.com\/www.robertosedda.it\/wp-content\/uploads\/2020\/04\/Pentecoste-Rupnik.jpg?fit=430%2C540&resize=350%2C200","width":350,"height":200},"classes":[]},{"id":18083,"url":"http:\/\/www.robertosedda.it\/?p=18083","url_meta":{"origin":18500,"position":2},"title":"Lectio di Pasqua","author":"Rufus","date":"11\/04\/2020","format":false,"excerpt":"Trovate qui di seguito, come ogni sabato, i materiali per una lectio sul Vangelo della domenica, da fare da soli o in comunit\u00e0 (telematica, in questo periodo). Come al solito ricordo che lo schema generale della lectio e il modo di farla del gruppo La Pira sono spiegati in questo\u2026","rel":"","context":"In &quot;Coordinate&quot;","block_context":{"text":"Coordinate","link":"http:\/\/www.robertosedda.it\/?cat=52"},"img":{"alt_text":"","src":"https:\/\/i0.wp.com\/www.robertosedda.it\/wp-content\/uploads\/2020\/04\/Rupnik-Pasqua.jpg?fit=822%2C1024&resize=350%2C200","width":350,"height":200,"srcset":"https:\/\/i0.wp.com\/www.robertosedda.it\/wp-content\/uploads\/2020\/04\/Rupnik-Pasqua.jpg?fit=822%2C1024&resize=350%2C200 1x, https:\/\/i0.wp.com\/www.robertosedda.it\/wp-content\/uploads\/2020\/04\/Rupnik-Pasqua.jpg?fit=822%2C1024&resize=700%2C400 2x"},"classes":[]},{"id":17748,"url":"http:\/\/www.robertosedda.it\/?p=17748","url_meta":{"origin":18500,"position":3},"title":"Come fare una lectio divina autogestita","author":"Rufus","date":"23\/01\/2020","format":false,"excerpt":"La lectio divina \u00e8 una antica pratica della tradizione monastica di studio e meditazione della Bibbia, venuta in auge nelle comunit\u00e0 parrocchiali e nelle associazioni laicali negli anni del post-Concilio. In Italia la sua divulgazione \u00e8 legata in particolar modo al lavoro del Cardinal Martini, anche se la sua diffusione\u2026","rel":"","context":"In &quot;Coordinate&quot;","block_context":{"text":"Coordinate","link":"http:\/\/www.robertosedda.it\/?cat=52"},"img":{"alt_text":"","src":"https:\/\/i0.wp.com\/www.robertosedda.it\/wp-content\/uploads\/2020\/01\/lectio.jpg?fit=810%2C538&resize=350%2C200","width":350,"height":200,"srcset":"https:\/\/i0.wp.com\/www.robertosedda.it\/wp-content\/uploads\/2020\/01\/lectio.jpg?fit=810%2C538&resize=350%2C200 1x, https:\/\/i0.wp.com\/www.robertosedda.it\/wp-content\/uploads\/2020\/01\/lectio.jpg?fit=810%2C538&resize=700%2C400 2x"},"classes":[]},{"id":18066,"url":"http:\/\/www.robertosedda.it\/?p=18066","url_meta":{"origin":18500,"position":4},"title":"La lectio della inaudita Domenica delle Palme","author":"Rufus","date":"04\/04\/2020","format":false,"excerpt":"Non so bene che impressione mi far\u00e0, domani, partecipare da casa ai riti mutili della Domenica delle Palme a causa dell'emergenza. Una domenica abbastanza inaudita, certamente per quelli della mia generazione ma probabilmente anche per quelli che hanno vissuto altri cataclismi come quello della guerra. Ad ogni modo, continuo con\u2026","rel":"","context":"In &quot;Coordinate&quot;","block_context":{"text":"Coordinate","link":"http:\/\/www.robertosedda.it\/?cat=52"},"img":{"alt_text":"","src":"https:\/\/i0.wp.com\/www.robertosedda.it\/wp-content\/uploads\/2020\/04\/Rupnik-pantocrator.jpg?fit=400%2C292&resize=350%2C200","width":350,"height":200},"classes":[]},{"id":18381,"url":"http:\/\/www.robertosedda.it\/?p=18381","url_meta":{"origin":18500,"position":5},"title":"Tempo di Avvento, tempo di lectio","author":"Rufus","date":"18\/12\/2020","format":false,"excerpt":"Il 21 dicembre prossimo, alle 21,00, il gruppo La Pira far\u00e0 la sua lectio di Natale abituale, su Zoom. Come al solito, chi si vuole unire a noi pu\u00f2 contattarci liberamente. Per tutti gli altri posto qui i materiali che utilizzeremo, nel caso volessero ripetere l'esperienza personalmente o con altri\u2026","rel":"","context":"In &quot;Coordinate&quot;","block_context":{"text":"Coordinate","link":"http:\/\/www.robertosedda.it\/?cat=52"},"img":{"alt_text":"","src":"https:\/\/i0.wp.com\/www.robertosedda.it\/wp-content\/uploads\/2020\/12\/1640px-Caravaggio-Nativity1600.jpg?fit=911%2C1200&resize=350%2C200","width":350,"height":200,"srcset":"https:\/\/i0.wp.com\/www.robertosedda.it\/wp-content\/uploads\/2020\/12\/1640px-Caravaggio-Nativity1600.jpg?fit=911%2C1200&resize=350%2C200 1x, https:\/\/i0.wp.com\/www.robertosedda.it\/wp-content\/uploads\/2020\/12\/1640px-Caravaggio-Nativity1600.jpg?fit=911%2C1200&resize=700%2C400 2x"},"classes":[]}],"_links":{"self":[{"href":"http:\/\/www.robertosedda.it\/index.php?rest_route=\/wp\/v2\/posts\/18500"}],"collection":[{"href":"http:\/\/www.robertosedda.it\/index.php?rest_route=\/wp\/v2\/posts"}],"about":[{"href":"http:\/\/www.robertosedda.it\/index.php?rest_route=\/wp\/v2\/types\/post"}],"author":[{"embeddable":true,"href":"http:\/\/www.robertosedda.it\/index.php?rest_route=\/wp\/v2\/users\/1"}],"replies":[{"embeddable":true,"href":"http:\/\/www.robertosedda.it\/index.php?rest_route=%2Fwp%2Fv2%2Fcomments&post=18500"}],"version-history":[{"count":2,"href":"http:\/\/www.robertosedda.it\/index.php?rest_route=\/wp\/v2\/posts\/18500\/revisions"}],"predecessor-version":[{"id":18504,"href":"http:\/\/www.robertosedda.it\/index.php?rest_route=\/wp\/v2\/posts\/18500\/revisions\/18504"}],"wp:featuredmedia":[{"embeddable":true,"href":"http:\/\/www.robertosedda.it\/index.php?rest_route=\/wp\/v2\/media\/18501"}],"wp:attachment":[{"href":"http:\/\/www.robertosedda.it\/index.php?rest_route=%2Fwp%2Fv2%2Fmedia&parent=18500"}],"wp:term":[{"taxonomy":"category","embeddable":true,"href":"http:\/\/www.robertosedda.it\/index.php?rest_route=%2Fwp%2Fv2%2Fcategories&post=18500"},{"taxonomy":"post_tag","embeddable":true,"href":"http:\/\/www.robertosedda.it\/index.php?rest_route=%2Fwp%2Fv2%2Ftags&post=18500"}],"curies":[{"name":"wp","href":"https:\/\/api.w.org\/{rel}","templated":true}]}}