{"id":18477,"date":"2021-03-02T16:57:44","date_gmt":"2021-03-02T15:57:44","guid":{"rendered":"http:\/\/www.robertosedda.it\/?p=18477"},"modified":"2023-03-07T12:33:01","modified_gmt":"2023-03-07T11:33:01","slug":"pubblicato","status":"publish","type":"post","link":"http:\/\/www.robertosedda.it\/?p=18477","title":{"rendered":"Pubblicato!"},"content":{"rendered":"\n<figure class=\"wp-block-image alignwide size-full\"><img data-attachment-id=\"16194\" data-permalink=\"http:\/\/www.robertosedda.it\/?attachment_id=16194\" data-orig-file=\"https:\/\/i0.wp.com\/www.robertosedda.it\/wp-content\/uploads\/2019\/01\/schermata-iniziale2.jpg?fit=1920%2C1080\" data-orig-size=\"1920,1080\" data-comments-opened=\"1\" data-image-meta=\"{&quot;aperture&quot;:&quot;0&quot;,&quot;credit&quot;:&quot;&quot;,&quot;camera&quot;:&quot;&quot;,&quot;caption&quot;:&quot;&quot;,&quot;created_timestamp&quot;:&quot;0&quot;,&quot;copyright&quot;:&quot;&quot;,&quot;focal_length&quot;:&quot;0&quot;,&quot;iso&quot;:&quot;0&quot;,&quot;shutter_speed&quot;:&quot;0&quot;,&quot;title&quot;:&quot;&quot;,&quot;orientation&quot;:&quot;1&quot;}\" data-image-title=\"schermata iniziale2\" data-image-description=\"\" data-image-caption=\"\" data-medium-file=\"https:\/\/i0.wp.com\/www.robertosedda.it\/wp-content\/uploads\/2019\/01\/schermata-iniziale2.jpg?fit=300%2C169\" data-large-file=\"https:\/\/i0.wp.com\/www.robertosedda.it\/wp-content\/uploads\/2019\/01\/schermata-iniziale2.jpg?fit=510%2C287\" decoding=\"async\" loading=\"lazy\" width=\"800\" height=\"450\" src=\"https:\/\/i0.wp.com\/www.robertosedda.it\/wp-content\/uploads\/2019\/01\/schermata-iniziale2.jpg?resize=800%2C450\" alt=\"\" class=\"wp-image-16194\" srcset=\"https:\/\/i0.wp.com\/www.robertosedda.it\/wp-content\/uploads\/2019\/01\/schermata-iniziale2.jpg?w=1920 1920w, https:\/\/i0.wp.com\/www.robertosedda.it\/wp-content\/uploads\/2019\/01\/schermata-iniziale2.jpg?resize=150%2C84 150w, https:\/\/i0.wp.com\/www.robertosedda.it\/wp-content\/uploads\/2019\/01\/schermata-iniziale2.jpg?resize=300%2C169 300w, https:\/\/i0.wp.com\/www.robertosedda.it\/wp-content\/uploads\/2019\/01\/schermata-iniziale2.jpg?resize=510%2C287 510w, https:\/\/i0.wp.com\/www.robertosedda.it\/wp-content\/uploads\/2019\/01\/schermata-iniziale2.jpg?w=1600 1600w\" sizes=\"(max-width: 800px) 100vw, 800px\" data-recalc-dims=\"1\" \/><\/figure>\n\n\n\n<p>I pi\u00f9 attenti e longevi seguaci di questo <em>blog<\/em> ricorderanno che quasi esattamente due anni fa, alla <em>Jam<\/em> del 2019, avevo fatto un gioco di nome <em>The Law<\/em>. All&#8217;epoca, in un <a href=\"http:\/\/www.robertosedda.it\/?p=16193\">articolo piuttosto esaustivo<\/a>, avevo scritto:<\/p>\n\n\n\n<blockquote class=\"wp-block-quote\"><p>Andrea e io ci stiamo gi\u00e0 continuando a lavorare: vogliamo tradurlo in italiano (attualmente \u00e8 in inglese), farlo girare non solo sotto\u00a0<em>Mac<\/em>\u00a0ma sotto\u00a0<em>Windows\u00a0<\/em>e\u00a0anche\u00a0<em>Android<\/em>\u00a0e trovare una piattaforma dove metterlo a disposizione. Ci sono anche un po\u2019 di errorini da correggere, qui e l\u00e0.    <\/p><\/blockquote>\n\n\n\n<p>Beh, l&#8217;abbiamo fatto. Ci abbiamo messo <em>solo <\/em>due anni, ma l&#8217;abbiamo fatto. Da ieri notte il gioco \u00e8 disponibile su <em><a href=\"https:\/\/thisisnotafunnygame.itch.io\/the-law\">itch.io<\/a><\/em> nelle versioni per i vari sistemi operativi da PC e su <em><a href=\"https:\/\/play.google.com\/store\/apps\/details?id=com.Thisisnotafunnygame.TheLaw\">Play<\/a><\/em> per i dispositivi <em>Android<\/em> (mi raccomando, scaricatelo e giocatelo e, se vi piace, condividete).<\/p>\n\n\n\n<figure class=\"wp-block-image alignwide size-full\"><img data-attachment-id=\"18478\" data-permalink=\"http:\/\/www.robertosedda.it\/?attachment_id=18478\" data-orig-file=\"https:\/\/i0.wp.com\/www.robertosedda.it\/wp-content\/uploads\/2021\/03\/The-law-screenshot.jpeg?fit=1920%2C1080\" data-orig-size=\"1920,1080\" data-comments-opened=\"1\" data-image-meta=\"{&quot;aperture&quot;:&quot;0&quot;,&quot;credit&quot;:&quot;&quot;,&quot;camera&quot;:&quot;&quot;,&quot;caption&quot;:&quot;&quot;,&quot;created_timestamp&quot;:&quot;0&quot;,&quot;copyright&quot;:&quot;&quot;,&quot;focal_length&quot;:&quot;0&quot;,&quot;iso&quot;:&quot;0&quot;,&quot;shutter_speed&quot;:&quot;0&quot;,&quot;title&quot;:&quot;&quot;,&quot;orientation&quot;:&quot;0&quot;}\" data-image-title=\"The-law-screenshot\" data-image-description=\"\" data-image-caption=\"\" data-medium-file=\"https:\/\/i0.wp.com\/www.robertosedda.it\/wp-content\/uploads\/2021\/03\/The-law-screenshot.jpeg?fit=300%2C169\" data-large-file=\"https:\/\/i0.wp.com\/www.robertosedda.it\/wp-content\/uploads\/2021\/03\/The-law-screenshot.jpeg?fit=510%2C287\" decoding=\"async\" loading=\"lazy\" width=\"800\" height=\"450\" src=\"https:\/\/i0.wp.com\/www.robertosedda.it\/wp-content\/uploads\/2021\/03\/The-law-screenshot.jpeg?resize=800%2C450\" alt=\"\" class=\"wp-image-18478\" srcset=\"https:\/\/i0.wp.com\/www.robertosedda.it\/wp-content\/uploads\/2021\/03\/The-law-screenshot.jpeg?w=1920 1920w, https:\/\/i0.wp.com\/www.robertosedda.it\/wp-content\/uploads\/2021\/03\/The-law-screenshot.jpeg?resize=300%2C169 300w, https:\/\/i0.wp.com\/www.robertosedda.it\/wp-content\/uploads\/2021\/03\/The-law-screenshot.jpeg?resize=510%2C287 510w, https:\/\/i0.wp.com\/www.robertosedda.it\/wp-content\/uploads\/2021\/03\/The-law-screenshot.jpeg?resize=150%2C84 150w, https:\/\/i0.wp.com\/www.robertosedda.it\/wp-content\/uploads\/2021\/03\/The-law-screenshot.jpeg?resize=1536%2C864 1536w, https:\/\/i0.wp.com\/www.robertosedda.it\/wp-content\/uploads\/2021\/03\/The-law-screenshot.jpeg?w=1600 1600w\" sizes=\"(max-width: 800px) 100vw, 800px\" data-recalc-dims=\"1\" \/><\/figure>\n\n\n\n<p>Devo dire che sono contentissimo e anche emozionato, lo dico sinceramente, del risultato. Fra fare giochi per diletto e fare giochi per diletto e pubblicarli su una piattaforma passa tutta la differenza del mondo. Il gioco \u00e8 piccolino, \u00e8 distribuito gratuitamente e in ogni caso se fa pi\u00f9 di cento <em>download <\/em>stapperemo lo spumante, ma non \u00e8 questo il punto, \u00e8 la capacit\u00e0 di gestire un progetto e portarlo alla fine. Il passaggio \u00e8 stato mediato dalla decisione di crearci un marchio comune per i nostri progetti, <em><a href=\"https:\/\/twitter.com\/Thisisnotafunn1\">thisisnotafunnygame<\/a><\/em>, del quale vi presento in anteprima il logo<\/p>\n\n\n\n<div class=\"wp-block-image\"><figure class=\"aligncenter size-full\"><img data-attachment-id=\"18479\" data-permalink=\"http:\/\/www.robertosedda.it\/?attachment_id=18479\" data-orig-file=\"https:\/\/i0.wp.com\/www.robertosedda.it\/wp-content\/uploads\/2021\/03\/THISISNOTAFUNNYGAME.jpg?fit=721%2C175\" data-orig-size=\"721,175\" data-comments-opened=\"1\" data-image-meta=\"{&quot;aperture&quot;:&quot;0&quot;,&quot;credit&quot;:&quot;&quot;,&quot;camera&quot;:&quot;&quot;,&quot;caption&quot;:&quot;&quot;,&quot;created_timestamp&quot;:&quot;0&quot;,&quot;copyright&quot;:&quot;&quot;,&quot;focal_length&quot;:&quot;0&quot;,&quot;iso&quot;:&quot;0&quot;,&quot;shutter_speed&quot;:&quot;0&quot;,&quot;title&quot;:&quot;&quot;,&quot;orientation&quot;:&quot;0&quot;}\" data-image-title=\"THISISNOTAFUNNYGAME\" data-image-description=\"\" data-image-caption=\"\" data-medium-file=\"https:\/\/i0.wp.com\/www.robertosedda.it\/wp-content\/uploads\/2021\/03\/THISISNOTAFUNNYGAME.jpg?fit=300%2C73\" data-large-file=\"https:\/\/i0.wp.com\/www.robertosedda.it\/wp-content\/uploads\/2021\/03\/THISISNOTAFUNNYGAME.jpg?fit=510%2C124\" decoding=\"async\" loading=\"lazy\" width=\"721\" height=\"175\" src=\"https:\/\/i0.wp.com\/www.robertosedda.it\/wp-content\/uploads\/2021\/03\/THISISNOTAFUNNYGAME.jpg?resize=721%2C175\" alt=\"\" class=\"wp-image-18479\" srcset=\"https:\/\/i0.wp.com\/www.robertosedda.it\/wp-content\/uploads\/2021\/03\/THISISNOTAFUNNYGAME.jpg?w=721 721w, https:\/\/i0.wp.com\/www.robertosedda.it\/wp-content\/uploads\/2021\/03\/THISISNOTAFUNNYGAME.jpg?resize=300%2C73 300w, https:\/\/i0.wp.com\/www.robertosedda.it\/wp-content\/uploads\/2021\/03\/THISISNOTAFUNNYGAME.jpg?resize=510%2C124 510w, https:\/\/i0.wp.com\/www.robertosedda.it\/wp-content\/uploads\/2021\/03\/THISISNOTAFUNNYGAME.jpg?resize=150%2C36 150w\" sizes=\"(max-width: 721px) 100vw, 721px\" data-recalc-dims=\"1\" \/><\/figure><\/div>\n\n\n\n<p>Detto questo, e rimandando all&#8217;articolo originale per un racconto di come sia nato il gioco, dico un paio di cose con l&#8217;occhio di oggi, e non di due anni fa. Non sono proprio \u00abmotivi per i quali dovreste scaricarlo e giocarlo\u00bb, sono piuttosto riflessioni che ho fatto quando, alla conclusione di tutto il lavoro, ho avuto quell&#8217;attimo finale di esitazione (che mi sono ben guardato dal dire ad Andrea, che per\u00f2 scommetto che ha avuto gli stessi pensieri) e mi sono dovuto ridire i motivi per i quali valeva la pena, compreso il rischio, del tutto umano, di sentirsi dire da qualcuno che il gioco fa schifo. <\/p>\n\n\n\n<p>Ecco, la prima ragione \u00e8 che il gioco rimane una affermazione politica piuttosto chiara, e che la <em>volevo<\/em> fare. \u00c8 la sensazione che ho avuto quando qualche mese in fa l&#8217;ho ripreso in mano per correggerlo, e sono rimasto stupito oggi di notare che gi\u00e0 due anni fa, come avrete visto, sentivo ugualmente il bisogno di giustificare questa scelta. Le affermazioni politiche dirette non sono propriamente nel mio stile, eppure in questo caso trovo che la forma di espressione scelta sia adeguata.<\/p>\n\n\n\n<figure class=\"wp-block-image alignwide size-full\"><img data-attachment-id=\"16197\" data-permalink=\"http:\/\/www.robertosedda.it\/?attachment_id=16197\" data-orig-file=\"https:\/\/i0.wp.com\/www.robertosedda.it\/wp-content\/uploads\/2019\/01\/papa2.jpg?fit=1920%2C1080\" data-orig-size=\"1920,1080\" data-comments-opened=\"1\" data-image-meta=\"{&quot;aperture&quot;:&quot;0&quot;,&quot;credit&quot;:&quot;&quot;,&quot;camera&quot;:&quot;&quot;,&quot;caption&quot;:&quot;&quot;,&quot;created_timestamp&quot;:&quot;0&quot;,&quot;copyright&quot;:&quot;&quot;,&quot;focal_length&quot;:&quot;0&quot;,&quot;iso&quot;:&quot;0&quot;,&quot;shutter_speed&quot;:&quot;0&quot;,&quot;title&quot;:&quot;&quot;,&quot;orientation&quot;:&quot;1&quot;}\" data-image-title=\"papa2\" data-image-description=\"\" data-image-caption=\"\" data-medium-file=\"https:\/\/i0.wp.com\/www.robertosedda.it\/wp-content\/uploads\/2019\/01\/papa2.jpg?fit=300%2C169\" data-large-file=\"https:\/\/i0.wp.com\/www.robertosedda.it\/wp-content\/uploads\/2019\/01\/papa2.jpg?fit=510%2C287\" decoding=\"async\" loading=\"lazy\" width=\"800\" height=\"450\" src=\"https:\/\/i0.wp.com\/www.robertosedda.it\/wp-content\/uploads\/2019\/01\/papa2.jpg?resize=800%2C450\" alt=\"\" class=\"wp-image-16197\" srcset=\"https:\/\/i0.wp.com\/www.robertosedda.it\/wp-content\/uploads\/2019\/01\/papa2.jpg?w=1920 1920w, https:\/\/i0.wp.com\/www.robertosedda.it\/wp-content\/uploads\/2019\/01\/papa2.jpg?resize=150%2C84 150w, https:\/\/i0.wp.com\/www.robertosedda.it\/wp-content\/uploads\/2019\/01\/papa2.jpg?resize=300%2C169 300w, https:\/\/i0.wp.com\/www.robertosedda.it\/wp-content\/uploads\/2019\/01\/papa2.jpg?resize=510%2C287 510w, https:\/\/i0.wp.com\/www.robertosedda.it\/wp-content\/uploads\/2019\/01\/papa2.jpg?w=1600 1600w\" sizes=\"(max-width: 800px) 100vw, 800px\" data-recalc-dims=\"1\" \/><\/figure>\n\n\n\n<p>L&#8217;altro momento di esitazione \u00e8 giunto dal notare come il gioco sia <em>piccolo<\/em>. In quindici minuti si finisce. Anche grazie al fatto che sono passato a usare <em>Ink,<\/em> un bellissimo programma per fare giochi narrativi che permette di concentrarsi sulla scrittura ignorando quasi tutto il resto, sia il gioco che abbiamo fatto alla <em>Jam<\/em> del 2020 che altri giochini che sto scrivendo adesso per testare i limiti della mia conoscenza del programma sono notevolmente pi\u00f9 lunghi e pi\u00f9 complessi. Eppure in <em>The Law<\/em> rivisto trovo che c&#8217;\u00e8 quel che ci doveva essere, e va bene cos\u00ec.<\/p>\n\n\n\n<p>La terza osservazione, che vedo avevo gi\u00e0 fatto quasi uguale due anni fa, \u00e8 che io e Andrea abbiamo avuto la fortuna di avere due co-autori bravissimi, Stefano Puddu per i disegni e Davide Melis per le musiche. Il gioco \u00e8 soddisfacente perch\u00e9 c&#8217;\u00e8 stato il loro contributo, ma il tema \u00e8 un po&#8217; pi\u00f9 complesso: il gioco, qualunque gioco, \u00e8 fatto di interazioni e questo deve comprendere anche l&#8217;aspetto visuale e auditivo, che ha dignit\u00e0 insieme alle regole, alle meccaniche e alla narrazione; un fatto che ora che stiamo preparando il secondo gioco e non abbiamo n\u00e9 disegnatore n\u00e9 musicista sentiamo acutamente.<\/p>\n","protected":false},"excerpt":{"rendered":"<p>I pi\u00f9 attenti e longevi seguaci di questo blog ricorderanno che quasi esattamente due anni fa, alla Jam del 2019,<\/p>\n","protected":false},"author":1,"featured_media":16194,"comment_status":"open","ping_status":"open","sticky":false,"template":"","format":"standard","meta":{"_mi_skip_tracking":false,"_monsterinsights_sitenote_active":false,"_monsterinsights_sitenote_note":"","_monsterinsights_sitenote_category":0,"jetpack_post_was_ever_published":false,"_jetpack_newsletter_access":"","jetpack_publicize_message":"Pubblicato! Da oggi \"The Law\" in distribuzione ","jetpack_is_tweetstorm":false,"jetpack_publicize_feature_enabled":true,"jetpack_social_post_already_shared":true,"jetpack_social_options":{"image_generator_settings":{"template":"highway","enabled":false}}},"categories":[52,9,56,82],"tags":[],"jetpack_publicize_connections":[],"jetpack_featured_media_url":"https:\/\/i0.wp.com\/www.robertosedda.it\/wp-content\/uploads\/2019\/01\/schermata-iniziale2.jpg?fit=1920%2C1080","jetpack_sharing_enabled":true,"jetpack_shortlink":"https:\/\/wp.me\/p4jV2T-4O1","jetpack_likes_enabled":true,"jetpack-related-posts":[{"id":8300,"url":"http:\/\/www.robertosedda.it\/?p=8300","url_meta":{"origin":18477,"position":0},"title":"Magari ci si becca al Caf\u00e8 Noir","author":"Rufus","date":"02\/09\/2014","format":false,"excerpt":"Vedo che \u00e8 uscito il programma del festival\u00a0letterario di\u00a0Marina Caf\u00e8 Noir, che pi\u00f9 o meno chiude la stagione degli eventi culturali di piazza dell'estate 2014. Il titolo \u00e8\u00a0Non tutto \u00e8 in vendita: dal programma fatico a capire perch\u00e9, ma non posso che essere d'accordo. Riporto comunque il programma, che trovate\u2026","rel":"","context":"In &quot;Coordinate&quot;","block_context":{"text":"Coordinate","link":"http:\/\/www.robertosedda.it\/?cat=52"},"img":{"alt_text":"","src":"https:\/\/i0.wp.com\/www.robertosedda.it\/wp-content\/uploads\/2014\/09\/Marina-cafe-noir.jpg?fit=225%2C225&resize=350%2C200","width":350,"height":200},"classes":[]},{"id":12567,"url":"http:\/\/www.robertosedda.it\/?p=12567","url_meta":{"origin":18477,"position":1},"title":"Nel frattempo, nelle Filippine","author":"Rufus","date":"23\/09\/2016","format":false,"excerpt":"Mi sembra poco segnalata, in Italia, la \"guerra alla droga\" intrapresa dal Presidente\u00a0delle Filippine Rodrigo Duterte, guerra che comporta anche operazioni di vigilantes e, presumibilmente, l'utilizzo di squadroni della morte. Varrebbe invece la pena di parlarne a lungo a anche di notare come certi meccanismi si ripropongano, a livello internazionale,\u2026","rel":"","context":"In &quot;Coordinate&quot;","block_context":{"text":"Coordinate","link":"http:\/\/www.robertosedda.it\/?cat=52"},"img":{"alt_text":"","src":"https:\/\/i0.wp.com\/www.robertosedda.it\/wp-content\/uploads\/2016\/09\/Duterte-Rappler.jpg?fit=640%2C427&resize=350%2C200","width":350,"height":200},"classes":[]},{"id":15397,"url":"http:\/\/www.robertosedda.it\/?p=15397","url_meta":{"origin":18477,"position":2},"title":"Piccola storia torbida","author":"Rufus","date":"25\/06\/2018","format":false,"excerpt":"Ieri a un certo punto del pomeriggio pioveva fortissimo. Piazza del Cimitero era allagata, l'acqua scendeva a fiumi dalla salita di Bonaria e poi si scaricava all'incrocio con via Bottego, sotto casa. C'erano le le ragazzine a casa e ci siamo messi alla finestra a guardare. Proprio sotto di noi\u2026","rel":"","context":"In &quot;Coordinate&quot;","block_context":{"text":"Coordinate","link":"http:\/\/www.robertosedda.it\/?cat=52"},"img":{"alt_text":"","src":"https:\/\/i0.wp.com\/www.robertosedda.it\/wp-content\/uploads\/2014\/06\/Basilica-Bonaria-2.jpg?fit=960%2C540&resize=350%2C200","width":350,"height":200,"srcset":"https:\/\/i0.wp.com\/www.robertosedda.it\/wp-content\/uploads\/2014\/06\/Basilica-Bonaria-2.jpg?fit=960%2C540&resize=350%2C200 1x, https:\/\/i0.wp.com\/www.robertosedda.it\/wp-content\/uploads\/2014\/06\/Basilica-Bonaria-2.jpg?fit=960%2C540&resize=700%2C400 2x"},"classes":[]},{"id":10570,"url":"http:\/\/www.robertosedda.it\/?p=10570","url_meta":{"origin":18477,"position":3},"title":"Piccoli film, piccole eversioni","author":"Rufus","date":"21\/07\/2015","format":"video","excerpt":"Sorretto da un'interpretazione maiuscola di Bill Murray,\u00a0St. Vincent racconta la storia dell'improbabile amicizia fra un vecchio scorbutico\u00a0e\u00a0ubriacone che si gioca fino all'ultimo dollaro alle corse dei cavalli e un ragazzino timido e giudizioso. Attorno a loro un piccolo microcosmo di storie personali e di comprimari ben tratteggiati, a partire da\u2026","rel":"","context":"In &quot;Coordinate&quot;","block_context":{"text":"Coordinate","link":"http:\/\/www.robertosedda.it\/?cat=52"},"img":{"alt_text":"","src":"https:\/\/i0.wp.com\/www.robertosedda.it\/wp-content\/uploads\/2015\/07\/st-vincent3.jpg?fit=500%2C316&resize=350%2C200","width":350,"height":200},"classes":[]},{"id":17133,"url":"http:\/\/www.robertosedda.it\/?p=17133","url_meta":{"origin":18477,"position":4},"title":"Alloglossie","author":"Rufus","date":"03\/09\/2019","format":false,"excerpt":"Ammetterete che il titolo di questa segnalazione migliora il record precedente di utilizzo di parola complicata come titolo su questo blog. Il fatto \u00e8 che scopro ora che la Treccani ha ospitato per un annetto (da maggio 2018 a settembre 2019) una interessantissima serie di articoli sulla situazione linguistica delle\u2026","rel":"","context":"In &quot;Antropologia&quot;","block_context":{"text":"Antropologia","link":"http:\/\/www.robertosedda.it\/?cat=97"},"img":{"alt_text":"","src":"https:\/\/i0.wp.com\/www.robertosedda.it\/wp-content\/uploads\/2019\/09\/Treccani.jpg?fit=200%2C200&resize=350%2C200","width":350,"height":200},"classes":[]},{"id":15809,"url":"http:\/\/www.robertosedda.it\/?p=15809","url_meta":{"origin":18477,"position":5},"title":"Scritto per l&#8217;oggi","author":"Rufus","date":"06\/11\/2018","format":false,"excerpt":"59.\u00a0 Il movimento di banalizzazione che, sotto i mutevoli diversivi brillanti dello spettacolo, domina\u00a0a livello mondiale la societ\u00e0 moderna, la domina anche su ciascuno dei punti in cui il consumo\u00a0sviluppato dalle merci ha moltiplicato in apparenza i ruoli e gli oggetti da scegliere. La\u00a0sopravvivenza della religione e della famiglia -\u2026","rel":"","context":"In &quot;Antropologia&quot;","block_context":{"text":"Antropologia","link":"http:\/\/www.robertosedda.it\/?cat=97"},"img":{"alt_text":"","src":"https:\/\/i0.wp.com\/www.robertosedda.it\/wp-content\/uploads\/2018\/11\/Debord.jpg?fit=350%2C499&resize=350%2C200","width":350,"height":200},"classes":[]}],"_links":{"self":[{"href":"http:\/\/www.robertosedda.it\/index.php?rest_route=\/wp\/v2\/posts\/18477"}],"collection":[{"href":"http:\/\/www.robertosedda.it\/index.php?rest_route=\/wp\/v2\/posts"}],"about":[{"href":"http:\/\/www.robertosedda.it\/index.php?rest_route=\/wp\/v2\/types\/post"}],"author":[{"embeddable":true,"href":"http:\/\/www.robertosedda.it\/index.php?rest_route=\/wp\/v2\/users\/1"}],"replies":[{"embeddable":true,"href":"http:\/\/www.robertosedda.it\/index.php?rest_route=%2Fwp%2Fv2%2Fcomments&post=18477"}],"version-history":[{"count":2,"href":"http:\/\/www.robertosedda.it\/index.php?rest_route=\/wp\/v2\/posts\/18477\/revisions"}],"predecessor-version":[{"id":18481,"href":"http:\/\/www.robertosedda.it\/index.php?rest_route=\/wp\/v2\/posts\/18477\/revisions\/18481"}],"wp:featuredmedia":[{"embeddable":true,"href":"http:\/\/www.robertosedda.it\/index.php?rest_route=\/wp\/v2\/media\/16194"}],"wp:attachment":[{"href":"http:\/\/www.robertosedda.it\/index.php?rest_route=%2Fwp%2Fv2%2Fmedia&parent=18477"}],"wp:term":[{"taxonomy":"category","embeddable":true,"href":"http:\/\/www.robertosedda.it\/index.php?rest_route=%2Fwp%2Fv2%2Fcategories&post=18477"},{"taxonomy":"post_tag","embeddable":true,"href":"http:\/\/www.robertosedda.it\/index.php?rest_route=%2Fwp%2Fv2%2Ftags&post=18477"}],"curies":[{"name":"wp","href":"https:\/\/api.w.org\/{rel}","templated":true}]}}