{"id":18359,"date":"2020-11-05T14:50:39","date_gmt":"2020-11-05T13:50:39","guid":{"rendered":"http:\/\/www.robertosedda.it\/?p=18359"},"modified":"2020-11-05T14:51:14","modified_gmt":"2020-11-05T13:51:14","slug":"lefficienza-del-virus","status":"publish","type":"post","link":"http:\/\/www.robertosedda.it\/?p=18359","title":{"rendered":"L&#8217;efficienza del virus"},"content":{"rendered":"\n<div class=\"wp-block-image\"><figure class=\"alignright size-medium is-resized\"><img data-attachment-id=\"18360\" data-permalink=\"http:\/\/www.robertosedda.it\/?attachment_id=18360\" data-orig-file=\"https:\/\/i0.wp.com\/www.robertosedda.it\/wp-content\/uploads\/2020\/11\/Alessandro_Vespignani.jpg?fit=545%2C817\" data-orig-size=\"545,817\" data-comments-opened=\"1\" data-image-meta=\"{&quot;aperture&quot;:&quot;4&quot;,&quot;credit&quot;:&quot;&quot;,&quot;camera&quot;:&quot;NIKON D5000&quot;,&quot;caption&quot;:&quot;&quot;,&quot;created_timestamp&quot;:&quot;1320156027&quot;,&quot;copyright&quot;:&quot;&quot;,&quot;focal_length&quot;:&quot;25&quot;,&quot;iso&quot;:&quot;400&quot;,&quot;shutter_speed&quot;:&quot;0.033333333333333&quot;,&quot;title&quot;:&quot;&quot;,&quot;orientation&quot;:&quot;1&quot;}\" data-image-title=\"Alessandro_Vespignani\" data-image-description=\"\" data-image-caption=\"\" data-medium-file=\"https:\/\/i0.wp.com\/www.robertosedda.it\/wp-content\/uploads\/2020\/11\/Alessandro_Vespignani.jpg?fit=200%2C300\" data-large-file=\"https:\/\/i0.wp.com\/www.robertosedda.it\/wp-content\/uploads\/2020\/11\/Alessandro_Vespignani.jpg?fit=510%2C765\" decoding=\"async\" loading=\"lazy\" src=\"https:\/\/i0.wp.com\/www.robertosedda.it\/wp-content\/uploads\/2020\/11\/Alessandro_Vespignani.jpg?resize=200%2C300\" alt=\"\" class=\"wp-image-18360\" width=\"200\" height=\"300\" srcset=\"https:\/\/i0.wp.com\/www.robertosedda.it\/wp-content\/uploads\/2020\/11\/Alessandro_Vespignani.jpg?resize=200%2C300 200w, https:\/\/i0.wp.com\/www.robertosedda.it\/wp-content\/uploads\/2020\/11\/Alessandro_Vespignani.jpg?resize=510%2C765 510w, https:\/\/i0.wp.com\/www.robertosedda.it\/wp-content\/uploads\/2020\/11\/Alessandro_Vespignani.jpg?resize=100%2C150 100w, https:\/\/i0.wp.com\/www.robertosedda.it\/wp-content\/uploads\/2020\/11\/Alessandro_Vespignani.jpg?w=545 545w\" sizes=\"(max-width: 200px) 100vw, 200px\" data-recalc-dims=\"1\" \/><figcaption><a href=\"https:\/\/commons.wikimedia.org\/w\/index.php?curid=71297957\" data-type=\"URL\" data-id=\"https:\/\/commons.wikimedia.org\/w\/index.php?curid=71297957\" target=\"_blank\" rel=\"noreferrer noopener\">Alessandro Vespignani<br \/>By Festival della Scienza from Genova CC BY-SA 2.0<\/a> <\/figcaption><\/figure><\/div>\n\n\n\n<p>Dall&#8217;inizio della pandemia <a href=\"https:\/\/www.tpi.it\/cronaca\/vespignani-coronavirus-intervista-virologi-italiani-e-3t-20200503595940\/?fbclid=IwAR30ETXWYvDvIHdCdkai_yjNG-1yc9j9fsUneEHeDRmuNTVO371mDaVvM0I\">seguo con una certa attenzione Alessandro Vespignani<\/a>, un fisico italiano che vive e insegna negli USA e che dallo studio delle reti neurali e della diffusione dei virus informatici si \u00e8 spostato, negli anni, ai modelli matematici che descrivono le epidemie. Lo trovo pacato ma esplicito, meno portato al protagonismo di tanti altri esperti nazionali e anche molto meno condizionato dalla politica e dai sistemi di relazioni in cui, inevitabilmente, tutti gli esperti italiani sono imprigionati.<\/p>\n\n\n\n<p>Il 2 novembre ha scritto a quattro mani <a href=\"https:\/\/www.corriere.it\/cronache\/20_novembre_02\/covid-7-principi-razionali-affrontare-contagio-e62b4a06-1c80-11eb-a718-cfe9e36fab58.shtml\">un articolo con Paolo Giordano<\/a>, che sul <em>Corriere<\/em> segue la pandemia dall&#8217;inizio con articoli che vedo spesso <a href=\"https:\/\/www.corriere.it\/cronache\/20_febbraio_25\/matematicadel-contagioche-ci-aiutaa-ragionarein-mezzo-caos-3ddfefc6-5810-11ea-a2d7-f1bec9902bd3_preview.shtml?reason=unauthenticated\">condivisi<\/a> anche se non sempre li trovo del tutto <a href=\"https:\/\/27esimaora.corriere.it\/il-tempo-delle-donne\/20_settembre_11\/covid-scuola-focolai-ci-saranno-molti-ma-paura-va-superata-15605bea-f3aa-11ea-88b9-39ac85c19851.shtml\">condivisibili<\/a> (battutona). Questo articolo mi sembra molto buono e ne raccomando assai la lettura; enuncia, sostanzialmente, sette criteri sulla cui base impostare la lotta contro l&#8217;epidemia: centralizzazione, granularit\u00e0, automatismi, dati, trasparenza, accompagnamento, coinvolgimento (sono cose che Vespignani, in un modo o nell&#8217;altro, dice da marzo).<\/p>\n\n\n\n<p>Non siamo ancora, com&#8217;\u00e8 evidente, a quello che \u00e8 spesso evocato ma pochissimo ragionato in questo periodo, cio\u00e8 la riorganizzazione sociale dopo una pandemia che, si dice, \u00abcambier\u00e0 tutto\u00bb mentre per\u00f2, i realt\u00e0, tutto procede come prima, per\u00f2 a me personalmente in controluce sembra un buon punto di partenza.<\/p>\n","protected":false},"excerpt":{"rendered":"<p>Dall&#8217;inizio della pandemia seguo con una certa attenzione Alessandro Vespignani, un fisico italiano che vive e insegna negli USA e<\/p>\n","protected":false},"author":1,"featured_media":18360,"comment_status":"open","ping_status":"open","sticky":false,"template":"","format":"standard","meta":{"_mi_skip_tracking":false,"_monsterinsights_sitenote_active":false,"_monsterinsights_sitenote_note":"","_monsterinsights_sitenote_category":0,"jetpack_post_was_ever_published":false,"_jetpack_newsletter_access":"","jetpack_publicize_message":"","jetpack_is_tweetstorm":false,"jetpack_publicize_feature_enabled":true,"jetpack_social_post_already_shared":true,"jetpack_social_options":{"image_generator_settings":{"template":"highway","enabled":false}}},"categories":[52,57,59,95,16],"tags":[],"jetpack_publicize_connections":[],"jetpack_featured_media_url":"https:\/\/i0.wp.com\/www.robertosedda.it\/wp-content\/uploads\/2020\/11\/Alessandro_Vespignani.jpg?fit=545%2C817","jetpack_sharing_enabled":true,"jetpack_shortlink":"https:\/\/wp.me\/p4jV2T-4M7","jetpack_likes_enabled":true,"jetpack-related-posts":[{"id":17920,"url":"http:\/\/www.robertosedda.it\/?p=17920","url_meta":{"origin":18359,"position":0},"title":"Dalla Cina","author":"Rufus","date":"05\/03\/2020","format":false,"excerpt":"Anche se ogni tanto condivido su Facebook alcuni articoli interessanti in materia (come questo, questo e questo, che tra l'altro sono su argomenti piuttosto diversi), sto evitando di scrivere sul COVID-19 qui sul blog, un po' per una questione di sobriet\u00e0 psicologica e un po' perch\u00e9 tutto sommato credo che\u2026","rel":"","context":"In &quot;Coordinate&quot;","block_context":{"text":"Coordinate","link":"http:\/\/www.robertosedda.it\/?cat=52"},"img":{"alt_text":"","src":"https:\/\/i0.wp.com\/www.robertosedda.it\/wp-content\/uploads\/2020\/03\/Ailward.png?fit=1200%2C673&resize=350%2C200","width":350,"height":200,"srcset":"https:\/\/i0.wp.com\/www.robertosedda.it\/wp-content\/uploads\/2020\/03\/Ailward.png?fit=1200%2C673&resize=350%2C200 1x, https:\/\/i0.wp.com\/www.robertosedda.it\/wp-content\/uploads\/2020\/03\/Ailward.png?fit=1200%2C673&resize=700%2C400 2x, https:\/\/i0.wp.com\/www.robertosedda.it\/wp-content\/uploads\/2020\/03\/Ailward.png?fit=1200%2C673&resize=1050%2C600 3x"},"classes":[]},{"id":11889,"url":"http:\/\/www.robertosedda.it\/?p=11889","url_meta":{"origin":18359,"position":1},"title":"Sono un secchione e Manzoni mi piace","author":"Rufus","date":"02\/05\/2016","format":false,"excerpt":"L'Adelchi non sar\u00e0 propriamente Game of Thrones\u00a0ma... http:\/\/www.radiokalaritana.it\/audio\/LIB-S04E24-Alessandro_Manzoni_Adelchi-20160310.mp3 Adelchi - Alessandro Manzoni Non ho molto da dire sulla puntata di Oggi parliamo di libri\u00a0dedicata all'Adelchi di Alessandro Manzoni se non lamentare che il poco tempo a disposizione per prepararmi mi abbia portato a una resa un po', come dire?, scolastica,\u2026","rel":"","context":"In &quot;Coordinate&quot;","block_context":{"text":"Coordinate","link":"http:\/\/www.robertosedda.it\/?cat=52"},"img":{"alt_text":"","src":"https:\/\/i0.wp.com\/www.robertosedda.it\/wp-content\/uploads\/2016\/05\/Adelchi.jpg?fit=768%2C1024&resize=350%2C200","width":350,"height":200,"srcset":"https:\/\/i0.wp.com\/www.robertosedda.it\/wp-content\/uploads\/2016\/05\/Adelchi.jpg?fit=768%2C1024&resize=350%2C200 1x, https:\/\/i0.wp.com\/www.robertosedda.it\/wp-content\/uploads\/2016\/05\/Adelchi.jpg?fit=768%2C1024&resize=700%2C400 2x"},"classes":[]},{"id":13753,"url":"http:\/\/www.robertosedda.it\/?p=13753","url_meta":{"origin":18359,"position":2},"title":"Le chiavi dentro il negozio e la vergogna dell&#8217;ingenuo Rufus","author":"Rufus","date":"22\/05\/2017","format":false,"excerpt":"Questa \u00e8 la storia di una mia recente avventura torinese e, per rimanere in tema, inizia su un tram affollato. Avviene dunque che il giorno ci sia sciopero e quindi, all'improvviso, l'autista spenga le luci e annunci che la corsa finisce l\u00ec perch\u00e9 lui se ne va in deposito. Il\u2026","rel":"","context":"In &quot;Coordinate&quot;","block_context":{"text":"Coordinate","link":"http:\/\/www.robertosedda.it\/?cat=52"},"img":{"alt_text":"","src":"https:\/\/i0.wp.com\/www.robertosedda.it\/wp-content\/uploads\/2017\/05\/Truffa.jpg?fit=585%2C336&resize=350%2C200","width":350,"height":200},"classes":[]},{"id":6610,"url":"http:\/\/www.robertosedda.it\/?p=6610","url_meta":{"origin":18359,"position":3},"title":"Tanti gialli ambientati nella Grecia classica e in Roma antica","author":"Rufus","date":"28\/02\/2014","format":"video","excerpt":"Elementare, Alcibiade! Ero convinto che la puntata sui gialli di Margaret Doody ambientati nell'Atene classica con protagonista Aristotele fosse tutto sommato piuttosto insipida. Sono romanzi che a me piacciono e che rappresentano degli incroci pi\u00f9 che dignitosi fra il giallo classico e la rivisitazione storica,\u00a0\u00a0ma d'altra parte li ho sempre\u2026","rel":"","context":"In &quot;Coordinate&quot;","block_context":{"text":"Coordinate","link":"http:\/\/www.robertosedda.it\/?cat=52"},"img":{"alt_text":"","src":"https:\/\/i0.wp.com\/img.youtube.com\/vi\/MZT5FKEb91w\/0.jpg?resize=350%2C200","width":350,"height":200},"classes":[]},{"id":17780,"url":"http:\/\/www.robertosedda.it\/?p=17780","url_meta":{"origin":18359,"position":4},"title":"Strani compagni di letto, allarmi e minacce","author":"Rufus","date":"04\/02\/2020","format":false,"excerpt":"L'altro giorno ho preso un foglio Excel, ci ho caricato sopra un paio di dati, ho trascinato le celle per estendere la formula e mi sono fatto quattro calcoli. Sulla base di questo, oggi ho scoperto di avere previsto quasi esattamente il numero di morti totali per coronavirus. A me\u2026","rel":"","context":"In &quot;Antropologia&quot;","block_context":{"text":"Antropologia","link":"http:\/\/www.robertosedda.it\/?cat=97"},"img":{"alt_text":"","src":"https:\/\/i0.wp.com\/www.robertosedda.it\/wp-content\/uploads\/2020\/02\/Coronavirus.png?fit=1200%2C610&resize=350%2C200","width":350,"height":200,"srcset":"https:\/\/i0.wp.com\/www.robertosedda.it\/wp-content\/uploads\/2020\/02\/Coronavirus.png?fit=1200%2C610&resize=350%2C200 1x, https:\/\/i0.wp.com\/www.robertosedda.it\/wp-content\/uploads\/2020\/02\/Coronavirus.png?fit=1200%2C610&resize=700%2C400 2x, https:\/\/i0.wp.com\/www.robertosedda.it\/wp-content\/uploads\/2020\/02\/Coronavirus.png?fit=1200%2C610&resize=1050%2C600 3x"},"classes":[]},{"id":705,"url":"http:\/\/www.robertosedda.it\/?p=705","url_meta":{"origin":18359,"position":5},"title":"A 7 km da Gerusalemme","author":"Rufus","date":"23\/08\/2012","format":false,"excerpt":"Se non ho guardato male le votazioni per l'Inutile Thread 2007, godo del dubbio privilegio di non aver visto la maggior parte dei film importanti dell'anno, ma di avere assistito alla proiezione di due film che nessuno ha visto: Le ferie di Licu (di cui parler\u00f2 altra volta) e questo\u2026","rel":"","context":"In &quot;Coordinate&quot;","block_context":{"text":"Coordinate","link":"http:\/\/www.robertosedda.it\/?cat=52"},"img":{"alt_text":"","src":"","width":0,"height":0},"classes":[]}],"_links":{"self":[{"href":"http:\/\/www.robertosedda.it\/index.php?rest_route=\/wp\/v2\/posts\/18359"}],"collection":[{"href":"http:\/\/www.robertosedda.it\/index.php?rest_route=\/wp\/v2\/posts"}],"about":[{"href":"http:\/\/www.robertosedda.it\/index.php?rest_route=\/wp\/v2\/types\/post"}],"author":[{"embeddable":true,"href":"http:\/\/www.robertosedda.it\/index.php?rest_route=\/wp\/v2\/users\/1"}],"replies":[{"embeddable":true,"href":"http:\/\/www.robertosedda.it\/index.php?rest_route=%2Fwp%2Fv2%2Fcomments&post=18359"}],"version-history":[{"count":2,"href":"http:\/\/www.robertosedda.it\/index.php?rest_route=\/wp\/v2\/posts\/18359\/revisions"}],"predecessor-version":[{"id":18362,"href":"http:\/\/www.robertosedda.it\/index.php?rest_route=\/wp\/v2\/posts\/18359\/revisions\/18362"}],"wp:featuredmedia":[{"embeddable":true,"href":"http:\/\/www.robertosedda.it\/index.php?rest_route=\/wp\/v2\/media\/18360"}],"wp:attachment":[{"href":"http:\/\/www.robertosedda.it\/index.php?rest_route=%2Fwp%2Fv2%2Fmedia&parent=18359"}],"wp:term":[{"taxonomy":"category","embeddable":true,"href":"http:\/\/www.robertosedda.it\/index.php?rest_route=%2Fwp%2Fv2%2Fcategories&post=18359"},{"taxonomy":"post_tag","embeddable":true,"href":"http:\/\/www.robertosedda.it\/index.php?rest_route=%2Fwp%2Fv2%2Ftags&post=18359"}],"curies":[{"name":"wp","href":"https:\/\/api.w.org\/{rel}","templated":true}]}}