{"id":18314,"date":"2020-09-11T16:42:47","date_gmt":"2020-09-11T14:42:47","guid":{"rendered":"http:\/\/www.robertosedda.it\/?p=18314"},"modified":"2026-01-15T14:52:07","modified_gmt":"2026-01-15T13:52:07","slug":"la-colonna-sonora-della-citta-inquieta","status":"publish","type":"post","link":"http:\/\/www.robertosedda.it\/?p=18314","title":{"rendered":"La colonna sonora della citt\u00e0 inquieta"},"content":{"rendered":"\n<p>La prossima settimana inizio la revisione del gioco mio e di Andrea Salidu della <em>Jam<\/em> di quest&#8217;anno, con l&#8217;intenzione di aggiungere un po&#8217; di nuovi contenuti: il gioco \u00e8 fatto a capitoli, dopo aver ristrutturato il primo mi spingo fino al secondo, che dovrebbe essere breve, o al terzo.<\/p>\n\n\n\n<figure class=\"wp-block-image alignwide size-large\"><img data-attachment-id=\"18316\" data-permalink=\"http:\/\/www.robertosedda.it\/?attachment_id=18316\" data-orig-file=\"https:\/\/i0.wp.com\/www.robertosedda.it\/wp-content\/uploads\/2020\/09\/cover.png?fit=1920%2C1080\" data-orig-size=\"1920,1080\" data-comments-opened=\"1\" data-image-meta=\"{&quot;aperture&quot;:&quot;0&quot;,&quot;credit&quot;:&quot;&quot;,&quot;camera&quot;:&quot;&quot;,&quot;caption&quot;:&quot;&quot;,&quot;created_timestamp&quot;:&quot;0&quot;,&quot;copyright&quot;:&quot;&quot;,&quot;focal_length&quot;:&quot;0&quot;,&quot;iso&quot;:&quot;0&quot;,&quot;shutter_speed&quot;:&quot;0&quot;,&quot;title&quot;:&quot;&quot;,&quot;orientation&quot;:&quot;0&quot;}\" data-image-title=\"cover\" data-image-description=\"\" data-image-caption=\"\" data-medium-file=\"https:\/\/i0.wp.com\/www.robertosedda.it\/wp-content\/uploads\/2020\/09\/cover.png?fit=300%2C169\" data-large-file=\"https:\/\/i0.wp.com\/www.robertosedda.it\/wp-content\/uploads\/2020\/09\/cover.png?fit=510%2C287\" decoding=\"async\" loading=\"lazy\" width=\"510\" height=\"287\" src=\"https:\/\/i0.wp.com\/www.robertosedda.it\/wp-content\/uploads\/2020\/09\/cover.png?resize=510%2C287\" alt=\"\" class=\"wp-image-18316\" srcset=\"https:\/\/i0.wp.com\/www.robertosedda.it\/wp-content\/uploads\/2020\/09\/cover.png?resize=510%2C287 510w, https:\/\/i0.wp.com\/www.robertosedda.it\/wp-content\/uploads\/2020\/09\/cover.png?resize=300%2C169 300w, https:\/\/i0.wp.com\/www.robertosedda.it\/wp-content\/uploads\/2020\/09\/cover.png?resize=150%2C84 150w, https:\/\/i0.wp.com\/www.robertosedda.it\/wp-content\/uploads\/2020\/09\/cover.png?resize=1536%2C864 1536w, https:\/\/i0.wp.com\/www.robertosedda.it\/wp-content\/uploads\/2020\/09\/cover.png?w=1920 1920w, https:\/\/i0.wp.com\/www.robertosedda.it\/wp-content\/uploads\/2020\/09\/cover.png?w=1600 1600w\" sizes=\"(max-width: 510px) 100vw, 510px\" data-recalc-dims=\"1\" \/><\/figure>\n\n\n\n<p>Non mi dispiacerebbe, mentre scrivo, avere una colonna sonora adeguata (e ampia). <\/p>\n\n\n\n<p>Il gioco \u00e8 la storia di un uomo malvagio e violento che, dopo vent&#8217;anni dall&#8217;aver fatto qualcosa di molto brutto, si mette all&#8217;opera per rimediare. Il problema che \u00e8 sempre un malvagio e un violento, e i mezzi a sua disposizione rimangono aberranti. <\/p>\n\n\n\n<p>Presumibilmente non finir\u00e0 bene, ma questo dipender\u00e0 dai giocatori.<\/p>\n\n\n\n<p>Comunque, torniamo alla musica. La colonna sonora che mi serve \u00e8 prima di tutto per me, per stare nel <em>mood<\/em> mentre scrivo; in secondo luogo sar\u00e0 utile per il resto del gruppo creativo per costruire una sensibilit\u00e0 comune per le parti del gioco che ciascuno dovr\u00e0 aggiungere: la parte visiva, ulteriori pezzi della narrazione, e perfino la musica. <em>Mood<\/em> collettivo, insomma: non cerco suggerimenti per la colonna sonora del gioco, perch\u00e9 questa sar\u00e0 originale, parlo proprio di una colona sonora mentre si lavora.<\/p>\n\n\n\n<p>E quindi mi rivolgo ai cortesi lettori del <em>blog<\/em> e agli amici per suggerimenti musicali. Cerco canzoni che parlano di citt\u00e0 e nelle citt\u00e0 di violenza, fisica e morale, di irregolari, di attraversamenti dello spazio urbano come se si fosse un branco di lupi, di bande criminali, di consorterie e <em>\u00e9lite,<\/em> di <em>whisky <\/em>bevuto alle prime luci dell&#8217;alba in un <em>night <\/em>credendosi i padroni del mondo, e di precari, non tanto in senso economico quanto di precariet\u00e0 rispetto alle regole del vivere civile. Criminali, balordi di mezza tacca, gente della notte[1], discotecari, modelline, tossici, avventurieri, biscazzieri, traffichini, mezzani, galoppini, portatori d&#8217;acqua&#8230; e chi li paga. <\/p>\n\n\n\n<p>Si, c&#8217;\u00e8 un po&#8217; estetica <em>cyberpunk<\/em>, lo ammetto. <\/p>\n\n\n\n<p>Se dovessi citare un libro che ho in testa mentre scrivo, questo sarebbe <em>Bastogne <\/em>di Enrico Brizzi, ma non vorrei portarvi del tutto fuori strada. Poso anche dire che sentendo del delitto di Colleferro ho avuto un mezzo mancamento, come quella volta che scrivevo storie d <em>cyberpunk<\/em> con i guerriglieri baschi e l&#8217;<em>ETA<\/em> ha ricominciato a sparare, ma non vorrei portarvi fuori strada lo stesso.<\/p>\n\n\n\n<p>Forse \u00e8 pi\u00f9 utile citare le tre canzoni che per il momento  ho messo in <em>playlist<\/em>, e che trovo assolutamente in tema anche se in realt\u00e0 lavorano molto pi\u00f9 per assonanza che per descrizione di quello che ho in testa.<\/p>\n\n\n\n<p>La prima, e la pi\u00f9 precisa, \u00e8 <em>Finestre rotte<\/em> di De Gregori.<\/p>\n\n\n\n<figure class=\"wp-block-embed-youtube wp-block-embed is-type-video is-provider-youtube wp-embed-aspect-4-3 wp-has-aspect-ratio\"><div class=\"wp-block-embed__wrapper\">\n<span class=\"embed-youtube\" style=\"text-align:center; display: block;\"><iframe loading=\"lazy\" class=\"youtube-player\" width=\"800\" height=\"450\" src=\"https:\/\/www.youtube.com\/embed\/Jt8wdx1xzkU?version=3&#038;rel=1&#038;showsearch=0&#038;showinfo=1&#038;iv_load_policy=1&#038;fs=1&#038;hl=it-IT&#038;autohide=2&#038;wmode=transparent\" allowfullscreen=\"true\" style=\"border:0;\" sandbox=\"allow-scripts allow-same-origin allow-popups allow-presentation\"><\/iframe><\/span>\n<\/div><\/figure>\n\n\n\n<p>Notate che non devono essere canzoni in cui la parte musicale \u00e8 violenta o aggressiva: in finestre rotte c&#8217;\u00e8 una musichetta <em>swing<\/em> che contrasta con un testo molto meno rassicurante e il <em>mix<\/em> \u00e8 <em>perfetto<\/em> rispetto ai miei scopi, cos\u00ec come va benissimo che il testo abbia delle parti molto pi\u00f9 evocative che descrittive (cosa vorr\u00e0 dire: \u00abper ogni testa una croce?\u00bb). Lo stesso tipo di contrasto sta nella seconda canzone che uso al momento, cio\u00e8 <em>Carne umana per colazione<\/em>:<\/p>\n\n\n\n<figure class=\"wp-block-embed-youtube wp-block-embed is-type-video is-provider-youtube wp-embed-aspect-4-3 wp-has-aspect-ratio\"><div class=\"wp-block-embed__wrapper\">\n<span class=\"embed-youtube\" style=\"text-align:center; display: block;\"><iframe loading=\"lazy\" class=\"youtube-player\" width=\"800\" height=\"450\" src=\"https:\/\/www.youtube.com\/embed\/84MK52bemoU?version=3&#038;rel=1&#038;showsearch=0&#038;showinfo=1&#038;iv_load_policy=1&#038;fs=1&#038;hl=it-IT&#038;autohide=2&#038;wmode=transparent\" allowfullscreen=\"true\" style=\"border:0;\" sandbox=\"allow-scripts allow-same-origin allow-popups allow-presentation\"><\/iframe><\/span>\n<\/div><\/figure>\n\n\n\n<p>Il terzo pezzo selezionato sinora \u00e8 del tutto diverso, ed \u00e8 <em>Trappole<\/em> di Finardi.<\/p>\n\n\n\n<figure class=\"wp-block-embed-youtube wp-block-embed is-type-video is-provider-youtube wp-embed-aspect-4-3 wp-has-aspect-ratio\"><div class=\"wp-block-embed__wrapper\">\n<span class=\"embed-youtube\" style=\"text-align:center; display: block;\"><iframe loading=\"lazy\" class=\"youtube-player\" width=\"800\" height=\"450\" src=\"https:\/\/www.youtube.com\/embed\/7z8k3PhwNb0?version=3&#038;rel=1&#038;showsearch=0&#038;showinfo=1&#038;iv_load_policy=1&#038;fs=1&#038;hl=it-IT&#038;autohide=2&#038;wmode=transparent\" allowfullscreen=\"true\" style=\"border:0;\" sandbox=\"allow-scripts allow-same-origin allow-popups allow-presentation\"><\/iframe><\/span>\n<\/div><\/figure>\n\n\n\n<p>In realt\u00e0 di Finardi andava bene anche la pi\u00f9 vecchia <em>Mayday<\/em>, ma l\u00ec il sottofondo politico oscura un po&#8217; la descrizione dei giovani topi dal ventre della citt\u00e0, che invece era esattamente in tema.<\/p>\n\n\n\n<figure class=\"wp-block-embed-youtube wp-block-embed is-type-video is-provider-youtube wp-embed-aspect-4-3 wp-has-aspect-ratio\"><div class=\"wp-block-embed__wrapper\">\n<span class=\"embed-youtube\" style=\"text-align:center; display: block;\"><iframe loading=\"lazy\" class=\"youtube-player\" width=\"800\" height=\"450\" src=\"https:\/\/www.youtube.com\/embed\/Ms-3sg_TST4?version=3&#038;rel=1&#038;showsearch=0&#038;showinfo=1&#038;iv_load_policy=1&#038;fs=1&#038;hl=it-IT&#038;autohide=2&#038;wmode=transparent\" allowfullscreen=\"true\" style=\"border:0;\" sandbox=\"allow-scripts allow-same-origin allow-popups allow-presentation\"><\/iframe><\/span>\n<\/div><\/figure>\n\n\n\n<p>Ok. questo \u00e8 tutto: chi mi vuole bene pu\u00f2 aggiungere i suoi suggerimenti qui sotto.<\/p>\n\n\n\n<p>Qualunque genere musicale, qualunque lingua.<\/p>\n\n\n\n<p>Grazie in anticipo!!<\/p>\n\n\n\n<h4>Note<\/h4>\n\n\n\n<p>Vi ricordo che secondo Jovanotti nella categoria sono compresi: <\/p>\n\n\n\n<blockquote class=\"wp-block-quote\"><p>baristi, spacciatori, puttane e giornalai,<br \/>poliziotti, travestiti gente in cerca di guai,<br \/>padroni di locali, spogliarelliste, camionisti,<br \/>metronotte, ladri e giornalisti,<br \/>fornai e pasticceri, fotomodelle,<\/p><\/blockquote>\n","protected":false},"excerpt":{"rendered":"<p>La prossima settimana inizio la revisione del gioco mio e di Andrea Salidu della Jam di quest&#8217;anno, con l&#8217;intenzione di<\/p>\n","protected":false},"author":1,"featured_media":18316,"comment_status":"open","ping_status":"open","sticky":false,"template":"","format":"standard","meta":{"_mi_skip_tracking":false,"_monsterinsights_sitenote_active":false,"_monsterinsights_sitenote_note":"","_monsterinsights_sitenote_category":0,"jetpack_post_was_ever_published":false,"_jetpack_newsletter_access":"","jetpack_publicize_message":"La colonna sonora della citt\u00e0 inquieta. \u00c8 di nuovo quel momento, quando l'amichevole Rufus che tutti amate cerca musica adatta a qualche scopo.","jetpack_is_tweetstorm":false,"jetpack_publicize_feature_enabled":true,"jetpack_social_post_already_shared":true,"jetpack_social_options":{"image_generator_settings":{"template":"highway","enabled":false}}},"categories":[52,9,53,89],"tags":[],"jetpack_publicize_connections":[],"jetpack_featured_media_url":"https:\/\/i0.wp.com\/www.robertosedda.it\/wp-content\/uploads\/2020\/09\/cover.png?fit=1920%2C1080","jetpack_sharing_enabled":true,"jetpack_shortlink":"https:\/\/wp.me\/p4jV2T-4Lo","jetpack_likes_enabled":true,"jetpack-related-posts":[{"id":17335,"url":"http:\/\/www.robertosedda.it\/?p=17335","url_meta":{"origin":18314,"position":0},"title":"(Non) Capirne di calcio","author":"Rufus","date":"25\/09\/2019","format":false,"excerpt":"Ho finito di giocare Football drama, il videogame per il quale qualche giorno fa avevo manifestato discrete aspettative. Ecco, diciamo che una volta provato il gioco non si \u00e8 dimostrato esattamente all'altezza delle aspettative. Seducente ma vuoto, direi in due aggettivi. Complessivamente, la mia opinione \u00e8 abbastanza simile alle recensioni\u2026","rel":"","context":"In &quot;Coordinate&quot;","block_context":{"text":"Coordinate","link":"http:\/\/www.robertosedda.it\/?cat=52"},"img":{"alt_text":"","src":"https:\/\/i0.wp.com\/www.robertosedda.it\/wp-content\/uploads\/2019\/09\/Football-drama-a4.jpg?resize=350%2C200","width":350,"height":200,"srcset":"https:\/\/i0.wp.com\/www.robertosedda.it\/wp-content\/uploads\/2019\/09\/Football-drama-a4.jpg?resize=350%2C200 1x, https:\/\/i0.wp.com\/www.robertosedda.it\/wp-content\/uploads\/2019\/09\/Football-drama-a4.jpg?resize=700%2C400 2x, https:\/\/i0.wp.com\/www.robertosedda.it\/wp-content\/uploads\/2019\/09\/Football-drama-a4.jpg?resize=1050%2C600 3x"},"classes":[]},{"id":16193,"url":"http:\/\/www.robertosedda.it\/?p=16193","url_meta":{"origin":18314,"position":1},"title":"Giochi politici","author":"Rufus","date":"29\/01\/2019","format":false,"excerpt":"Venerd\u00ec, sabato e domenica, ormai dovrebbero saperlo anche le pietre, si \u00e8 svolta a Cagliari la Global\u00a0Game\u00a0Jam. Sono contentissimo: siamo di fatto la quarta sede organizzatrice italiana, dopo Milano, Torino e Roma e appena appena sopra Pisa, abbiamo fatto un sacco di giochi, siamo stati bene insieme e il panorama\u2026","rel":"","context":"In &quot;Coordinate&quot;","block_context":{"text":"Coordinate","link":"http:\/\/www.robertosedda.it\/?cat=52"},"img":{"alt_text":"","src":"https:\/\/i0.wp.com\/www.robertosedda.it\/wp-content\/uploads\/2019\/01\/schermata-iniziale2.jpg?fit=1200%2C675&resize=350%2C200","width":350,"height":200,"srcset":"https:\/\/i0.wp.com\/www.robertosedda.it\/wp-content\/uploads\/2019\/01\/schermata-iniziale2.jpg?fit=1200%2C675&resize=350%2C200 1x, https:\/\/i0.wp.com\/www.robertosedda.it\/wp-content\/uploads\/2019\/01\/schermata-iniziale2.jpg?fit=1200%2C675&resize=700%2C400 2x, https:\/\/i0.wp.com\/www.robertosedda.it\/wp-content\/uploads\/2019\/01\/schermata-iniziale2.jpg?fit=1200%2C675&resize=1050%2C600 3x"},"classes":[]},{"id":15895,"url":"http:\/\/www.robertosedda.it\/?p=15895","url_meta":{"origin":18314,"position":2},"title":"Giochi nascosti","author":"Rufus","date":"28\/11\/2018","format":false,"excerpt":"Mi ha scritto una volta la mia nipote pi\u00f9 piccola, in una letterina per Natale, che\u00a0invento tanti giochi. Credo che nel caso si riferisse a indovinelli e altri enigmi da risolvere, utilissimi per passare il tempo in macchina durante i viaggi o per ottenere una distrazione immediata in un momento\u2026","rel":"","context":"In &quot;Coordinate&quot;","block_context":{"text":"Coordinate","link":"http:\/\/www.robertosedda.it\/?cat=52"},"img":{"alt_text":"","src":"https:\/\/i0.wp.com\/www.robertosedda.it\/wp-content\/uploads\/2018\/11\/Hidden-folks.png?fit=1200%2C675&resize=350%2C200","width":350,"height":200,"srcset":"https:\/\/i0.wp.com\/www.robertosedda.it\/wp-content\/uploads\/2018\/11\/Hidden-folks.png?fit=1200%2C675&resize=350%2C200 1x, https:\/\/i0.wp.com\/www.robertosedda.it\/wp-content\/uploads\/2018\/11\/Hidden-folks.png?fit=1200%2C675&resize=700%2C400 2x, https:\/\/i0.wp.com\/www.robertosedda.it\/wp-content\/uploads\/2018\/11\/Hidden-folks.png?fit=1200%2C675&resize=1050%2C600 3x"},"classes":[]},{"id":15126,"url":"http:\/\/www.robertosedda.it\/?p=15126","url_meta":{"origin":18314,"position":3},"title":"Fortunato","author":"Rufus","date":"10\/05\/2018","format":"video","excerpt":"Stamattina, mente andavo in ufficio, mi ha chiamato un'amica per farmi gli auguri. Dopo aver messo gi\u00f9 pensavo: \u00abVedi, mi ha chiamato di persona, vuol dire che ci tiene...\u00bb, con un po' di sorpresa perch\u00e9, pensavo, \u00abio a lei che gli ho mai fatto?\u00bb. Nel senso, siamo stati colleghi per\u2026","rel":"","context":"In &quot;Coordinate&quot;","block_context":{"text":"Coordinate","link":"http:\/\/www.robertosedda.it\/?cat=52"},"img":{"alt_text":"","src":"https:\/\/i0.wp.com\/www.robertosedda.it\/wp-content\/uploads\/2018\/05\/20160822_131127-e1525943939258.jpg?fit=900%2C1200&resize=350%2C200","width":350,"height":200,"srcset":"https:\/\/i0.wp.com\/www.robertosedda.it\/wp-content\/uploads\/2018\/05\/20160822_131127-e1525943939258.jpg?fit=900%2C1200&resize=350%2C200 1x, https:\/\/i0.wp.com\/www.robertosedda.it\/wp-content\/uploads\/2018\/05\/20160822_131127-e1525943939258.jpg?fit=900%2C1200&resize=700%2C400 2x"},"classes":[]},{"id":15112,"url":"http:\/\/www.robertosedda.it\/?p=15112","url_meta":{"origin":18314,"position":4},"title":"Se stasera sono qui&#8230;","author":"Rufus","date":"07\/05\/2018","format":false,"excerpt":"... a questo incontro organizzato in collaborazione fra noi soci di Banca Etica e l'ARCI sotto l'egida del Comitato Riconversione RWM... ... \u00e8 perch\u00e9 penso che sia tempo che la questione delle bombe itaiane in Yemen esca da un equivoco: \u00e8 un argomento di cui si parla in mezzo mondo,\u2026","rel":"","context":"In &quot;Coordinate&quot;","block_context":{"text":"Coordinate","link":"http:\/\/www.robertosedda.it\/?cat=52"},"img":{"alt_text":"","src":"https:\/\/i0.wp.com\/www.robertosedda.it\/wp-content\/uploads\/2018\/05\/Iglesias-Run4Unity.jpg?fit=960%2C528&resize=350%2C200","width":350,"height":200,"srcset":"https:\/\/i0.wp.com\/www.robertosedda.it\/wp-content\/uploads\/2018\/05\/Iglesias-Run4Unity.jpg?fit=960%2C528&resize=350%2C200 1x, https:\/\/i0.wp.com\/www.robertosedda.it\/wp-content\/uploads\/2018\/05\/Iglesias-Run4Unity.jpg?fit=960%2C528&resize=700%2C400 2x"},"classes":[]},{"id":12933,"url":"http:\/\/www.robertosedda.it\/?p=12933","url_meta":{"origin":18314,"position":5},"title":"E Jonathan si tolse l&#8217;elmetto","author":"Rufus","date":"12\/12\/2016","format":"video","excerpt":"Rollerball (Norman Jewison, USA 1975) Ho visto la settimana scorsa, nella rassegna dedicata al gioco da\u00a0Laboratorio 28 (\u00e8 intitolata A CHE GIOCO GIOCHIAMO | Riflessioni cinematografiche sul gioco del mondo) il vecchio\u00a0Rollerball, un film che gira sotto diverse etichette: fantascientifico, distopico, sportivo,\u00a0drammatico, d'azione. Due parole sulla trama La storia del\u2026","rel":"","context":"In &quot;Coordinate&quot;","block_context":{"text":"Coordinate","link":"http:\/\/www.robertosedda.it\/?cat=52"},"img":{"alt_text":"","src":"https:\/\/i0.wp.com\/img.youtube.com\/vi\/aVUxK1mNups\/0.jpg?resize=350%2C200","width":350,"height":200},"classes":[]}],"_links":{"self":[{"href":"http:\/\/www.robertosedda.it\/index.php?rest_route=\/wp\/v2\/posts\/18314"}],"collection":[{"href":"http:\/\/www.robertosedda.it\/index.php?rest_route=\/wp\/v2\/posts"}],"about":[{"href":"http:\/\/www.robertosedda.it\/index.php?rest_route=\/wp\/v2\/types\/post"}],"author":[{"embeddable":true,"href":"http:\/\/www.robertosedda.it\/index.php?rest_route=\/wp\/v2\/users\/1"}],"replies":[{"embeddable":true,"href":"http:\/\/www.robertosedda.it\/index.php?rest_route=%2Fwp%2Fv2%2Fcomments&post=18314"}],"version-history":[{"count":6,"href":"http:\/\/www.robertosedda.it\/index.php?rest_route=\/wp\/v2\/posts\/18314\/revisions"}],"predecessor-version":[{"id":18322,"href":"http:\/\/www.robertosedda.it\/index.php?rest_route=\/wp\/v2\/posts\/18314\/revisions\/18322"}],"wp:featuredmedia":[{"embeddable":true,"href":"http:\/\/www.robertosedda.it\/index.php?rest_route=\/wp\/v2\/media\/18316"}],"wp:attachment":[{"href":"http:\/\/www.robertosedda.it\/index.php?rest_route=%2Fwp%2Fv2%2Fmedia&parent=18314"}],"wp:term":[{"taxonomy":"category","embeddable":true,"href":"http:\/\/www.robertosedda.it\/index.php?rest_route=%2Fwp%2Fv2%2Fcategories&post=18314"},{"taxonomy":"post_tag","embeddable":true,"href":"http:\/\/www.robertosedda.it\/index.php?rest_route=%2Fwp%2Fv2%2Ftags&post=18314"}],"curies":[{"name":"wp","href":"https:\/\/api.w.org\/{rel}","templated":true}]}}