{"id":18217,"date":"2020-07-21T18:52:08","date_gmt":"2020-07-21T16:52:08","guid":{"rendered":"http:\/\/www.robertosedda.it\/?p=18217"},"modified":"2022-07-22T10:13:33","modified_gmt":"2022-07-22T08:13:33","slug":"il-grande-amore-del-suo-cuore","status":"publish","type":"post","link":"http:\/\/www.robertosedda.it\/?p=18217","title":{"rendered":"Il grande amore del suo cuore"},"content":{"rendered":"\n<div class=\"wp-block-image\"><figure class=\"alignright size-medium\"><img data-attachment-id=\"18220\" data-permalink=\"http:\/\/www.robertosedda.it\/?attachment_id=18220\" data-orig-file=\"https:\/\/i0.wp.com\/www.robertosedda.it\/wp-content\/uploads\/2020\/07\/Calendar-of-tales.jpg?fit=318%2C450\" data-orig-size=\"318,450\" data-comments-opened=\"1\" data-image-meta=\"{&quot;aperture&quot;:&quot;0&quot;,&quot;credit&quot;:&quot;&quot;,&quot;camera&quot;:&quot;&quot;,&quot;caption&quot;:&quot;&quot;,&quot;created_timestamp&quot;:&quot;0&quot;,&quot;copyright&quot;:&quot;&quot;,&quot;focal_length&quot;:&quot;0&quot;,&quot;iso&quot;:&quot;0&quot;,&quot;shutter_speed&quot;:&quot;0&quot;,&quot;title&quot;:&quot;&quot;,&quot;orientation&quot;:&quot;0&quot;}\" data-image-title=\"Calendar-of-tales\" data-image-description=\"\" data-image-caption=\"\" data-medium-file=\"https:\/\/i0.wp.com\/www.robertosedda.it\/wp-content\/uploads\/2020\/07\/Calendar-of-tales.jpg?fit=212%2C300\" data-large-file=\"https:\/\/i0.wp.com\/www.robertosedda.it\/wp-content\/uploads\/2020\/07\/Calendar-of-tales.jpg?fit=318%2C450\" decoding=\"async\" loading=\"lazy\" width=\"212\" height=\"300\" src=\"https:\/\/i0.wp.com\/www.robertosedda.it\/wp-content\/uploads\/2020\/07\/Calendar-of-tales.jpg?resize=212%2C300\" alt=\"\" class=\"wp-image-18220\" srcset=\"https:\/\/i0.wp.com\/www.robertosedda.it\/wp-content\/uploads\/2020\/07\/Calendar-of-tales.jpg?resize=212%2C300 212w, https:\/\/i0.wp.com\/www.robertosedda.it\/wp-content\/uploads\/2020\/07\/Calendar-of-tales.jpg?resize=106%2C150 106w, https:\/\/i0.wp.com\/www.robertosedda.it\/wp-content\/uploads\/2020\/07\/Calendar-of-tales.jpg?w=318 318w\" sizes=\"(max-width: 212px) 100vw, 212px\" data-recalc-dims=\"1\" \/><\/figure><\/div>\n\n\n\n<p>Tempo fa mi \u00e8 capitato di imbattermi nel <em>Racconto di marzo<\/em> di Neil Gaiman. \u00c8 un racconto brevissimo, e fa parte di un progetto collaborativo col pubblico sponsorizzato da <em>Blackberry<\/em> anni fa. Al tempo Gaiman ha scritto una serie di <em>tweet<\/em>, uno per ogni mese, facendo delle <a href=\"https:\/\/www.goodreads.com\/book\/show\/17404588-a-calendar-of-tales\">domande<\/a> ai lettori: <em>perch\u00e9 gennaio \u00e8 cos\u00ec pericoloso?<\/em> <em>dove passereste un giugno perfetto<\/em>?<\/p>\n\n\n\n<p>Dodici delle risposte dei lettori sono state scelte come spunto per una raccolta di racconti che \u00e8 liberamente scaricabile <em><a href=\"https:\/\/www.kobo.com\/us\/en\/ebook\/a-calendar-of-tales\">on line<\/a><\/em> (<em>Kobo<\/em>, serve registrarsi). La domanda e lo spunto per il racconto di marzo erano quelli che vedete qui sotto; il racconto mi piace davvero molto e perci\u00f2 l&#8217;ho tradotto.<\/p>\n\n\n\n<figure class=\"wp-block-image alignwide size-full\"><img data-attachment-id=\"18219\" data-permalink=\"http:\/\/www.robertosedda.it\/?attachment_id=18219\" data-orig-file=\"https:\/\/i0.wp.com\/www.robertosedda.it\/wp-content\/uploads\/2020\/07\/March-tale-inspiration.png?fit=445%2C406\" data-orig-size=\"445,406\" data-comments-opened=\"1\" data-image-meta=\"{&quot;aperture&quot;:&quot;0&quot;,&quot;credit&quot;:&quot;&quot;,&quot;camera&quot;:&quot;&quot;,&quot;caption&quot;:&quot;&quot;,&quot;created_timestamp&quot;:&quot;0&quot;,&quot;copyright&quot;:&quot;&quot;,&quot;focal_length&quot;:&quot;0&quot;,&quot;iso&quot;:&quot;0&quot;,&quot;shutter_speed&quot;:&quot;0&quot;,&quot;title&quot;:&quot;&quot;,&quot;orientation&quot;:&quot;0&quot;}\" data-image-title=\"March-tale-inspiration\" data-image-description=\"\" data-image-caption=\"\" data-medium-file=\"https:\/\/i0.wp.com\/www.robertosedda.it\/wp-content\/uploads\/2020\/07\/March-tale-inspiration.png?fit=300%2C274\" data-large-file=\"https:\/\/i0.wp.com\/www.robertosedda.it\/wp-content\/uploads\/2020\/07\/March-tale-inspiration.png?fit=445%2C406\" decoding=\"async\" loading=\"lazy\" width=\"445\" height=\"406\" src=\"https:\/\/i0.wp.com\/www.robertosedda.it\/wp-content\/uploads\/2020\/07\/March-tale-inspiration.png?resize=445%2C406\" alt=\"\" class=\"wp-image-18219\" srcset=\"https:\/\/i0.wp.com\/www.robertosedda.it\/wp-content\/uploads\/2020\/07\/March-tale-inspiration.png?w=445 445w, https:\/\/i0.wp.com\/www.robertosedda.it\/wp-content\/uploads\/2020\/07\/March-tale-inspiration.png?resize=300%2C274 300w, https:\/\/i0.wp.com\/www.robertosedda.it\/wp-content\/uploads\/2020\/07\/March-tale-inspiration.png?resize=150%2C137 150w\" sizes=\"(max-width: 445px) 100vw, 445px\" data-recalc-dims=\"1\" \/><figcaption>\u00abChe personaggio storico vi ricorda marzo?\u00bb \u00abAnne Bonny e il suo cuore malandrino, che sogna una nave tutta sua\u00bb<\/figcaption><\/figure>\n\n\n\n<p>Naturalmente la mia traduzione non rende bene l&#8217;intreccio di sonorit\u00e0 e quotidianit\u00e0 dell&#8217;originale inglese, il giocare coi piani del racconto di Gaiman: passato e presente, apparenza e inganno, rispettabilit\u00e0 e brigantaggio. Per compensare, in fondo trovate il testo letto dal vecchio Neil in persona (le animazioni, invece, non sono sue, sono didascaliche e tradiscono il racconto, mi pare). Due note di comprensione del testo sono alla fine, per non svelare niente in anticipo.<\/p>\n\n\n\n<h2>Racconto di Marzo<\/h2>\n\n\n\n<h4>di Neil Gaiman<\/h4>\n\n\n\n<blockquote class=\"wp-block-quote\"><p>\u00ab&#8230; solo questo sappiamo, che la sua condanna a morte non fu eseguita\u00bb[1]<\/p><cite>Storia generale dei pirati, Dnaiel Defoe<\/cite><\/blockquote>\n\n\n\n<p>Faceva troppo caldo nella grande casa, e quindi loro due uscirono sulla veranda. Una tempesta primaverile si stava addensando a occidente. Gi\u00e0 scintillavano i fulmini e capricciose raffiche gelide di vento soffiavano su di loro, rinfrescandole. Sedevano decorosamente sul dondolo della veranda, madre e figlia, e discutevano di quando sarebbe tornato il marito della donna, perch\u00e9 si era messo per mare con il raccolto di tabacco verso la lontana Inghilterra. <\/p>\n\n\n\n<p>Mary, che aveva tredici anni, cos\u00ec graziosa, cos\u00ec facilmente in allarme, disse: \u00abDico sul serio. Sono felice che tutti i pirati siano saliti al patibolo e il padre potr\u00e0 tornare da noi sano e salvo\u00bb.<\/p>\n\n\n\n<p>Il sorriso di sua madre era gentile, e non si incrin\u00f2 mentre diceva: \u00abNon mi piace che si parli di pirati, Mary\u00bb.<\/p>\n\n\n\n<p>***<\/p>\n\n\n\n<p>Da ragazza la vestirono come un maschietto, per nascondere lo scandalo di suo padre. Non indoss\u00f2 abiti da donna finch\u00e9 non fu su una nave con suo padre e con sua madre, la sua cameriera e amante che nel Nuovo Mondo avrebbe chiamato moglie, e non furono in viaggio da Cork fino alle Caroline.<\/p>\n\n\n\n<p>Si innamor\u00f2 per la prima volta, in quel viaggio, avvolta in stoffe a cui non era abituata, goffa nelle gonne sconosciute. Aveva undici anni e non fu un marinaio che rub\u00f2 il suo cuore, ma la nave stessa: Anne si sedeva a prua e guardava l&#8217;Atlantico grigio rotolare sotto di loro, ascoltava le grida dei gabbiani e sentiva che l&#8217;Irlanda si allontanava di pi\u00f9 ogni momento, portando con s\u00e9 tutte le vecchie bugie. <\/p>\n\n\n\n<p>Lasci\u00f2 il suo amore quando sbarcarono, con rimpianto, e anche se suo padre prosper\u00f2 nella nuova terra lei sognava il cigolio e lo schioccare delle vele. <\/p>\n\n\n\n<p>Suo padre era un brav&#8217;uomo. Era stato contento che lei fosse tornata, e non parl\u00f2 del tempo che aveva passato lontana: il giovane che aveva sposato e di come l&#8217;avesse portata a Providence. Era tornata alla sua famiglia tre anni pi\u00f9 tardi, con un bambino in collo. Suo marito era morto, disse, e sebbene racconti e pettegolezzi abbondassero nemmeno la lingua pi\u00f9 feroce pot\u00e9 suggerire che Annie Riley fosse la donna pirata Anne Bonny, il primo ufficiale[2] di Rackham il Rosso.<\/p>\n\n\n\n<p>\u00abSe ti fossi battuto come un uomo non avresti dovuto morire come un cane\u00bb. Queste erano state le ultime parole di Anne Bonny all&#8217;uomo che le aveva messo la bambina in grembo, o cos\u00ec si diceva. <\/p>\n\n\n\n<p>**<\/p>\n\n\n\n<p>La signora Riley guardava i lampi rincorrersi e udiva il primo brontolare dei tuoni lontani. I suoi capelli erano ingrigiti, ora, e la sua pelle chiara come quella di qualunque donna locale di buona famiglia.<\/p>\n\n\n\n<p>\u00abSembra il suono dei cannoni\u00bb, disse Mary (Anne le aveva dato il nome di sua madre, e quello della sua migliore amica degli anni in cui era stata lontana dalla grande casa).<\/p>\n\n\n\n<p>\u00abPerch\u00e9 devi mai dire cose del genere?\u00bb, le chiese sua madre, con disapprovazione. \u00abIn questa casa non si menziona il fuoco del cannone\u00bb.<\/p>\n\n\n\n<p>La prima pioggia di marzo cadde, proprio allora, e la signora Riley sorprese sua figlia alzandosi dalla sedia a dondolo della veranda e sporgendosi sotto la pioggia, cos\u00ec che le schizz\u00f2 sulla faccia come gli spruzzi delle onde. Era molto insolito per una donna cos\u00ec rispettabile.<\/p>\n\n\n\n<p>Mentre la pioggia le schizzava sul viso si rivide di l\u00e0: capitana della sua propria nave, il cannoneggiamento attorno a lei, l&#8217;odore acre del fuoco della polvere da sparo che soffiava sulla brezza salata. Il ponte della sua nave era dipinto di rosso, per mascherare il sangue in battaglia. Il vento riempiva le sue vele fluttuanti con un rumore secco forte come il ruggito del cannone, mentre si preparavano ad abbordare il mercantile e prendere tutto ci\u00f2 che desideravano, gioielli o denaro, e baci di fuoco col suo primo ufficiale quando la follia era compiuta&#8230;<\/p>\n\n\n\n<p>\u00abMadre?\u00bb, disse Mary, \u00abCredo davvero che stiate pensando a un grande segreto. Avete un sorriso cos\u00ec strano sul volto\u00bb.<\/p>\n\n\n\n<p>\u00abSciocchina, cuore mio[3]\u00bb, disse sua madre. E poi disse: \u00abPensavo a tuo padre\u00bb. Diceva la verit\u00e0, e i venti di marzo soffiavano la follia attorno a loro.<\/p>\n\n\n\n<figure class=\"wp-block-embed-youtube alignwide wp-block-embed is-type-video is-provider-youtube wp-embed-aspect-16-9 wp-has-aspect-ratio\"><div class=\"wp-block-embed__wrapper\">\n<span class=\"embed-youtube\" style=\"text-align:center; display: block;\"><iframe loading=\"lazy\" class=\"youtube-player\" width=\"800\" height=\"450\" src=\"https:\/\/www.youtube.com\/embed\/2JVl67xloJo?version=3&#038;rel=1&#038;showsearch=0&#038;showinfo=1&#038;iv_load_policy=1&#038;fs=1&#038;hl=it-IT&#038;autohide=2&#038;start=162&#038;wmode=transparent\" allowfullscreen=\"true\" style=\"border:0;\" sandbox=\"allow-scripts allow-same-origin allow-popups allow-presentation\"><\/iframe><\/span>\n<\/div><\/figure>\n\n\n\n<h4>Note<\/h4>\n\n\n\n<ol><li>Anne Bonny, catturata dalle autorit\u00e0, avrebbe dovuto essere impiccata. Tuttavia era incinta e, secondo le leggi dell&#8217;epoca, questo le valse il rinvio della condanna a morte fino a dopo la nascita: non ci sono per\u00f2 notizie che la condanna sia stata eseguita, commutata o cancellata. La frase di Defoe si riferisce al fatto che, dopo essere scampata cos\u00ec alla forca, Anne sparisce totalmente dalla storia, mentre della sua amica Mary Reid conosciamo la sorte (morta di febbre in carcere dopo il parto). Gaiman si rif\u00e0  a una tradizione secondo cui Anne sarebbe stata riscattata dal padre e sarebbe morta anziana e rispettabile nella Carolina del Sud (anche <em><a href=\"http:\/\/www.robertosedda.it\/?p=7783\">The republic of pirates<\/a><\/em> d\u00e0, con qualche cautela, credito a questa ipotesi).<\/li><li>In inglese il primo ufficiale \u00e8 <em>first mate<\/em>, e <em>mate<\/em> vuol dire anche &#8220;compagno&#8221; in senso cameratesco, sentimentale o sessuale (<em>to mate<\/em>, riferito agli animali, vuol dire &#8220;accoppiarsi&#8221;). C&#8217;\u00e8 un sottofondo intraducibile legato al fatto che Anne e Rackham erano amanti.<\/li><li>In originale un vezzeggiativo<em>, acushla<\/em>. La parola \u00e8 gaelica e riporta alle origini irlandesi, sopite ma anocra presenti, di Anne. Si tradurrebbe con &#8220;tesoro&#8221;, ma letteralmente vuol dire &#8220;sangue&#8221; o &#8220;vena&#8221;.<\/li><\/ol>\n\n\n\n<p><\/p>\n","protected":false},"excerpt":{"rendered":"<p>Tempo fa mi \u00e8 capitato di imbattermi nel Racconto di marzo di Neil Gaiman. \u00c8 un racconto brevissimo, e fa<\/p>\n","protected":false},"author":1,"featured_media":18219,"comment_status":"open","ping_status":"open","sticky":false,"template":"","format":"standard","meta":{"_mi_skip_tracking":false,"_monsterinsights_sitenote_active":false,"_monsterinsights_sitenote_note":"","_monsterinsights_sitenote_category":0,"jetpack_post_was_ever_published":false,"_jetpack_newsletter_access":"","jetpack_publicize_message":"Il grande amore del suo cuore. Un racconto di Neil Gaiman","jetpack_is_tweetstorm":false,"jetpack_publicize_feature_enabled":true,"jetpack_social_post_already_shared":true,"jetpack_social_options":{"image_generator_settings":{"template":"highway","enabled":false}}},"categories":[70,52,56,13,12],"tags":[],"jetpack_publicize_connections":[],"jetpack_featured_media_url":"https:\/\/i0.wp.com\/www.robertosedda.it\/wp-content\/uploads\/2020\/07\/March-tale-inspiration.png?fit=445%2C406","jetpack_sharing_enabled":true,"jetpack_shortlink":"https:\/\/wp.me\/p4jV2T-4JP","jetpack_likes_enabled":true,"jetpack-related-posts":[{"id":5803,"url":"http:\/\/www.robertosedda.it\/?p=5803","url_meta":{"origin":18217,"position":0},"title":"Una bella storia d&#8217;inverno (con Patrick Rothfuss e Neil Gaiman)","author":"Rufus","date":"08\/01\/2014","format":false,"excerpt":"Ho gi\u00e0 detto altre volte che seguo con piacere lo scrittore fantasy americano Patrick Rothfuss e le sue avventure familiari\u00a0e ho anche raccontato del lavoro benefico suo e di altri scrittori e lettori di fantasy e fantascienza. Sul blog di Rothfuss \u00e8 uscita l'altro giorno una bella storia, molto bella,\u2026","rel":"","context":"In &quot;Coordinate&quot;","block_context":{"text":"Coordinate","link":"http:\/\/www.robertosedda.it\/?cat=52"},"img":{"alt_text":"","src":"https:\/\/i0.wp.com\/www.robertosedda.it\/wp-content\/uploads\/2014\/01\/Rothfuss-Gaiman-1.jpg?fit=300%2C225&resize=350%2C200","width":350,"height":200},"classes":[]},{"id":2853,"url":"http:\/\/www.robertosedda.it\/?p=2853","url_meta":{"origin":18217,"position":1},"title":"Una puntata conclusiva","author":"Rufus","date":"12\/04\/2013","format":"video","excerpt":"Ho messo oggi on line la puntata di Oggi parliamo di libri che concludeva il ciclo dedicatato a fantasy e fantascienza. Durante\u00a0le trasmissioni\u00a0ho presentato, nell'ordine: Lo Hobbit, L'eternauta, Il gioco di Ender, il ciclo di Conan il Barbaro, il ciclo di Harry Potter, La mano sinistra delle tenebre, i libri\u2026","rel":"","context":"In &quot;Coordinate&quot;","block_context":{"text":"Coordinate","link":"http:\/\/www.robertosedda.it\/?cat=52"},"img":{"alt_text":"","src":"https:\/\/i0.wp.com\/www.robertosedda.it\/wp-content\/uploads\/2013\/04\/Fine-fantasy.jpg?fit=1009%2C691&resize=350%2C200","width":350,"height":200,"srcset":"https:\/\/i0.wp.com\/www.robertosedda.it\/wp-content\/uploads\/2013\/04\/Fine-fantasy.jpg?fit=1009%2C691&resize=350%2C200 1x, https:\/\/i0.wp.com\/www.robertosedda.it\/wp-content\/uploads\/2013\/04\/Fine-fantasy.jpg?fit=1009%2C691&resize=700%2C400 2x"},"classes":[]},{"id":2493,"url":"http:\/\/www.robertosedda.it\/?p=2493","url_meta":{"origin":18217,"position":2},"title":"Nessundove a &#8220;Oggi parliamo di libri&#8221;","author":"Rufus","date":"08\/03\/2013","format":"video","excerpt":"Nessundove di Neil Gaiman \u00e8 stato oggetto della decima puntata di Oggi parliamo di libri (ai primi di febbraio, ma l'ho\u00a0messa in linea oggi). Devo dire che sono abbastanza soddisfatto, pur con la specificazione che tutte queste ultime puntate sul fantasy le ho fatte con un sentimento a met\u00e0 fra\u2026","rel":"","context":"In &quot;Coordinate&quot;","block_context":{"text":"Coordinate","link":"http:\/\/www.robertosedda.it\/?cat=52"},"img":{"alt_text":"","src":"https:\/\/i0.wp.com\/www.robertosedda.it\/wp-content\/uploads\/2013\/03\/Nessundove.jpg?fit=782%2C1200&resize=350%2C200","width":350,"height":200,"srcset":"https:\/\/i0.wp.com\/www.robertosedda.it\/wp-content\/uploads\/2013\/03\/Nessundove.jpg?fit=782%2C1200&resize=350%2C200 1x, https:\/\/i0.wp.com\/www.robertosedda.it\/wp-content\/uploads\/2013\/03\/Nessundove.jpg?fit=782%2C1200&resize=700%2C400 2x"},"classes":[]},{"id":8404,"url":"http:\/\/www.robertosedda.it\/?p=8404","url_meta":{"origin":18217,"position":3},"title":"I consigli del venerd\u00ec &#8211; 1","author":"Rufus","date":"12\/09\/2014","format":"video","excerpt":"Quasi #FF ma senza\u00a0Twitter Negli ultimi tempi ho cominciato ad appuntarmi qui e l\u00e0 i\u00a0link che condivido sui social o le pagine web\u00a0che mi segno a futura memoria, per tenerli sotto controllo e poterli ritrovare. Poi mi sono reso conto che il posto corretto dove raccogliere tutta questa roba \u00e8\u2026","rel":"","context":"In &quot;Coordinate&quot;","block_context":{"text":"Coordinate","link":"http:\/\/www.robertosedda.it\/?cat=52"},"img":{"alt_text":"","src":"https:\/\/i0.wp.com\/img.youtube.com\/vi\/I5JQ1m3mxKw\/0.jpg?resize=350%2C200","width":350,"height":200},"classes":[]},{"id":4724,"url":"http:\/\/www.robertosedda.it\/?p=4724","url_meta":{"origin":18217,"position":4},"title":"Neil Gaiman e le biblioteche","author":"Rufus","date":"18\/10\/2013","format":false,"excerpt":"La Reading Agency\u00a0\u00e8 un'istituzione benefica inglese che si dedica a incentivare la lettura (il suo motto \u00e8: tutto cambia quando si legge). Fra le sue iniziative pi\u00f9 di cassetta c'\u00e8 quella di una conferenza annuale affidata a un autore o a un pensatore rilevante, invitato a condividere la sua visione\u2026","rel":"","context":"In &quot;Coordinate&quot;","block_context":{"text":"Coordinate","link":"http:\/\/www.robertosedda.it\/?cat=52"},"img":{"alt_text":"","src":"https:\/\/i0.wp.com\/www.robertosedda.it\/wp-content\/uploads\/2013\/10\/Neil-Gaiman.jpg?fit=460%2C276&resize=350%2C200","width":350,"height":200},"classes":[]},{"id":19534,"url":"http:\/\/www.robertosedda.it\/?p=19534","url_meta":{"origin":18217,"position":5},"title":"Leggete John M Ford","author":"Rufus","date":"13\/04\/2022","format":false,"excerpt":"Grazie a una segnalazione del sempre ottimo Cory Doctorow ho scoperto la travagliata storia - da vivo e da morto - di John Mike Ford, uno scrittore di fantasy e fantascienza e autore di giochi di ruolo (e molte altre cose) che ricordavo vagamente di aver sentito nominare ma di\u2026","rel":"","context":"In &quot;Coordinate&quot;","block_context":{"text":"Coordinate","link":"http:\/\/www.robertosedda.it\/?cat=52"},"img":{"alt_text":"","src":"https:\/\/i0.wp.com\/www.robertosedda.it\/wp-content\/uploads\/2022\/04\/Aspects.jpg?fit=776%2C1200&resize=350%2C200","width":350,"height":200,"srcset":"https:\/\/i0.wp.com\/www.robertosedda.it\/wp-content\/uploads\/2022\/04\/Aspects.jpg?fit=776%2C1200&resize=350%2C200 1x, https:\/\/i0.wp.com\/www.robertosedda.it\/wp-content\/uploads\/2022\/04\/Aspects.jpg?fit=776%2C1200&resize=700%2C400 2x"},"classes":[]}],"_links":{"self":[{"href":"http:\/\/www.robertosedda.it\/index.php?rest_route=\/wp\/v2\/posts\/18217"}],"collection":[{"href":"http:\/\/www.robertosedda.it\/index.php?rest_route=\/wp\/v2\/posts"}],"about":[{"href":"http:\/\/www.robertosedda.it\/index.php?rest_route=\/wp\/v2\/types\/post"}],"author":[{"embeddable":true,"href":"http:\/\/www.robertosedda.it\/index.php?rest_route=\/wp\/v2\/users\/1"}],"replies":[{"embeddable":true,"href":"http:\/\/www.robertosedda.it\/index.php?rest_route=%2Fwp%2Fv2%2Fcomments&post=18217"}],"version-history":[{"count":5,"href":"http:\/\/www.robertosedda.it\/index.php?rest_route=\/wp\/v2\/posts\/18217\/revisions"}],"predecessor-version":[{"id":18225,"href":"http:\/\/www.robertosedda.it\/index.php?rest_route=\/wp\/v2\/posts\/18217\/revisions\/18225"}],"wp:featuredmedia":[{"embeddable":true,"href":"http:\/\/www.robertosedda.it\/index.php?rest_route=\/wp\/v2\/media\/18219"}],"wp:attachment":[{"href":"http:\/\/www.robertosedda.it\/index.php?rest_route=%2Fwp%2Fv2%2Fmedia&parent=18217"}],"wp:term":[{"taxonomy":"category","embeddable":true,"href":"http:\/\/www.robertosedda.it\/index.php?rest_route=%2Fwp%2Fv2%2Fcategories&post=18217"},{"taxonomy":"post_tag","embeddable":true,"href":"http:\/\/www.robertosedda.it\/index.php?rest_route=%2Fwp%2Fv2%2Ftags&post=18217"}],"curies":[{"name":"wp","href":"https:\/\/api.w.org\/{rel}","templated":true}]}}