{"id":18024,"date":"2020-03-21T11:04:34","date_gmt":"2020-03-21T10:04:34","guid":{"rendered":"http:\/\/www.robertosedda.it\/?p=18024"},"modified":"2020-03-29T17:48:20","modified_gmt":"2020-03-29T15:48:20","slug":"la-lectio-della-gioiosa-domenica","status":"publish","type":"post","link":"http:\/\/www.robertosedda.it\/?p=18024","title":{"rendered":"La lectio della gioiosa domenica"},"content":{"rendered":"\n<p>Come tutti i sabati pubblico dei materiali utili per chi vuole fare <em>lectio<\/em> sul Vangelo della domenica seguente. Questa settimana il gruppo <em>La Pira<\/em> la celebrer\u00e0 insieme, su <em>Zoom<\/em> (segno dei tempi), ma i materiali possono essere utili anche a chi \u00e8 costretto a lavorare da solo.<\/p>\n\n\n\n<p>Come al solito l&#8217;avvertenza per chi non sa di cosa sto parlando \u00e8 quella di andare a vedere un <a href=\"http:\/\/www.robertosedda.it\/?p=17748\">articolo precedente<\/a> che spiega tutto. Pu\u00f2 essere anche utile vedere i vari <a href=\"http:\/\/www.robertosedda.it\/?s=lectio\">articoli settimanali pubblicati man mano<\/a>, dove possono esserci, sparse qui e l\u00e0, cose comunque utili.<\/p>\n\n\n\n<p>Una nota liturgica per chi non \u00e8 particolarmente addentro alle cose ecclesiastiche: siamo in Quaresima (la Quaresima davvero pi\u00f9 penitente che abbia mai vissuto) ma la liturgia prevede, a due terzi del percorso, un momento di rallegramento; la giornata di domani \u00e8 quindi la <em>domenica in laetare<\/em> e dovrebbe esprimere la gioia per la liberazione ormai vicina: i paramenti sono rosa e non viola e anche le letture riflettono questa dimensione, attraverso varie immagini fra le quali quella della luce \u00e8 preminente (anche questa attesa per la liberazione ormai vicina, ovviamente, risuona nella mia vita in una maniera che non avevo mai sperimentato prima).<\/p>\n\n\n\n<h3>Il brano<\/h3>\n\n\n\n<p>Prima di tutto, il Vangelo di riferimento (Gv 9,1-41):<\/p>\n\n\n\n<figure class=\"wp-block-image alignwide size-full\"><img data-attachment-id=\"18026\" data-permalink=\"http:\/\/www.robertosedda.it\/?attachment_id=18026\" data-orig-file=\"https:\/\/i0.wp.com\/www.robertosedda.it\/wp-content\/uploads\/2020\/03\/Ceco-nato-Rupnik.jpg?fit=818%2C555\" data-orig-size=\"818,555\" data-comments-opened=\"1\" data-image-meta=\"{&quot;aperture&quot;:&quot;0&quot;,&quot;credit&quot;:&quot;&quot;,&quot;camera&quot;:&quot;&quot;,&quot;caption&quot;:&quot;&quot;,&quot;created_timestamp&quot;:&quot;0&quot;,&quot;copyright&quot;:&quot;&quot;,&quot;focal_length&quot;:&quot;0&quot;,&quot;iso&quot;:&quot;0&quot;,&quot;shutter_speed&quot;:&quot;0&quot;,&quot;title&quot;:&quot;&quot;,&quot;orientation&quot;:&quot;0&quot;}\" data-image-title=\"Ceco-nato-Rupnik\" data-image-description=\"\" data-image-caption=\"\" data-medium-file=\"https:\/\/i0.wp.com\/www.robertosedda.it\/wp-content\/uploads\/2020\/03\/Ceco-nato-Rupnik.jpg?fit=300%2C204\" data-large-file=\"https:\/\/i0.wp.com\/www.robertosedda.it\/wp-content\/uploads\/2020\/03\/Ceco-nato-Rupnik.jpg?fit=510%2C346\" decoding=\"async\" loading=\"lazy\" width=\"800\" height=\"543\" src=\"https:\/\/i0.wp.com\/www.robertosedda.it\/wp-content\/uploads\/2020\/03\/Ceco-nato-Rupnik.jpg?resize=800%2C543\" alt=\"\" class=\"wp-image-18026\" srcset=\"https:\/\/i0.wp.com\/www.robertosedda.it\/wp-content\/uploads\/2020\/03\/Ceco-nato-Rupnik.jpg?w=818 818w, https:\/\/i0.wp.com\/www.robertosedda.it\/wp-content\/uploads\/2020\/03\/Ceco-nato-Rupnik.jpg?resize=300%2C204 300w, https:\/\/i0.wp.com\/www.robertosedda.it\/wp-content\/uploads\/2020\/03\/Ceco-nato-Rupnik.jpg?resize=510%2C346 510w, https:\/\/i0.wp.com\/www.robertosedda.it\/wp-content\/uploads\/2020\/03\/Ceco-nato-Rupnik.jpg?resize=150%2C102 150w\" sizes=\"(max-width: 800px) 100vw, 800px\" data-recalc-dims=\"1\" \/><\/figure>\n\n\n\n<p><em>In quel tempo, Ges\u00f9 passando vide un uomo cieco dalla  nascita e i suoi discepoli lo interrogarono: \u00abRabb\u00ec, chi ha peccato, lui o i suoi genitori, perch\u00e9 sia nato cieco?\u00bb. Rispose Ges\u00f9: \u00abN\u00e9 lui ha peccato n\u00e9 i suoi genitori, ma \u00e8 perch\u00e9 in lui siano manifestate le opere di Dio. Bisogna che noi compiamo le opere di colui che mi ha mandato finch\u00e9 \u00e8 giorno; poi viene la notte, quando nessuno pu\u00f2 agire. Finch\u00e9 io sono nel mondo, sono la luce del mondo\u00bb. <br \/> Detto questo, sput\u00f2 per terra, fece del fango con la saliva, spalm\u00f2 il  fango sugli occhi del cieco e gli disse: \u00abVa\u2019 a lavarti nella piscina di  S\u00ecloe\u00bb, che significa \u201cInviato\u201d. Quegli and\u00f2, si lav\u00f2 e torn\u00f2 che ci vedeva.<br \/>Allora i vicini e quelli che lo avevano visto prima, perch\u00e9 era un mendicante, dicevano: \u00abNon \u00e8 lui quello che stava seduto a chiedere  l\u2019elemosina?\u00bb. Alcuni dicevano: \u00ab\u00c8 lui\u00bb; altri dicevano: \u00abNo, ma \u00e8 uno che gli assomiglia\u00bb. Ed egli diceva: \u00abSono io!\u00bb. Allora gli domandarono: \u00abIn che modo ti sono stati aperti gli occhi?\u00bb. Egli rispose: \u00abL\u2019uomo  che si chiama Ges\u00f9 ha fatto del fango, me lo ha spalmato sugli occhi e mi ha detto: \u201cVa\u2019 a S\u00ecloe e l\u00e0vati!\u201d. Io sono andato, mi sono lavato e ho acquistato la vista\u00bb. Gli dissero: \u00abDov\u2019\u00e8 costui?\u00bb. Rispose: \u00abNon lo  so\u00bb.<br \/>Condussero dai farisei quello che era stato cieco: era un sabato, il  giorno in cui Ges\u00f9 aveva fatto del fango e gli aveva aperto gli occhi. Anche i farisei dunque gli chiesero di nuovo come aveva acquistato la vista. Ed egli disse loro: \u00abMi ha messo del fango sugli occhi, mi sono lavato e ci vedo\u00bb. Allora alcuni dei farisei dicevano: \u00abQuest\u2019uomo non viene da Dio, perch\u00e9 non osserva il sabato\u00bb. Altri invece dicevano: \u00abCome pu\u00f2 un peccatore compiere segni di questo genere?\u00bb. E c\u2019era  dissenso tra loro. Allora dissero di nuovo al cieco: \u00abTu, che cosa dici di lui, dal momento che ti ha aperto gli occhi?\u00bb. Egli rispose: \u00ab\u00c8 un  profeta!\u00bb. Ma i Giudei non credettero di lui che fosse stato cieco e che  avesse acquistato la vista, finch\u00e9 non chiamarono i genitori di colui che aveva ricuperato la vista. E li interrogarono: \u00ab\u00c8 questo il vostro  figlio, che voi dite essere nato cieco? Come mai ora ci vede?\u00bb. I genitori di lui risposero: \u00abSappiamo che questo \u00e8 nostro figlio e che \u00e8 nato cieco; ma come ora ci veda non lo sappiamo, e chi gli abbia aperto gli occhi, noi non lo sappiamo. Chiedetelo a lui: ha l\u2019et\u00e0, parler\u00e0 lui di s\u00e9\u00bb. Questo dissero i suoi genitori, perch\u00e9 avevano paura dei Giudei; infatti i Giudei avevano gi\u00e0 stabilito che, se uno lo avesse  riconosciuto come il Cristo, venisse espulso dalla sinagoga. Per questo i suoi genitori dissero: \u00abHa l\u2019et\u00e0: chiedetelo a lui!\u00bb.<br \/>Allora chiamarono di nuovo l\u2019uomo che era stato cieco e gli dissero: \u00abDa\u2019 gloria a Dio! Noi sappiamo che quest\u2019uomo \u00e8 un peccatore\u00bb. Quello rispose: \u00abSe sia un peccatore, non lo so. Una cosa io so: ero cieco e ora ci vedo\u00bb. Allora gli dissero: \u00abChe cosa ti ha fatto? Come ti ha aperto gli occhi?\u00bb. Rispose loro: \u00abVe l\u2019ho gi\u00e0 detto e non avete ascoltato; perch\u00e9 volete udirlo di nuovo? Volete forse diventare anche voi suoi discepoli?\u00bb. Lo insultarono e dissero: \u00abSuo discepolo sei tu!  Noi siamo discepoli di Mos\u00e8! Noi sappiamo che a Mos\u00e8 ha parlato Dio; ma costui non sappiamo di dove sia\u00bb. Rispose loro quell\u2019uomo: \u00abProprio questo stupisce: che voi non sapete di dove sia, eppure mi ha aperto gli  occhi. Sappiamo che Dio non ascolta i peccatori, ma che, se uno onora Dio e fa la sua volont\u00e0, egli lo ascolta. Da che mondo \u00e8 mondo, non si \u00e8  mai sentito dire che uno abbia aperto gli occhi a un cieco nato. Se costui non venisse da Dio, non avrebbe potuto far nulla\u00bb. Gli replicarono: \u00abSei nato tutto nei peccati e insegni a noi?\u00bb. E lo cacciarono fuori.<br \/>Ges\u00f9 seppe che l\u2019avevano cacciato fuori; quando lo trov\u00f2, gli disse:  \u00abTu, credi nel Figlio dell\u2019uomo?\u00bb. Egli rispose: \u00abE chi \u00e8, Signore, perch\u00e9 io creda in lui?\u00bb. Gli disse Ges\u00f9: \u00abLo hai visto: \u00e8 colui che parla con te\u00bb. Ed egli disse: \u00abCredo, Signore!\u00bb. E si prostr\u00f2 dinanzi a lui. Ges\u00f9 allora disse: \u00ab\u00c8 per un giudizio che io sono venuto in questo  mondo, perch\u00e9 coloro che non vedono, vedano e quelli che vedono, diventino ciechi\u00bb. Alcuni dei farisei che erano con lui udirono queste parole e gli dissero: \u00abSiamo ciechi anche noi?\u00bb. Ges\u00f9 rispose loro: \u00abSe  foste ciechi, non avreste alcun peccato; ma siccome dite: \u201cNoi vediamo\u201d, il vostro peccato rimane\u00bb.<\/em><\/p>\n\n\n\n<h3>Commenti utilizzabili<\/h3>\n\n\n\n<p>Per questa domenica la Liturgia della Parola prevede la possibilit\u00e0 \ndi leggere il Vangelo nella forma integrale o in una forma pi\u00f9 breve. \nAlcuni dei commenti possono riferirsi all\u2019una o all\u2019altra forma.<\/p>\n\n\n\n<ul><li>il <a href=\"http:\/\/www.abbaziadipulsano.org\/wp-content\/uploads\/2020\/03\/Lectio-IV-Dom.-di-Quaresima-A-2020.doc\">commento pi\u00f9 ampio<\/a> \u00e8 come al solito quello offerto dal sito dell\u2019Abbazia di Santa Maria di Pulsano, che offre anche note sulle altre letture della domenica;<\/li><li>un <a href=\"https:\/\/meditarelaparola.blogspot.com\/2020\/03\/lectio-iv-domenica-di-quaresima-anno-a.html\">commento esegetico<\/a> versetto per versetto, sintetico e puntuale, sul sito <em>Meditare la Parola<\/em>;<\/li><li>un <a href=\"https:\/\/www.matrisdomini.org\/images\/PDF\/Anno%20A%202017\/Quaresima\/Gv%209,1-41.pdf\">commento esegetico<\/a> versetto per versetto, a cura delle monache domenicane del Monastero <em>Matris Domini<\/em>;<\/li><li>un <a href=\"https:\/\/www.monasterodibose.it\/preghiera\/vangelo\/11315-gesu-il-signore-la-luce-del-mondo\">commento esegetico<\/a> di Enzo Bianchi, sempre dal sito di Bose;<\/li><li>un <a href=\"https:\/\/www.monasterodibose.it\/preghiera\/vangelo\/13724-vedere-l-essere-umano\">commento esegetico<\/a> di Luciano Manicardi, priore di Bose;<\/li><li>un <a href=\"https:\/\/www.tuttavia.eu\/tv\/wp-content\/uploads\/2014\/03\/Gv%209%201-41.pdf\">commento esegetico<\/a> di Roberto Pomelli, dal sito dell&#8217;associazione palermitana <em>Tuttavia<\/em>;<\/li><li>un <a href=\"https:\/\/www.lapartebuona.it\/commenti-ai-vangeli-della-domenica\/commento-al-vangelo-della-quarta-domenica-di-quaresima-gv-91-41-a-cura-di-giulio-michelini-ofm\/\">commento<\/a> di padre Guido Michelini, incnetrato sul tema della scoperta di chi sia Ges\u00f9, dal sito <em>La parte buona<\/em>;<\/li><li>sul sito dei Padri Carmelitani, una <a href=\"https:\/\/ocarm.org\/it\/content\/lectio\/lectio-divina-4-domenica-quaresima\"><em>lectio completa<\/em><\/a> con un commento esegetico che si concentra sulla chiave di lettura delle <em>aspettativ<\/em>e nei confronti del Messia, recuperando anche cos\u00ec il testo della prima lettura (non citata);<\/li><li>sul sito <em>In cammino<\/em>, una <em><a href=\"https:\/\/www.incamm.com\/2017\/03\/jesus-manuel-garcia-lectio-il-cieco-nato.html\">lectio<\/a><\/em> con un commento sintetico ma molti brani di lettura sull&#8217;argomento, a cura di Jesus Manuel Garcia;<\/li><li>un <a href=\"https:\/\/www.qumran2.net\/materiale\/download.php?id=22574&amp;nomefile=lectio_iv_domenica_quaresima_a_-_gv_9_-_il_cieco_nato.zip&amp;area=bibbia&amp;sottoarea=lectio\">commento sintetico<\/a> ma puntuale, dal sito <em>Qumran<\/em>.<\/li><\/ul>\n\n\n\n<h3>Altri materiali utili<\/h3>\n\n\n\n<p>L\u2019intero testo della Liturgia della Parola si trova sul sito de <em><a href=\"http:\/\/www.lachiesa.it\/calendario\/Detailed\/20200322.shtml\">LaChiesa.it<\/a>.<\/em><\/p>\n\n\n\n<h4>Per iniziare<\/h4>\n\n\n\n<p><strong>Antifona d\u2019ingresso<\/strong><\/p>\n\n\n\n<p><em>Rallegrati, Gerusalemme, e voi tutti che l\u2019amate, riunitevi.  <br \/> Esultate e gioite, voi che eravate nella tristezza:  <br \/> saziatevi dell\u2019abbondanza  <br \/> della vostra consolazione. <\/em><\/p>\n\n\n\n<p><em>oppure<\/em><\/p>\n\n\n\n<p><strong>Canto al Vangelo<\/strong><\/p>\n\n\n\n<p><em>Gloria a te, o Cristo, Verbo di Dio!<br \/> Io sono la luce del mondo, dice il Signore;<br \/> chi segue me, avr\u00e0 la luce della vita.<br \/> Gloria a te, o Cristo, Verbo di Dio!<\/em><\/p>\n\n\n\n<h4>Invocazione prima della <em>lectio<\/em><\/h4>\n\n\n\n<p><strong>Colletta<\/strong><\/p>\n\n\n\n<p><em>O Padre, che per mezzo del tuo Figlio  <br \/>operi mirabilmente la nostra redenzione,  <br \/>concedi al popolo cristiano  <br \/>di affrettarsi con fede viva e generoso impegno  <br \/>verso la Pasqua ormai vicina. <br \/>Per il nostro Signore Ges\u00f9 Cristo, Tuo Figlio, che \u00e8 Dio,<\/em><br \/>e<em> vive e regna con Te, nell\u2019unit\u00e0 dello Spirito Santo<br \/>per tutti i secoli dei secoli. Amen.<\/em><\/p>\n\n\n\n<p><em>oppure<\/em><\/p>\n\n\n\n<p><strong>Nuova colletta<\/strong><\/p>\n\n\n\n<p><em>O Dio, Padre della luce, tu vedi le profondit\u00e0 del nostro cuore:<\/em><br \/><em>non permettere che ci domini il potere delle tenebre,<\/em><br \/><em>ma apri i nostri occhi con la grazia del tuo spirito,<\/em><br \/><em>perch\u00e9 vediamo colui che hai mandato a illuminare il mondo,<\/em><br \/><em>e crediamo in lui solo, Ges\u00f9 Cristo, tuo Figlio, nostro Signore.<\/em><br \/><em>Egli \u00e8 Dio, e vive e regna con Te, nell\u2019unit\u00e0 dello Spirito Santo<br \/>per tutti i secoli dei secoli. Amen.<\/em><\/p>\n\n\n\n<p><em>oppure<\/em><\/p>\n\n\n\n<p><strong>Invocazione allo Spirito<\/strong><\/p>\n\n\n\n<p><em>Signore  Ges\u00f9, invia il tuo Spirito, perch\u00e9 ci aiuti a leggere la Scrittura con  lo stesso sguardo, con il quale l\u2019hai letta Tu per i discepoli sulla  strada di Emmaus. Con la luce della Parola, scritta nella Bibbia, Tu li  aiutasti a scoprire la presenza di Dio negli avvenimenti sconvolgenti  della tua condanna e della tua morte. Cos\u00ec, la croce che sembrava essere  la fine di ogni speranza, \u00e8 apparsa loro come sorgente di vita e di  risurrezione.<br \/> Crea in noi il silenzio per ascoltare la tua voce nella creazione e  nella Scrittura, negli avvenimenti e nelle persone, soprattutto nei  poveri e sofferenti. La tua Parola ci orienti, affinch\u00e9 anche noi, come i  due discepoli di Emmaus, possiamo sperimentare la forza della tua  risurrezione e testimoniare agli altri che Tu sei vivo in mezzo a noi  come fonte di fraternit\u00e0, di giustizia e di pace. Questo noi chiediamo a  Te, Ges\u00f9, figlio di Maria, che ci hai rivelato il Padre e inviato lo  Spirito. Amen.<\/em><\/p>\n\n\n\n<h4><strong>Al termine della <em>contemplatio<\/em><\/strong><\/h4>\n\n\n\n<p><strong>Salmo 22<\/strong><\/p>\n\n\n\n<p><em>Il Signore \u00e8 il mio pastore: <br \/>non manco di nulla.<br \/>Su pascoli erbosi mi fa riposare,<br \/>ad acque tranquille mi conduce.<br \/>Rinfranca l\u2019anima mia. <br \/><br \/>Mi guida per il giusto cammino<br \/>a motivo del suo nome.<br \/>Anche se vado per una valle oscura,<br \/>non temo alcun male, perch\u00e9 tu sei con me.<br \/>Il tuo bastone e il tuo vincastro<br \/>mi danno sicurezza.<br \/><br \/>Davanti a me tu prepari una mensa<br \/>sotto gli occhi dei miei nemici.<br \/>Ungi di olio il mio capo; <br \/>il mio calice trabocca. <br \/><br \/>S\u00ec, bont\u00e0 e fedelt\u00e0 mi saranno compagne<br \/>tutti i giorni della mia vita,<br \/>abiter\u00f2 ancora nella casa del Signore<br \/>per lunghi giorni. <\/em><\/p>\n\n\n\n<h4>Per la conclusione dell\u2019incontro<\/h4>\n\n\n\n<p><em>Signore  Ges\u00f9, ti ringraziamo per la tua parola che ci ha fatto comprendere  meglio la volont\u00e0 del Padre. Fa che il tuo Spirito illumini le nostre  azioni e ci comunichi la forza per eseguire quello che la Tua Parola ci ha mostrato. Fa che noi, come Maria, tua Madre, possiamo non solo  ascoltare ma anche praticare la Parola, Tu che vivi e regni con il Padre nell\u2019unit\u00e0 dello Spirito Santo per tutti i secoli dei  secoli. Amen.<\/em><\/p>\n","protected":false},"excerpt":{"rendered":"<p>Come tutti i sabati pubblico dei materiali utili per chi vuole fare lectio sul Vangelo della domenica seguente. Questa settimana<\/p>\n","protected":false},"author":1,"featured_media":18026,"comment_status":"open","ping_status":"open","sticky":false,"template":"","format":"standard","meta":{"_mi_skip_tracking":false,"_monsterinsights_sitenote_active":false,"_monsterinsights_sitenote_note":"","_monsterinsights_sitenote_category":0,"jetpack_post_was_ever_published":false,"_jetpack_newsletter_access":"","jetpack_publicize_message":"La lectio della gioiosa domenica, 22 marzo 2020","jetpack_is_tweetstorm":false,"jetpack_publicize_feature_enabled":true,"jetpack_social_post_already_shared":true,"jetpack_social_options":{"image_generator_settings":{"template":"highway","enabled":false}}},"categories":[52,54,17,62,16],"tags":[],"jetpack_publicize_connections":[],"jetpack_featured_media_url":"https:\/\/i0.wp.com\/www.robertosedda.it\/wp-content\/uploads\/2020\/03\/Ceco-nato-Rupnik.jpg?fit=818%2C555","jetpack_sharing_enabled":true,"jetpack_shortlink":"https:\/\/wp.me\/p4jV2T-4GI","jetpack_likes_enabled":true,"jetpack-related-posts":[{"id":17868,"url":"http:\/\/www.robertosedda.it\/?p=17868","url_meta":{"origin":18024,"position":0},"title":"Nuova lectio","author":"Rufus","date":"25\/02\/2020","format":false,"excerpt":"Domenica 1\u00b0 marzo, che \u00e8 anche la prima domenica di Quaresima, il gruppo La Pira rifar\u00e0 la sua lectio abituale. Se volete sapere di che si tratta e scoprire come si pu\u00f2 gestire uno studio biblico in autonomia, senza esperti ed espertoni, potete consultare un articolo di un mesetto fa\u2026","rel":"","context":"In &quot;Coordinate&quot;","block_context":{"text":"Coordinate","link":"http:\/\/www.robertosedda.it\/?cat=52"},"img":{"alt_text":"","src":"https:\/\/i0.wp.com\/www.robertosedda.it\/wp-content\/uploads\/2020\/02\/Rupnik-deserto.jpg?fit=800%2C600&resize=350%2C200","width":350,"height":200,"srcset":"https:\/\/i0.wp.com\/www.robertosedda.it\/wp-content\/uploads\/2020\/02\/Rupnik-deserto.jpg?fit=800%2C600&resize=350%2C200 1x, https:\/\/i0.wp.com\/www.robertosedda.it\/wp-content\/uploads\/2020\/02\/Rupnik-deserto.jpg?fit=800%2C600&resize=700%2C400 2x"},"classes":[]},{"id":18097,"url":"http:\/\/www.robertosedda.it\/?p=18097","url_meta":{"origin":18024,"position":1},"title":"Lectio in albis","author":"Rufus","date":"18\/04\/2020","format":false,"excerpt":"Domani il gruppo La Pira fa la sua lectio periodica. I materiali che utilizzeremo sono quelli che trovate qui sotto, e possono essere utili anche ad altri che vogliono fare una esperienza simile. Il metodo \u00e8 spiegato in questo vecchio articolo; anche quando il gruppo non si riunisce (virtualmente, in\u2026","rel":"","context":"In &quot;Coordinate&quot;","block_context":{"text":"Coordinate","link":"http:\/\/www.robertosedda.it\/?cat=52"},"img":{"alt_text":"","src":"https:\/\/i0.wp.com\/www.robertosedda.it\/wp-content\/uploads\/2020\/04\/Pentecoste-Rupnik.jpg?fit=430%2C540&resize=350%2C200","width":350,"height":200},"classes":[]},{"id":17951,"url":"http:\/\/www.robertosedda.it\/?p=17951","url_meta":{"origin":18024,"position":2},"title":"Lectio al tempo del metro di distanza","author":"Rufus","date":"07\/03\/2020","format":false,"excerpt":"In un periodo in cui la pratica religiosa \u00e8 costretta a strani giri e rigiri dalle pratiche di salvaguardia dal contagio non \u00e8 una cattiva idea dare pi\u00f9 sazio quanto meno alla Parola, mi \u00e8 venuto in testa di pubblicare ogni sabato i materiali per fare lectio (potete consultare un\u2026","rel":"","context":"In &quot;Coordinate&quot;","block_context":{"text":"Coordinate","link":"http:\/\/www.robertosedda.it\/?cat=52"},"img":{"alt_text":"","src":"https:\/\/i0.wp.com\/www.robertosedda.it\/wp-content\/uploads\/2020\/03\/31f116a082e7d1bc1cada96cfa3c2b37.jpg?fit=467%2C600&resize=350%2C200","width":350,"height":200},"classes":[]},{"id":18083,"url":"http:\/\/www.robertosedda.it\/?p=18083","url_meta":{"origin":18024,"position":3},"title":"Lectio di Pasqua","author":"Rufus","date":"11\/04\/2020","format":false,"excerpt":"Trovate qui di seguito, come ogni sabato, i materiali per una lectio sul Vangelo della domenica, da fare da soli o in comunit\u00e0 (telematica, in questo periodo). Come al solito ricordo che lo schema generale della lectio e il modo di farla del gruppo La Pira sono spiegati in questo\u2026","rel":"","context":"In &quot;Coordinate&quot;","block_context":{"text":"Coordinate","link":"http:\/\/www.robertosedda.it\/?cat=52"},"img":{"alt_text":"","src":"https:\/\/i0.wp.com\/www.robertosedda.it\/wp-content\/uploads\/2020\/04\/Rupnik-Pasqua.jpg?fit=822%2C1024&resize=350%2C200","width":350,"height":200,"srcset":"https:\/\/i0.wp.com\/www.robertosedda.it\/wp-content\/uploads\/2020\/04\/Rupnik-Pasqua.jpg?fit=822%2C1024&resize=350%2C200 1x, https:\/\/i0.wp.com\/www.robertosedda.it\/wp-content\/uploads\/2020\/04\/Rupnik-Pasqua.jpg?fit=822%2C1024&resize=700%2C400 2x"},"classes":[]},{"id":18500,"url":"http:\/\/www.robertosedda.it\/?p=18500","url_meta":{"origin":18024,"position":4},"title":"La lectio dell&#8217;incontro del giorno dopo","author":"Rufus","date":"17\/04\/2021","format":false,"excerpt":"Dopo un periodo di interruzione domani il gruppo La Pira fa la sua lectio periodica. Cime sempre pubblico qui i materiali che utilizzeremo per renderne pi\u00f9 facile la consultazione al gruppo e anche perch\u00e9 possono essere utili anche ad altri che vogliono fare una esperienza simile. Il metodo \u00e8 spiegato\u2026","rel":"","context":"In &quot;Coordinate&quot;","block_context":{"text":"Coordinate","link":"http:\/\/www.robertosedda.it\/?cat=52"},"img":{"alt_text":"","src":"https:\/\/i0.wp.com\/www.robertosedda.it\/wp-content\/uploads\/2021\/04\/3039px-1602-3_CaravaggioSupper_at_Emmaus_National_Gallery_London-scaled.jpg?fit=1200%2C853&resize=350%2C200","width":350,"height":200,"srcset":"https:\/\/i0.wp.com\/www.robertosedda.it\/wp-content\/uploads\/2021\/04\/3039px-1602-3_CaravaggioSupper_at_Emmaus_National_Gallery_London-scaled.jpg?fit=1200%2C853&resize=350%2C200 1x, https:\/\/i0.wp.com\/www.robertosedda.it\/wp-content\/uploads\/2021\/04\/3039px-1602-3_CaravaggioSupper_at_Emmaus_National_Gallery_London-scaled.jpg?fit=1200%2C853&resize=700%2C400 2x, https:\/\/i0.wp.com\/www.robertosedda.it\/wp-content\/uploads\/2021\/04\/3039px-1602-3_CaravaggioSupper_at_Emmaus_National_Gallery_London-scaled.jpg?fit=1200%2C853&resize=1050%2C600 3x"},"classes":[]},{"id":17965,"url":"http:\/\/www.robertosedda.it\/?p=17965","url_meta":{"origin":18024,"position":5},"title":"Strumenti per la lectio del 15 marzo","author":"Rufus","date":"15\/03\/2020","format":false,"excerpt":"La settimana scorsa ho scritto che pubblicavo materiali per la lectio al tempo del metro di distanza. Manco a farlo apposta, il giorno dopo siamo passati dal metro di distanza alla quarantena in casa. Nel frattempo vedo che c'\u00e8 tutto un fiorire di iniziative on line, sicuramente molto migliori del\u2026","rel":"","context":"In &quot;Coordinate&quot;","block_context":{"text":"Coordinate","link":"http:\/\/www.robertosedda.it\/?cat=52"},"img":{"alt_text":"","src":"https:\/\/i0.wp.com\/www.robertosedda.it\/wp-content\/uploads\/2018\/11\/Samaritana-Rupnik.jpg?fit=640%2C546&resize=350%2C200","width":350,"height":200},"classes":[]}],"_links":{"self":[{"href":"http:\/\/www.robertosedda.it\/index.php?rest_route=\/wp\/v2\/posts\/18024"}],"collection":[{"href":"http:\/\/www.robertosedda.it\/index.php?rest_route=\/wp\/v2\/posts"}],"about":[{"href":"http:\/\/www.robertosedda.it\/index.php?rest_route=\/wp\/v2\/types\/post"}],"author":[{"embeddable":true,"href":"http:\/\/www.robertosedda.it\/index.php?rest_route=\/wp\/v2\/users\/1"}],"replies":[{"embeddable":true,"href":"http:\/\/www.robertosedda.it\/index.php?rest_route=%2Fwp%2Fv2%2Fcomments&post=18024"}],"version-history":[{"count":2,"href":"http:\/\/www.robertosedda.it\/index.php?rest_route=\/wp\/v2\/posts\/18024\/revisions"}],"predecessor-version":[{"id":18027,"href":"http:\/\/www.robertosedda.it\/index.php?rest_route=\/wp\/v2\/posts\/18024\/revisions\/18027"}],"wp:featuredmedia":[{"embeddable":true,"href":"http:\/\/www.robertosedda.it\/index.php?rest_route=\/wp\/v2\/media\/18026"}],"wp:attachment":[{"href":"http:\/\/www.robertosedda.it\/index.php?rest_route=%2Fwp%2Fv2%2Fmedia&parent=18024"}],"wp:term":[{"taxonomy":"category","embeddable":true,"href":"http:\/\/www.robertosedda.it\/index.php?rest_route=%2Fwp%2Fv2%2Fcategories&post=18024"},{"taxonomy":"post_tag","embeddable":true,"href":"http:\/\/www.robertosedda.it\/index.php?rest_route=%2Fwp%2Fv2%2Ftags&post=18024"}],"curies":[{"name":"wp","href":"https:\/\/api.w.org\/{rel}","templated":true}]}}