{"id":18022,"date":"2020-03-23T17:03:34","date_gmt":"2020-03-23T16:03:34","guid":{"rendered":"http:\/\/www.robertosedda.it\/?p=18022"},"modified":"2020-06-28T12:50:04","modified_gmt":"2020-06-28T10:50:04","slug":"la-lista-contatti","status":"publish","type":"post","link":"http:\/\/www.robertosedda.it\/?p=18022","title":{"rendered":"La lista contatti"},"content":{"rendered":"\n<p>Leggo sulle bacheche di molti conoscenti che questo \u00e8 un periodo nel quale fanno scoperte poco gradite a proposito dei loro contatti. Da quel che capisco, sono scoperte un po&#8217; tipo lupo-mannaro: non ti eri mai accorto che quello o quella aveva il pelo all&#8217;interno e le sopracciglia che si congiungono, come ammoniva <em>In compagnia dei lupi<\/em><\/p>\n\n\n\n<figure class=\"wp-block-embed-youtube alignwide wp-block-embed is-type-video is-provider-youtube wp-embed-aspect-16-9 wp-has-aspect-ratio\"><div class=\"wp-block-embed__wrapper\">\n<span class=\"embed-youtube\" style=\"text-align:center; display: block;\"><iframe loading=\"lazy\" class=\"youtube-player\" width=\"800\" height=\"450\" src=\"https:\/\/www.youtube.com\/embed\/lGnK7I8Z7XI?version=3&#038;rel=1&#038;showsearch=0&#038;showinfo=1&#038;iv_load_policy=1&#038;fs=1&#038;hl=it-IT&#038;autohide=2&#038;wmode=transparent\" allowfullscreen=\"true\" style=\"border:0;\" sandbox=\"allow-scripts allow-same-origin allow-popups allow-presentation\"><\/iframe><\/span>\n<\/div><figcaption>Al minuto 6.25. Sul corollario che comporterebbe che allora tutti i sardi siano lupi mannari il film tace, purtroppo.<\/figcaption><\/figure>\n\n\n\n<p>e improvvisamente, e con tuo raccapriccio, te lo ritrovi che invoca la morte per quelli che vanno a fare la corsetta, o si augura che francesi e tedeschi siano interamente sterminati dal morbo perch\u00e9 cos\u00ec ben gli sta, invoca i carri armati nei parchi perch\u00e9 disperdano i trasgressori, o cose del genere &#8211; oppure, al contrario, gli senti dire<em> pazienza, di qualcosa si deve morire e dopotutto riguarda solo quelli che erano gi\u00e0 malati, o i vecchi<\/em>. E poi, naturalmente, ci sono quelli che improvvisamente si rivelano cospirazionisti.<\/p>\n\n\n\n<p>Sono osservazioni che capisco ma che trovo un po&#8217; fuori della mia esperienza, nel senso che pi\u00f9 o meno i miei contatti reagiscono grosso modo come era prevedibile secondo l&#8217;idea che mi ero fatta di loro.<\/p>\n\n\n\n<p>Ora, non vuol dire che tutti reagiscono <em>bene<\/em>. Molti mostrano opinioni o sensibilit\u00e0 che non mi aspettavo, per\u00f2 questo non vuol dire che io mi trovi a dover cambiare opinione su loro come <em>persone<\/em>, se non un pochino. <\/p>\n\n\n\n<p>Cio\u00e8, non vorrei creare incidenti diplomatici, per\u00f2 fra i miei contatti ci sono alcune poche sicurezze assolute fonte di perenne ispirazione, un sacco di gente normale, con pregi e difetti pi\u00f9 o meno distribuiti e ai quali voglio pi\u00f9 o meno bene a seconda di mille variabili, alcuni che mi lasciano del tutto indifferente, una decina di cretini che tocca compatire, qualche fesso che meriterebbe, francamente, una pedata nel sedere, un paio di tizi che sono evidentemente dei palesi mascalzoni e perfino uno che secondo me finir\u00e0 in galera e infatti mi aspetto, un giorno, di dover spiegare come mai fosse nella mia lista. Di solito non banno nessuno, quindi se qualcuno passa le restrizioni all&#8217;ingresso poi mi rimane nella lista, perfino se mascalzone. <\/p>\n\n\n\n<p>E dunque, insomma, non ho visto grandi capovolgimenti: al massimo qualche fonte di ispirazione si \u00e8 un po&#8217; offuscata, o un cretino per un po&#8217; ha retto botta meglio del solito, per\u00f2 la gente si \u00e8 mossa tutta di un solo gradino della scala, in su o in gi\u00f9 ma senza grandi capovolgimenti e, grosso modo, la stragrande maggioranze \u00e8 rimasta quello che era: normale. <\/p>\n\n\n\n<p>E questo se mi limito a <em>Facebook<\/em>, perch\u00e9 la gente che seguo su <em>Twitter<\/em> e <em>Instagram<\/em> o altrove \u00e8 stata selezionata con altri criteri (che immagino trovereste sorprendenti); per\u00f2 anche l\u00ec tutto sommato nessuna sorpresa, anzi, semmai conferme.<\/p>\n\n\n\n<p>Se racconto tutto questo non \u00e8 per scatenare il panico fra i miei contati (\u00absar\u00f2 io il cretino? o il fesso?\u00bb) quanto per dire che per me questa idea dello svelamento improvviso della presenza di mostri nei propri contatti mi suona un po&#8217; strana.<\/p>\n\n\n\n<p>Forse sono fortunato io nella scelta di chi accettare, non so. O sono dotato di grande intuizione psicologica (nonch\u00e9 di modestia, <em>\u00e7a va sans dire<\/em>).<\/p>\n\n\n\n<p>Casomai, ed \u00e8 questo il motivo per cui scrivo, le persone che conosco si stanno rivelando, a distanza, molto diverse da quanto mi aspettassi sotto un altro aspetto cruciale: la fragilit\u00e0. <\/p>\n\n\n\n<p>Voglio dire: fra milleduecento contatti \u00e8 passa \u00e8 normale sapere che ce ne sono alcuni che soffrono o hanno sofferto di depressione o che sono <em>borderline<\/em>; e molti di pi\u00f9 sono sicuramente gli ansiosi. Ma mentre in questi giorni spio  a distanza le vite degli altri colgo, certe volte debolmente e certe volte esplicitamente, un sacco di persone che segnalano una grande sofferenza psicologica, anche fra coloro che di solito appaiono sereni, solidi, ottimisti e insomma, diciamo, da cui non te lo aspetteresti.<\/p>\n\n\n\n<p>Oh, non \u00e8 che in s\u00e9 sia strano. Voglio dire, cazzo, sono <em>io<\/em> in grande sofferenza psicologica. Per\u00f2 tengo botta, probabilmente perch\u00e9 vivo con una moglie meravigliosa, ho la famiglia del Subcomandante Marcos sul pianerottolo e l&#8217;Inossidabile nel palazzo di fronte e una rete di contatti con i quali al momento siamo riusciti sinora abbastanza agevolmente a mantenere in piedi i contatti.<\/p>\n\n\n\n<p>Un sacco di gente, invece, \u00e8 sola. Un sacco di gente \u00e8, fisicamente, lavorativamente, economicamente, abitativamente molto pi\u00f9 affaticata di me. E comunque, sicurezza economica e relazioni sociali aiutano ma non garantiscono: il disagio e la fragilit\u00e0 psicologica possono sempre farsi strada lo stesso. E io, che ho tutti i vantaggi, spesso sto male anche io, quindi pu\u00f2 capitare a tutti.<\/p>\n\n\n\n<p>E insomma, trovo che spostare il discorso pubblico (per quanto possibile, che non \u00e8 moltissimo, temo) sui <em>social<\/em> dalle opinioni e dai comportamenti delle persone alle loro condizioni aiuterebbe parecchio; non lo troverei un cattivo esercizio di empatia e permetterebbe magari di sviluppare, in questo periodo, sia anticorpi contro un certo tipo di discorsi tossici (il ditino giudicante si agita, sia agita e poi non smette mai) sia costruire attenzione a lungo termine nei confronti delle conseguenze psicologiche sulla popolazione complessiva che ci saranno per forza, insieme con quelle economiche e sociali pi\u00f9 ampie, sia infine (ma qui forse \u00e8 sognare) permetterebbe di cambiare il <em>framing <\/em>del dibattito sulla (possibile?) deriva securitaria nel Pese che soffre, al momento, di una impostazione basata su armamentari del tutto inadeguati.<\/p>\n\n\n\n<p>Ma di quest&#8217;ultima cosa, magari, scrivo domani.<\/p>\n","protected":false},"excerpt":{"rendered":"<p>Leggo sulle bacheche di molti conoscenti che questo \u00e8 un periodo nel quale fanno scoperte poco gradite a proposito dei<\/p>\n","protected":false},"author":1,"featured_media":18030,"comment_status":"open","ping_status":"open","sticky":false,"template":"","format":"standard","meta":{"_mi_skip_tracking":false,"_monsterinsights_sitenote_active":false,"_monsterinsights_sitenote_note":"","_monsterinsights_sitenote_category":0,"jetpack_post_was_ever_published":false,"_jetpack_newsletter_access":"","jetpack_publicize_message":"","jetpack_is_tweetstorm":false,"jetpack_publicize_feature_enabled":true,"jetpack_social_post_already_shared":true,"jetpack_social_options":{"image_generator_settings":{"template":"highway","enabled":false}}},"categories":[52,53,17,195,16],"tags":[],"jetpack_publicize_connections":[],"jetpack_featured_media_url":"https:\/\/i0.wp.com\/www.robertosedda.it\/wp-content\/uploads\/2020\/03\/Facebook-amici.png?fit=892%2C451","jetpack_sharing_enabled":true,"jetpack_shortlink":"https:\/\/wp.me\/p4jV2T-4GG","jetpack_likes_enabled":true,"jetpack-related-posts":[{"id":15358,"url":"http:\/\/www.robertosedda.it\/?p=15358","url_meta":{"origin":18022,"position":0},"title":"Lupi mannari e corruttori","author":"Rufus","date":"14\/06\/2018","format":false,"excerpt":"Una discussione di ieri sulla responsabilit\u00e0 politica (che \u00e8 cosa diversa da quella giudiziaria) a proposito degli arresti nella faccenda del nuovo stadio della Roma mi ha fatto tornare in mente una cosa che volevo dire tempo fa quando si \u00e8 discusso della proposta di Davigo (e altri) di utilizzare\u2026","rel":"","context":"In &quot;Coordinate&quot;","block_context":{"text":"Coordinate","link":"http:\/\/www.robertosedda.it\/?cat=52"},"img":{"alt_text":"","src":"https:\/\/i0.wp.com\/www.robertosedda.it\/wp-content\/uploads\/2018\/06\/Lupo-cattivo-con-cappello-Titti.jpeg?fit=959%2C1200&resize=350%2C200","width":350,"height":200,"srcset":"https:\/\/i0.wp.com\/www.robertosedda.it\/wp-content\/uploads\/2018\/06\/Lupo-cattivo-con-cappello-Titti.jpeg?fit=959%2C1200&resize=350%2C200 1x, https:\/\/i0.wp.com\/www.robertosedda.it\/wp-content\/uploads\/2018\/06\/Lupo-cattivo-con-cappello-Titti.jpeg?fit=959%2C1200&resize=700%2C400 2x"},"classes":[]},{"id":16310,"url":"http:\/\/www.robertosedda.it\/?p=16310","url_meta":{"origin":18022,"position":1},"title":"Expertise specialistiche","author":"Rufus","date":"06\/03\/2019","format":false,"excerpt":"Come vi ho raccontato a proposito dell'abito in velluto, nei giorni scorsi sono stato a Roma per partecipare al convegno Produzione e commercio di armi: le nostre responsabilit\u00e0, un'occasione molto interessante della quale conto di raccontarvi le impressioni quanto prima. Al termine del convegno uno dei relatori, Kiflemariam Gebrewold, che\u2026","rel":"","context":"In &quot;Coordinate&quot;","block_context":{"text":"Coordinate","link":"http:\/\/www.robertosedda.it\/?cat=52"},"img":{"alt_text":"","src":"https:\/\/i0.wp.com\/www.robertosedda.it\/wp-content\/uploads\/2019\/03\/Vampire-hunter-kit-2.jpg?fit=852%2C1080&resize=350%2C200","width":350,"height":200,"srcset":"https:\/\/i0.wp.com\/www.robertosedda.it\/wp-content\/uploads\/2019\/03\/Vampire-hunter-kit-2.jpg?fit=852%2C1080&resize=350%2C200 1x, https:\/\/i0.wp.com\/www.robertosedda.it\/wp-content\/uploads\/2019\/03\/Vampire-hunter-kit-2.jpg?fit=852%2C1080&resize=700%2C400 2x"},"classes":[]},{"id":59,"url":"http:\/\/www.robertosedda.it\/?p=59","url_meta":{"origin":18022,"position":2},"title":"Twilight","author":"Rufus","date":"27\/07\/2012","format":false,"excerpt":"Filmone. Davvero... Contemporaneamente, irritante, preoccupante, mediocre. Eppure, eppure... La cosa che mi ha colpito di pi\u00f9 di Twilight \u00e8 come sia un prodotto perfetto per diventare un cult fra gli adolescenti. Azzardo: come Il Corvo. Ha tutti gli elementi: attori bellocci in grado di fissare uno stile. Tutte le tematiche\u2026","rel":"","context":"In &quot;Film&quot;","block_context":{"text":"Film","link":"http:\/\/www.robertosedda.it\/?cat=14"},"img":{"alt_text":"","src":"https:\/\/i0.wp.com\/www.robertosedda.it\/wp-content\/uploads\/2012\/07\/28.jpg?fit=809%2C1200&resize=350%2C200","width":350,"height":200,"srcset":"https:\/\/i0.wp.com\/www.robertosedda.it\/wp-content\/uploads\/2012\/07\/28.jpg?fit=809%2C1200&resize=350%2C200 1x, https:\/\/i0.wp.com\/www.robertosedda.it\/wp-content\/uploads\/2012\/07\/28.jpg?fit=809%2C1200&resize=700%2C400 2x"},"classes":[]},{"id":4433,"url":"http:\/\/www.robertosedda.it\/?p=4433","url_meta":{"origin":18022,"position":3},"title":"Citt\u00e0 di ossa","author":"Rufus","date":"12\/09\/2013","format":"video","excerpt":"Ho visto Citt\u00e0 di ossa, trasposizione della prima puntata della serie Shadowhunters (e l'ho inflitto a Maria Bonaria, la quale avrebbe preferito tenersene alla larga), per due motivi: perch\u00e9 il libro da cui \u00e8 tratto \u00e8 uno dei maggiori successi del genere urban fantasy o\u00a0paranormal romantic che dir si voglia,\u2026","rel":"","context":"In &quot;Coordinate&quot;","block_context":{"text":"Coordinate","link":"http:\/\/www.robertosedda.it\/?cat=52"},"img":{"alt_text":"","src":"https:\/\/i0.wp.com\/img.youtube.com\/vi\/MkdQBTzZoVE\/0.jpg?resize=350%2C200","width":350,"height":200},"classes":[]},{"id":2465,"url":"http:\/\/www.robertosedda.it\/?p=2465","url_meta":{"origin":18022,"position":4},"title":"Fahrenheit 451 a &#8220;Oggi parliamo di libri&#8221;","author":"Rufus","date":"06\/03\/2013","format":"video","excerpt":"Ho messo in linea la puntata dedicata a Fahrenheit 451 di Ray Bradbury. Non va bene farsi i compimenti da soli, ma trovo che sia stata una puntata equilibrata e priva di errori, e sono abbastanza soddisfatto. Per quelli che non hanno voglia di ascoltare tutta la puntata ribadisco comunque\u2026","rel":"","context":"In &quot;Coordinate&quot;","block_context":{"text":"Coordinate","link":"http:\/\/www.robertosedda.it\/?cat=52"},"img":{"alt_text":"","src":"https:\/\/i0.wp.com\/img.youtube.com\/vi\/-n2ej5KtVJ0\/0.jpg?resize=350%2C200","width":350,"height":200},"classes":[]},{"id":709,"url":"http:\/\/www.robertosedda.it\/?p=709","url_meta":{"origin":18022,"position":5},"title":"Come Dio comanda","author":"Rufus","date":"23\/08\/2012","format":false,"excerpt":"C'\u00e8 una lunga inclusione (almeno un terzo del film) che d\u00e0 il senso a Come Dio comanda. All'inizio, una ragazza scrive su un muro Padre nostro che sei nei cieli... restaci. Al termine, al funerale di quella stessa ragazza, il padre chiede: \u00abDov'era Dio quando \u00e8 morta mia figlia? Perch\u00e9\u2026","rel":"","context":"In &quot;Coordinate&quot;","block_context":{"text":"Coordinate","link":"http:\/\/www.robertosedda.it\/?cat=52"},"img":{"alt_text":"","src":"https:\/\/i0.wp.com\/www.robertosedda.it\/wp-content\/uploads\/2012\/08\/locandina.jpg?fit=420%2C588&resize=350%2C200","width":350,"height":200},"classes":[]}],"_links":{"self":[{"href":"http:\/\/www.robertosedda.it\/index.php?rest_route=\/wp\/v2\/posts\/18022"}],"collection":[{"href":"http:\/\/www.robertosedda.it\/index.php?rest_route=\/wp\/v2\/posts"}],"about":[{"href":"http:\/\/www.robertosedda.it\/index.php?rest_route=\/wp\/v2\/types\/post"}],"author":[{"embeddable":true,"href":"http:\/\/www.robertosedda.it\/index.php?rest_route=\/wp\/v2\/users\/1"}],"replies":[{"embeddable":true,"href":"http:\/\/www.robertosedda.it\/index.php?rest_route=%2Fwp%2Fv2%2Fcomments&post=18022"}],"version-history":[{"count":5,"href":"http:\/\/www.robertosedda.it\/index.php?rest_route=\/wp\/v2\/posts\/18022\/revisions"}],"predecessor-version":[{"id":18032,"href":"http:\/\/www.robertosedda.it\/index.php?rest_route=\/wp\/v2\/posts\/18022\/revisions\/18032"}],"wp:featuredmedia":[{"embeddable":true,"href":"http:\/\/www.robertosedda.it\/index.php?rest_route=\/wp\/v2\/media\/18030"}],"wp:attachment":[{"href":"http:\/\/www.robertosedda.it\/index.php?rest_route=%2Fwp%2Fv2%2Fmedia&parent=18022"}],"wp:term":[{"taxonomy":"category","embeddable":true,"href":"http:\/\/www.robertosedda.it\/index.php?rest_route=%2Fwp%2Fv2%2Fcategories&post=18022"},{"taxonomy":"post_tag","embeddable":true,"href":"http:\/\/www.robertosedda.it\/index.php?rest_route=%2Fwp%2Fv2%2Ftags&post=18022"}],"curies":[{"name":"wp","href":"https:\/\/api.w.org\/{rel}","templated":true}]}}