{"id":17969,"date":"2020-03-16T18:55:50","date_gmt":"2020-03-16T17:55:50","guid":{"rendered":"http:\/\/www.robertosedda.it\/?p=17969"},"modified":"2020-06-27T18:46:16","modified_gmt":"2020-06-27T16:46:16","slug":"cosa-scrivere-questo-e-il-problema","status":"publish","type":"post","link":"http:\/\/www.robertosedda.it\/?p=17969","title":{"rendered":"Cosa scrivere, questo \u00e8 il problema"},"content":{"rendered":"\n<figure class=\"wp-block-image alignwide size-full\"><img data-attachment-id=\"12945\" data-permalink=\"http:\/\/www.robertosedda.it\/?attachment_id=12945\" data-orig-file=\"https:\/\/i0.wp.com\/www.robertosedda.it\/wp-content\/uploads\/2016\/12\/Rufus-Facebook.jpg?fit=856%2C357\" data-orig-size=\"856,357\" data-comments-opened=\"1\" data-image-meta=\"{&quot;aperture&quot;:&quot;0&quot;,&quot;credit&quot;:&quot;Roberto Sedda&quot;,&quot;camera&quot;:&quot;&quot;,&quot;caption&quot;:&quot;&quot;,&quot;created_timestamp&quot;:&quot;1481623832&quot;,&quot;copyright&quot;:&quot;&quot;,&quot;focal_length&quot;:&quot;0&quot;,&quot;iso&quot;:&quot;0&quot;,&quot;shutter_speed&quot;:&quot;0&quot;,&quot;title&quot;:&quot;&quot;,&quot;orientation&quot;:&quot;0&quot;}\" data-image-title=\"Rufus Facebook\" data-image-description=\"\" data-image-caption=\"\" data-medium-file=\"https:\/\/i0.wp.com\/www.robertosedda.it\/wp-content\/uploads\/2016\/12\/Rufus-Facebook.jpg?fit=300%2C125\" data-large-file=\"https:\/\/i0.wp.com\/www.robertosedda.it\/wp-content\/uploads\/2016\/12\/Rufus-Facebook.jpg?fit=510%2C213\" decoding=\"async\" loading=\"lazy\" width=\"800\" height=\"334\" src=\"https:\/\/i0.wp.com\/www.robertosedda.it\/wp-content\/uploads\/2016\/12\/Rufus-Facebook.jpg?resize=800%2C334\" alt=\"\" class=\"wp-image-12945\" srcset=\"https:\/\/i0.wp.com\/www.robertosedda.it\/wp-content\/uploads\/2016\/12\/Rufus-Facebook.jpg?w=856 856w, https:\/\/i0.wp.com\/www.robertosedda.it\/wp-content\/uploads\/2016\/12\/Rufus-Facebook.jpg?resize=150%2C63 150w, https:\/\/i0.wp.com\/www.robertosedda.it\/wp-content\/uploads\/2016\/12\/Rufus-Facebook.jpg?resize=300%2C125 300w, https:\/\/i0.wp.com\/www.robertosedda.it\/wp-content\/uploads\/2016\/12\/Rufus-Facebook.jpg?resize=510%2C213 510w, https:\/\/i0.wp.com\/www.robertosedda.it\/wp-content\/uploads\/2016\/12\/Rufus-Facebook.jpg?resize=700%2C292 700w\" sizes=\"(max-width: 800px) 100vw, 800px\" data-recalc-dims=\"1\" \/><\/figure>\n\n\n\n<p>Quando ho iniziato a scrivere questo <em>blog<\/em>, mi sono dato alcune regole, la pi\u00f9 importante delle quali era che <a href=\"http:\/\/www.robertosedda.it\/?page_id=6\">avrei scritto principalmente per me<\/a>. La regola ha una serie di corollari di cui <a href=\"http:\/\/www.robertosedda.it\/?p=11178\">ho gi\u00e0 parlato<\/a> intorno all&#8217;epoca dell&#8217;attentato a <em>Charlie Hebdo<\/em>: fondamentalmente che se non mi sembra di avere qualcosa da significativo da dire, non scrivo.<\/p>\n\n\n\n<blockquote class=\"wp-block-quote\"><p>\u00c8 un po\u2019 la stessa cosa che mi sono chiesto oggi, pensando alla strage di Parigi. Ne parlo? Non ne parlo?<br \/>In realt\u00e0 ormai sono allenato. Sono in fondo decisioni gi\u00e0 prese da tempo, che si potrebbero riassumere cos\u00ec:&nbsp;<em>se ho qualcosa da dire, la dico. Altrimenti no<\/em>. \u201cQualcosa da dire\u201d andrebbe interpretato con l\u2019aggiunta anche di una serie di specificazioni: qualcosa&nbsp;<em>di diverso<\/em>. E qualcosa che io per primo pensi che valga la pena di leggere (e anche di scrivere).<br \/>Se no, preferisco tacere.<br \/>Un po\u2019, lo ammetto, \u00e8 snobismo. Mi fanno orrore quelli&nbsp;che si accodano ai polveroni mediatici, e non mi ci voglio confondere.<br \/>Un po\u2019 \u00e8 prudenza: quando parte la cavalcata dei media \u00e8 facile fare il gioco di altri. Io ho dato i soldi all\u2019<em>Operazione Arcobaleno<\/em>, tanti anni fa, e preferisco evitare di ripetere.<br \/>Un po\u2019, come oggi, \u00e8 rispetto: che se fossi io, l\u00ec&nbsp;a piangere i miei  cari, mi farebbe davvero piacere leggere tutta \u2018sta gente che sproloquia  del mio dolore?<br \/>Un po\u2019, come la scorsa settimana per le esercitazioni, \u00e8 percezione  dell\u2019inutilit\u00e0: tutto \u00e8 gi\u00e0 stato detto, tutto \u00e8 molto chiaro.  Pretendere di andare l\u00e0 con la parola che mondi possa aprire, che  squadri da ogni lato, \u00e8 presunzione.<br \/>Un po\u2019 \u00e8 che non mi arrabbio abbastanza: quando sono seccato, infatti, sul <em>blog<\/em> le cose le tiro fuori, come avrebbe detto Guccini:&nbsp;<em>se son di umore nero allora scrivo<\/em>. [&#8230;]<br \/>Un po\u2019, soprattutto, \u00e8 che sono cresciuto cos\u00ec. Nel <a href=\"http:\/\/www.robertosedda.it\/?p=5307\">diario di quand\u2019ero adolescente<\/a>&nbsp;avevo riportato una frase di Violeta Parra: <em>Io non prendo la chitarra per ottenere un applauso; io canto della differenza fra il certo e il falso, altrimenti, non canto<\/em>.  E appartengo a una generazione di cattolici che si \u00e8 spesso negata il  piacere (e forse il dovere) di scendere in piazza o entrare nel  dibattito pubblico pur di testimoniare che lavorare per la Parola \u00e8 pi\u00f9  importante che affidarsi alle parole.<br \/>\u00c8 giusto? \u00c8 sbagliato?<br \/>Onestamente non lo so. Quel che ho deciso \u00e8 questo, pi\u00f9 o meno. <\/p><\/blockquote>\n\n\n\n<p>Sinora avevo sempre rispettato queste regole con un certo orgoglio, o forse autocompiacimento.<\/p>\n\n\n\n<p>La settimana scorsa, prima settimana di quarantena, invece ha prevalso lo spaesamento. Avevo <em>voglia<\/em> di scrivere, ma non mi veniva quasi niente, anche se per altri aspetti \u00e8 stata una settimana intensa, di videoconferenze, videochiamate, telefonate, riflessioni. E di cose pratiche innumerevoli da fare, organizzazioni di casa, organizzazioni di lavoro.<\/p>\n\n\n\n<p>E ansie e paure, ovviamente.<\/p>\n\n\n\n<p>Una certa paralisi, insomma. Tutti i motivi per i quali spesso decido di non scrivere una certa cosa agivano di concerto, spietatamente, per bloccarmi. Parlare di un film: non sar\u00e0 troppo svagato? Commentare l&#8217;attualit\u00e0? Pu\u00f2 fare pi\u00f9 male che bene. Parlare di dinamiche di comunicazione della scienza? Poco opportuno, poco rispettoso. Fare cronache buffe della vita familiare da reclusi? Troppo <em>blas\u00e9<\/em> e poi, insomma, ho poca voglia di ridere. Elencare libri interessanti sulle epidemie che sto leggendo? Macabro. Elencare risorse utili (film in libera circolazione, musei aperti virtualmente)? Ci sono gi\u00e0 elenchi dappertutto. Organizzare <em>webinar<\/em>? Ce ne sono migliaia, probabilmente di gente pi\u00f9 brava di me. <\/p>\n\n\n\n<p>Un po&#8217; poi ho capito cos&#8217;\u00e8, a dir la verit\u00e0.<\/p>\n\n\n\n<p>\u00c8 ansia. Cio\u00e8, tutte le verifiche che faccio abitualmente prima di scrivere qualcosa hanno senso, continuano ad avere senso.<\/p>\n\n\n\n<p>In resto \u00e8 ansia.<\/p>\n\n\n\n<p>Ho passato la domenica a pensarci, e alla fine ho deciso che, in fondo, non cambia niente. Se ho voglia di scrivere scrivo. Ho anche visto che ho un elenco lungo un chilometro di cose messe da parte per segnalarle, di articoli da tradurre, eccetera, quindi da domani si riprende.<\/p>\n\n\n\n<p>Cio\u00e8, avevo deciso di riprendere da oggi, poi ho passato la mattina a smanettare sui sistemi per lavorare da remoto (senza capirci granch\u00e9, oltretutto) e di sera a fare altre cose, e quindi anche oggi \u00e8 passato. Ma da domani si riprende, ecco.<\/p>\n","protected":false},"excerpt":{"rendered":"<p>Quando ho iniziato a scrivere questo blog, mi sono dato alcune regole, la pi\u00f9 importante delle quali era che avrei<\/p>\n","protected":false},"author":1,"featured_media":12945,"comment_status":"open","ping_status":"open","sticky":false,"template":"","format":"standard","meta":{"_mi_skip_tracking":false,"_monsterinsights_sitenote_active":false,"_monsterinsights_sitenote_note":"","_monsterinsights_sitenote_category":0,"jetpack_post_was_ever_published":false,"_jetpack_newsletter_access":"","jetpack_publicize_message":"","jetpack_is_tweetstorm":false,"jetpack_publicize_feature_enabled":true,"jetpack_social_post_already_shared":true,"jetpack_social_options":{"image_generator_settings":{"template":"highway","enabled":false}}},"categories":[52,86,53,17,16],"tags":[],"jetpack_publicize_connections":[],"jetpack_featured_media_url":"https:\/\/i0.wp.com\/www.robertosedda.it\/wp-content\/uploads\/2016\/12\/Rufus-Facebook.jpg?fit=856%2C357","jetpack_sharing_enabled":true,"jetpack_shortlink":"https:\/\/wp.me\/p4jV2T-4FP","jetpack_likes_enabled":true,"jetpack-related-posts":[{"id":11178,"url":"http:\/\/www.robertosedda.it\/?p=11178","url_meta":{"origin":17969,"position":0},"title":"Ma come mai&#8230;","author":"Rufus","date":"16\/11\/2015","format":false,"excerpt":"Mi dice l'altra sera a cena mia sorella: \u00abMa come mai sul\u00a0blog di queste esercitazioni NATO e di tutto il resto non hai parlato? Eppure sono argomenti che ti interessano...\u00bb e un po' il tono suggeriva, anche, che magari sono pure\u00a0un pochino pi\u00f9 importanti di\u00a0altre cose alle quali invece ho\u2026","rel":"","context":"In &quot;Coordinate&quot;","block_context":{"text":"Coordinate","link":"http:\/\/www.robertosedda.it\/?cat=52"},"img":{"alt_text":"","src":"https:\/\/i0.wp.com\/www.robertosedda.it\/wp-content\/uploads\/2014\/02\/Roberto-Sedda.jpg?fit=477%2C720&resize=350%2C200","width":350,"height":200},"classes":[]},{"id":11415,"url":"http:\/\/www.robertosedda.it\/?p=11415","url_meta":{"origin":17969,"position":1},"title":"Troppo da perdere","author":"Rufus","date":"19\/01\/2016","format":false,"excerpt":"Riflettevo in questi giorni ai tempi beati in cui non avevo il carico di nessuno. Lo dico dal punto di vista associativo o politico, naturalmente, anche se la cosa si applica anche all'ambito familiare: \u00e8 quella situazione\u00a0per la quale prima di fare una cosa ti senti costretto a considerare le\u2026","rel":"","context":"In &quot;Coordinate&quot;","block_context":{"text":"Coordinate","link":"http:\/\/www.robertosedda.it\/?cat=52"},"img":{"alt_text":"","src":"https:\/\/i0.wp.com\/www.robertosedda.it\/wp-content\/uploads\/2013\/10\/Rufus-clown.jpg?fit=604%2C415&resize=350%2C200","width":350,"height":200},"classes":[]},{"id":1551,"url":"http:\/\/www.robertosedda.it\/?p=1551","url_meta":{"origin":17969,"position":2},"title":"Radio Days","author":"Rufus","date":"04\/12\/2012","format":false,"excerpt":"Su gentile invito di don Giulio Madeddu e sotto l'ala protettiva e amichevole di Andrea Pala, dal 6 dicembre conduco (la parola, lo ammetto, mi fa impressione) una trasmissione radio, in cui parlo di libri fantasy e fantascientifici (per una prima serie di una dozzina di puntate:\u00a0in futuro parler\u00f2 anche\u2026","rel":"","context":"In &quot;Coordinate&quot;","block_context":{"text":"Coordinate","link":"http:\/\/www.robertosedda.it\/?cat=52"},"img":{"alt_text":"","src":"https:\/\/i0.wp.com\/www.robertosedda.it\/wp-content\/uploads\/2012\/12\/197882_4997567705416_1682811050_n.jpg?fit=750%2C865&resize=350%2C200","width":350,"height":200,"srcset":"https:\/\/i0.wp.com\/www.robertosedda.it\/wp-content\/uploads\/2012\/12\/197882_4997567705416_1682811050_n.jpg?fit=750%2C865&resize=350%2C200 1x, https:\/\/i0.wp.com\/www.robertosedda.it\/wp-content\/uploads\/2012\/12\/197882_4997567705416_1682811050_n.jpg?fit=750%2C865&resize=700%2C400 2x"},"classes":[]},{"id":13853,"url":"http:\/\/www.robertosedda.it\/?p=13853","url_meta":{"origin":17969,"position":3},"title":"Scollegamenti","author":"Rufus","date":"16\/06\/2017","format":false,"excerpt":"Di solito cerco di scrivere qualcosa sul blog tutti i giorni, escluso il week-end, ma in questi ultimi mesi mi capita di non mantenere affatto questo ritmo: per restare a questa settimana, luned\u00ec e marted\u00ec non ho scritto niente e nemmeno ieri. Ora, non \u00e8 che tenga il blog per\u2026","rel":"","context":"In &quot;Coordinate&quot;","block_context":{"text":"Coordinate","link":"http:\/\/www.robertosedda.it\/?cat=52"},"img":{"alt_text":"","src":"https:\/\/i0.wp.com\/www.robertosedda.it\/wp-content\/uploads\/2017\/06\/Schermata-del-2017-06-16-16-07-30.png?fit=1161%2C462&resize=350%2C200","width":350,"height":200,"srcset":"https:\/\/i0.wp.com\/www.robertosedda.it\/wp-content\/uploads\/2017\/06\/Schermata-del-2017-06-16-16-07-30.png?fit=1161%2C462&resize=350%2C200 1x, https:\/\/i0.wp.com\/www.robertosedda.it\/wp-content\/uploads\/2017\/06\/Schermata-del-2017-06-16-16-07-30.png?fit=1161%2C462&resize=700%2C400 2x, https:\/\/i0.wp.com\/www.robertosedda.it\/wp-content\/uploads\/2017\/06\/Schermata-del-2017-06-16-16-07-30.png?fit=1161%2C462&resize=1050%2C600 3x"},"classes":[]},{"id":8792,"url":"http:\/\/www.robertosedda.it\/?p=8792","url_meta":{"origin":17969,"position":4},"title":"Storie d&#8217;amore cercansi","author":"Rufus","date":"04\/11\/2014","format":false,"excerpt":"Credo sappiate che quest'anno per\u00a0Oggi parliamo di libri\u00a0tratto libri che raccontano di grandi storie d'amore, cercando di rimanere per quanto possibile nel campo che mi \u00e8 pi\u00f9 congeniale della letteratura di genere. Sinora ho dedicato una puntata\u00a0nell'ordine a\u00a0Orgoglio e pregiudizio,\u00a0Dracula,\u00a0Romeo e Giulietta,\u00a0Il Corsaro Nero,\u00a0L'ultimo dei Mohicani,\u00a0Davide Copperfield, Grandi speranze,\u00a0L'amore ai\u2026","rel":"","context":"In &quot;Coordinate&quot;","block_context":{"text":"Coordinate","link":"http:\/\/www.robertosedda.it\/?cat=52"},"img":{"alt_text":"","src":"https:\/\/i0.wp.com\/www.robertosedda.it\/wp-content\/uploads\/2013\/12\/Peeta-Katniss.jpg?fit=500%2C500&resize=350%2C200","width":350,"height":200},"classes":[]},{"id":73,"url":"http:\/\/www.robertosedda.it\/?p=73","url_meta":{"origin":17969,"position":5},"title":"Per NON parlare di Lipperini-Manni","author":"Rufus","date":"27\/07\/2012","format":false,"excerpt":"Se non sapete niente della storia Lipperini-Manni, cercate su Google o guardate qui oppure qui per delle introduzioni che reputo mediamente equilibrate. Se ne \u00e8 parlato anche su Anobii su qualche gruppo dedicato al fantasy; siccome il tema mi stimolava ma non volevo entrare nel pro\/contro, ho aperto una discussione\u2026","rel":"","context":"In &quot;Coordinate&quot;","block_context":{"text":"Coordinate","link":"http:\/\/www.robertosedda.it\/?cat=52"},"img":{"alt_text":"","src":"","width":0,"height":0},"classes":[]}],"_links":{"self":[{"href":"http:\/\/www.robertosedda.it\/index.php?rest_route=\/wp\/v2\/posts\/17969"}],"collection":[{"href":"http:\/\/www.robertosedda.it\/index.php?rest_route=\/wp\/v2\/posts"}],"about":[{"href":"http:\/\/www.robertosedda.it\/index.php?rest_route=\/wp\/v2\/types\/post"}],"author":[{"embeddable":true,"href":"http:\/\/www.robertosedda.it\/index.php?rest_route=\/wp\/v2\/users\/1"}],"replies":[{"embeddable":true,"href":"http:\/\/www.robertosedda.it\/index.php?rest_route=%2Fwp%2Fv2%2Fcomments&post=17969"}],"version-history":[{"count":5,"href":"http:\/\/www.robertosedda.it\/index.php?rest_route=\/wp\/v2\/posts\/17969\/revisions"}],"predecessor-version":[{"id":18128,"href":"http:\/\/www.robertosedda.it\/index.php?rest_route=\/wp\/v2\/posts\/17969\/revisions\/18128"}],"wp:featuredmedia":[{"embeddable":true,"href":"http:\/\/www.robertosedda.it\/index.php?rest_route=\/wp\/v2\/media\/12945"}],"wp:attachment":[{"href":"http:\/\/www.robertosedda.it\/index.php?rest_route=%2Fwp%2Fv2%2Fmedia&parent=17969"}],"wp:term":[{"taxonomy":"category","embeddable":true,"href":"http:\/\/www.robertosedda.it\/index.php?rest_route=%2Fwp%2Fv2%2Fcategories&post=17969"},{"taxonomy":"post_tag","embeddable":true,"href":"http:\/\/www.robertosedda.it\/index.php?rest_route=%2Fwp%2Fv2%2Ftags&post=17969"}],"curies":[{"name":"wp","href":"https:\/\/api.w.org\/{rel}","templated":true}]}}