{"id":17959,"date":"2020-03-10T18:24:02","date_gmt":"2020-03-10T17:24:02","guid":{"rendered":"http:\/\/www.robertosedda.it\/?p=17959"},"modified":"2022-03-11T16:53:25","modified_gmt":"2022-03-11T15:53:25","slug":"hashtag-sentiamoci","status":"publish","type":"post","link":"http:\/\/www.robertosedda.it\/?p=17959","title":{"rendered":"Hashtag #sentiamoci"},"content":{"rendered":"\n<figure class=\"wp-block-image alignwide size-full\"><img data-attachment-id=\"17960\" data-permalink=\"http:\/\/www.robertosedda.it\/?attachment_id=17960\" data-orig-file=\"https:\/\/i0.wp.com\/www.robertosedda.it\/wp-content\/uploads\/2020\/03\/Hangout.png?fit=811%2C675\" data-orig-size=\"811,675\" data-comments-opened=\"1\" data-image-meta=\"{&quot;aperture&quot;:&quot;0&quot;,&quot;credit&quot;:&quot;&quot;,&quot;camera&quot;:&quot;&quot;,&quot;caption&quot;:&quot;&quot;,&quot;created_timestamp&quot;:&quot;0&quot;,&quot;copyright&quot;:&quot;&quot;,&quot;focal_length&quot;:&quot;0&quot;,&quot;iso&quot;:&quot;0&quot;,&quot;shutter_speed&quot;:&quot;0&quot;,&quot;title&quot;:&quot;&quot;,&quot;orientation&quot;:&quot;0&quot;}\" data-image-title=\"Hangout\" data-image-description=\"\" data-image-caption=\"\" data-medium-file=\"https:\/\/i0.wp.com\/www.robertosedda.it\/wp-content\/uploads\/2020\/03\/Hangout.png?fit=300%2C250\" data-large-file=\"https:\/\/i0.wp.com\/www.robertosedda.it\/wp-content\/uploads\/2020\/03\/Hangout.png?fit=510%2C424\" decoding=\"async\" loading=\"lazy\" width=\"800\" height=\"666\" src=\"https:\/\/i0.wp.com\/www.robertosedda.it\/wp-content\/uploads\/2020\/03\/Hangout.png?resize=800%2C666\" alt=\"\" class=\"wp-image-17960\" srcset=\"https:\/\/i0.wp.com\/www.robertosedda.it\/wp-content\/uploads\/2020\/03\/Hangout.png?w=811 811w, https:\/\/i0.wp.com\/www.robertosedda.it\/wp-content\/uploads\/2020\/03\/Hangout.png?resize=300%2C250 300w, https:\/\/i0.wp.com\/www.robertosedda.it\/wp-content\/uploads\/2020\/03\/Hangout.png?resize=510%2C424 510w, https:\/\/i0.wp.com\/www.robertosedda.it\/wp-content\/uploads\/2020\/03\/Hangout.png?resize=150%2C125 150w\" sizes=\"(max-width: 800px) 100vw, 800px\" data-recalc-dims=\"1\" \/><\/figure>\n\n\n\n<p>Stamattina, nella lista <em>WhatsApp<\/em> condivisa dai componenti del gruppo <em>La Pira<\/em> e dai loro amici, un&#8217;amica dal cuore grande ha lanciato il suggerimento: <em>sentiamoci<\/em>. <\/p>\n\n\n\n<p>Siamo tutta gente che \u00e8 abituata a vivere di riunioni, di incontri, conferenze, convegni, seminari, celebrazioni comunitarie, e improvvisamente questa dimensione della nostra vita viene meno, proprio nel momento in cui, come tutti, abbiamo paura, soffriamo l&#8217;incertezza o non sappiamo come meglio proteggere i nostri cari.<\/p>\n\n\n\n<p>Ciascuno di noi ha mandato un messaggino vocale: non potendo incontrarci, l&#8217;idea era quella di potere almeno sentire le voci degli amici come rimedio alla loro mancanza fisica.<\/p>\n\n\n\n<p>Perfino io, che <em>odio<\/em> quando mi mandano i messaggi vocali, sono stato felice.<\/p>\n\n\n\n<p>Molto felice.<\/p>\n\n\n\n<p>Stasera, non potendo fare altro, abbiamo deciso di fare Compieta insieme su <em>Hangout. <\/em>Non \u00e8 che questo voglia dire mantenere un&#8217;abitudine: in pi\u00f9 di dieci anni di esistenza, probabilmente non \u00e8 mai capitato di dire Compieta in gruppo. \u00c8 un fatto specifico: in altri momenti eccezionali avremmo avuto l&#8217;impulso di pregare assieme fisicamente (e in un&#8217;altra ora, magari coi Vespri), qui ci riuniamo nello spazio digitale. E non \u00e8 solo un modo di mantenere fede a una identit\u00e0 religiosa, come i sacerdoti che vedo iniziano a condividere i <em>link<\/em> delle loro celebrazioni eucaristiche in diretta; casomai \u00e8 un modo di confortarsi e farsi un po&#8217; di coccole a vicenda, di sentirsi vicini, espresso in un modo che, per la nostra identit\u00e0 religiosa, ci \u00e8 congeniale.<\/p>\n\n\n\n<p>Domani il gruppo di coordinamento dei soci locali di Banca Etica fa riunione, sempre su <em>Hangout<\/em>. Un&#8217;altra riunione, del Centro Italia, l&#8217;abbiamo fatta ieri. Uno di noi era in quarantena perch\u00e9 positivo. Non lo sapevamo, ci siamo un po&#8217; stretti attorno, si sentiva nel clima della riunione.<\/p>\n\n\n\n<p>Riflettevo, dopo i messaggi di stamattina, che il distanziamento, in realt\u00e0, \u00e8 meglio che non sia <em>sociale<\/em>, ma solo fisico. <\/p>\n\n\n\n<p>Sono abbastanza avvertito, ovviamente, che creare distanza fisica fra le persone, soprattutto se prima si frequentavano e erano parenti o amici stretti, non pu\u00f2 che avere conseguenze anche sul piano sociale. \u00c8 ovvio.<\/p>\n\n\n\n<p>Per\u00f2 c&#8217;\u00e8 modo e modo, nel senso che mantenere un fascio di relazioni variegato e emotivamente <em>caldo<\/em> non \u00e8 come passare un mese di seguito su un divano con un libro come sembrano suggerire certi. E fra i contatti per iscritto e sentire la voce viva delle persone ovviamente c&#8217;\u00e8 un mondo di differenza, anche se si tratta solo di un messaggio registrato.<\/p>\n\n\n\n<p>E penso anche che, nel prossimo paio di mesi che ci aspettano (lo so, sono pessimista) la tenuta psicologica dipender\u00e0 molto dal <em>sentirsi<\/em>, dal potersi sentire. E anche dal poteri dare strutture di relazionalit\u00e0 sfruttando gli strumenti digitali.<\/p>\n\n\n\n<p>Non \u00e8 qui il punto di riprendere il dibattito &#8211; spesso sterile &#8211; di reale contro digitale, di qualit\u00e0 dell&#8217;insegnamento a distanza contro relazione diretta, di relazionalit\u00e0 diretta o mediata da strumenti e cos\u00ec via. Il punto, casomai, \u00e8 evitare di sprofondare dal livello dell&#8217;eccezionalit\u00e0 a quello dell&#8217;abbandono e dell&#8217;impotenza. Anche ammettendo che la relazione personale diretta, con pieno coinvolgimento fisico, sia <em>necessariamente <\/em>migliore (il che non \u00e8 sempre facilmente dimostrabile) qui non stiamo parlando di questo: stiamo scegliendo se <em>non<\/em> avere relazioni o se arricchire le possibilit\u00e0 limitate dall&#8217;isolamento fisico grazie alla tecnologia, e io sul punto non ho dubbi.<\/p>\n","protected":false},"excerpt":{"rendered":"<p>Stamattina, nella lista WhatsApp condivisa dai componenti del gruppo La Pira e dai loro amici, un&#8217;amica dal cuore grande ha<\/p>\n","protected":false},"author":1,"featured_media":17960,"comment_status":"open","ping_status":"open","sticky":false,"template":"","format":"standard","meta":{"_mi_skip_tracking":false,"_monsterinsights_sitenote_active":false,"_monsterinsights_sitenote_note":"","_monsterinsights_sitenote_category":0,"jetpack_post_was_ever_published":false,"_jetpack_newsletter_access":"","jetpack_publicize_message":"","jetpack_is_tweetstorm":false,"jetpack_publicize_feature_enabled":true,"jetpack_social_post_already_shared":true,"jetpack_social_options":{"image_generator_settings":{"template":"highway","enabled":false}}},"categories":[97,52,57,17,16],"tags":[],"jetpack_publicize_connections":[],"jetpack_featured_media_url":"https:\/\/i0.wp.com\/www.robertosedda.it\/wp-content\/uploads\/2020\/03\/Hangout.png?fit=811%2C675","jetpack_sharing_enabled":true,"jetpack_shortlink":"https:\/\/wp.me\/p4jV2T-4FF","jetpack_likes_enabled":true,"jetpack-related-posts":[{"id":12559,"url":"http:\/\/www.robertosedda.it\/?p=12559","url_meta":{"origin":17959,"position":0},"title":"Ormai ci siamo","author":"Rufus","date":"21\/09\/2016","format":false,"excerpt":"Phew!! Era da un po' che non lavoravo cos\u00ec, per\u00f2 ormai ci siamo: dopodomani c'\u00e8 finalmente la festa di inaugurazione della sede di Banca Etica. Il programma \u00e8 bellissimo e man mano sono anche arrivate delle perle, come una strepitosa riscrittura di La paranza di Silvestri a opera di Paolo\u2026","rel":"","context":"In &quot;Banche e finanza&quot;","block_context":{"text":"Banche e finanza","link":"http:\/\/www.robertosedda.it\/?cat=72"},"img":{"alt_text":"","src":"https:\/\/i0.wp.com\/www.robertosedda.it\/wp-content\/uploads\/2016\/09\/Locandina-normale.jpg?fit=673%2C955&resize=350%2C200","width":350,"height":200},"classes":[]},{"id":12048,"url":"http:\/\/www.robertosedda.it\/?p=12048","url_meta":{"origin":17959,"position":1},"title":"Triste e solitario","author":"Rufus","date":"06\/06\/2016","format":false,"excerpt":"\u00abScusi, due biglietti per Viterbo\u00bb. \u00ab...\u00bb \u00abMi dice anche il binario, per favore?\u00bb \u00abTriste e solitario\u00bb \u00ab?!\u00bb \u00abEr binario pe' Viterbo. 'na tragedia. Che c'\u00e8 dda fa' a Viterbo? Nulla\u00bb \u00abEeeh... uhm... io c'avrei degli amici, li andiamo a trovare\u00bb \u00abEbbuon per lei. Ma nun \u00e8 la regola. Compra anche\u2026","rel":"","context":"In &quot;Coordinate&quot;","block_context":{"text":"Coordinate","link":"http:\/\/www.robertosedda.it\/?cat=52"},"img":{"alt_text":"","src":"https:\/\/i0.wp.com\/www.robertosedda.it\/wp-content\/uploads\/2016\/06\/Viterbo-Porta-Romana.jpg?fit=1200%2C900&resize=350%2C200","width":350,"height":200,"srcset":"https:\/\/i0.wp.com\/www.robertosedda.it\/wp-content\/uploads\/2016\/06\/Viterbo-Porta-Romana.jpg?fit=1200%2C900&resize=350%2C200 1x, https:\/\/i0.wp.com\/www.robertosedda.it\/wp-content\/uploads\/2016\/06\/Viterbo-Porta-Romana.jpg?fit=1200%2C900&resize=700%2C400 2x, https:\/\/i0.wp.com\/www.robertosedda.it\/wp-content\/uploads\/2016\/06\/Viterbo-Porta-Romana.jpg?fit=1200%2C900&resize=1050%2C600 3x"},"classes":[]},{"id":13308,"url":"http:\/\/www.robertosedda.it\/?p=13308","url_meta":{"origin":17959,"position":2},"title":"Petizione per l&#8217;uso pi\u00f9 ampio del termine faccendiere","author":"Rufus","date":"23\/02\/2017","format":false,"excerpt":"Sento spesso parlare\u00a0di uno che viene definito\u00a0blogger. Ieri\u00a0mi viene la curiosit\u00e0 di leggere qualcosa di suo. Ultimo articolo: 2015. Frequenza di scrittura, in precedenza: due, forse tre articoli al mese. Boh. Sento parlare di uno che \u00e8 esperto di\u00a0startup, un CEO di qualcosa, penso. Ha fondato una societ\u00e0 che \u00e8\u2026","rel":"","context":"In &quot;Coordinate&quot;","block_context":{"text":"Coordinate","link":"http:\/\/www.robertosedda.it\/?cat=52"},"img":{"alt_text":"","src":"https:\/\/i0.wp.com\/www.robertosedda.it\/wp-content\/uploads\/2017\/02\/Startup.jpg?fit=500%2C322&resize=350%2C200","width":350,"height":200},"classes":[]},{"id":973,"url":"http:\/\/www.robertosedda.it\/?p=973","url_meta":{"origin":17959,"position":3},"title":"Anche a Milano si pu\u00f2 conoscere il mondo","author":"Rufus","date":"06\/10\/2012","format":false,"excerpt":"Ok, arrivo a Milano e vado all'elegante bar della stazione centrale (elegante sul serio, eh, non sono ironico). A fianco a me due ragazzi sui venticinque, uno con crocchia e tatuaggi, l'altro col pizzetto, genere intellettuale ma non nerd. Dopo un po' capisco che sono dei giovani\u00a0film makers in erba.\u2026","rel":"","context":"In &quot;Coordinate&quot;","block_context":{"text":"Coordinate","link":"http:\/\/www.robertosedda.it\/?cat=52"},"img":{"alt_text":"","src":"","width":0,"height":0},"classes":[]},{"id":8717,"url":"http:\/\/www.robertosedda.it\/?p=8717","url_meta":{"origin":17959,"position":4},"title":"Quel che succede quando ti capita di sposarti","author":"Rufus","date":"20\/10\/2014","format":false,"excerpt":"Oggi \u00e8 il nostro anniversario di matrimonio (sono tredici anni, di gi\u00e0). E cos\u00ec l'altro giorno mi sono tornate in mente, all'improvviso, un po' di cose capitate all'epoca del matrimonio. Ci avevo perfino elaborato sopra una teoria, ai tempi, detta degli sposi come fornitori di servizi. Mi sembra l'occasione buona\u2026","rel":"","context":"In &quot;Coordinate&quot;","block_context":{"text":"Coordinate","link":"http:\/\/www.robertosedda.it\/?cat=52"},"img":{"alt_text":"","src":"https:\/\/i0.wp.com\/www.robertosedda.it\/wp-content\/uploads\/2014\/10\/Matrimonio001.jpg?fit=373%2C568&resize=350%2C200","width":350,"height":200},"classes":[]},{"id":15409,"url":"http:\/\/www.robertosedda.it\/?p=15409","url_meta":{"origin":17959,"position":5},"title":"Parlare di videogame","author":"Rufus","date":"27\/06\/2018","format":false,"excerpt":"Mi sono sempre dimenticato di raccontare che uscir\u00e0 credo a settembre un\u00a0dossier che ho curato assieme ai\u00a0Fabbricastorie sui videogame, per Mosaico di pace. Naturalmente quando uscir\u00e0 il\u00a0dossier vi avviser\u00f2 (cos\u00ec magari vi abbonate alla rivista o la comprate) ma visto che oggi mi sono ricordato volevo condividere con voi alcune\u2026","rel":"","context":"In &quot;Coordinate&quot;","block_context":{"text":"Coordinate","link":"http:\/\/www.robertosedda.it\/?cat=52"},"img":{"alt_text":"","src":"https:\/\/i0.wp.com\/www.robertosedda.it\/wp-content\/uploads\/2016\/07\/This-war-of-mine.jpg?fit=617%2C347&resize=350%2C200","width":350,"height":200},"classes":[]}],"_links":{"self":[{"href":"http:\/\/www.robertosedda.it\/index.php?rest_route=\/wp\/v2\/posts\/17959"}],"collection":[{"href":"http:\/\/www.robertosedda.it\/index.php?rest_route=\/wp\/v2\/posts"}],"about":[{"href":"http:\/\/www.robertosedda.it\/index.php?rest_route=\/wp\/v2\/types\/post"}],"author":[{"embeddable":true,"href":"http:\/\/www.robertosedda.it\/index.php?rest_route=\/wp\/v2\/users\/1"}],"replies":[{"embeddable":true,"href":"http:\/\/www.robertosedda.it\/index.php?rest_route=%2Fwp%2Fv2%2Fcomments&post=17959"}],"version-history":[{"count":2,"href":"http:\/\/www.robertosedda.it\/index.php?rest_route=\/wp\/v2\/posts\/17959\/revisions"}],"predecessor-version":[{"id":17963,"href":"http:\/\/www.robertosedda.it\/index.php?rest_route=\/wp\/v2\/posts\/17959\/revisions\/17963"}],"wp:featuredmedia":[{"embeddable":true,"href":"http:\/\/www.robertosedda.it\/index.php?rest_route=\/wp\/v2\/media\/17960"}],"wp:attachment":[{"href":"http:\/\/www.robertosedda.it\/index.php?rest_route=%2Fwp%2Fv2%2Fmedia&parent=17959"}],"wp:term":[{"taxonomy":"category","embeddable":true,"href":"http:\/\/www.robertosedda.it\/index.php?rest_route=%2Fwp%2Fv2%2Fcategories&post=17959"},{"taxonomy":"post_tag","embeddable":true,"href":"http:\/\/www.robertosedda.it\/index.php?rest_route=%2Fwp%2Fv2%2Ftags&post=17959"}],"curies":[{"name":"wp","href":"https:\/\/api.w.org\/{rel}","templated":true}]}}