{"id":17951,"date":"2020-03-07T18:25:54","date_gmt":"2020-03-07T17:25:54","guid":{"rendered":"http:\/\/www.robertosedda.it\/?p=17951"},"modified":"2023-03-08T12:25:17","modified_gmt":"2023-03-08T11:25:17","slug":"lectio-al-tempo-del-metro-di-distanza","status":"publish","type":"post","link":"http:\/\/www.robertosedda.it\/?p=17951","title":{"rendered":"Lectio al tempo del metro di distanza"},"content":{"rendered":"\n<p>In un periodo in cui la pratica religiosa \u00e8 costretta a strani giri e rigiri dalle pratiche di salvaguardia dal contagio non \u00e8 una cattiva idea dare pi\u00f9 sazio quanto meno alla Parola, mi \u00e8 venuto in testa di pubblicare ogni sabato i materiali per fare <em>lectio<\/em> (potete  consultare un <a href=\"http:\/\/www.robertosedda.it\/?p=17748\">articolo<\/a> di un mesetto e mezzo fa che spiega tutto): di solito li pubblico per quelli del gruppo La Pira quando ci <em>riuniamo<\/em>, ma possono essere utili anche quando si deve stare da soli, o fra pochi, e il proprio gruppo parrocchiale magari non si riunisce. Trovate qui sotto una raccolta di materiali per l&#8217;8 marzo 2020; se volete maggiori informazioni su come organizzarli e gestirli, andate al <em>link<\/em> che trovate sopra e l\u00ec troverete un sacco di riferimenti ulteriori.<\/p>\n\n\n\n<figure class=\"wp-block-image alignwide size-full\"><img data-attachment-id=\"17957\" data-permalink=\"http:\/\/www.robertosedda.it\/?attachment_id=17957\" data-orig-file=\"https:\/\/i0.wp.com\/www.robertosedda.it\/wp-content\/uploads\/2020\/03\/31f116a082e7d1bc1cada96cfa3c2b37.jpg?fit=467%2C600\" data-orig-size=\"467,600\" data-comments-opened=\"1\" data-image-meta=\"{&quot;aperture&quot;:&quot;0&quot;,&quot;credit&quot;:&quot;&quot;,&quot;camera&quot;:&quot;&quot;,&quot;caption&quot;:&quot;&quot;,&quot;created_timestamp&quot;:&quot;0&quot;,&quot;copyright&quot;:&quot;&quot;,&quot;focal_length&quot;:&quot;0&quot;,&quot;iso&quot;:&quot;0&quot;,&quot;shutter_speed&quot;:&quot;0&quot;,&quot;title&quot;:&quot;&quot;,&quot;orientation&quot;:&quot;0&quot;}\" data-image-title=\"31f116a082e7d1bc1cada96cfa3c2b37\" data-image-description=\"\" data-image-caption=\"\" data-medium-file=\"https:\/\/i0.wp.com\/www.robertosedda.it\/wp-content\/uploads\/2020\/03\/31f116a082e7d1bc1cada96cfa3c2b37.jpg?fit=234%2C300\" data-large-file=\"https:\/\/i0.wp.com\/www.robertosedda.it\/wp-content\/uploads\/2020\/03\/31f116a082e7d1bc1cada96cfa3c2b37.jpg?fit=467%2C600\" decoding=\"async\" loading=\"lazy\" width=\"467\" height=\"600\" src=\"https:\/\/i0.wp.com\/www.robertosedda.it\/wp-content\/uploads\/2020\/03\/31f116a082e7d1bc1cada96cfa3c2b37.jpg?resize=467%2C600\" alt=\"\" class=\"wp-image-17957\" srcset=\"https:\/\/i0.wp.com\/www.robertosedda.it\/wp-content\/uploads\/2020\/03\/31f116a082e7d1bc1cada96cfa3c2b37.jpg?w=467 467w, https:\/\/i0.wp.com\/www.robertosedda.it\/wp-content\/uploads\/2020\/03\/31f116a082e7d1bc1cada96cfa3c2b37.jpg?resize=234%2C300 234w, https:\/\/i0.wp.com\/www.robertosedda.it\/wp-content\/uploads\/2020\/03\/31f116a082e7d1bc1cada96cfa3c2b37.jpg?resize=117%2C150 117w\" sizes=\"(max-width: 467px) 100vw, 467px\" data-recalc-dims=\"1\" \/><\/figure>\n\n\n\n<h2>Materiali per la <em>lectio<\/em> della II domenica di Quaresima, anno A<\/h2>\n\n\n\n<h3>Il brano<\/h3>\n\n\n\n<p>Prima di tutto, il Vangelo di riferimento (Mt 17,1-9)<\/p>\n\n\n\n<p><em>In quel tempo, Ges\u00f9 prese con s\u00e9 Pietro, Giacomo e  Giovanni suo fratello e li condusse in disparte, su un alto monte. E fu  trasfigurato davanti a loro: il suo volto brill\u00f2 come il sole e le sue  vesti divennero candide come la luce. Ed ecco apparvero loro Mos\u00e8 ed  Elia, che conversavano con lui. <br \/> Prendendo la parola, Pietro disse a Ges\u00f9: \u00abSignore, \u00e8 bello per noi  essere qui! Se vuoi, far\u00f2 qui tre capanne, una per te, una per Mos\u00e8 e  una per Elia\u00bb. Egli stava ancora parlando, quando una nube luminosa li  copr\u00ec con la sua ombra. Ed ecco una voce dalla nube che diceva: \u00abQuesti \u00e8  il Figlio mio, l\u2019amato: in lui ho posto il mio compiacimento.  Ascoltatelo\u00bb. <br \/> All\u2019udire ci\u00f2, i discepoli caddero con la faccia a terra e furono presi  da grande timore. Ma Ges\u00f9 si avvicin\u00f2, li tocc\u00f2 e disse: \u00abAlzatevi e non  temete\u00bb. Alzando gli occhi non videro nessuno, se non Ges\u00f9 solo.<br \/> Mentre scendevano dal monte, Ges\u00f9 ordin\u00f2 loro: \u00abNon parlate a nessuno di  questa visione, prima che il Figlio dell\u2019uomo non sia risorto dai  morti\u00bb. <\/em><\/p>\n\n\n\n<h3>Commenti utilizzabili<\/h3>\n\n\n\n<ul><li>Un <a href=\"https:\/\/ocarm.org\/it\/content\/lectio\/lectio-2%C2%AA-domenica-di-quaresima-0\">piacevole ed esaustivo commento<\/a> dal sito dei Carmelitani, come al solito con materiali aggiuntivi anche per gli altri momenti della <em>lectio<\/em>;<\/li><li>un interessante <a href=\"https:\/\/www.monasterodibose.it\/preghiera\/vangelo\/13694-il-monte-della-comunione\">commento<\/a> di media lunghezza a cura di Luciano Manicardi, Priore della Comunit\u00e0 di Bose;<\/li><li>sempre da Bose, <a href=\"https:\/\/www.monasterodibose.it\/preghiera\/vangelo\/11274-gesu-trasfigurato\">un commento<\/a> di Enzo Bianchi;<\/li><li>il solito <a href=\"http:\/\/www.abbaziadipulsano.org\/wp-content\/uploads\/2017\/07\/Lectio-II-Dom.-Quaresima-A-2017.doc\">esaustivo e ampio commento dell\u2019intera liturgia della Parola<\/a> sul sito dell\u2019Abbazia di Pulsano;<\/li><li>un <a href=\"http:\/\/www.abbaziaborzone.it\/wp-content\/uploads\/2020\/02\/Questi-%C3%A8-il-mio-Figlio-ascoltatelo-Mt-171-9.pdf\">commento versetto per versetto<\/a> sul sito dell&#8217;Abbazia di Borzone;<\/li><li>un altro <a href=\"https:\/\/meditarelaparola.blogspot.com\/2020\/03\/lectio-ii-domenica-di-quaresima-anno-a.html\">commento versetto per versetto<\/a> sul sito <em>Meditare la Parola<\/em>.<\/li><\/ul>\n\n\n\n<h3>Altri materiali utili<\/h3>\n\n\n\n<p>L\u2019intero testo della liturgia della Parola si trova sul sito de <em><a href=\"http:\/\/www.lachiesa.it\/calendario\/Detailed\/20200308.shtml\">LaChiesa.it<\/a>.<\/em><\/p>\n\n\n\n<h4>Per iniziare<\/h4>\n\n\n\n<p><strong>Antifona d\u2019ingresso<\/strong><\/p>\n\n\n\n<p><em>Di te dice il mio cuore: \u201cCercate il suo volto\u201d.  <br \/>Il tuo volto io cerco, o Signore.  <br \/>Non nascondermi il tuo volto.<\/em><\/p>\n\n\n\n<p><em>oppure<\/em><\/p>\n\n\n\n<p><em>Ricorda, Signore, il tuo amore e la tua bont\u00e0,  <br \/>le tue misericordie che sono da sempre.  <br \/>Non trionfino su di noi i nostri nemici;  <br \/>libera il tuo popolo,  <br \/>Signore, da tutte le sue angosce.<\/em><\/p>\n\n\n\n<p><strong>Colletta<\/strong><\/p>\n\n\n\n<p> <em>O Padre, che ci chiami ad ascoltare il tuo amato Figlio,  <br \/> nutri la nostra fede con la tua parola  <br \/> e purifica gli occhi del nostro spirito,  <br \/> perch\u00e9 possiamo godere la visione della tua gloria. <\/em><\/p>\n\n\n\n<p><em>oppure<\/em><\/p>\n\n\n\n<p><strong>Invocazione allo Spirito della Comunit\u00e0 di Bose<\/strong><\/p>\n\n\n\n<p><em>Signore, noi ti ringraziamo<br \/>perch\u00e9 ci hai riuniti alla tua presenza<br \/>per farci ascoltare la tua Parola<br \/>in essa tu ci riveli il tuo amore<br \/>e ci fai conoscere la tua volont\u00e0.<\/em><\/p>\n\n\n\n<p><em>Fa tacere in noi ogni altra voce<br \/>che non sia la tua,<br \/>e perch\u00e9 non troviamo condanna<br \/>nella tua Parola<br \/>letta ma non accolta,<br \/>meditata ma non amata,<br \/>pregata ma non custodita,<br \/>contemplata ma non realizzata,<br \/>manda il tuo Spirito Santo<br \/>ad aprire le nostre menti<br \/>e a guarire i nostri cuori.<\/em><\/p>\n\n\n\n<p><em>Solo cos\u00ec il nostro incontro<br \/>con la tua Parola<br \/>sar\u00e0 rinnovamento dell\u2019alleanza,<br \/>comunione con te e il Figlio<br \/>e lo Spirito santo,<br \/>Dio benedetto nei secoli dei secoli.<br \/>Amen. <\/em><\/p>\n\n\n\n<h4><strong>Per la <em>contemplatio<\/em><\/strong><\/h4>\n\n\n\n<p><strong>Salmo 27<\/strong><\/p>\n\n\n\n<p><em>Il tuo volto io cerco Signore, mostrami il tuo volto<\/em><\/p>\n\n\n\n<p>Il Signore regna, esulti la terra,<br \/>gioiscano le isole tutte.<br \/>Nubi e tenebre lo avvolgono,<br \/>giustizia e diritto sono la base del suo trono.<\/p>\n\n\n\n<p><em>Il tuo volto io cerco Signore, mostrami il tuo volto<\/em><\/p>\n\n\n\n<p>I monti fondono come cera davanti al Signore,<br \/>davanti al Signore di tutta la terra.<br \/>I cieli annunziano la sua giustizia<br \/>e tutti i popoli contemplano la sua gloria.<br \/>Tu sei, Signore, l\u2019Altissimo su tutta la terra,<br \/>tu sei eccelso sopra tutti gli dei.<\/p>\n\n\n\n<p><em>Il tuo volto io cerco Signore, mostrami il tuo volto<\/em><\/p>\n\n\n\n<h4>Per la conclusione dell\u2019incontro<\/h4>\n\n\n\n<p>Godiamo l\u2019un l\u2019altro, Amato,<br \/>in tua belt\u00e0 a contemplarci andiamo,<br \/>sul monte e la collina,<br \/>dove acqua pura sgorga;<br \/>dove \u00e8 pi\u00f9 folto dentro penetriamo.<br \/>(Giovanni della Croce,&nbsp;<em>Cantico Spirituale,<\/em>&nbsp;35)<\/p>\n","protected":false},"excerpt":{"rendered":"<p>In un periodo in cui la pratica religiosa \u00e8 costretta a strani giri e rigiri dalle pratiche di salvaguardia dal<\/p>\n","protected":false},"author":1,"featured_media":17957,"comment_status":"open","ping_status":"open","sticky":false,"template":"","format":"standard","meta":{"_mi_skip_tracking":false,"_monsterinsights_sitenote_active":false,"_monsterinsights_sitenote_note":"","_monsterinsights_sitenote_category":0,"jetpack_post_was_ever_published":false,"_jetpack_newsletter_access":"","jetpack_publicize_message":"","jetpack_is_tweetstorm":false,"jetpack_publicize_feature_enabled":true,"jetpack_social_post_already_shared":true,"jetpack_social_options":{"image_generator_settings":{"template":"highway","enabled":false}}},"categories":[52,54,17,62,16],"tags":[],"jetpack_publicize_connections":[],"jetpack_featured_media_url":"https:\/\/i0.wp.com\/www.robertosedda.it\/wp-content\/uploads\/2020\/03\/31f116a082e7d1bc1cada96cfa3c2b37.jpg?fit=467%2C600","jetpack_sharing_enabled":true,"jetpack_shortlink":"https:\/\/wp.me\/p4jV2T-4Fx","jetpack_likes_enabled":true,"jetpack-related-posts":[{"id":18083,"url":"http:\/\/www.robertosedda.it\/?p=18083","url_meta":{"origin":17951,"position":0},"title":"Lectio di Pasqua","author":"Rufus","date":"11\/04\/2020","format":false,"excerpt":"Trovate qui di seguito, come ogni sabato, i materiali per una lectio sul Vangelo della domenica, da fare da soli o in comunit\u00e0 (telematica, in questo periodo). Come al solito ricordo che lo schema generale della lectio e il modo di farla del gruppo La Pira sono spiegati in questo\u2026","rel":"","context":"In &quot;Coordinate&quot;","block_context":{"text":"Coordinate","link":"http:\/\/www.robertosedda.it\/?cat=52"},"img":{"alt_text":"","src":"https:\/\/i0.wp.com\/www.robertosedda.it\/wp-content\/uploads\/2020\/04\/Rupnik-Pasqua.jpg?fit=822%2C1024&resize=350%2C200","width":350,"height":200,"srcset":"https:\/\/i0.wp.com\/www.robertosedda.it\/wp-content\/uploads\/2020\/04\/Rupnik-Pasqua.jpg?fit=822%2C1024&resize=350%2C200 1x, https:\/\/i0.wp.com\/www.robertosedda.it\/wp-content\/uploads\/2020\/04\/Rupnik-Pasqua.jpg?fit=822%2C1024&resize=700%2C400 2x"},"classes":[]},{"id":18097,"url":"http:\/\/www.robertosedda.it\/?p=18097","url_meta":{"origin":17951,"position":1},"title":"Lectio in albis","author":"Rufus","date":"18\/04\/2020","format":false,"excerpt":"Domani il gruppo La Pira fa la sua lectio periodica. I materiali che utilizzeremo sono quelli che trovate qui sotto, e possono essere utili anche ad altri che vogliono fare una esperienza simile. Il metodo \u00e8 spiegato in questo vecchio articolo; anche quando il gruppo non si riunisce (virtualmente, in\u2026","rel":"","context":"In &quot;Coordinate&quot;","block_context":{"text":"Coordinate","link":"http:\/\/www.robertosedda.it\/?cat=52"},"img":{"alt_text":"","src":"https:\/\/i0.wp.com\/www.robertosedda.it\/wp-content\/uploads\/2020\/04\/Pentecoste-Rupnik.jpg?fit=430%2C540&resize=350%2C200","width":350,"height":200},"classes":[]},{"id":18500,"url":"http:\/\/www.robertosedda.it\/?p=18500","url_meta":{"origin":17951,"position":2},"title":"La lectio dell&#8217;incontro del giorno dopo","author":"Rufus","date":"17\/04\/2021","format":false,"excerpt":"Dopo un periodo di interruzione domani il gruppo La Pira fa la sua lectio periodica. Cime sempre pubblico qui i materiali che utilizzeremo per renderne pi\u00f9 facile la consultazione al gruppo e anche perch\u00e9 possono essere utili anche ad altri che vogliono fare una esperienza simile. Il metodo \u00e8 spiegato\u2026","rel":"","context":"In &quot;Coordinate&quot;","block_context":{"text":"Coordinate","link":"http:\/\/www.robertosedda.it\/?cat=52"},"img":{"alt_text":"","src":"https:\/\/i0.wp.com\/www.robertosedda.it\/wp-content\/uploads\/2021\/04\/3039px-1602-3_CaravaggioSupper_at_Emmaus_National_Gallery_London-scaled.jpg?fit=1200%2C853&resize=350%2C200","width":350,"height":200,"srcset":"https:\/\/i0.wp.com\/www.robertosedda.it\/wp-content\/uploads\/2021\/04\/3039px-1602-3_CaravaggioSupper_at_Emmaus_National_Gallery_London-scaled.jpg?fit=1200%2C853&resize=350%2C200 1x, https:\/\/i0.wp.com\/www.robertosedda.it\/wp-content\/uploads\/2021\/04\/3039px-1602-3_CaravaggioSupper_at_Emmaus_National_Gallery_London-scaled.jpg?fit=1200%2C853&resize=700%2C400 2x, https:\/\/i0.wp.com\/www.robertosedda.it\/wp-content\/uploads\/2021\/04\/3039px-1602-3_CaravaggioSupper_at_Emmaus_National_Gallery_London-scaled.jpg?fit=1200%2C853&resize=1050%2C600 3x"},"classes":[]},{"id":17748,"url":"http:\/\/www.robertosedda.it\/?p=17748","url_meta":{"origin":17951,"position":3},"title":"Come fare una lectio divina autogestita","author":"Rufus","date":"23\/01\/2020","format":false,"excerpt":"La lectio divina \u00e8 una antica pratica della tradizione monastica di studio e meditazione della Bibbia, venuta in auge nelle comunit\u00e0 parrocchiali e nelle associazioni laicali negli anni del post-Concilio. In Italia la sua divulgazione \u00e8 legata in particolar modo al lavoro del Cardinal Martini, anche se la sua diffusione\u2026","rel":"","context":"In &quot;Coordinate&quot;","block_context":{"text":"Coordinate","link":"http:\/\/www.robertosedda.it\/?cat=52"},"img":{"alt_text":"","src":"https:\/\/i0.wp.com\/www.robertosedda.it\/wp-content\/uploads\/2020\/01\/lectio.jpg?fit=810%2C538&resize=350%2C200","width":350,"height":200,"srcset":"https:\/\/i0.wp.com\/www.robertosedda.it\/wp-content\/uploads\/2020\/01\/lectio.jpg?fit=810%2C538&resize=350%2C200 1x, https:\/\/i0.wp.com\/www.robertosedda.it\/wp-content\/uploads\/2020\/01\/lectio.jpg?fit=810%2C538&resize=700%2C400 2x"},"classes":[]},{"id":18066,"url":"http:\/\/www.robertosedda.it\/?p=18066","url_meta":{"origin":17951,"position":4},"title":"La lectio della inaudita Domenica delle Palme","author":"Rufus","date":"04\/04\/2020","format":false,"excerpt":"Non so bene che impressione mi far\u00e0, domani, partecipare da casa ai riti mutili della Domenica delle Palme a causa dell'emergenza. Una domenica abbastanza inaudita, certamente per quelli della mia generazione ma probabilmente anche per quelli che hanno vissuto altri cataclismi come quello della guerra. Ad ogni modo, continuo con\u2026","rel":"","context":"In &quot;Coordinate&quot;","block_context":{"text":"Coordinate","link":"http:\/\/www.robertosedda.it\/?cat=52"},"img":{"alt_text":"","src":"https:\/\/i0.wp.com\/www.robertosedda.it\/wp-content\/uploads\/2020\/04\/Rupnik-pantocrator.jpg?fit=400%2C292&resize=350%2C200","width":350,"height":200},"classes":[]},{"id":18590,"url":"http:\/\/www.robertosedda.it\/?p=18590","url_meta":{"origin":17951,"position":5},"title":"La lectio che abbiamo gi\u00e0 fatto","author":"Rufus","date":"30\/04\/2021","format":false,"excerpt":"A quanto pare il gruppo La Pira ci ha preso gusto e domenica, alle 18,00, facciamo di nuovo lectio, in questo caso sul brano della vite e dei tralci che si trova al Vangelo di Giovanni al capitolo 15, versetti 1-8. Si tratta di un brano su cui abbiamo gi\u00e0\u2026","rel":"","context":"In &quot;Coordinate&quot;","block_context":{"text":"Coordinate","link":"http:\/\/www.robertosedda.it\/?cat=52"},"img":{"alt_text":"","src":"https:\/\/i0.wp.com\/www.robertosedda.it\/wp-content\/uploads\/2021\/04\/Peter_Paul_Rubens_-_Last_Supper_-_WGA20255-scaled.jpg?fit=989%2C1200&resize=350%2C200","width":350,"height":200,"srcset":"https:\/\/i0.wp.com\/www.robertosedda.it\/wp-content\/uploads\/2021\/04\/Peter_Paul_Rubens_-_Last_Supper_-_WGA20255-scaled.jpg?fit=989%2C1200&resize=350%2C200 1x, https:\/\/i0.wp.com\/www.robertosedda.it\/wp-content\/uploads\/2021\/04\/Peter_Paul_Rubens_-_Last_Supper_-_WGA20255-scaled.jpg?fit=989%2C1200&resize=700%2C400 2x"},"classes":[]}],"_links":{"self":[{"href":"http:\/\/www.robertosedda.it\/index.php?rest_route=\/wp\/v2\/posts\/17951"}],"collection":[{"href":"http:\/\/www.robertosedda.it\/index.php?rest_route=\/wp\/v2\/posts"}],"about":[{"href":"http:\/\/www.robertosedda.it\/index.php?rest_route=\/wp\/v2\/types\/post"}],"author":[{"embeddable":true,"href":"http:\/\/www.robertosedda.it\/index.php?rest_route=\/wp\/v2\/users\/1"}],"replies":[{"embeddable":true,"href":"http:\/\/www.robertosedda.it\/index.php?rest_route=%2Fwp%2Fv2%2Fcomments&post=17951"}],"version-history":[{"count":7,"href":"http:\/\/www.robertosedda.it\/index.php?rest_route=\/wp\/v2\/posts\/17951\/revisions"}],"predecessor-version":[{"id":18068,"href":"http:\/\/www.robertosedda.it\/index.php?rest_route=\/wp\/v2\/posts\/17951\/revisions\/18068"}],"wp:featuredmedia":[{"embeddable":true,"href":"http:\/\/www.robertosedda.it\/index.php?rest_route=\/wp\/v2\/media\/17957"}],"wp:attachment":[{"href":"http:\/\/www.robertosedda.it\/index.php?rest_route=%2Fwp%2Fv2%2Fmedia&parent=17951"}],"wp:term":[{"taxonomy":"category","embeddable":true,"href":"http:\/\/www.robertosedda.it\/index.php?rest_route=%2Fwp%2Fv2%2Fcategories&post=17951"},{"taxonomy":"post_tag","embeddable":true,"href":"http:\/\/www.robertosedda.it\/index.php?rest_route=%2Fwp%2Fv2%2Ftags&post=17951"}],"curies":[{"name":"wp","href":"https:\/\/api.w.org\/{rel}","templated":true}]}}