{"id":17868,"date":"2020-02-25T14:12:19","date_gmt":"2020-02-25T13:12:19","guid":{"rendered":"http:\/\/www.robertosedda.it\/?p=17868"},"modified":"2020-03-07T18:27:24","modified_gmt":"2020-03-07T17:27:24","slug":"nuova-lectio","status":"publish","type":"post","link":"http:\/\/www.robertosedda.it\/?p=17868","title":{"rendered":"Nuova lectio"},"content":{"rendered":"\n<p>Domenica 1\u00b0 marzo, che \u00e8 anche la prima domenica di Quaresima, il gruppo <em>La Pira <\/em>rifar\u00e0 la sua <em>lectio<\/em> abituale.<\/p>\n\n\n\n<p>Se volete sapere di che si tratta e scoprire come si pu\u00f2 gestire uno studio biblico in autonomia, senza esperti ed espertoni, potete consultare un <a href=\"http:\/\/www.robertosedda.it\/?p=17748\">articolo<\/a> di un mesetto fa che spiega tutto. Qui sotto trovate invece i vari materiali che possono essere utili (visto che tanto li dovevo mettere a disposizione dei miei compagni e compagne lapirini, uso il <em>blog <\/em>in modo che possa consultarli chiunque). <\/p>\n\n\n\n<figure class=\"wp-block-image alignwide size-full\"><img data-attachment-id=\"17873\" data-permalink=\"http:\/\/www.robertosedda.it\/?attachment_id=17873\" data-orig-file=\"https:\/\/i0.wp.com\/www.robertosedda.it\/wp-content\/uploads\/2020\/02\/Rupnik-deserto.jpg?fit=800%2C600\" data-orig-size=\"800,600\" data-comments-opened=\"1\" data-image-meta=\"{&quot;aperture&quot;:&quot;0&quot;,&quot;credit&quot;:&quot;&quot;,&quot;camera&quot;:&quot;&quot;,&quot;caption&quot;:&quot;&quot;,&quot;created_timestamp&quot;:&quot;0&quot;,&quot;copyright&quot;:&quot;&quot;,&quot;focal_length&quot;:&quot;0&quot;,&quot;iso&quot;:&quot;0&quot;,&quot;shutter_speed&quot;:&quot;0&quot;,&quot;title&quot;:&quot;&quot;,&quot;orientation&quot;:&quot;0&quot;}\" data-image-title=\"Rupnik-deserto\" data-image-description=\"\" data-image-caption=\"\" data-medium-file=\"https:\/\/i0.wp.com\/www.robertosedda.it\/wp-content\/uploads\/2020\/02\/Rupnik-deserto.jpg?fit=300%2C225\" data-large-file=\"https:\/\/i0.wp.com\/www.robertosedda.it\/wp-content\/uploads\/2020\/02\/Rupnik-deserto.jpg?fit=510%2C383\" decoding=\"async\" loading=\"lazy\" width=\"800\" height=\"600\" src=\"https:\/\/i0.wp.com\/www.robertosedda.it\/wp-content\/uploads\/2020\/02\/Rupnik-deserto.jpg?resize=800%2C600\" alt=\"\" class=\"wp-image-17873\" srcset=\"https:\/\/i0.wp.com\/www.robertosedda.it\/wp-content\/uploads\/2020\/02\/Rupnik-deserto.jpg?w=800 800w, https:\/\/i0.wp.com\/www.robertosedda.it\/wp-content\/uploads\/2020\/02\/Rupnik-deserto.jpg?resize=300%2C225 300w, https:\/\/i0.wp.com\/www.robertosedda.it\/wp-content\/uploads\/2020\/02\/Rupnik-deserto.jpg?resize=510%2C383 510w, https:\/\/i0.wp.com\/www.robertosedda.it\/wp-content\/uploads\/2020\/02\/Rupnik-deserto.jpg?resize=150%2C113 150w\" sizes=\"(max-width: 800px) 100vw, 800px\" data-recalc-dims=\"1\" \/><\/figure>\n\n\n\n<h2>Materiali per la <em>lectio<\/em> della I domenica di Quaresima, anno A<\/h2>\n\n\n\n<h3>Il brano<\/h3>\n\n\n\n<p>Prima di tutto, il Vangelo di riferimento (Mt 4,1-11)<\/p>\n\n\n\n<p><em>In quel tempo, Ges\u00f9 fu condotto dallo Spirito nel deserto, per essere tentato dal diavolo. Dopo aver digiunato quaranta giorni e quaranta notti, alla fine ebbe fame. Il tentatore gli si avvicin\u00f2 e gli disse: \u00abSe tu sei Figlio di Dio, di\u2019 che queste pietre diventino pane\u00bb. Ma egli rispose: \u00abSta scritto: \u201cNon di solo pane vivr\u00e0 l\u2019uomo, ma di ogni parola che esce dalla bocca di Dio\u201d\u00bb.<br \/>Allora il diavolo lo port\u00f2 nella citt\u00e0 santa, lo pose sul punto pi\u00f9 alto del tempio e gli disse: \u00abSe tu sei Figlio di Dio, g\u00e8ttati gi\u00f9; sta scritto infatti: \u201cAi suoi angeli dar\u00e0 ordini a tuo riguardo ed essi ti porteranno sulle loro mani perch\u00e9 il tuo piede non inciampi in una pietra\u201d\u00bb. Ges\u00f9 gli rispose: \u00abSta scritto anche: \u201cNon metterai alla prova il Signore Dio tuo\u201d\u00bb.<br \/>Di nuovo il diavolo lo port\u00f2 sopra un monte altissimo e gli mostr\u00f2 tutti i regni del mondo e la loro gloria e gli disse: \u00abTutte queste cose io ti dar\u00f2 se, gettandoti ai miei piedi, mi adorerai\u00bb. Allora Ges\u00f9 gli rispose: \u00abV\u00e0ttene, satana! Sta scritto infatti: \u201cIl Signore, Dio tuo, adorerai: a lui solo renderai culto\u201d\u00bb.<br \/>Allora il diavolo lo lasci\u00f2, ed ecco degli angeli gli si avvicinarono e lo servivano. <\/em><\/p>\n\n\n\n<h3>Commenti utilizzabili<\/h3>\n\n\n\n<ul><li>Un <a href=\"https:\/\/ocarm.org\/it\/content\/lectio\/lectio-1%C2%AA-domenica-di-quaresima-0\">breve commento<\/a> dal sito dei Carmelitani, con una ulteriore chiave di lettura per chi vuole approfondire e diversi materiali per la preghiera;<\/li><li>un<a href=\"https:\/\/www.monasterodibose.it\/preghiera\/vangelo\/13676-il-cuore-luogo-delle-tentazioni\"> commento esegetico<\/a> a cura di Luciano Manicardi, che dal tema delle tentazioni proietta le conseguenze del brano sull&#8217;intero Vangelo di Matteo e sulla vita personale, concentrandosi sull&#8217;immagine del <em>cuore<\/em>;<\/li><li>una <a href=\"https:\/\/www.monasterodibose.it\/1568-italiano\/preghiera\/vdg-to-19\/13135-le-tentazioni-di-gesu\">breve riflessione biblica<\/a> di fratel Valerio di Bose;<\/li><li>un&#8217;<a href=\"https:\/\/www.monasterodibose.it\/fondatore\/riflessioni-sul-vangelo\/11257-la-lotta-contro-le-tentazioni\">analisi approfondita delle tre tentazioni<\/a> affrontate da Ges\u00f9 a cura di Enzo Bianchi;<\/li><li><a href=\"http:\/\/www.abbaziadipulsano.org\/wp-content\/uploads\/2017\/07\/Lectio-I-Dom.-Quaresima-A-2017.doc\">esaustivo commento dell&#8217;intera liturgia della Parola<\/a> sul sito dell&#8217;Abbazia di Pulsano;<\/li><li>un <a href=\"https:\/\/meditarelaparola.blogspot.com\/2020\/02\/lectio-i-domenica-di-quaresima-anno-a.html\">commento versetto per versetto<\/a> sul sito <em>Meditare la Parola<\/em>;<\/li><li>un <a href=\"https:\/\/www.qumran2.net\/materiale\/anteprima.php?file=42480&amp;anchor=documento_2&amp;ritorna=%2Findice.php%3Fparole%3Dmt%2B4%252C1-11&amp;width=1920&amp;height=926\">commento semplice ma puntuale<\/a> a cura della parrocchia della Santa Famiglia in Matri;<\/li><li>un <a href=\"https:\/\/www.qumran2.net\/materiale\/download.php?id=21986&amp;nomefile=lectio-quar-a-1.zip&amp;area=bibbia&amp;sottoarea=lectio\">commento al brano centrato sulle tre tentazioni<\/a>: pane, prodigio, potere;<\/li><li>un <a href=\"https:\/\/www.qumran2.net\/materiale\/anteprima.php?file=42473&amp;anchor=documento_19&amp;ritorna=%2Findice.php%3Fparole%3Dmt%2B4%252C1-11&amp;width=1920&amp;height=926\">sussidio per la Quaresima 2017<\/a>; la prima unit\u00e0 riguarda il nostro brano; <\/li><li>un <a href=\"https:\/\/www.lapartebuona.it\/commenti-ai-vangeli-della-domenica\/vangelo-della-i-domenica-di-quaresima-mt-41-11-lectio-divina-a-cura-di-d-giuseppe-de-virgilio-estratto-dal-sussidio-biblico-gia-pubblicato\/\">commento per punti successivi<\/a> a cura di don Giuseppe De Virgilio.<\/li><\/ul>\n\n\n\n<h3>Altri materiali utili<\/h3>\n\n\n\n<p>L&#8217;intero testo della liturgia della Parola si trova sul sito de <em><a href=\"http:\/\/www.lachiesa.it\/calendario\/Detailed\/20200301.shtml\">LaChiesa.it<\/a>.<\/em><\/p>\n\n\n\n<h4>Per iniziare<\/h4>\n\n\n\n<p><strong>Antifona d&#8217;ingresso<\/strong><\/p>\n\n\n\n<p><em>Egli mi invocher\u00e0 e io lo esaudir\u00f2;<br \/>gli dar\u00f2 salvezza e gloria,<br \/>lo sazier\u00f2 con una lunga vita.&nbsp; <\/em><\/p>\n\n\n\n<p><strong>Colletta<\/strong><\/p>\n\n\n\n<p><em>O Dio, nostro Padre,<br \/>con la celebrazione di questa Quaresima,<br \/>segno sacramentale della nostra conversione,<br \/>concedi a noi tuoi fedeli<br \/>di crescere nella conoscenza del mistero di Cristo<br \/>e di testimoniarlo<br \/>con una degna condotta di vita.<br \/>Per il nostro Signore Ges\u00f9 Cristo&#8230;<\/em><\/p>\n\n\n\n<p><em>oppure<\/em><strong> <\/strong><\/p>\n\n\n\n<p><strong>Invocazione allo Spirito della Comunit\u00e0 di Bose<\/strong><\/p>\n\n\n\n<p><em>Signore, noi ti ringraziamo<br \/>perch\u00e9 ci hai riuniti alla tua presenza<br \/>per farci ascoltare la tua Parola\u00a7<br \/>in essa tu ci riveli il tuo amore<br \/>e ci fai conoscere la tua volont\u00e0.<\/em><\/p>\n\n\n\n<p><em>Fa tacere in noi ogni altra voce<br \/>che non sia la tua,<br \/>e perch\u00e9 non troviamo condanna<br \/>nella tua Parola<br \/>letta ma non accolta,<br \/>meditata ma non amata,<br \/>pregata ma non custodita,<br \/>contemplata ma non realizzata,<br \/>manda il tuo Spirito Santo<br \/>ad aprire le nostre menti<br \/>e a guarire i nostri cuori.<\/em><\/p>\n\n\n\n<p><em>Solo cos\u00ec il nostro incontro<br \/>con la tua Parola<br \/>sar\u00e0 rinnovamento dell\u2019alleanza,<br \/>comunione con te e il Figlio<br \/>e lo Spirito santo,<br \/>Dio benedetto nei secoli dei secoli.<br \/>Amen. <\/em><\/p>\n\n\n\n<h4><strong>Per la <em>contemplatio<\/em><\/strong><\/h4>\n\n\n\n<p><strong>Fil 2,6-11<\/strong><\/p>\n\n\n\n<p>Cristo Ges\u00f9,<br \/>pur essendo di natura divina,<br \/>non consider\u00f2 un tesoro geloso<br \/>la sua uguaglianza con Dio;<br \/>ma spogli\u00f2 se stesso,<br \/>assumendo la condizione di servo<br \/>e divenendo simile agli uomini;<br \/>apparso in forma umana,<br \/>umili\u00f2 se stesso<br \/>facendosi obbediente fino alla morte<br \/>e alla morte di croce.<br \/>Per questo Dio l&#8217;ha esaltato<br \/>e gli ha dato il nome<br \/>che \u00e8 al di sopra di ogni altro nome;<br \/>perch\u00e9 nel nome di Ges\u00f9<br \/>ogni ginocchio si pieghi<br \/>nei cieli, sulla terra e sotto terra;<br \/>e ogni lingua proclami<br \/>che Ges\u00f9 Cristo \u00e8 il Signore, a gloria di Dio Padre. <\/p>\n\n\n\n<h4>Per la conclusione dell&#8217;incontro<\/h4>\n\n\n\n<p><strong>Ef 1,3-12<\/strong><\/p>\n\n\n\n<p>Benedetto sia Dio, Padre del Signore nostro Ges\u00f9 Cristo,<br \/>che ci ha benedetti con ogni benedizione spirituale nei cieli, in Cristo.<br \/>In lui ci ha scelti prima della creazione del mondo,<br \/>per essere santi e immacolati al suo cospetto nella carit\u00e0,<br \/>predestinandoci a essere suoi figli adottivi<br \/>per opera di Ges\u00f9 Cristo,<br \/>secondo il beneplacito della sua volont\u00e0.<br \/>E questo a lode e gloria della sua grazia,<br \/>che ci ha dato nel suo Figlio diletto;<br \/>nel quale abbiamo la redenzione mediante il suo sangue,<br \/>la remissione dei peccati<br \/>secondo la ricchezza della sua grazia.<br \/>Egli l&#8217;ha abbondantemente riversata su di noi<br \/>con ogni sapienza e intelligenza,<br \/>poich\u00e9 egli ci ha fatto conoscere il mistero della sua volont\u00e0,<br \/>secondo quanto nella sua benevolenza aveva in lui prestabilito<br \/>per realizzarlo nella pienezza dei tempi:<br \/>il disegno cio\u00e8 di ricapitolare in Cristo tutte le cose,<br \/>quelle del cielo come quelle della terra.<br \/>In lui siamo stati fatti anche eredi,<br \/>essendo stati predestinati secondo il piano di colui<br \/>che tutto opera efficacemente conforme alla sua volont\u00e0,<br \/>perch\u00e9 noi fossimo a lode della sua gloria,<br \/>noi, che per primi abbiamo sperato in Cristo. <\/p>\n","protected":false},"excerpt":{"rendered":"<p>Domenica 1\u00b0 marzo, che \u00e8 anche la prima domenica di Quaresima, il gruppo La Pira rifar\u00e0 la sua lectio abituale.<\/p>\n","protected":false},"author":1,"featured_media":17873,"comment_status":"open","ping_status":"open","sticky":false,"template":"","format":"standard","meta":{"_mi_skip_tracking":false,"_monsterinsights_sitenote_active":false,"_monsterinsights_sitenote_note":"","_monsterinsights_sitenote_category":0,"jetpack_post_was_ever_published":false,"_jetpack_newsletter_access":"","jetpack_publicize_message":"","jetpack_is_tweetstorm":false,"jetpack_publicize_feature_enabled":true,"jetpack_social_post_already_shared":true,"jetpack_social_options":{"image_generator_settings":{"template":"highway","enabled":false}}},"categories":[52,54,17,62,16],"tags":[],"jetpack_publicize_connections":[],"jetpack_featured_media_url":"https:\/\/i0.wp.com\/www.robertosedda.it\/wp-content\/uploads\/2020\/02\/Rupnik-deserto.jpg?fit=800%2C600","jetpack_sharing_enabled":true,"jetpack_shortlink":"https:\/\/wp.me\/p4jV2T-4Ec","jetpack_likes_enabled":true,"jetpack-related-posts":[{"id":18083,"url":"http:\/\/www.robertosedda.it\/?p=18083","url_meta":{"origin":17868,"position":0},"title":"Lectio di Pasqua","author":"Rufus","date":"11\/04\/2020","format":false,"excerpt":"Trovate qui di seguito, come ogni sabato, i materiali per una lectio sul Vangelo della domenica, da fare da soli o in comunit\u00e0 (telematica, in questo periodo). Come al solito ricordo che lo schema generale della lectio e il modo di farla del gruppo La Pira sono spiegati in questo\u2026","rel":"","context":"In &quot;Coordinate&quot;","block_context":{"text":"Coordinate","link":"http:\/\/www.robertosedda.it\/?cat=52"},"img":{"alt_text":"","src":"https:\/\/i0.wp.com\/www.robertosedda.it\/wp-content\/uploads\/2020\/04\/Rupnik-Pasqua.jpg?fit=822%2C1024&resize=350%2C200","width":350,"height":200,"srcset":"https:\/\/i0.wp.com\/www.robertosedda.it\/wp-content\/uploads\/2020\/04\/Rupnik-Pasqua.jpg?fit=822%2C1024&resize=350%2C200 1x, https:\/\/i0.wp.com\/www.robertosedda.it\/wp-content\/uploads\/2020\/04\/Rupnik-Pasqua.jpg?fit=822%2C1024&resize=700%2C400 2x"},"classes":[]},{"id":18097,"url":"http:\/\/www.robertosedda.it\/?p=18097","url_meta":{"origin":17868,"position":1},"title":"Lectio in albis","author":"Rufus","date":"18\/04\/2020","format":false,"excerpt":"Domani il gruppo La Pira fa la sua lectio periodica. I materiali che utilizzeremo sono quelli che trovate qui sotto, e possono essere utili anche ad altri che vogliono fare una esperienza simile. Il metodo \u00e8 spiegato in questo vecchio articolo; anche quando il gruppo non si riunisce (virtualmente, in\u2026","rel":"","context":"In &quot;Coordinate&quot;","block_context":{"text":"Coordinate","link":"http:\/\/www.robertosedda.it\/?cat=52"},"img":{"alt_text":"","src":"https:\/\/i0.wp.com\/www.robertosedda.it\/wp-content\/uploads\/2020\/04\/Pentecoste-Rupnik.jpg?fit=430%2C540&resize=350%2C200","width":350,"height":200},"classes":[]},{"id":17951,"url":"http:\/\/www.robertosedda.it\/?p=17951","url_meta":{"origin":17868,"position":2},"title":"Lectio al tempo del metro di distanza","author":"Rufus","date":"07\/03\/2020","format":false,"excerpt":"In un periodo in cui la pratica religiosa \u00e8 costretta a strani giri e rigiri dalle pratiche di salvaguardia dal contagio non \u00e8 una cattiva idea dare pi\u00f9 sazio quanto meno alla Parola, mi \u00e8 venuto in testa di pubblicare ogni sabato i materiali per fare lectio (potete consultare un\u2026","rel":"","context":"In &quot;Coordinate&quot;","block_context":{"text":"Coordinate","link":"http:\/\/www.robertosedda.it\/?cat=52"},"img":{"alt_text":"","src":"https:\/\/i0.wp.com\/www.robertosedda.it\/wp-content\/uploads\/2020\/03\/31f116a082e7d1bc1cada96cfa3c2b37.jpg?fit=467%2C600&resize=350%2C200","width":350,"height":200},"classes":[]},{"id":18590,"url":"http:\/\/www.robertosedda.it\/?p=18590","url_meta":{"origin":17868,"position":3},"title":"La lectio che abbiamo gi\u00e0 fatto","author":"Rufus","date":"30\/04\/2021","format":false,"excerpt":"A quanto pare il gruppo La Pira ci ha preso gusto e domenica, alle 18,00, facciamo di nuovo lectio, in questo caso sul brano della vite e dei tralci che si trova al Vangelo di Giovanni al capitolo 15, versetti 1-8. Si tratta di un brano su cui abbiamo gi\u00e0\u2026","rel":"","context":"In &quot;Coordinate&quot;","block_context":{"text":"Coordinate","link":"http:\/\/www.robertosedda.it\/?cat=52"},"img":{"alt_text":"","src":"https:\/\/i0.wp.com\/www.robertosedda.it\/wp-content\/uploads\/2021\/04\/Peter_Paul_Rubens_-_Last_Supper_-_WGA20255-scaled.jpg?fit=989%2C1200&resize=350%2C200","width":350,"height":200,"srcset":"https:\/\/i0.wp.com\/www.robertosedda.it\/wp-content\/uploads\/2021\/04\/Peter_Paul_Rubens_-_Last_Supper_-_WGA20255-scaled.jpg?fit=989%2C1200&resize=350%2C200 1x, https:\/\/i0.wp.com\/www.robertosedda.it\/wp-content\/uploads\/2021\/04\/Peter_Paul_Rubens_-_Last_Supper_-_WGA20255-scaled.jpg?fit=989%2C1200&resize=700%2C400 2x"},"classes":[]},{"id":18024,"url":"http:\/\/www.robertosedda.it\/?p=18024","url_meta":{"origin":17868,"position":4},"title":"La lectio della gioiosa domenica","author":"Rufus","date":"21\/03\/2020","format":false,"excerpt":"Come tutti i sabati pubblico dei materiali utili per chi vuole fare lectio sul Vangelo della domenica seguente. Questa settimana il gruppo La Pira la celebrer\u00e0 insieme, su Zoom (segno dei tempi), ma i materiali possono essere utili anche a chi \u00e8 costretto a lavorare da solo. Come al solito\u2026","rel":"","context":"In &quot;Coordinate&quot;","block_context":{"text":"Coordinate","link":"http:\/\/www.robertosedda.it\/?cat=52"},"img":{"alt_text":"","src":"https:\/\/i0.wp.com\/www.robertosedda.it\/wp-content\/uploads\/2020\/03\/Ceco-nato-Rupnik.jpg?fit=818%2C555&resize=350%2C200","width":350,"height":200,"srcset":"https:\/\/i0.wp.com\/www.robertosedda.it\/wp-content\/uploads\/2020\/03\/Ceco-nato-Rupnik.jpg?fit=818%2C555&resize=350%2C200 1x, https:\/\/i0.wp.com\/www.robertosedda.it\/wp-content\/uploads\/2020\/03\/Ceco-nato-Rupnik.jpg?fit=818%2C555&resize=700%2C400 2x"},"classes":[]},{"id":17965,"url":"http:\/\/www.robertosedda.it\/?p=17965","url_meta":{"origin":17868,"position":5},"title":"Strumenti per la lectio del 15 marzo","author":"Rufus","date":"15\/03\/2020","format":false,"excerpt":"La settimana scorsa ho scritto che pubblicavo materiali per la lectio al tempo del metro di distanza. Manco a farlo apposta, il giorno dopo siamo passati dal metro di distanza alla quarantena in casa. Nel frattempo vedo che c'\u00e8 tutto un fiorire di iniziative on line, sicuramente molto migliori del\u2026","rel":"","context":"In &quot;Coordinate&quot;","block_context":{"text":"Coordinate","link":"http:\/\/www.robertosedda.it\/?cat=52"},"img":{"alt_text":"","src":"https:\/\/i0.wp.com\/www.robertosedda.it\/wp-content\/uploads\/2018\/11\/Samaritana-Rupnik.jpg?fit=640%2C546&resize=350%2C200","width":350,"height":200},"classes":[]}],"_links":{"self":[{"href":"http:\/\/www.robertosedda.it\/index.php?rest_route=\/wp\/v2\/posts\/17868"}],"collection":[{"href":"http:\/\/www.robertosedda.it\/index.php?rest_route=\/wp\/v2\/posts"}],"about":[{"href":"http:\/\/www.robertosedda.it\/index.php?rest_route=\/wp\/v2\/types\/post"}],"author":[{"embeddable":true,"href":"http:\/\/www.robertosedda.it\/index.php?rest_route=\/wp\/v2\/users\/1"}],"replies":[{"embeddable":true,"href":"http:\/\/www.robertosedda.it\/index.php?rest_route=%2Fwp%2Fv2%2Fcomments&post=17868"}],"version-history":[{"count":4,"href":"http:\/\/www.robertosedda.it\/index.php?rest_route=\/wp\/v2\/posts\/17868\/revisions"}],"predecessor-version":[{"id":17889,"href":"http:\/\/www.robertosedda.it\/index.php?rest_route=\/wp\/v2\/posts\/17868\/revisions\/17889"}],"wp:featuredmedia":[{"embeddable":true,"href":"http:\/\/www.robertosedda.it\/index.php?rest_route=\/wp\/v2\/media\/17873"}],"wp:attachment":[{"href":"http:\/\/www.robertosedda.it\/index.php?rest_route=%2Fwp%2Fv2%2Fmedia&parent=17868"}],"wp:term":[{"taxonomy":"category","embeddable":true,"href":"http:\/\/www.robertosedda.it\/index.php?rest_route=%2Fwp%2Fv2%2Fcategories&post=17868"},{"taxonomy":"post_tag","embeddable":true,"href":"http:\/\/www.robertosedda.it\/index.php?rest_route=%2Fwp%2Fv2%2Ftags&post=17868"}],"curies":[{"name":"wp","href":"https:\/\/api.w.org\/{rel}","templated":true}]}}