{"id":17800,"date":"2020-02-10T18:55:29","date_gmt":"2020-02-10T17:55:29","guid":{"rendered":"http:\/\/www.robertosedda.it\/?p=17800"},"modified":"2020-02-11T10:23:30","modified_gmt":"2020-02-11T09:23:30","slug":"limportante-e-lallineamento","status":"publish","type":"post","link":"http:\/\/www.robertosedda.it\/?p=17800","title":{"rendered":"L&#8217;importante \u00e8 l&#8217;allineamento"},"content":{"rendered":"\n<p>Non so quanti che leggono questo <em>blog<\/em> sanno che io mi ritengo orgogliosamente appartenente alla categoria dei proprietari di cani, sebbene non in esercizio effettivo, diciamo.<\/p>\n\n\n\n<p>Dai sedici anni fin quasi ai trenta, infatti, ho avuto un cane bellissimo, ribaldo e molto di mondo che si chiamava Cico (con chiaro riferimento all&#8217;amico di Zagor)<\/p>\n\n\n\n<figure class=\"wp-block-image alignwide size-full\"><img data-attachment-id=\"7337\" data-permalink=\"http:\/\/www.robertosedda.it\/?attachment_id=7337\" data-orig-file=\"https:\/\/i0.wp.com\/www.robertosedda.it\/wp-content\/uploads\/2014\/05\/Col-cane-Cico.jpg?fit=623%2C417\" data-orig-size=\"623,417\" data-comments-opened=\"1\" data-image-meta=\"{&quot;aperture&quot;:&quot;0&quot;,&quot;credit&quot;:&quot;&quot;,&quot;camera&quot;:&quot;&quot;,&quot;caption&quot;:&quot;&quot;,&quot;created_timestamp&quot;:&quot;0&quot;,&quot;copyright&quot;:&quot;&quot;,&quot;focal_length&quot;:&quot;0&quot;,&quot;iso&quot;:&quot;0&quot;,&quot;shutter_speed&quot;:&quot;0&quot;,&quot;title&quot;:&quot;&quot;}\" data-image-title=\"Col cane Cico\" data-image-description=\"\" data-image-caption=\"\" data-medium-file=\"https:\/\/i0.wp.com\/www.robertosedda.it\/wp-content\/uploads\/2014\/05\/Col-cane-Cico.jpg?fit=300%2C200\" data-large-file=\"https:\/\/i0.wp.com\/www.robertosedda.it\/wp-content\/uploads\/2014\/05\/Col-cane-Cico.jpg?fit=510%2C341\" decoding=\"async\" loading=\"lazy\" width=\"623\" height=\"417\" src=\"https:\/\/i0.wp.com\/www.robertosedda.it\/wp-content\/uploads\/2014\/05\/Col-cane-Cico.jpg?resize=623%2C417\" alt=\"\" class=\"wp-image-7337\" srcset=\"https:\/\/i0.wp.com\/www.robertosedda.it\/wp-content\/uploads\/2014\/05\/Col-cane-Cico.jpg?w=623 623w, https:\/\/i0.wp.com\/www.robertosedda.it\/wp-content\/uploads\/2014\/05\/Col-cane-Cico.jpg?resize=150%2C100 150w, https:\/\/i0.wp.com\/www.robertosedda.it\/wp-content\/uploads\/2014\/05\/Col-cane-Cico.jpg?resize=300%2C200 300w, https:\/\/i0.wp.com\/www.robertosedda.it\/wp-content\/uploads\/2014\/05\/Col-cane-Cico.jpg?resize=510%2C341 510w\" sizes=\"(max-width: 623px) 100vw, 623px\" data-recalc-dims=\"1\" \/><figcaption>Cico, qui tosato per l&#8217;estate, e il giovane Rufus, non tosato<\/figcaption><\/figure>\n\n\n\n<p>e poi ho coabitato per lungo tempo con un altro cane,  testardo e mordace, di nome Bac\u00f9 (come, secondo una tradizione familiare forse leggendaria, un certo <em><a href=\"https:\/\/www.youtube.com\/watch?v=XzoJ0bG-EMY\">gran mago degli Ind\u00f9<\/a><\/em>).<\/p>\n\n\n\n<p>Ho avuto anche gatti, in particolare un assassino prezzolato nero, sulfureo e con la coda mozza che si chiamava Burbax (dal <em><a href=\"https:\/\/www.bompiani.it\/catalogo\/il-libro-dei-gatti-tuttofare-9788845277825\">Libro dei gatti tuttofare<\/a><\/em> di Eliot, come si vede in famiglia i nomi degli animali venivano da un vasto numero di fonti diverse), per\u00f2 insomma, fra cani e gatti, mi piacciono tutti e due allo stesso modo&#8230; ma i cani di pi\u00f9, come il famoso contadino con la vacca bianca e la vacca nera.<\/p>\n\n\n\n<figure class=\"wp-block-embed-youtube alignwide wp-block-embed is-type-video is-provider-youtube wp-embed-aspect-16-9 wp-has-aspect-ratio\"><div class=\"wp-block-embed__wrapper\">\n<span class=\"embed-youtube\" style=\"text-align:center; display: block;\"><iframe loading=\"lazy\" class=\"youtube-player\" width=\"800\" height=\"450\" src=\"https:\/\/www.youtube.com\/embed\/glJXTWl9FB4?version=3&#038;rel=1&#038;showsearch=0&#038;showinfo=1&#038;iv_load_policy=1&#038;fs=1&#038;hl=it-IT&#038;autohide=2&#038;wmode=transparent\" allowfullscreen=\"true\" style=\"border:0;\" sandbox=\"allow-scripts allow-same-origin allow-popups allow-presentation\"><\/iframe><\/span>\n<\/div><\/figure>\n\n\n\n<p>Insomma, detto in un altro modo, ho un pregiudizio irragionevole a favore dei cani.<\/p>\n\n\n\n<p>\u00c8 stato quindi con una certa emozione che ho letto un <a href=\"https:\/\/www.pbs.org\/newshour\/science\/dogs-poop-in-alignment-with-earths-magnetic-field-study-finds\">articolo<\/a> che il fido aggregatore di notizie mi ha proposto ripescandolo dal 2014.<\/p>\n\n\n\n<p>L&#8217;articolo, che fa riferimento a uno studio pubblicato sulla rivista scientifica <a href=\"http:\/\/www.frontiersinzoology.com\/content\/pdf\/1742-9994-10-80.pdf\"><em>Frontiers in Zoology<\/em><\/a> spiega che i cani, quando fanno i bisogni, tendono a posizionarsi lungo un asse Nord-Sud e, inoltre, sono influenzati nella loro posizione da variazioni anche piccole del campo magnetico terrestre.<\/p>\n\n\n\n<p>Che, in s\u00e9, sembra una notizia adatta al Grande Capo <em>Estiqaatsi<\/em>, no? Anche se, a pensarci meglio, si tratta evidentemente di un metodo per provare  a investigare realt\u00e0 potenzialmente interessanti: se capissimo meglio come funziona l&#8217;apparato sensoriale o vegetativo di certi animali questo magari potrebbe condurre a una maggiore comprensione di aspetti sinora ignorati della biologia. Scoprire che certi animali <em>sentono<\/em> il campo magnetico, e scoprire come diamine fanno, \u00e8 certamente interessante.<\/p>\n\n\n\n<p>Forse. Ho dato un&#8217;occhiata alo studio e non ho capito se la statistica utilizzata \u00e8 solida o vale in questo caso l&#8217;assioma che i numeri, se torturati abbastanza a lungo, possono rivelare qualunque cosa.<\/p>\n\n\n\n<figure class=\"wp-block-image alignwide size-full\"><img data-attachment-id=\"17801\" data-permalink=\"http:\/\/www.robertosedda.it\/?attachment_id=17801\" data-orig-file=\"https:\/\/i0.wp.com\/www.robertosedda.it\/wp-content\/uploads\/2020\/02\/Pop\u00f2-cane.png?fit=835%2C498\" data-orig-size=\"835,498\" data-comments-opened=\"1\" data-image-meta=\"{&quot;aperture&quot;:&quot;0&quot;,&quot;credit&quot;:&quot;&quot;,&quot;camera&quot;:&quot;&quot;,&quot;caption&quot;:&quot;&quot;,&quot;created_timestamp&quot;:&quot;0&quot;,&quot;copyright&quot;:&quot;&quot;,&quot;focal_length&quot;:&quot;0&quot;,&quot;iso&quot;:&quot;0&quot;,&quot;shutter_speed&quot;:&quot;0&quot;,&quot;title&quot;:&quot;&quot;,&quot;orientation&quot;:&quot;0&quot;}\" data-image-title=\"Pop\u00f2-cane\" data-image-description=\"\" data-image-caption=\"\" data-medium-file=\"https:\/\/i0.wp.com\/www.robertosedda.it\/wp-content\/uploads\/2020\/02\/Pop\u00f2-cane.png?fit=300%2C179\" data-large-file=\"https:\/\/i0.wp.com\/www.robertosedda.it\/wp-content\/uploads\/2020\/02\/Pop\u00f2-cane.png?fit=510%2C304\" decoding=\"async\" loading=\"lazy\" width=\"800\" height=\"477\" src=\"https:\/\/i0.wp.com\/www.robertosedda.it\/wp-content\/uploads\/2020\/02\/Pop\u00f2-cane.png?resize=800%2C477\" alt=\"\" class=\"wp-image-17801\" srcset=\"https:\/\/i0.wp.com\/www.robertosedda.it\/wp-content\/uploads\/2020\/02\/Pop\u00f2-cane.png?w=835 835w, https:\/\/i0.wp.com\/www.robertosedda.it\/wp-content\/uploads\/2020\/02\/Pop\u00f2-cane.png?resize=300%2C179 300w, https:\/\/i0.wp.com\/www.robertosedda.it\/wp-content\/uploads\/2020\/02\/Pop\u00f2-cane.png?resize=510%2C304 510w, https:\/\/i0.wp.com\/www.robertosedda.it\/wp-content\/uploads\/2020\/02\/Pop\u00f2-cane.png?resize=150%2C89 150w\" sizes=\"(max-width: 800px) 100vw, 800px\" data-recalc-dims=\"1\" \/><figcaption>Non avrei mai creduto di pubblicare un&#8217;immagine dal titolo: &#8220;Allineamento durante la defecazione nei cani in differenti ore del giorno&#8221;<\/figcaption><\/figure>\n\n\n\n<p>Ma non \u00e8 questo che mi ha colpito, quanto il fatto che lo studio d\u00e0 dignit\u00e0 a quelle fastidiose e ripetute soste lungo l&#8217;abituale passeggiatina con il nostro migliore amico, nonch\u00e9 a quei fastidiosi adempimenti per evitare che il marciapiede trattenga a lungo le tracce del nostro passaggio. <\/p>\n\n\n\n<p>Gli studiosi hanno osservato ben settanta cani, e hanno accuratamente schedato 1893 pop\u00f2 e 5582 pip\u00ec. Il pensiero va, riverente, a quelli che hanno fatto tutte le misurazioni. Pensate, siete un giovane ricercatore, finalmente vi prendono in una Universit\u00e0 per partecipare a un progetto di  studio, dicendovi che potrete fare ricerca &#8220;sul campo&#8221;. Poi il primo giorno vi mettono il guinzaglio in una mano e vi dicono: \u00abToh, pisciami il cane\u00bb. Quando torni, te ne danno un altro. Fino a settanta. Per mesi.<\/p>\n\n\n\n<p>Tanto sforzo non pu\u00f2 essere lasciato solo. D&#8217;ora in poi quando uscite col cane bandite il fastidio per le sue mille soste ma sentitevi in missione per conto della scienza: tenete d&#8217;occhio con cura il vostro cane, annotatevi la sua posizione (anche se gli autori dello studio hanno osservato i loro esemplari in campo aperto, per evitare che muri o steccati potessero influenzare l&#8217;animale) e pensate che state rendendo un grande servizio all&#8217;umanit\u00e0 e alla migliore comprensione delle meraviglie della natura.<\/p>\n\n\n\n<p>E non dimenticate bustina e paletta.<\/p>\n","protected":false},"excerpt":{"rendered":"<p>Non so quanti che leggono questo blog sanno che io mi ritengo orgogliosamente appartenente alla categoria dei proprietari di cani,<\/p>\n","protected":false},"author":1,"featured_media":7337,"comment_status":"open","ping_status":"open","sticky":false,"template":"","format":"standard","meta":{"_mi_skip_tracking":false,"_monsterinsights_sitenote_active":false,"_monsterinsights_sitenote_note":"","_monsterinsights_sitenote_category":0,"jetpack_post_was_ever_published":false,"_jetpack_newsletter_access":"","jetpack_publicize_message":"","jetpack_is_tweetstorm":false,"jetpack_publicize_feature_enabled":true,"jetpack_social_post_already_shared":true,"jetpack_social_options":{"image_generator_settings":{"template":"highway","enabled":false}}},"categories":[52,56,61,95,16],"tags":[],"jetpack_publicize_connections":[],"jetpack_featured_media_url":"https:\/\/i0.wp.com\/www.robertosedda.it\/wp-content\/uploads\/2014\/05\/Col-cane-Cico.jpg?fit=623%2C417","jetpack_sharing_enabled":true,"jetpack_shortlink":"https:\/\/wp.me\/p4jV2T-4D6","jetpack_likes_enabled":true,"jetpack-related-posts":[{"id":1805,"url":"http:\/\/www.robertosedda.it\/?p=1805","url_meta":{"origin":17800,"position":0},"title":"Due o tre cose che so sull&#8217;obiezione di coscienza","author":"Rufus","date":"04\/02\/2013","format":false,"excerpt":"Il post dell'altro giorno su Montecitorio e l'obiezione di coscienza \u00e8 legato al fatto che a fine dicembre \u00e8 stata esposta a Cagliari la Madonna di Nagasaki: in quell'occasione la Caritas ha organizzato un convegno per ricordare il trentennale della legge istitutiva del servizio civile. ll convegno \u00e8 stato un\u2026","rel":"","context":"In &quot;Biografie&quot;","block_context":{"text":"Biografie","link":"http:\/\/www.robertosedda.it\/?cat=83"},"img":{"alt_text":"","src":"https:\/\/i0.wp.com\/www.robertosedda.it\/wp-content\/uploads\/2013\/02\/189095_1008070813927_9322_n.jpg?fit=604%2C453&resize=350%2C200","width":350,"height":200},"classes":[]},{"id":11626,"url":"http:\/\/www.robertosedda.it\/?p=11626","url_meta":{"origin":17800,"position":1},"title":"Eccitazione incontenibile","author":"Rufus","date":"02\/03\/2016","format":false,"excerpt":"Molti anni fa andavo spesso a prendere il caff\u00e8 di mezza mattina col mio amico Andrea Assorgia. Lungo la strada fra l'ufficio di Andrea e la pasticceria Ecuador incontravamo spesso un cane,\u00a0un\u00a0bobtail, sderenato sul marciapiede come un tappetino. Non so se fosse un cane anziano o semplicemente incline a prendere\u2026","rel":"","context":"In &quot;Coordinate&quot;","block_context":{"text":"Coordinate","link":"http:\/\/www.robertosedda.it\/?cat=52"},"img":{"alt_text":"","src":"https:\/\/i0.wp.com\/www.robertosedda.it\/wp-content\/uploads\/2016\/03\/tesseramento.jpg?fit=857%2C1200&resize=350%2C200","width":350,"height":200,"srcset":"https:\/\/i0.wp.com\/www.robertosedda.it\/wp-content\/uploads\/2016\/03\/tesseramento.jpg?fit=857%2C1200&resize=350%2C200 1x, https:\/\/i0.wp.com\/www.robertosedda.it\/wp-content\/uploads\/2016\/03\/tesseramento.jpg?fit=857%2C1200&resize=700%2C400 2x"},"classes":[]},{"id":13908,"url":"http:\/\/www.robertosedda.it\/?p=13908","url_meta":{"origin":17800,"position":2},"title":"Irraggiungibile","author":"Rufus","date":"05\/07\/2017","format":false,"excerpt":"Ho letto in questi giorni Tintin. Quando ero ragazzino lo presentavano come cartone animato su Gulp e mi piaceva molto, ma non era il tipo di fumetto che si trovasse in edicola durante la mia giovinezza e in seguito l'ho sempre considerato un po' per bambini e quindi non l'ho\u2026","rel":"","context":"In &quot;Cappe e spade&quot;","block_context":{"text":"Cappe e spade","link":"http:\/\/www.robertosedda.it\/?cat=70"},"img":{"alt_text":"","src":"https:\/\/i0.wp.com\/www.robertosedda.it\/wp-content\/uploads\/2017\/07\/Tintin.jpg?fit=350%2C500&resize=350%2C200","width":350,"height":200},"classes":[]},{"id":1333,"url":"http:\/\/www.robertosedda.it\/?p=1333","url_meta":{"origin":17800,"position":3},"title":"A qualcuno piace la poesia","author":"Rufus","date":"14\/11\/2012","format":false,"excerpt":"Ieri era il compleanno di mia moglie, e ovviamente sulla\u00a0mailing list\u00a0del gruppo \"La Pira\" le hanno fatto gli auguri. Per sdebitarsi Maria Bonaria ha pubblicato sulla lista una poesia di Wislawa Szymborska (che \u00e8 la sua poetessa, come Brecht per me). \u00c8 una poesia molto bella, e mi va di\u2026","rel":"","context":"In &quot;Coordinate&quot;","block_context":{"text":"Coordinate","link":"http:\/\/www.robertosedda.it\/?cat=52"},"img":{"alt_text":"","src":"","width":0,"height":0},"classes":[]},{"id":8666,"url":"http:\/\/www.robertosedda.it\/?p=8666","url_meta":{"origin":17800,"position":4},"title":"\u00c8 arrivato, oh gioia!","author":"Rufus","date":"17\/10\/2014","format":false,"excerpt":"Gioia, gaudio e tripudio! Parlo di Is Heathcliff a murderer?, il primo libro della fortunata serie di saggi curata da critico inglese John Sutherland, una delle massime autorit\u00e0 accademiche riguardo al periodo vittoriano ma contemporaneamente scrittore spiritoso e garbato. La serie, di cui questo \u00e8 il primo volume, comprende anche\u2026","rel":"","context":"In &quot;Coordinate&quot;","block_context":{"text":"Coordinate","link":"http:\/\/www.robertosedda.it\/?cat=52"},"img":{"alt_text":"","src":"https:\/\/i0.wp.com\/www.robertosedda.it\/wp-content\/uploads\/2013\/11\/Sutherland-literary-detective-222x300.jpg?resize=350%2C200","width":350,"height":200},"classes":[]},{"id":17555,"url":"http:\/\/www.robertosedda.it\/?p=17555","url_meta":{"origin":17800,"position":5},"title":"Cantarsela e suonarsela","author":"Rufus","date":"28\/11\/2019","format":false,"excerpt":"Non so se capita solo a me, ma mi sembra che ci sia in giro una nuova generazione di meme. Ora, per proteggere gli innocenti ed evitare di essere bannato da un buon numero di pagine o gruppi o far indignare i miei amici, mi spiegher\u00f2 senza parlare di politica,\u2026","rel":"","context":"In &quot;Antropologia&quot;","block_context":{"text":"Antropologia","link":"http:\/\/www.robertosedda.it\/?cat=97"},"img":{"alt_text":"","src":"https:\/\/i0.wp.com\/www.robertosedda.it\/wp-content\/uploads\/2019\/11\/Cani-e-gatti.jpg?fit=1200%2C675&resize=350%2C200","width":350,"height":200,"srcset":"https:\/\/i0.wp.com\/www.robertosedda.it\/wp-content\/uploads\/2019\/11\/Cani-e-gatti.jpg?fit=1200%2C675&resize=350%2C200 1x, https:\/\/i0.wp.com\/www.robertosedda.it\/wp-content\/uploads\/2019\/11\/Cani-e-gatti.jpg?fit=1200%2C675&resize=700%2C400 2x, https:\/\/i0.wp.com\/www.robertosedda.it\/wp-content\/uploads\/2019\/11\/Cani-e-gatti.jpg?fit=1200%2C675&resize=1050%2C600 3x"},"classes":[]}],"_links":{"self":[{"href":"http:\/\/www.robertosedda.it\/index.php?rest_route=\/wp\/v2\/posts\/17800"}],"collection":[{"href":"http:\/\/www.robertosedda.it\/index.php?rest_route=\/wp\/v2\/posts"}],"about":[{"href":"http:\/\/www.robertosedda.it\/index.php?rest_route=\/wp\/v2\/types\/post"}],"author":[{"embeddable":true,"href":"http:\/\/www.robertosedda.it\/index.php?rest_route=\/wp\/v2\/users\/1"}],"replies":[{"embeddable":true,"href":"http:\/\/www.robertosedda.it\/index.php?rest_route=%2Fwp%2Fv2%2Fcomments&post=17800"}],"version-history":[{"count":4,"href":"http:\/\/www.robertosedda.it\/index.php?rest_route=\/wp\/v2\/posts\/17800\/revisions"}],"predecessor-version":[{"id":17805,"href":"http:\/\/www.robertosedda.it\/index.php?rest_route=\/wp\/v2\/posts\/17800\/revisions\/17805"}],"wp:featuredmedia":[{"embeddable":true,"href":"http:\/\/www.robertosedda.it\/index.php?rest_route=\/wp\/v2\/media\/7337"}],"wp:attachment":[{"href":"http:\/\/www.robertosedda.it\/index.php?rest_route=%2Fwp%2Fv2%2Fmedia&parent=17800"}],"wp:term":[{"taxonomy":"category","embeddable":true,"href":"http:\/\/www.robertosedda.it\/index.php?rest_route=%2Fwp%2Fv2%2Fcategories&post=17800"},{"taxonomy":"post_tag","embeddable":true,"href":"http:\/\/www.robertosedda.it\/index.php?rest_route=%2Fwp%2Fv2%2Ftags&post=17800"}],"curies":[{"name":"wp","href":"https:\/\/api.w.org\/{rel}","templated":true}]}}