{"id":17795,"date":"2020-02-06T18:31:38","date_gmt":"2020-02-06T17:31:38","guid":{"rendered":"http:\/\/www.robertosedda.it\/?p=17795"},"modified":"2026-02-12T15:44:40","modified_gmt":"2026-02-12T14:44:40","slug":"alla-radice","status":"publish","type":"post","link":"http:\/\/www.robertosedda.it\/?p=17795","title":{"rendered":"Alla radice"},"content":{"rendered":"\n<p>Segnalo una <a href=\"https:\/\/www.ilpost.it\/2020\/02\/05\/mila-video-instagram-islam-francia\/?fbclid=IwAR1aA8zqsDJ7d2NulM950Gy0nZS5iY-Ocw0LPPQiRJtKP-G1c6lidDSnamI\">storia di cui ha parlato ieri <em>Il Post<\/em><\/a> &#8211; un video d&#8217;odio viscerale e veramente offensivo contro la religione islamica (se potete essere offesi dalle bestemmie non cliccate sul <em>link<\/em>), inconsapevole ma non involontario, che ha generato il solito delirio di reazioni minacciose e violente tipiche dell&#8217;epoca <em>social<\/em> e, a cascata, le solite reazioni di rimando semi-isteriche e il solito dibattito del tutto polarizzato.<\/p>\n\n\n\n<figure class=\"wp-block-image alignwide size-large\"><img data-attachment-id=\"17796\" data-permalink=\"http:\/\/www.robertosedda.it\/?attachment_id=17796\" data-orig-file=\"https:\/\/i0.wp.com\/www.robertosedda.it\/wp-content\/uploads\/2020\/02\/Video-Mila.png?fit=516%2C339\" data-orig-size=\"516,339\" data-comments-opened=\"1\" data-image-meta=\"{&quot;aperture&quot;:&quot;0&quot;,&quot;credit&quot;:&quot;&quot;,&quot;camera&quot;:&quot;&quot;,&quot;caption&quot;:&quot;&quot;,&quot;created_timestamp&quot;:&quot;0&quot;,&quot;copyright&quot;:&quot;&quot;,&quot;focal_length&quot;:&quot;0&quot;,&quot;iso&quot;:&quot;0&quot;,&quot;shutter_speed&quot;:&quot;0&quot;,&quot;title&quot;:&quot;&quot;,&quot;orientation&quot;:&quot;0&quot;}\" data-image-title=\"Video-Mila\" data-image-description=\"\" data-image-caption=\"\" data-medium-file=\"https:\/\/i0.wp.com\/www.robertosedda.it\/wp-content\/uploads\/2020\/02\/Video-Mila.png?fit=300%2C197\" data-large-file=\"https:\/\/i0.wp.com\/www.robertosedda.it\/wp-content\/uploads\/2020\/02\/Video-Mila.png?fit=510%2C335\" decoding=\"async\" loading=\"lazy\" width=\"516\" height=\"339\" src=\"https:\/\/i1.wp.com\/www.robertosedda.it\/wp-content\/uploads\/2020\/02\/Video-Mila.png?fit=510%2C335\" alt=\"\" class=\"wp-image-17796\" srcset=\"https:\/\/i0.wp.com\/www.robertosedda.it\/wp-content\/uploads\/2020\/02\/Video-Mila.png?w=516 516w, https:\/\/i0.wp.com\/www.robertosedda.it\/wp-content\/uploads\/2020\/02\/Video-Mila.png?resize=300%2C197 300w, https:\/\/i0.wp.com\/www.robertosedda.it\/wp-content\/uploads\/2020\/02\/Video-Mila.png?resize=510%2C335 510w, https:\/\/i0.wp.com\/www.robertosedda.it\/wp-content\/uploads\/2020\/02\/Video-Mila.png?resize=150%2C99 150w\" sizes=\"(max-width: 516px) 100vw, 516px\" \/><\/figure>\n\n\n\n<p>La segnalazione non \u00e8 in realt\u00e0 per la questione in s\u00e9, dato che probabilmente fra due settimane nessuno si ricorder\u00e0 pi\u00f9 di niente, quanto per osservare come questo caso renda evidente come le categorie culturali impiegate, che sono tutte molto tipiche dell&#8217;oggi, non siano minimamente in grado di gestire il conflitto. <\/p>\n\n\n\n<p>\u00c8, in un certo senso, una storia di disvelamenti: <\/p>\n\n\n\n<ul><li>della pochezza morale e della mancanza di <a href=\"http:\/\/www.robertosedda.it\/?p=16694\">educazione emotiva<\/a> degli adolescenti (per cui \u00e8 ragionevole dire che <em>tutte<\/em> le ragazze magrebine sono brutte senza minimamente rendersi conto del razzismo implicito, e alle critiche \u00e8 ragionevole rispondere con l&#8217;assolutizzazione del proprio punto di vista fino all&#8217;offesa sanguinosa di un intero gruppo sociale e delle sue credenze);<\/li><li>dell&#8217;incapacit\u00e0 della reazione al conflitto ad agire senza invocare l&#8217;annientamento totale dell&#8217;offensore (anni di <a href=\"http:\/\/www.robertosedda.it\/?p=14299\">boicottaggi senza senso<\/a> ci costringono ormai a pagare dazio ogni volta);<\/li><li>della violenza implicita che pu\u00f2 esservi in chi invoca rispetto per la propria fede (\u00abchi semina vento raccoglie tempesta\u00bb, detto dal rappresentante delle comunit\u00e0 islamiche in Francia, \u00e8 un piccolo saggio in cinque parole);<\/li><li>della incapacit\u00e0, con le categorie della democrazia liberale, di risolvere il problema del rapporto fra libert\u00e0 di pensiero, legittimit\u00e0 di critica, rispetto delle minoranze (o delle identit\u00e0) e rischi legati alla censura: la Mila che ha fatto il filmato \u00e8 razzista, lesbica, antislamica e (diciamolo) una ragazzina scema; una combinazione che riordina in maniera surreale tutto il campo delle alleanze fra i protagonisti della discussione, creando cortocircuiti pazzeschi.<\/li><\/ul>\n\n\n\n<p>Poi, vabbe&#8217;, \u00e8 tutto spettacolo: comparsate televisive, dibattiti, rilanci sui <em>social<\/em> e tutto il resto della fiera, quindi il nocciolo delirante di questa storia \u00e8 ulteriormente avvolto nel fumo e <em>paillettes<\/em> della societ\u00e0 dello spettacolo, per\u00f2 \u00e8 un caso interessantissimo, direi esemplare, dell&#8217;impotenza della nostra societ\u00e0 a gestire il tema delle identit\u00e0, dopo averle assolutizzate facendone il paradigma di riferimento delle interazioni fra gruppi sociali.<\/p>\n","protected":false},"excerpt":{"rendered":"<p>Segnalo una storia di cui ha parlato ieri Il Post &#8211; un video d&#8217;odio viscerale e veramente offensivo contro la<\/p>\n","protected":false},"author":1,"featured_media":17796,"comment_status":"open","ping_status":"open","sticky":false,"template":"","format":"standard","meta":{"_mi_skip_tracking":false,"_monsterinsights_sitenote_active":false,"_monsterinsights_sitenote_note":"","_monsterinsights_sitenote_category":0,"jetpack_post_was_ever_published":false,"_jetpack_newsletter_access":"","jetpack_publicize_message":"","jetpack_is_tweetstorm":false,"jetpack_publicize_feature_enabled":true,"jetpack_social_post_already_shared":true,"jetpack_social_options":{"image_generator_settings":{"template":"highway","enabled":false}}},"categories":[97,52,57,95,16],"tags":[],"jetpack_publicize_connections":[],"jetpack_featured_media_url":"https:\/\/i0.wp.com\/www.robertosedda.it\/wp-content\/uploads\/2020\/02\/Video-Mila.png?fit=516%2C339","jetpack_sharing_enabled":true,"jetpack_shortlink":"https:\/\/wp.me\/p4jV2T-4D1","jetpack_likes_enabled":true,"jetpack-related-posts":[{"id":17017,"url":"http:\/\/www.robertosedda.it\/?p=17017","url_meta":{"origin":17795,"position":0},"title":"Conferme","author":"Rufus","date":"19\/08\/2019","format":false,"excerpt":"Tutto sommato mi pare che il meccanismo delle segnalazioni automatiche (inviti alla lettura, notiziole, collegamenti rapidi a notizie o articoli che non ho il tempo di commentare o tradurre) del periodo agostano non sia andato male, e quindi ho deciso di confermarlo. Ho gi\u00e0 programmato le segnalazioni da qui a\u2026","rel":"","context":"In &quot;Coordinate&quot;","block_context":{"text":"Coordinate","link":"http:\/\/www.robertosedda.it\/?cat=52"},"img":{"alt_text":"","src":"https:\/\/i0.wp.com\/www.robertosedda.it\/wp-content\/uploads\/2019\/08\/Rufus-1.png?fit=834%2C720&resize=350%2C200","width":350,"height":200,"srcset":"https:\/\/i0.wp.com\/www.robertosedda.it\/wp-content\/uploads\/2019\/08\/Rufus-1.png?fit=834%2C720&resize=350%2C200 1x, https:\/\/i0.wp.com\/www.robertosedda.it\/wp-content\/uploads\/2019\/08\/Rufus-1.png?fit=834%2C720&resize=700%2C400 2x"},"classes":[]},{"id":9730,"url":"http:\/\/www.robertosedda.it\/?p=9730","url_meta":{"origin":17795,"position":1},"title":"REBLOG: Dei, semidei, falangi macedoni e mercenari su Instagram","author":"Rufus","date":"05\/03\/2015","format":"link","excerpt":"Segnalo un articolo divertente (e come al solito illuminante) di Gianluca Diegoli su\u00a0Instagram e le sue dinamiche.","rel":"","context":"In &quot;Segnalazioni&quot;","block_context":{"text":"Segnalazioni","link":"http:\/\/www.robertosedda.it\/?cat=95"},"img":{"alt_text":"","src":"","width":0,"height":0},"classes":[]},{"id":17010,"url":"http:\/\/www.robertosedda.it\/?p=17010","url_meta":{"origin":17795,"position":2},"title":"Gli spaghetti degli altri","author":"Rufus","date":"17\/08\/2019","format":false,"excerpt":"La rivista americana Bon Appetit dedica un articolo a cinquantacinque ricette di pasta alternative alla solita pasta al sugo (specificando che non c'\u00e8 la marinara, qualunque cosa essa sia). Secondo me \u00e8 una lettura interessante per diversi motivi. Intanto, consente di esercitarsi nei soliti stereotipi e provare ogni tanto il\u2026","rel":"","context":"In &quot;Cibo e cucine&quot;","block_context":{"text":"Cibo e cucine","link":"http:\/\/www.robertosedda.it\/?cat=71"},"img":{"alt_text":"","src":"https:\/\/i0.wp.com\/www.robertosedda.it\/wp-content\/uploads\/2019\/08\/creamy-pasta-with-peas-and-mint.jpg?fit=800%2C800&resize=350%2C200","width":350,"height":200,"srcset":"https:\/\/i0.wp.com\/www.robertosedda.it\/wp-content\/uploads\/2019\/08\/creamy-pasta-with-peas-and-mint.jpg?fit=800%2C800&resize=350%2C200 1x, https:\/\/i0.wp.com\/www.robertosedda.it\/wp-content\/uploads\/2019\/08\/creamy-pasta-with-peas-and-mint.jpg?fit=800%2C800&resize=700%2C400 2x"},"classes":[]},{"id":8414,"url":"http:\/\/www.robertosedda.it\/?p=8414","url_meta":{"origin":17795,"position":3},"title":"I consigli del venerd\u00ec &#8211; 2","author":"Rufus","date":"15\/09\/2014","format":false,"excerpt":"Seconda puntata della rassegna settimanale delle mie letture, pagine visitate e link condivisi. In fondo trovate un po' di cose goderecce, ma prima ancora uno sguardo sui massimi sistemi e i problemi del mondo. E l'economia? Bene (?!), grazie Su\u00a0nonconimieisoldi\u00a0Andrea Baranes ha scritto un articolo che sostanzialmente argomenta che siamo\u2026","rel":"","context":"In &quot;Coordinate&quot;","block_context":{"text":"Coordinate","link":"http:\/\/www.robertosedda.it\/?cat=52"},"img":{"alt_text":"","src":"https:\/\/i0.wp.com\/www.robertosedda.it\/wp-content\/uploads\/2014\/09\/Zerocalcare-litigi-web.jpg?fit=692%2C526&resize=350%2C200","width":350,"height":200},"classes":[]},{"id":11899,"url":"http:\/\/www.robertosedda.it\/?p=11899","url_meta":{"origin":17795,"position":4},"title":"Guerre di religione che almeno fanno ridere","author":"Rufus","date":"04\/05\/2016","format":"video","excerpt":"Di solito non segnalo n\u00e9\u00a0meme n\u00e9 video che riprendono o espandono ulteriormente i vari luoghi comuni di sport, letteratura o mezzi di comunicazione, tanto meno se alimentano le varie guerre di\u00a0\u00a0religione, tipo quelle fra\u00a0Apple e resto del mondo, squadre calcistiche eccetera. Per\u00f2. Per\u00f2 questo video mi ha fatto ridere. Ok,\u2026","rel":"","context":"In &quot;Coordinate&quot;","block_context":{"text":"Coordinate","link":"http:\/\/www.robertosedda.it\/?cat=52"},"img":{"alt_text":"","src":"https:\/\/i0.wp.com\/www.robertosedda.it\/wp-content\/uploads\/2014\/09\/Il-signore-degli-anelli.jpg?fit=393%2C620&resize=350%2C200","width":350,"height":200},"classes":[]},{"id":12347,"url":"http:\/\/www.robertosedda.it\/?p=12347","url_meta":{"origin":17795,"position":5},"title":"SEGNALAZIONI: Recuperi estivi","author":"Rufus","date":"23\/08\/2016","format":false,"excerpt":"Vedo che oggi e dopodomani la benemerita\u00a0arena estiva di Villa Muscas ripropone due film che mi sono piaciuti molto e di cui ho parlato: non perdeteli! 23 agosto ERA D\u2019ESTATE di Fiorella Infascelli. Con Massimo Popolizio, Beppe Fiorello, Valeria Solarino, Dramm. 100\u2019 - Italia 2015 Estate 1985. Giovanni Falcone e\u2026","rel":"","context":"In &quot;Coordinate&quot;","block_context":{"text":"Coordinate","link":"http:\/\/www.robertosedda.it\/?cat=52"},"img":{"alt_text":"","src":"","width":0,"height":0},"classes":[]}],"_links":{"self":[{"href":"http:\/\/www.robertosedda.it\/index.php?rest_route=\/wp\/v2\/posts\/17795"}],"collection":[{"href":"http:\/\/www.robertosedda.it\/index.php?rest_route=\/wp\/v2\/posts"}],"about":[{"href":"http:\/\/www.robertosedda.it\/index.php?rest_route=\/wp\/v2\/types\/post"}],"author":[{"embeddable":true,"href":"http:\/\/www.robertosedda.it\/index.php?rest_route=\/wp\/v2\/users\/1"}],"replies":[{"embeddable":true,"href":"http:\/\/www.robertosedda.it\/index.php?rest_route=%2Fwp%2Fv2%2Fcomments&post=17795"}],"version-history":[{"count":3,"href":"http:\/\/www.robertosedda.it\/index.php?rest_route=\/wp\/v2\/posts\/17795\/revisions"}],"predecessor-version":[{"id":17836,"href":"http:\/\/www.robertosedda.it\/index.php?rest_route=\/wp\/v2\/posts\/17795\/revisions\/17836"}],"wp:featuredmedia":[{"embeddable":true,"href":"http:\/\/www.robertosedda.it\/index.php?rest_route=\/wp\/v2\/media\/17796"}],"wp:attachment":[{"href":"http:\/\/www.robertosedda.it\/index.php?rest_route=%2Fwp%2Fv2%2Fmedia&parent=17795"}],"wp:term":[{"taxonomy":"category","embeddable":true,"href":"http:\/\/www.robertosedda.it\/index.php?rest_route=%2Fwp%2Fv2%2Fcategories&post=17795"},{"taxonomy":"post_tag","embeddable":true,"href":"http:\/\/www.robertosedda.it\/index.php?rest_route=%2Fwp%2Fv2%2Ftags&post=17795"}],"curies":[{"name":"wp","href":"https:\/\/api.w.org\/{rel}","templated":true}]}}