{"id":17772,"date":"2020-01-30T18:01:32","date_gmt":"2020-01-30T17:01:32","guid":{"rendered":"http:\/\/www.robertosedda.it\/?p=17772"},"modified":"2020-03-21T11:10:51","modified_gmt":"2020-03-21T10:10:51","slug":"due-righe-di-fatti-miei","status":"publish","type":"post","link":"http:\/\/www.robertosedda.it\/?p=17772","title":{"rendered":"Due righe di fatti miei"},"content":{"rendered":"\n<div class=\"wp-block-image\"><figure class=\"alignright size-thumbnail\"><img data-attachment-id=\"17774\" data-permalink=\"http:\/\/www.robertosedda.it\/?attachment_id=17774\" data-orig-file=\"https:\/\/i0.wp.com\/www.robertosedda.it\/wp-content\/uploads\/2020\/01\/rk.jpg?fit=200%2C200\" data-orig-size=\"200,200\" data-comments-opened=\"1\" data-image-meta=\"{&quot;aperture&quot;:&quot;0&quot;,&quot;credit&quot;:&quot;&quot;,&quot;camera&quot;:&quot;&quot;,&quot;caption&quot;:&quot;&quot;,&quot;created_timestamp&quot;:&quot;0&quot;,&quot;copyright&quot;:&quot;&quot;,&quot;focal_length&quot;:&quot;0&quot;,&quot;iso&quot;:&quot;0&quot;,&quot;shutter_speed&quot;:&quot;0&quot;,&quot;title&quot;:&quot;&quot;,&quot;orientation&quot;:&quot;0&quot;}\" data-image-title=\"rk\" data-image-description=\"\" data-image-caption=\"\" data-medium-file=\"https:\/\/i0.wp.com\/www.robertosedda.it\/wp-content\/uploads\/2020\/01\/rk.jpg?fit=200%2C200\" data-large-file=\"https:\/\/i0.wp.com\/www.robertosedda.it\/wp-content\/uploads\/2020\/01\/rk.jpg?fit=200%2C200\" decoding=\"async\" loading=\"lazy\" width=\"150\" height=\"150\" src=\"https:\/\/i0.wp.com\/www.robertosedda.it\/wp-content\/uploads\/2020\/01\/rk.jpg?resize=150%2C150\" alt=\"\" class=\"wp-image-17774\" srcset=\"https:\/\/i0.wp.com\/www.robertosedda.it\/wp-content\/uploads\/2020\/01\/rk.jpg?resize=150%2C150 150w, https:\/\/i0.wp.com\/www.robertosedda.it\/wp-content\/uploads\/2020\/01\/rk.jpg?w=200 200w\" sizes=\"(max-width: 150px) 100vw, 150px\" data-recalc-dims=\"1\" \/><\/figure><\/div>\n\n\n\n<p>Considerato che il <em>blog<\/em> mi serve un po&#8217; come una sorta di diario personale, mi permetto elencare qui una serie di apparizioni, comparse e altre cose accadute negli ultimi tempi, che se no mi dimentico.<\/p>\n\n\n\n<p>Intanto, sono andato a <em>Radio Kalaritana<\/em> l&#8217;8 gennaio, per parlare in anteprima di <em><a href=\"http:\/\/www.robertosedda.it\/?p=17656\">Economia che crea, economia che distrugge<\/a><\/em><\/p>\n\n\n\n<figure class=\"wp-block-embed\"><div class=\"wp-block-embed__wrapper\">\n<!--[if lt IE 9]><script>document.createElement('audio');<\/script><![endif]-->\n<audio class=\"wp-audio-shortcode\" id=\"audio-17772-1\" preload=\"none\" style=\"width: 100%;\" controls=\"controls\"><source type=\"audio\/mpeg\" src=\"http:\/\/www.radiokalaritana.it\/audio\/ZMS-S07E03-Economia_che_crea_economia_che_distrugge_Intervista_a_Roberto_Sedda_coordinatore_gruppo_soci_Banca_Popolare_Etica_Sardegna_meridionale-20200109.mp3?_=1\" \/><a href=\"http:\/\/www.radiokalaritana.it\/audio\/ZMS-S07E03-Economia_che_crea_economia_che_distrugge_Intervista_a_Roberto_Sedda_coordinatore_gruppo_soci_Banca_Popolare_Etica_Sardegna_meridionale-20200109.mp3\">http:\/\/www.radiokalaritana.it\/audio\/ZMS-S07E03-Economia_che_crea_economia_che_distrugge_Intervista_a_Roberto_Sedda_coordinatore_gruppo_soci_Banca_Popolare_Etica_Sardegna_meridionale-20200109.mp3<\/a><\/audio>\n<\/div><\/figure>\n\n\n\n<p>e ci sono tornato (ci trono sempre volentieri) pochi giorni fa, per parlare della <em>Jam<\/em><\/p>\n\n\n\n<figure class=\"wp-block-embed\"><div class=\"wp-block-embed__wrapper\">\n<audio class=\"wp-audio-shortcode\" id=\"audio-17772-2\" preload=\"none\" style=\"width: 100%;\" controls=\"controls\"><source type=\"audio\/mpeg\" src=\"http:\/\/www.radiokalaritana.it\/audio\/ZMS-S07E15-Global_Game_Jam_Intervista_a_Roberto_Sedda_presidente_associazione_Fabbricastorie-20200127.mp3?_=2\" \/><a href=\"http:\/\/www.radiokalaritana.it\/audio\/ZMS-S07E15-Global_Game_Jam_Intervista_a_Roberto_Sedda_presidente_associazione_Fabbricastorie-20200127.mp3\">http:\/\/www.radiokalaritana.it\/audio\/ZMS-S07E15-Global_Game_Jam_Intervista_a_Roberto_Sedda_presidente_associazione_Fabbricastorie-20200127.mp3<\/a><\/audio>\n<\/div><\/figure>\n\n\n\n<p>ma non contento, sono andato a parlare della <em>Jam<\/em> anche da <em><a href=\"https:\/\/www.radiox.it\/programmi\/extralive\/artecreativita\/48-ore-per-costruire-un-gioco-a-cagliari-torna-la-global-game-jam\/\">RadioX<\/a> <\/em>(anche l\u00ec vado sempre volentieri)<\/p>\n\n\n\n<figure class=\"wp-block-embed\"><div class=\"wp-block-embed__wrapper\">\n<audio class=\"wp-audio-shortcode\" id=\"audio-17772-3\" preload=\"none\" style=\"width: 100%;\" controls=\"controls\"><source type=\"audio\/mpeg\" src=\"https:\/\/www.radioxlive.com\/cagliarisocialradio\/2020\/robertosedda_nottevideogame2901.mp3?_=3\" \/><a href=\"https:\/\/www.radioxlive.com\/cagliarisocialradio\/2020\/robertosedda_nottevideogame2901.mp3\">https:\/\/www.radioxlive.com\/cagliarisocialradio\/2020\/robertosedda_nottevideogame2901.mp3<\/a><\/audio>\n<\/div><\/figure>\n\n\n\n<p>e davvero, non so come ringraziare entrambi per l&#8217;attenzione.<\/p>\n\n\n\n<p>Nel frattempo, nell&#8217;ambito della rassegna <em>A casa loro<\/em> organizzata dalle amiche (sono circondato di amici e amiche) di <em>Laboratorio28 <\/em>il 4 febbraio alle 20,30 coordiner\u00f2 la discussione che seguir\u00e0 alla visione del film <em>Con quale diritto<\/em>, presenti Tiziana Ripani e Claudio Papalia, autrice e autore.<\/p>\n\n\n\n<figure class=\"wp-block-image alignwide size-full\"><img data-attachment-id=\"17778\" data-permalink=\"http:\/\/www.robertosedda.it\/?attachment_id=17778\" data-orig-file=\"https:\/\/i0.wp.com\/www.robertosedda.it\/wp-content\/uploads\/2020\/01\/A-CASA-LORO-Locandina-Gennaio-Feb-DEF2-724x1024-1.jpg?fit=724%2C1024\" data-orig-size=\"724,1024\" data-comments-opened=\"1\" data-image-meta=\"{&quot;aperture&quot;:&quot;0&quot;,&quot;credit&quot;:&quot;&quot;,&quot;camera&quot;:&quot;&quot;,&quot;caption&quot;:&quot;&quot;,&quot;created_timestamp&quot;:&quot;0&quot;,&quot;copyright&quot;:&quot;&quot;,&quot;focal_length&quot;:&quot;0&quot;,&quot;iso&quot;:&quot;0&quot;,&quot;shutter_speed&quot;:&quot;0&quot;,&quot;title&quot;:&quot;&quot;,&quot;orientation&quot;:&quot;0&quot;}\" data-image-title=\"A-CASA-LORO-Locandina-Gennaio-Feb-DEF2-724&#215;1024-1\" data-image-description=\"\" data-image-caption=\"\" data-medium-file=\"https:\/\/i0.wp.com\/www.robertosedda.it\/wp-content\/uploads\/2020\/01\/A-CASA-LORO-Locandina-Gennaio-Feb-DEF2-724x1024-1.jpg?fit=212%2C300\" data-large-file=\"https:\/\/i0.wp.com\/www.robertosedda.it\/wp-content\/uploads\/2020\/01\/A-CASA-LORO-Locandina-Gennaio-Feb-DEF2-724x1024-1.jpg?fit=510%2C721\" decoding=\"async\" loading=\"lazy\" width=\"724\" height=\"1024\" src=\"https:\/\/i0.wp.com\/www.robertosedda.it\/wp-content\/uploads\/2020\/01\/A-CASA-LORO-Locandina-Gennaio-Feb-DEF2-724x1024-1.jpg?resize=724%2C1024\" alt=\"\" class=\"wp-image-17778\" srcset=\"https:\/\/i0.wp.com\/www.robertosedda.it\/wp-content\/uploads\/2020\/01\/A-CASA-LORO-Locandina-Gennaio-Feb-DEF2-724x1024-1.jpg?w=724 724w, https:\/\/i0.wp.com\/www.robertosedda.it\/wp-content\/uploads\/2020\/01\/A-CASA-LORO-Locandina-Gennaio-Feb-DEF2-724x1024-1.jpg?resize=212%2C300 212w, https:\/\/i0.wp.com\/www.robertosedda.it\/wp-content\/uploads\/2020\/01\/A-CASA-LORO-Locandina-Gennaio-Feb-DEF2-724x1024-1.jpg?resize=510%2C721 510w, https:\/\/i0.wp.com\/www.robertosedda.it\/wp-content\/uploads\/2020\/01\/A-CASA-LORO-Locandina-Gennaio-Feb-DEF2-724x1024-1.jpg?resize=106%2C150 106w\" sizes=\"(max-width: 724px) 100vw, 724px\" data-recalc-dims=\"1\" \/><\/figure>\n\n\n\n<p>Dopo l&#8217;esperienza con Manolo al <em>Festival LEI <\/em>continuo a arrischiarmi a interviste e moderazioni per le quali non sono assolutamente qualificato. Con Manolo \u00e8 andata benissimo, ma sono cosciente che, come diceva Brecht, \u00abse la mia fortuna finisce sono spacciato\u00bb: speriamo la fortuna non finisca proprio marted\u00ec prossimo.<\/p>\n\n\n\n<p>Mi consola che in mancanza della fortuna ho tanti amici: venite a sostenermi alla proiezione!<\/p>\n","protected":false},"excerpt":{"rendered":"<p>Considerato che il blog mi serve un po&#8217; come una sorta di diario personale, mi permetto elencare qui una serie<\/p>\n","protected":false},"author":1,"featured_media":17778,"comment_status":"open","ping_status":"open","sticky":false,"template":"","format":"standard","meta":{"_mi_skip_tracking":false,"_monsterinsights_sitenote_active":false,"_monsterinsights_sitenote_note":"","_monsterinsights_sitenote_category":0,"jetpack_post_was_ever_published":false,"_jetpack_newsletter_access":"","jetpack_publicize_message":"","jetpack_is_tweetstorm":false,"jetpack_publicize_feature_enabled":true,"jetpack_social_post_already_shared":true,"jetpack_social_options":{"image_generator_settings":{"template":"highway","enabled":false}}},"categories":[52,53,95,16],"tags":[],"jetpack_publicize_connections":[],"jetpack_featured_media_url":"https:\/\/i0.wp.com\/www.robertosedda.it\/wp-content\/uploads\/2020\/01\/A-CASA-LORO-Locandina-Gennaio-Feb-DEF2-724x1024-1.jpg?fit=724%2C1024","jetpack_sharing_enabled":true,"jetpack_shortlink":"https:\/\/wp.me\/p4jV2T-4CE","jetpack_likes_enabled":true,"jetpack-related-posts":[{"id":2787,"url":"http:\/\/www.robertosedda.it\/?p=2787","url_meta":{"origin":17772,"position":0},"title":"Tessere altre economie","author":"Rufus","date":"03\/04\/2013","format":false,"excerpt":"Domani, 4 aprile 2013,\u00a0alle ore 16 sar\u00f2 al Liceo Siotto per parlare a un corso di aggiornamento di insegnanti, come se fossi una persona seria. Il tema che mi hanno assegnato (a dir la verit\u00e0 il titolo l'ho suggerito io, ehm) \u00e8: Tessere altre economie. Un po' il titolo \u00e8\u2026","rel":"","context":"In &quot;Coordinate&quot;","block_context":{"text":"Coordinate","link":"http:\/\/www.robertosedda.it\/?cat=52"},"img":{"alt_text":"","src":"","width":0,"height":0},"classes":[]},{"id":687,"url":"http:\/\/www.robertosedda.it\/?p=687","url_meta":{"origin":17772,"position":1},"title":"L&#8217;economista mascherato","author":"Rufus","date":"23\/08\/2012","format":false,"excerpt":"Sto leggendo questo divertente testo divulgativo di economia (l'Economista Mascherato, appunto) di Tim Harford, editorialista del Financial Times. \u00c8 un libro che spiega in termini economici le cose banali della nostra vita quotidiana, tipo perch\u00e9 il caff\u00e9 negli aereoporti \u00e8 uniformemente cattivo ma costa il doppio del bar sotto casa,\u2026","rel":"","context":"In &quot;Coordinate&quot;","block_context":{"text":"Coordinate","link":"http:\/\/www.robertosedda.it\/?cat=52"},"img":{"alt_text":"","src":"https:\/\/i0.wp.com\/www.robertosedda.it\/wp-content\/uploads\/2012\/08\/the-undercover-economist-tim-hardford.jpg?fit=500%2C677&resize=350%2C200","width":350,"height":200},"classes":[]},{"id":5461,"url":"http:\/\/www.robertosedda.it\/?p=5461","url_meta":{"origin":17772,"position":2},"title":"Letture per Natale","author":"Rufus","date":"17\/12\/2013","format":false,"excerpt":"Raccolgo volentieri la segnalazione della mia amica, antica collega universitaria\u00a0e consocia di Banca Etica Marina Boetti, la libraia pi\u00f9 affascinante che conosca (qui a lato in una foto di Dietrich Steinmetz che ho rubato da Facebook). Marina mi ha\u00a0inviato per mail un elenco di titoli che per chi fa politica,\u2026","rel":"","context":"In &quot;Coordinate&quot;","block_context":{"text":"Coordinate","link":"http:\/\/www.robertosedda.it\/?cat=52"},"img":{"alt_text":"","src":"https:\/\/i0.wp.com\/www.robertosedda.it\/wp-content\/uploads\/2013\/12\/economia-con-l-anima.jpg?resize=350%2C200","width":350,"height":200},"classes":[]},{"id":6661,"url":"http:\/\/www.robertosedda.it\/?p=6661","url_meta":{"origin":17772,"position":3},"title":"Economia della condivisione. Anche in Sardegna?","author":"Rufus","date":"06\/03\/2014","format":false,"excerpt":"Oltre che su questo blog, questo articolo viene pubblicato anche sui siti Fondazione Sardinia, Aladin Pensiero, Madrigopolis, SardegnaSoprattutto, Sportello Formaparis, Tottusinpari e sui blog di Enrico Lobina e Vito Biolchini. La \u201csharing economy\u201d in Sardegna. Possibile modello economico o una moda destinata a sparire? di Fabrizio Palazzari La \"sharing economy\"\u2026","rel":"","context":"In &quot;Coordinate&quot;","block_context":{"text":"Coordinate","link":"http:\/\/www.robertosedda.it\/?cat=52"},"img":{"alt_text":"","src":"https:\/\/i0.wp.com\/www.robertosedda.it\/wp-content\/uploads\/2013\/12\/2013-12-01-17.44.57.jpg?fit=1200%2C900&resize=350%2C200","width":350,"height":200,"srcset":"https:\/\/i0.wp.com\/www.robertosedda.it\/wp-content\/uploads\/2013\/12\/2013-12-01-17.44.57.jpg?fit=1200%2C900&resize=350%2C200 1x, https:\/\/i0.wp.com\/www.robertosedda.it\/wp-content\/uploads\/2013\/12\/2013-12-01-17.44.57.jpg?fit=1200%2C900&resize=700%2C400 2x, https:\/\/i0.wp.com\/www.robertosedda.it\/wp-content\/uploads\/2013\/12\/2013-12-01-17.44.57.jpg?fit=1200%2C900&resize=1050%2C600 3x"},"classes":[]},{"id":3312,"url":"http:\/\/www.robertosedda.it\/?p=3312","url_meta":{"origin":17772,"position":4},"title":"Quel che ho raccontato a Bologna","author":"Rufus","date":"31\/05\/2013","format":false,"excerpt":"Mi \u00e8 arrivata avantieri una mail che mi ha fatto molto piacere e che, nel ringraziare tanti che hanno collaborato a Terra Equa, tra l'altro dice: Grazie a tutti quelli che hanno partecipato alla tavola rotonda di sabato 25 [...]... a Roberto Sedda (Sardegna) per aver ricordato che le reti\u2026","rel":"","context":"In &quot;Banche e finanza&quot;","block_context":{"text":"Banche e finanza","link":"http:\/\/www.robertosedda.it\/?cat=72"},"img":{"alt_text":"","src":"https:\/\/i0.wp.com\/www.robertosedda.it\/wp-content\/uploads\/2013\/05\/2013-05-25-11.10.44.jpg?fit=640%2C480&resize=350%2C200","width":350,"height":200},"classes":[]},{"id":13338,"url":"http:\/\/www.robertosedda.it\/?p=13338","url_meta":{"origin":17772,"position":5},"title":"Stasera sono qui, non ci sono per nient&#8217;altro","author":"Rufus","date":"03\/03\/2017","format":false,"excerpt":"Alle 17,30 alla Facolt\u00e0 di Ingegneria, Aula Magna. Alla vecchia maniera: si parla di economia di guerra, traffico di armi, ruolo della finanza, spese militari. Alla vecchia maniera.","rel":"","context":"In &quot;Banche e finanza&quot;","block_context":{"text":"Banche e finanza","link":"http:\/\/www.robertosedda.it\/?cat=72"},"img":{"alt_text":"","src":"https:\/\/i0.wp.com\/www.robertosedda.it\/wp-content\/uploads\/2017\/03\/Nodi-della-guerra.jpg?fit=1200%2C426&resize=350%2C200","width":350,"height":200,"srcset":"https:\/\/i0.wp.com\/www.robertosedda.it\/wp-content\/uploads\/2017\/03\/Nodi-della-guerra.jpg?fit=1200%2C426&resize=350%2C200 1x, https:\/\/i0.wp.com\/www.robertosedda.it\/wp-content\/uploads\/2017\/03\/Nodi-della-guerra.jpg?fit=1200%2C426&resize=700%2C400 2x, https:\/\/i0.wp.com\/www.robertosedda.it\/wp-content\/uploads\/2017\/03\/Nodi-della-guerra.jpg?fit=1200%2C426&resize=1050%2C600 3x"},"classes":[]}],"_links":{"self":[{"href":"http:\/\/www.robertosedda.it\/index.php?rest_route=\/wp\/v2\/posts\/17772"}],"collection":[{"href":"http:\/\/www.robertosedda.it\/index.php?rest_route=\/wp\/v2\/posts"}],"about":[{"href":"http:\/\/www.robertosedda.it\/index.php?rest_route=\/wp\/v2\/types\/post"}],"author":[{"embeddable":true,"href":"http:\/\/www.robertosedda.it\/index.php?rest_route=\/wp\/v2\/users\/1"}],"replies":[{"embeddable":true,"href":"http:\/\/www.robertosedda.it\/index.php?rest_route=%2Fwp%2Fv2%2Fcomments&post=17772"}],"version-history":[{"count":5,"href":"http:\/\/www.robertosedda.it\/index.php?rest_route=\/wp\/v2\/posts\/17772\/revisions"}],"predecessor-version":[{"id":17779,"href":"http:\/\/www.robertosedda.it\/index.php?rest_route=\/wp\/v2\/posts\/17772\/revisions\/17779"}],"wp:featuredmedia":[{"embeddable":true,"href":"http:\/\/www.robertosedda.it\/index.php?rest_route=\/wp\/v2\/media\/17778"}],"wp:attachment":[{"href":"http:\/\/www.robertosedda.it\/index.php?rest_route=%2Fwp%2Fv2%2Fmedia&parent=17772"}],"wp:term":[{"taxonomy":"category","embeddable":true,"href":"http:\/\/www.robertosedda.it\/index.php?rest_route=%2Fwp%2Fv2%2Fcategories&post=17772"},{"taxonomy":"post_tag","embeddable":true,"href":"http:\/\/www.robertosedda.it\/index.php?rest_route=%2Fwp%2Fv2%2Ftags&post=17772"}],"curies":[{"name":"wp","href":"https:\/\/api.w.org\/{rel}","templated":true}]}}