{"id":17767,"date":"2020-01-28T17:43:38","date_gmt":"2020-01-28T16:43:38","guid":{"rendered":"http:\/\/www.robertosedda.it\/?p=17767"},"modified":"2026-02-02T11:46:57","modified_gmt":"2026-02-02T10:46:57","slug":"buone-pratiche-di-apertura","status":"publish","type":"post","link":"http:\/\/www.robertosedda.it\/?p=17767","title":{"rendered":"Buone pratiche di apertura"},"content":{"rendered":"\n<p>In mezzo alle varie notizie legate alla serie di casi di infezione virale che ha avuto origine a Wuhan, segnalo che ho letto sul <em><a href=\"https:\/\/www.theguardian.com\/science\/live\/2020\/jan\/28\/coronavirus-first-death-in-beijing-as-us-issues-new-china-travel-warning-live-updates\">Guardian<\/a> <\/em>che l&#8217;editore <em>Wiley<\/em>, uno dei pi\u00f9 importanti nel campo scientifico, ha steso un elenco di cinquantaquattro articoli scientifici legati al coronavirus e li ha messi in libera circolazione fino al 20 aprile (e oltre se necessario).<\/p>\n\n\n\n<figure class=\"wp-block-image alignwide size-full\"><img data-attachment-id=\"17768\" data-permalink=\"http:\/\/www.robertosedda.it\/?attachment_id=17768\" data-orig-file=\"https:\/\/i0.wp.com\/www.robertosedda.it\/wp-content\/uploads\/2020\/01\/Wiley-open-source.png?fit=626%2C471\" data-orig-size=\"626,471\" data-comments-opened=\"1\" data-image-meta=\"{&quot;aperture&quot;:&quot;0&quot;,&quot;credit&quot;:&quot;&quot;,&quot;camera&quot;:&quot;&quot;,&quot;caption&quot;:&quot;&quot;,&quot;created_timestamp&quot;:&quot;0&quot;,&quot;copyright&quot;:&quot;&quot;,&quot;focal_length&quot;:&quot;0&quot;,&quot;iso&quot;:&quot;0&quot;,&quot;shutter_speed&quot;:&quot;0&quot;,&quot;title&quot;:&quot;&quot;,&quot;orientation&quot;:&quot;0&quot;}\" data-image-title=\"Wiley-open-source\" data-image-description=\"\" data-image-caption=\"\" data-medium-file=\"https:\/\/i0.wp.com\/www.robertosedda.it\/wp-content\/uploads\/2020\/01\/Wiley-open-source.png?fit=300%2C226\" data-large-file=\"https:\/\/i0.wp.com\/www.robertosedda.it\/wp-content\/uploads\/2020\/01\/Wiley-open-source.png?fit=510%2C384\" decoding=\"async\" loading=\"lazy\" width=\"626\" height=\"471\" src=\"https:\/\/i0.wp.com\/www.robertosedda.it\/wp-content\/uploads\/2020\/01\/Wiley-open-source.png?resize=626%2C471\" alt=\"\" class=\"wp-image-17768\" srcset=\"https:\/\/i0.wp.com\/www.robertosedda.it\/wp-content\/uploads\/2020\/01\/Wiley-open-source.png?w=626 626w, https:\/\/i0.wp.com\/www.robertosedda.it\/wp-content\/uploads\/2020\/01\/Wiley-open-source.png?resize=300%2C226 300w, https:\/\/i0.wp.com\/www.robertosedda.it\/wp-content\/uploads\/2020\/01\/Wiley-open-source.png?resize=510%2C384 510w, https:\/\/i0.wp.com\/www.robertosedda.it\/wp-content\/uploads\/2020\/01\/Wiley-open-source.png?resize=150%2C113 150w\" sizes=\"(max-width: 626px) 100vw, 626px\" data-recalc-dims=\"1\" \/><\/figure>\n\n\n\n<p>L&#8217;effetto netto immagino non sia straordinario: qualunque serio gruppo di ricerca probabilmente \u00e8 gi\u00e0 abbonato a quelle banche date e a quelle riviste elettroniche, per\u00f2 \u00e8 un bel segnale e una scelta di campo non trascurabile.<\/p>\n\n\n\n<p>Per chi fosse interessato il <em>link<\/em> agli articoli \u00e8 <em><a href=\"https:\/\/secure.wiley.com\/Coronavirus2020\">questo<\/a><\/em>.<\/p>\n","protected":false},"excerpt":{"rendered":"<p>In mezzo alle varie notizie legate alla serie di casi di infezione virale che ha avuto origine a Wuhan, segnalo<\/p>\n","protected":false},"author":1,"featured_media":17768,"comment_status":"open","ping_status":"open","sticky":false,"template":"","format":"standard","meta":{"_mi_skip_tracking":false,"_monsterinsights_sitenote_active":false,"_monsterinsights_sitenote_note":"","_monsterinsights_sitenote_category":0,"jetpack_post_was_ever_published":false,"_jetpack_newsletter_access":"","jetpack_publicize_message":"","jetpack_is_tweetstorm":false,"jetpack_publicize_feature_enabled":true,"jetpack_social_post_already_shared":true,"jetpack_social_options":{"image_generator_settings":{"template":"highway","enabled":false}}},"categories":[52,55,77,95,16],"tags":[],"jetpack_publicize_connections":[],"jetpack_featured_media_url":"https:\/\/i0.wp.com\/www.robertosedda.it\/wp-content\/uploads\/2020\/01\/Wiley-open-source.png?fit=626%2C471","jetpack_sharing_enabled":true,"jetpack_shortlink":"https:\/\/wp.me\/p4jV2T-4Cz","jetpack_likes_enabled":true,"jetpack-related-posts":[{"id":15729,"url":"http:\/\/www.robertosedda.it\/?p=15729","url_meta":{"origin":17767,"position":0},"title":"Al tappeto","author":"Rufus","date":"11\/10\/2018","format":"video","excerpt":"Come probabilmente sa chi mi segue da un po', questo blog non ha una grande simpatia per posizioni di tipo scientista, che non vuol dire, peraltro, che non abbia fiducia nella scienza, solo credo che occorra intendersi sul termine scienza. Anche sul termine fiducia, probabilmente. Sulla base di questo saltuario\u2026","rel":"","context":"In &quot;Coordinate&quot;","block_context":{"text":"Coordinate","link":"http:\/\/www.robertosedda.it\/?cat=52"},"img":{"alt_text":"","src":"https:\/\/i0.wp.com\/www.robertosedda.it\/wp-content\/uploads\/2018\/10\/Rocky.jpg?fit=576%2C449&resize=350%2C200","width":350,"height":200},"classes":[]},{"id":15327,"url":"http:\/\/www.robertosedda.it\/?p=15327","url_meta":{"origin":17767,"position":1},"title":"Caramelle dagli psicologi","author":"Rufus","date":"08\/06\/2018","format":false,"excerpt":"Durante questi giorni di malattia, non so perch\u00e9, mi sono imbattuto principalmente in storie riguardanti l'universit\u00e0 oppure l'educazione. Qualcosa ho gi\u00e0 pubblicato, segnalo oggi un articolo scientifico sul test delle caramelle, commentato anche su The Atlantic. Cos'\u00e8 il test delle caramelle? \u00c8 un famoso test psicologico i cui risultati sono\u2026","rel":"","context":"In &quot;Antropologia&quot;","block_context":{"text":"Antropologia","link":"http:\/\/www.robertosedda.it\/?cat=97"},"img":{"alt_text":"","src":"https:\/\/i0.wp.com\/www.robertosedda.it\/wp-content\/uploads\/2018\/06\/Caramelle.jpg?fit=1200%2C528&resize=350%2C200","width":350,"height":200,"srcset":"https:\/\/i0.wp.com\/www.robertosedda.it\/wp-content\/uploads\/2018\/06\/Caramelle.jpg?fit=1200%2C528&resize=350%2C200 1x, https:\/\/i0.wp.com\/www.robertosedda.it\/wp-content\/uploads\/2018\/06\/Caramelle.jpg?fit=1200%2C528&resize=700%2C400 2x, https:\/\/i0.wp.com\/www.robertosedda.it\/wp-content\/uploads\/2018\/06\/Caramelle.jpg?fit=1200%2C528&resize=1050%2C600 3x"},"classes":[]},{"id":9524,"url":"http:\/\/www.robertosedda.it\/?p=9524","url_meta":{"origin":17767,"position":2},"title":"Universidade de Sardigna Universit\u00e0 della Sardegna University of Sardinia (un intervento di Franco Meloni)","author":"Rufus","date":"03\/02\/2015","format":false,"excerpt":"Ci sono stati un po' di rallentamenti nell'attivit\u00e0 dei\u00a0blogger del luned\u00ec, ma questo articolo dovrebbe essere pubblicato anche dai siti\u00a0di\u00a0Fondazione Sardinia,\u00a0Tramasdeamistade,\u00a0SardegnaSoprattutto,\u00a0Sportello Formaparis,\u00a0Tottusinpari e sui blog di\u00a0Enrico Lobina,\u00a0Vito Biolchini\u00a0e\u00a0Francesca Madrigali. Sull'articolo, che segnala un tema molto attuale del quale si parla molto poco, solo due precisazioni: io non sono mica convinto\u2026","rel":"","context":"In &quot;Coordinate&quot;","block_context":{"text":"Coordinate","link":"http:\/\/www.robertosedda.it\/?cat=52"},"img":{"alt_text":"","src":"https:\/\/i0.wp.com\/www.robertosedda.it\/wp-content\/uploads\/2015\/02\/Sardegna-universitaria_2.jpg?fit=1200%2C781&resize=350%2C200","width":350,"height":200,"srcset":"https:\/\/i0.wp.com\/www.robertosedda.it\/wp-content\/uploads\/2015\/02\/Sardegna-universitaria_2.jpg?fit=1200%2C781&resize=350%2C200 1x, https:\/\/i0.wp.com\/www.robertosedda.it\/wp-content\/uploads\/2015\/02\/Sardegna-universitaria_2.jpg?fit=1200%2C781&resize=700%2C400 2x, https:\/\/i0.wp.com\/www.robertosedda.it\/wp-content\/uploads\/2015\/02\/Sardegna-universitaria_2.jpg?fit=1200%2C781&resize=1050%2C600 3x"},"classes":[]},{"id":16683,"url":"http:\/\/www.robertosedda.it\/?p=16683","url_meta":{"origin":17767,"position":3},"title":"La scienza del razzismo","author":"Rufus","date":"14\/05\/2019","format":false,"excerpt":"Come successo qualche giorno fa per gli articoli sul tema della crisi dell'empatia, il fidato aggregatore mattutino di notizie mi ha segnalato a brevissima distanza fra loro alcuni articoli sulla risorgenza del razzismo scientifico, cio\u00e8 su quel corpo di dottrine che postulavano l'esistenza delle razze, le basi biologiche della loro\u2026","rel":"","context":"In &quot;Antropologia&quot;","block_context":{"text":"Antropologia","link":"http:\/\/www.robertosedda.it\/?cat=97"},"img":{"alt_text":"","src":"https:\/\/i0.wp.com\/www.robertosedda.it\/wp-content\/uploads\/2019\/05\/Eugenics-protest.jpg?fit=1200%2C756&resize=350%2C200","width":350,"height":200,"srcset":"https:\/\/i0.wp.com\/www.robertosedda.it\/wp-content\/uploads\/2019\/05\/Eugenics-protest.jpg?fit=1200%2C756&resize=350%2C200 1x, https:\/\/i0.wp.com\/www.robertosedda.it\/wp-content\/uploads\/2019\/05\/Eugenics-protest.jpg?fit=1200%2C756&resize=700%2C400 2x, https:\/\/i0.wp.com\/www.robertosedda.it\/wp-content\/uploads\/2019\/05\/Eugenics-protest.jpg?fit=1200%2C756&resize=1050%2C600 3x"},"classes":[]},{"id":4806,"url":"http:\/\/www.robertosedda.it\/?p=4806","url_meta":{"origin":17767,"position":4},"title":"Fatevi una cultura sulla democrazia partecipativa","author":"Rufus","date":"29\/10\/2013","format":false,"excerpt":"Considerato che i miei ultimi articoli hanno girato in un modo o nell'altro\u00a0intorno a\u00a0questo argomento, mi\u00a0sembra opportuno fornire qualche suggerimento di lettura per chi vuole approfondire il tema della democrazia partecipativa. Solo una precisazione: parlo di \"democrazia partecipativa\" per semplicit\u00e0, l'argomento \u00e8 abbastanza sfilacciato ai confini e si usano talvolta\u2026","rel":"","context":"In &quot;Coordinate&quot;","block_context":{"text":"Coordinate","link":"http:\/\/www.robertosedda.it\/?cat=52"},"img":{"alt_text":"","src":"","width":0,"height":0},"classes":[]},{"id":12362,"url":"http:\/\/www.robertosedda.it\/?p=12362","url_meta":{"origin":17767,"position":5},"title":"La falsa scienza","author":"Rufus","date":"29\/08\/2016","format":false,"excerpt":"Seguendo una battuta di passaggio in una conferenza di Constance Steinkuehler mi sono letto un articolo - che scopro citatissimo - del 2002 di due professori statunitensi, Clark Chinn e Betina Malhotra (sono uno psicologo dell'educazione e una esperta di processi formativi in campo medico), dal titolo altisonante di Ricerca\u2026","rel":"","context":"In &quot;Coordinate&quot;","block_context":{"text":"Coordinate","link":"http:\/\/www.robertosedda.it\/?cat=52"},"img":{"alt_text":"","src":"https:\/\/i0.wp.com\/www.robertosedda.it\/wp-content\/uploads\/2015\/03\/John-Urschel-5.jpg?fit=630%2C372&resize=350%2C200","width":350,"height":200},"classes":[]}],"_links":{"self":[{"href":"http:\/\/www.robertosedda.it\/index.php?rest_route=\/wp\/v2\/posts\/17767"}],"collection":[{"href":"http:\/\/www.robertosedda.it\/index.php?rest_route=\/wp\/v2\/posts"}],"about":[{"href":"http:\/\/www.robertosedda.it\/index.php?rest_route=\/wp\/v2\/types\/post"}],"author":[{"embeddable":true,"href":"http:\/\/www.robertosedda.it\/index.php?rest_route=\/wp\/v2\/users\/1"}],"replies":[{"embeddable":true,"href":"http:\/\/www.robertosedda.it\/index.php?rest_route=%2Fwp%2Fv2%2Fcomments&post=17767"}],"version-history":[{"count":3,"href":"http:\/\/www.robertosedda.it\/index.php?rest_route=\/wp\/v2\/posts\/17767\/revisions"}],"predecessor-version":[{"id":17771,"href":"http:\/\/www.robertosedda.it\/index.php?rest_route=\/wp\/v2\/posts\/17767\/revisions\/17771"}],"wp:featuredmedia":[{"embeddable":true,"href":"http:\/\/www.robertosedda.it\/index.php?rest_route=\/wp\/v2\/media\/17768"}],"wp:attachment":[{"href":"http:\/\/www.robertosedda.it\/index.php?rest_route=%2Fwp%2Fv2%2Fmedia&parent=17767"}],"wp:term":[{"taxonomy":"category","embeddable":true,"href":"http:\/\/www.robertosedda.it\/index.php?rest_route=%2Fwp%2Fv2%2Fcategories&post=17767"},{"taxonomy":"post_tag","embeddable":true,"href":"http:\/\/www.robertosedda.it\/index.php?rest_route=%2Fwp%2Fv2%2Ftags&post=17767"}],"curies":[{"name":"wp","href":"https:\/\/api.w.org\/{rel}","templated":true}]}}