{"id":1754,"date":"2013-02-06T18:22:05","date_gmt":"2013-02-06T17:22:05","guid":{"rendered":"http:\/\/www.robertosedda.it\/?p=1754"},"modified":"2026-02-06T12:22:11","modified_gmt":"2026-02-06T11:22:11","slug":"dont-cry-for-me-argentina","status":"publish","type":"post","link":"http:\/\/www.robertosedda.it\/?p=1754","title":{"rendered":"Don&#8217;t cry for me Argentina"},"content":{"rendered":"<p>\u00c8 da un po&#8217; che raccolgo qualche <em>link<\/em> sulla situazione argentina, un paese a cui sono legato essendo l&#8217;unico posto al mondo fuori dell&#8217;Europa dove sono stato (per la Giornata Mondiale della Giovent\u00f9 del 1987 e&#8230; ma questa \u00e8 un&#8217;altra storia e sar\u00e0 raccontata un&#8217;altra volta) e che, per la crisi economica vissuta nei primi anni 2000, per la ripresa&nbsp;ottenuta e per il presentarsi come &#8220;laboratorio&#8221; politico per il continente latinoamericano (e in realt\u00e0 per tutto il mondo) \u00e8 spesso presente all&#8217;attenzione dell&#8217;opinione pubblica. Un&#8217;attenzione&nbsp;tanto maggiore adesso, che un conflitto a un tempo economico e politico attraversa sia il paese al suo interno che nei suoi rapporti con gli organismi internazionali e con i paesi creditori.<\/p>\n<p>Raccoglievo <em>link<\/em>, dicevo, perch\u00e9 volevo prima o poi parlarne, ma sono stato preceduto da un <a href=\"http:\/\/www.paolomaccioni.it\/wp\/2013\/02\/06\/cattivo-giornalismo\/\">veemente articolo<\/a> sul <em>blog<\/em> del mio amico Paolo Maccioni, anch&#8217;esso legato all&#8217;Argentina da legami familiari e sentimentali (e probabilmente pi\u00f9 addentro di me nelle cose locali).<\/p>\n<h2><em>Tango bond<\/em><\/h2>\n<p>Paolo si \u00e8 molto adombrato per un <a href=\"http:\/\/www.dirittiglobali.it\/index.php?view=article&amp;catid=33:internazionale&amp;id=41836:dai-tango-bond-alle-finte-statistiche-le-bugie-lcreativer-dellargentina&amp;format=pdf&amp;ml=2&amp;mlt=yoo_explorer&amp;tmpl=component\">articolo di pochi giorni fa sul <em>Corriere della Sera<\/em>, a firma Rocco Cotroneo<\/a>. Effettivamente \u00e8 un po&#8217; pasticciato: non \u00e8 tanto che mette insieme Menem e la Kirchner, quanto che ci infila pure Maradona &#8211; e anche Borges &#8211; e fa una macedonia di figure e riferimenti temporali. D&#8217;altra parte Cotroneo si occupa di Argentina da tempo: una semplice ricerchina in rete fa trovare altri articoli (per esempio <a href=\"http:\/\/www.corriere.it\/economia\/corriereconomia\/11_ottobre_31\/cotroneo-argentina-quanto-regge-ricetta-cristina_99e68ecc-03ca-11e1-af48-d19489409c54.shtml\">questo <\/a>e <a href=\"http:\/\/files.meetup.com\/3796972\/SETTEN45_pag71-76_09.11.2012.pdf\">questo<\/a>), obiettivamente meno &#8220;di colore&#8221; e pi\u00f9 argomentati, che presentano con maggior cura un robusto scetticismo sulle&nbsp;le politiche economiche (neostataliste e antiliberiste) di Cristina Kirchner (e prima di lei del marito, N\u00e9stor). L&#8217;idea di base \u00e8 che <em>non dura, dura minga, dura no<\/em>: prima o poi l&#8217;eterodossia economica scoppier\u00e0 in mano ai suoi fautori e le ragioni del liberismo saranno vendicate.<\/p>\n<p>Paolo in alternativa consiglia <a href=\"http:\/\/www.eurasia-rivista.org\/avvoltoi-internazionali-contro-il-leviatano-argentino\/18387\/\">un articolo di Massimo Aggius Vella<\/a> che fin dal titolo (<em>Avvoltoi internazionali contro il leviatano argentino<\/em>) si schiera su posizioni opposte:&nbsp;ha ragione Paolo nel trovarlo&nbsp;molto meglio argomentato e pi\u00f9 informativo, per\u00f2 \u00e8 evidente che il tipo di ragionamento \u00e8 simmetrico &#8211; ci si augura che l&#8217;eterodossia antiliberista trionfi <em>quindi<\/em> ci si augura che le misure economiche adottate si rivelino adeguate. \u00c8 anche la mia posizione, ma anteporre i risultati alle premesse di solito non d\u00e0 grandi garanzie di buon ragionamento scientifico. E oltretutto induce lo stesso tipo di distorsioni ideologiche di cui sono vittima, in Europa, le discussioni su altri campioni latinoamericani della lotta al globalismo: Hugo Ch\u00e1vez su tutti.<\/p>\n<p>In realt\u00e0 questa \u00e8 la politica, bellezza, e spesso le questioni sono pi\u00f9 complicate di quanto sembrino, come racconta questo <a href=\"http:\/\/internacional.elpais.com\/internacional\/2012\/12\/05\/actualidad\/1354736963_610089.html\">articolo<\/a>, a proposito del conflitto (speculare a quello internazionale) che sul fronte interno divide Cristina Kirchner dal potentissimo gruppo editoriale <em>El <i>Clar\u00edn<\/i>. <\/em>D&#8217;altra parte, <a href=\"http:\/\/www.internazionale.it\/news\/argentina\/2011\/10\/28\/in-difesa-dei-kirchner\">tanti osservatori<\/a><a href=\"http:\/\/www.internazionale.it\/news\/argentina\/2011\/10\/28\/in-difesa-dei-kirchner\"> pro-Kirchner che citano dati e fatti verificabili<\/a> non possono essere tutti accecati ideologicamente, Paolo giustamente cita <a href=\"http:\/\/www.guardian.co.uk\/commentisfree\/2012\/dec\/03\/argentina-paying-economic-vulture-fund?INTCMP=ILCNETTXT3487\">un articolo del <em>Guardian<\/em><\/a> molto schierato ma anche molto&nbsp;ben argomentato e, almeno fino a maggio 2012, perfino <a href=\"http:\/\/krugman.blogs.nytimes.com\/2012\/05\/03\/down-argentina-way\/\">Krugman scommetteva sull&#8217;Argentina<\/a>.<\/p>\n<h2>La mia opinione sull&#8217;Argentina?<\/h2>\n<p>A me pare che il tema centrale sia quello suggerito <em>en passant<\/em> da Aggius Vella ma non sviluppato: negli ultimi anni del secolo scorso si \u00e8 modificato il rapporto di forze fra stati nazionali e organizzazioni private, soprattutto finanziarie, a favore di queste ultime. Questo rende pi\u00f9 virulenta l&#8217;oppressione del nord sul sud del mondo rispetto, per esempio, all&#8217;epoca di Reagan e dello sviluppo fuori controllo del debito dei paesi poveri: allora i rapporti di forza erano comunque mediati dalle relazioni politiche fra Stati sovrani,&nbsp;a cui anche il Fondo Monetario Internazionale era, teoricamente, sotttoposto &#8211; e comunque l&#8217;FMI \u00e8 governato da corpi politici democraticamente eletti nei rispettivi paesi di origine. Con tutti i distinguo che si possono fare sulla frase precedente, oggi l&#8217;Argentina, stato sovrano, \u00e8 trascinata in un tribunale civile qualunque da un fondo di investimento <em>privato<\/em>: una dimostrazione plastica della perdita di potere dei governi di fronte a grossi (o perfino medi) poteri economici.<\/p>\n<p>La Kirchner \u00e8 uno dei tanti <em>leader<\/em> del sud del mondo che ha messo nella sua agenda politica il tentativo di ristabilire relazioni di potere pi\u00f9 equilibrate o, per dirla in un altro modo, di recuperare sovranit\u00e0 o di ridare centralit\u00e0 alla politica sull&#8217;economia. Un tema che domani (e sar\u00e0 sempre troppo tardi) dovranno porsi anche i <em>leader<\/em> politici europei. Al contrario di altri paesi, l&#8217;Argentina \u00e8 sufficientemente grossa da far s\u00ec che l&#8217;esito della sua battaglia sia avvertito in maniera chiara su tutto lo scenario mondiale, e questo giustifica l&#8217;attenzione generale che le viene dedicata. Ma poich\u00e9 la battaglia \u00e8 politica, non economica, occorrerebbe avere il coraggio di portare allo scoperto il nucleo vero del conflitto, e usare gli strumenti corretti per analizzarlo: pi\u00f9 Machiavelli che Keynes, diciamo.<\/p>\n<h2>Una cosa da non dimenticare<\/h2>\n<p>Ho citato apposta Machiavelli, per dire della necessit\u00e0 di un approccio laico. In questo modo forse emergerebbe anche con pi\u00f9 forza la quantit\u00e0 <em>enorme<\/em> di conflitti e sofferenze che attraversa al loro interno i paesi del sud del mondo e come anche in un paese come l&#8217;Argentina, di cultura europea, sviluppato e, comunque, ricco, il tessuto sociale venga lacerato ogni giorno di pi\u00f9: perch\u00e9 alla perdita di sovranit\u00e0 dello stato verso gli attori internazionali corrisponde, sempre, una perdita di controllo sulla vita sociale a favore del degrado e, subito dopo, dell&#8217;illegalit\u00e0, dei traffici e della criminalit\u00e0 orgnaizzata.<\/p>\n<p>Sono rimasto molto colpito dalla notizia, <a href=\"http:\/\/www.aljazeera.com\/news\/americas\/2012\/12\/2012121351659837507.html\">letta su Al Jazeera<\/a>, che in Argentina si combatte un diffuso fenomeno di riduzione in schiavit\u00f9, soprattutto di giovani donne a fini di mercato sessuale. Non parliamo semplicemente di induzione alla prostituzione: parliamo di rapimenti e di violenze organizzate. Nella civile Argentina, non in Cecenia. Naturalmente, rispetto alle regioni settentrionali del Messico, si pu\u00f2 parlare ancora di fenomeni limitati e di una coscienza civile locale che si ribella (dal 2008 il traffico di esseri umani \u00e8 diventato un reato federale in Argentina, e le pene sono state inasprite) ma il segnale anche per l&#8217;opinione pubblica europea dovrebbe essere evidente,e tanto pi\u00f9 per l&#8217;Italia che fronteggia situazioni simili: speculazione finanziaria aggressiva all&#8217;estero e illegalit\u00e0 diffusa e organizzata all&#8217;interno.<\/p>\n","protected":false},"excerpt":{"rendered":"<p>\u00c8 da un po&#8217; che raccolgo qualche link sulla situazione argentina, un paese a cui sono legato essendo l&#8217;unico posto<\/p>\n","protected":false},"author":1,"featured_media":0,"comment_status":"open","ping_status":"open","sticky":false,"template":"","format":"standard","meta":{"_mi_skip_tracking":false,"_monsterinsights_sitenote_active":false,"_monsterinsights_sitenote_note":"","_monsterinsights_sitenote_category":0,"jetpack_post_was_ever_published":false,"_jetpack_newsletter_access":"","jetpack_publicize_message":"","jetpack_is_tweetstorm":false,"jetpack_publicize_feature_enabled":true,"jetpack_social_post_already_shared":false,"jetpack_social_options":{"image_generator_settings":{"template":"highway","enabled":false}}},"categories":[52,57,17,59,16],"tags":[],"jetpack_publicize_connections":[],"jetpack_featured_media_url":"","jetpack_sharing_enabled":true,"jetpack_shortlink":"https:\/\/wp.me\/p4jV2T-si","jetpack_likes_enabled":true,"jetpack-related-posts":[{"id":2536,"url":"http:\/\/www.robertosedda.it\/?p=2536","url_meta":{"origin":1754,"position":0},"title":"Quella volta in Argentina","author":"Rufus","date":"14\/03\/2013","format":false,"excerpt":"Ieri a cena mia nipote, avendo mezzo sentito\u00a0i discorsi degli adulti, ha chiesto cosa volesse dire \"argentino\". Le \u00e8 stato risposto che vuol dire che viene dall'Argentina. \u00abE cos'\u00e8 l'Argentina?\u00bb. \u00abUn posto molto molto lontano. Per\u00f2 zio c'\u00e8 stato\u00bb. Gi\u00e0. Sono stato in Argentina nel 1987, la Domenica delle Palme,\u2026","rel":"","context":"In &quot;Coordinate&quot;","block_context":{"text":"Coordinate","link":"http:\/\/www.robertosedda.it\/?cat=52"},"img":{"alt_text":"","src":"https:\/\/i0.wp.com\/www.robertosedda.it\/wp-content\/uploads\/2013\/03\/segunda-jornada-mundial-de-la-juventud-buenos-aires-1987-escudo.jpg?fit=660%2C737&resize=350%2C200","width":350,"height":200},"classes":[]},{"id":17315,"url":"http:\/\/www.robertosedda.it\/?p=17315","url_meta":{"origin":1754,"position":1},"title":"Gente che viene da dappertutto","author":"Rufus","date":"23\/09\/2019","format":false,"excerpt":"Nello scorso fine settimana, come avevo annunciato, sono stato a Cortes Apertas di Orani per aprire casa e accogliere i visitatori. Quiete prima della festa Essendo di corv\u00e9e non mi sono goduto il paese e la festa quasi per niente, a parte un consumo spropositato di proteine di origine animale,\u2026","rel":"","context":"In &quot;Coordinate&quot;","block_context":{"text":"Coordinate","link":"http:\/\/www.robertosedda.it\/?cat=52"},"img":{"alt_text":"","src":"https:\/\/i0.wp.com\/www.robertosedda.it\/wp-content\/uploads\/2019\/09\/Su-Postu.jpg?fit=1200%2C900&resize=350%2C200","width":350,"height":200,"srcset":"https:\/\/i0.wp.com\/www.robertosedda.it\/wp-content\/uploads\/2019\/09\/Su-Postu.jpg?fit=1200%2C900&resize=350%2C200 1x, https:\/\/i0.wp.com\/www.robertosedda.it\/wp-content\/uploads\/2019\/09\/Su-Postu.jpg?fit=1200%2C900&resize=700%2C400 2x, https:\/\/i0.wp.com\/www.robertosedda.it\/wp-content\/uploads\/2019\/09\/Su-Postu.jpg?fit=1200%2C900&resize=1050%2C600 3x"},"classes":[]},{"id":4708,"url":"http:\/\/www.robertosedda.it\/?p=4708","url_meta":{"origin":1754,"position":2},"title":"Z. La guerra dei narcos","author":"Rufus","date":"16\/10\/2013","format":false,"excerpt":"Ho preso Z. La guerra dei narcos di Diego Enrique Osorno (La nuova frontiera, 2013) perch\u00e9 da quando Alessandro Celoni mi ha fatto leggere\u00a0Il potere del cane di Don Winslow ho deciso che la frontiera fra Messico e Stati Uniti\u00a0\u00e8 una specie di barometro per capire il traffico di droga\u2026","rel":"","context":"In &quot;Coordinate&quot;","block_context":{"text":"Coordinate","link":"http:\/\/www.robertosedda.it\/?cat=52"},"img":{"alt_text":"","src":"","width":0,"height":0},"classes":[]},{"id":14149,"url":"http:\/\/www.robertosedda.it\/?p=14149","url_meta":{"origin":1754,"position":3},"title":"Si diceva, allora&#8230;","author":"Rufus","date":"15\/09\/2017","format":false,"excerpt":"I progressi dell\u2019igiene pubblica che hanno elevato le medie della vita umana pongono sempre pi\u00f9 la quistione sessuale come una \u00abquistione economica\u00bb a s\u00e9 stante, che pone dei problemi coordinati del tipo di superstruttura. L\u2019aumento della media della vita in Francia, con la scarsa natalit\u00e0, e con la ricchezza naturale\u2026","rel":"","context":"In &quot;Coordinate&quot;","block_context":{"text":"Coordinate","link":"http:\/\/www.robertosedda.it\/?cat=52"},"img":{"alt_text":"","src":"https:\/\/i0.wp.com\/www.robertosedda.it\/wp-content\/uploads\/2017\/09\/Bufala.png?fit=554%2C450&resize=350%2C200","width":350,"height":200},"classes":[]},{"id":7294,"url":"http:\/\/www.robertosedda.it\/?p=7294","url_meta":{"origin":1754,"position":4},"title":"Pepe Mujica ed il coraggio del nuovo","author":"Rufus","date":"08\/05\/2014","format":false,"excerpt":"\u00c8 giunto molto gradito un nuovo articolo dei\u00a0blogger del luned\u00ec, che non ho pubblicato subito perch\u00e9 non avevo controllato la posta (ehm). Lo pubblico adesso insieme, come al solito, ai siti\u00a0della\u00a0Fondazione Sardinia,\u00a0Tramas de amistade,\u00a0Aladin pensiero,\u00a0Vito Biolchini,\u00a0Sardegna soprattutto,\u00a0Enrico Lobina,\u00a0Madrigopolis,\u00a0Forma paris\u00a0e\u00a0Tottus in pari. Pepe Mujica ed il coraggio del nuovo di Enrico\u2026","rel":"","context":"In &quot;Coordinate&quot;","block_context":{"text":"Coordinate","link":"http:\/\/www.robertosedda.it\/?cat=52"},"img":{"alt_text":"","src":"https:\/\/i0.wp.com\/www.robertosedda.it\/wp-content\/uploads\/2013\/04\/2013-04-25-10.33.37.jpg?fit=900%2C1200&resize=350%2C200","width":350,"height":200,"srcset":"https:\/\/i0.wp.com\/www.robertosedda.it\/wp-content\/uploads\/2013\/04\/2013-04-25-10.33.37.jpg?fit=900%2C1200&resize=350%2C200 1x, https:\/\/i0.wp.com\/www.robertosedda.it\/wp-content\/uploads\/2013\/04\/2013-04-25-10.33.37.jpg?fit=900%2C1200&resize=700%2C400 2x"},"classes":[]},{"id":13376,"url":"http:\/\/www.robertosedda.it\/?p=13376","url_meta":{"origin":1754,"position":5},"title":"Sempre meno libert\u00e0 nel mondo","author":"Rufus","date":"09\/03\/2017","format":false,"excerpt":"Traduco da\u00a0Visual Capitalist\u00a0un pezzo che accompagna alcune rappresentazioni grafiche dello stato della libert\u00e0 del mondo. Un riassunto del pezzo potrebbe essere: \u00abNon c'\u00e8 molto da stare allegri\u00bb, ma l'elemento interessante non \u00e8 tanto quello quanto il fatto che la cosa, a quanto pare, peggiora anno dopo anno da parecchio tempo.\u2026","rel":"","context":"In &quot;Coordinate&quot;","block_context":{"text":"Coordinate","link":"http:\/\/www.robertosedda.it\/?cat=52"},"img":{"alt_text":"","src":"https:\/\/i0.wp.com\/www.robertosedda.it\/wp-content\/uploads\/2017\/03\/Libert\u00e0-globale-4.jpg?fit=796%2C429&resize=350%2C200","width":350,"height":200,"srcset":"https:\/\/i0.wp.com\/www.robertosedda.it\/wp-content\/uploads\/2017\/03\/Libert\u00e0-globale-4.jpg?fit=796%2C429&resize=350%2C200 1x, https:\/\/i0.wp.com\/www.robertosedda.it\/wp-content\/uploads\/2017\/03\/Libert\u00e0-globale-4.jpg?fit=796%2C429&resize=700%2C400 2x"},"classes":[]}],"_links":{"self":[{"href":"http:\/\/www.robertosedda.it\/index.php?rest_route=\/wp\/v2\/posts\/1754"}],"collection":[{"href":"http:\/\/www.robertosedda.it\/index.php?rest_route=\/wp\/v2\/posts"}],"about":[{"href":"http:\/\/www.robertosedda.it\/index.php?rest_route=\/wp\/v2\/types\/post"}],"author":[{"embeddable":true,"href":"http:\/\/www.robertosedda.it\/index.php?rest_route=\/wp\/v2\/users\/1"}],"replies":[{"embeddable":true,"href":"http:\/\/www.robertosedda.it\/index.php?rest_route=%2Fwp%2Fv2%2Fcomments&post=1754"}],"version-history":[{"count":9,"href":"http:\/\/www.robertosedda.it\/index.php?rest_route=\/wp\/v2\/posts\/1754\/revisions"}],"predecessor-version":[{"id":20956,"href":"http:\/\/www.robertosedda.it\/index.php?rest_route=\/wp\/v2\/posts\/1754\/revisions\/20956"}],"wp:attachment":[{"href":"http:\/\/www.robertosedda.it\/index.php?rest_route=%2Fwp%2Fv2%2Fmedia&parent=1754"}],"wp:term":[{"taxonomy":"category","embeddable":true,"href":"http:\/\/www.robertosedda.it\/index.php?rest_route=%2Fwp%2Fv2%2Fcategories&post=1754"},{"taxonomy":"post_tag","embeddable":true,"href":"http:\/\/www.robertosedda.it\/index.php?rest_route=%2Fwp%2Fv2%2Ftags&post=1754"}],"curies":[{"name":"wp","href":"https:\/\/api.w.org\/{rel}","templated":true}]}}