{"id":17474,"date":"2019-10-24T18:11:01","date_gmt":"2019-10-24T16:11:01","guid":{"rendered":"http:\/\/www.robertosedda.it\/?p=17474"},"modified":"2020-01-23T11:57:42","modified_gmt":"2020-01-23T10:57:42","slug":"lungo-termine","status":"publish","type":"post","link":"http:\/\/www.robertosedda.it\/?p=17474","title":{"rendered":"Lungo termine"},"content":{"rendered":"\n<p>Mi ha fatto sorridere, l&#8217;altro giorno, la <a href=\"https:\/\/time.com\/5694841\/jimmy-carter-fall-habitat-for-humanity\/\">notizia<\/a> che Jimmy Carter, l&#8217;ex Presidente degli Stati Uniti, si \u00e8 presentato a un incontro pubblico con una vistosa benda in testa, causata da una caduta nel bagno di casa.<\/p>\n\n\n\n<figure class=\"wp-block-image alignwide\"><img data-attachment-id=\"17475\" data-permalink=\"http:\/\/www.robertosedda.it\/?attachment_id=17475\" data-orig-file=\"https:\/\/i0.wp.com\/www.robertosedda.it\/wp-content\/uploads\/2019\/10\/Jimmy-Carter.jpg?fit=1920%2C1080\" data-orig-size=\"1920,1080\" data-comments-opened=\"1\" data-image-meta=\"{&quot;aperture&quot;:&quot;0&quot;,&quot;credit&quot;:&quot;&quot;,&quot;camera&quot;:&quot;&quot;,&quot;caption&quot;:&quot;&quot;,&quot;created_timestamp&quot;:&quot;0&quot;,&quot;copyright&quot;:&quot;&quot;,&quot;focal_length&quot;:&quot;0&quot;,&quot;iso&quot;:&quot;0&quot;,&quot;shutter_speed&quot;:&quot;0&quot;,&quot;title&quot;:&quot;&quot;,&quot;orientation&quot;:&quot;0&quot;}\" data-image-title=\"Jimmy-Carter\" data-image-description=\"\" data-image-caption=\"\" data-medium-file=\"https:\/\/i0.wp.com\/www.robertosedda.it\/wp-content\/uploads\/2019\/10\/Jimmy-Carter.jpg?fit=300%2C169\" data-large-file=\"https:\/\/i0.wp.com\/www.robertosedda.it\/wp-content\/uploads\/2019\/10\/Jimmy-Carter.jpg?fit=510%2C287\" decoding=\"async\" loading=\"lazy\" width=\"800\" height=\"450\" src=\"https:\/\/i0.wp.com\/www.robertosedda.it\/wp-content\/uploads\/2019\/10\/Jimmy-Carter.jpg?resize=800%2C450\" alt=\"\" class=\"wp-image-17475\" srcset=\"https:\/\/i0.wp.com\/www.robertosedda.it\/wp-content\/uploads\/2019\/10\/Jimmy-Carter.jpg?w=1920 1920w, https:\/\/i0.wp.com\/www.robertosedda.it\/wp-content\/uploads\/2019\/10\/Jimmy-Carter.jpg?resize=150%2C84 150w, https:\/\/i0.wp.com\/www.robertosedda.it\/wp-content\/uploads\/2019\/10\/Jimmy-Carter.jpg?resize=300%2C169 300w, https:\/\/i0.wp.com\/www.robertosedda.it\/wp-content\/uploads\/2019\/10\/Jimmy-Carter.jpg?resize=510%2C287 510w, https:\/\/i0.wp.com\/www.robertosedda.it\/wp-content\/uploads\/2019\/10\/Jimmy-Carter.jpg?w=1600 1600w\" sizes=\"(max-width: 800px) 100vw, 800px\" data-recalc-dims=\"1\" \/><\/figure>\n\n\n\n<p>Onestamente non \u00e8 che spesso mi capiti di sentir parlare di Carter, oltretutto scomparso dalla grande storia col doppio carico di essere considerato il <em>perdente<\/em> rispetto al <em>vincente<\/em> Reagan, di essere stato l&#8217;ultimo Democratico prima della grande ondata Repubblicana &#8211; e quindi in qualche modo il rappresentante dell&#8217;inefficacia della generazione democratica a lui successiva &#8211; e, per di pi\u00f9, caduto dalla presidenza in mezzo al disastro dell&#8217;operazione iraniana.<\/p>\n\n\n\n<p>Penso che molti si ricordino di lui, tutto sommato, come di un gentiluomo, diciamo,  e un vero pacifista, ma un <em>perdente<\/em>.<\/p>\n\n\n\n<p>D&#8217;altra parte \u00e8 uno strano tipo di perdente quello che, a novantacinque anni e nonostante acciacchi evidenti, se ne va a incontrare in pubblico i volontari che stanno iniziando a costruire le case di uno dei progetti di <em>housing<\/em> sociale della <a href=\"https:\/\/www.habitat.org\/emea\">ONG <\/a>con la quale collabora storicamente, conduce il culto per le diverse centinaia di volontari presenti e poi si mette al banco da falegname. Anche i dati anagrafici dicono qualcosa che non \u00e8 proprio da sconfitta: l&#8217;ex Presidente degli Stati Uniti che ha vissuto di pi\u00f9 nella storia, quello col matrimonio pi\u00f9 lungo (73 anni), che ha pubblicato pi\u00f9 di trenta libri &#8211; perfino di poesia, non oso pensare cosa siano &#8211; mantenendosi inoltre sempre fedele a un impegno sociale e politico che non \u00e8 mai venuto meno, anche se magari non in posizioni di primissimo piano: si pu\u00f2 non concordare con tutte le posizioni espresse nel corso degli anni, ma non si pu\u00f2 negare che Carter abbia ricoperto con onore &#8211; e coerenza con le proprie idee &#8211; un ruolo di battitore libero nella politica nazionale e internazionale.<\/p>\n\n\n\n<p>Senz&#8217;altro gli \u00e8 andata meglio di Reagan, nel lungo periodo, ecco.<\/p>\n\n\n\n<p>E mi ronzava in testa il fatto che la riflessione che stavo facendo era abbastanza in linea col Vangelo (Carter \u00e8 un pastore battista, apprezzerebbe). Ho provato a cercare un testo adatto, ma tutti avevano il difetto di contrapporre i piccoli del Regno dei cieli ai grandi della terra, e non andavano del tutto bene perch\u00e9 Carte, per quanto perdente, non \u00e8 esattamente un <em>piccolo<\/em>. Per\u00f2 c&#8217;\u00e8 un versetto di Luca (6,38)\u00a0che va abbastanza bene:<\/p>\n\n\n\n<blockquote class=\"wp-block-quote\"><p>Date e vi sar\u00e0 dato: una misura buona, pigiata, colma e traboccante vi sar\u00e0 versata nel grembo, perch\u00e9 con la misura con la quale misurate, sar\u00e0 misurato a voi in\u00a0cambio\u00bb <\/p><\/blockquote>\n","protected":false},"excerpt":{"rendered":"<p>Mi ha fatto sorridere, l&#8217;altro giorno, la notizia che Jimmy Carter, l&#8217;ex Presidente degli Stati Uniti, si \u00e8 presentato a<\/p>\n","protected":false},"author":1,"featured_media":17475,"comment_status":"open","ping_status":"open","sticky":false,"template":"","format":"standard","meta":{"_mi_skip_tracking":false,"_monsterinsights_sitenote_active":false,"_monsterinsights_sitenote_note":"","_monsterinsights_sitenote_category":0,"jetpack_post_was_ever_published":false,"_jetpack_newsletter_access":"","jetpack_publicize_message":"A lungo termine a Jimmy Carter, uno dei grandi \"perdenti\" della politica americana, non \u00e8 poi andata troppo male. IN fondo, ci sono sconfitte e sconfitte, vittorie e vittorie di altro genere.","jetpack_is_tweetstorm":false,"jetpack_publicize_feature_enabled":true,"jetpack_social_post_already_shared":true,"jetpack_social_options":{"image_generator_settings":{"template":"highway","enabled":false}}},"categories":[52,54,17,16,74],"tags":[],"jetpack_publicize_connections":[],"jetpack_featured_media_url":"https:\/\/i0.wp.com\/www.robertosedda.it\/wp-content\/uploads\/2019\/10\/Jimmy-Carter.jpg?fit=1920%2C1080","jetpack_sharing_enabled":true,"jetpack_shortlink":"https:\/\/wp.me\/p4jV2T-4xQ","jetpack_likes_enabled":true,"jetpack-related-posts":[{"id":4407,"url":"http:\/\/www.robertosedda.it\/?p=4407","url_meta":{"origin":17474,"position":0},"title":"Non ho pi\u00f9 tempo","author":"Rufus","date":"05\/09\/2013","format":false,"excerpt":"Io sono nato nel 1964. Ricordo benissimo che quando avevo dieci anni, ero in quinta elementare\u00a0e non capivo niente, un pomeriggio entrai in cucina. Mia mamma stava dando da mangiare a uno dei passerotti caduti dal nido che avevamo salvato. Aveva una faccia agghiacciata e mi disse: \u00abSai che a\u2026","rel":"","context":"In &quot;Coordinate&quot;","block_context":{"text":"Coordinate","link":"http:\/\/www.robertosedda.it\/?cat=52"},"img":{"alt_text":"","src":"https:\/\/i0.wp.com\/www.robertosedda.it\/wp-content\/uploads\/2013\/07\/Scacchi2.jpg?fit=720%2C476&resize=350%2C200","width":350,"height":200,"srcset":"https:\/\/i0.wp.com\/www.robertosedda.it\/wp-content\/uploads\/2013\/07\/Scacchi2.jpg?fit=720%2C476&resize=350%2C200 1x, https:\/\/i0.wp.com\/www.robertosedda.it\/wp-content\/uploads\/2013\/07\/Scacchi2.jpg?fit=720%2C476&resize=700%2C400 2x"},"classes":[]},{"id":6777,"url":"http:\/\/www.robertosedda.it\/?p=6777","url_meta":{"origin":17474,"position":1},"title":"\u00abFai un intervento politico&#8230;\u00bb","author":"Rufus","date":"18\/03\/2014","format":false,"excerpt":"\u00abFai un intervento politico...\u00bb \u00e8 la raccomandazione che sto facendo a tutti quelli che mi chiedono: \u00abChe devo dire?\u00bb. Stasera modero il dibattito (che spero succoso, interessante e partecipato) durante La finanza non \u00e8 un gioco, l'appuntamento cagliaritano della festa della finanza etica\u00a0che in tutta Italia\u00a0celebra i quindici anni di\u2026","rel":"","context":"In &quot;Banche e finanza&quot;","block_context":{"text":"Banche e finanza","link":"http:\/\/www.robertosedda.it\/?cat=72"},"img":{"alt_text":"","src":"https:\/\/i0.wp.com\/www.robertosedda.it\/wp-content\/uploads\/2014\/03\/Locandina.jpg?fit=664%2C960&resize=350%2C200","width":350,"height":200},"classes":[]},{"id":12774,"url":"http:\/\/www.robertosedda.it\/?p=12774","url_meta":{"origin":17474,"position":2},"title":"Andiamoci piano (commenti pelosi)","author":"Rufus","date":"15\/11\/2016","format":false,"excerpt":"Amici, andiamoci piano. Lo so che l'elezione di Trump \u00e8 uno\u00a0shock\u00a0per\u00f2, ecco, andiamoci piano. Andiamoci piano, per esempio, a parlare di lotta di classe.No, non \u00e8 un pezzo satirico. Scrive veramente Non \u00e8 stato scontro politico, \u00e8 stato scontro di classe, uno scontro di classe alla rovescia con i lower-income,\u2026","rel":"","context":"In &quot;Coordinate&quot;","block_context":{"text":"Coordinate","link":"http:\/\/www.robertosedda.it\/?cat=52"},"img":{"alt_text":"","src":"https:\/\/i0.wp.com\/www.robertosedda.it\/wp-content\/uploads\/2016\/11\/Lotta-di-classe.jpg?fit=985%2C567&resize=350%2C200","width":350,"height":200,"srcset":"https:\/\/i0.wp.com\/www.robertosedda.it\/wp-content\/uploads\/2016\/11\/Lotta-di-classe.jpg?fit=985%2C567&resize=350%2C200 1x, https:\/\/i0.wp.com\/www.robertosedda.it\/wp-content\/uploads\/2016\/11\/Lotta-di-classe.jpg?fit=985%2C567&resize=700%2C400 2x"},"classes":[]},{"id":11981,"url":"http:\/\/www.robertosedda.it\/?p=11981","url_meta":{"origin":17474,"position":3},"title":"L&#8217;et\u00e0 del trumpismo","author":"Rufus","date":"25\/05\/2016","format":false,"excerpt":"Il mio amico Domenico Licheri, che \u00e8 sempre prodigo di suggerimenti di lettura dalla stampa estera, mi ha suggerito un\u00a0articolo del\u00a0Guardian\u00a0che prova a fare un primo bilancio del \"fenomeno Trump\". \u00c8 un articolo molto molto interessante e mi \u00e8 sembrato una buona idea tradurlo, soprattutto per poterlo discutere: per poterne\u2026","rel":"","context":"In &quot;Coordinate&quot;","block_context":{"text":"Coordinate","link":"http:\/\/www.robertosedda.it\/?cat=52"},"img":{"alt_text":"","src":"https:\/\/i0.wp.com\/www.robertosedda.it\/wp-content\/uploads\/2016\/05\/Trump-vignetta-g.jpg?fit=755%2C507&resize=350%2C200","width":350,"height":200,"srcset":"https:\/\/i0.wp.com\/www.robertosedda.it\/wp-content\/uploads\/2016\/05\/Trump-vignetta-g.jpg?fit=755%2C507&resize=350%2C200 1x, https:\/\/i0.wp.com\/www.robertosedda.it\/wp-content\/uploads\/2016\/05\/Trump-vignetta-g.jpg?fit=755%2C507&resize=700%2C400 2x"},"classes":[]},{"id":5457,"url":"http:\/\/www.robertosedda.it\/?p=5457","url_meta":{"origin":17474,"position":4},"title":"Destino Italia. Autonomie addio?","author":"Rufus","date":"17\/12\/2013","format":false,"excerpt":"Ho saltato nuovamente la riunione dei blogger del luned\u00ec e a questo punto credo che sar\u00e0 difficile mantenere l'impegno, ma ho piacere di continuare a pubblicare gli articoli settimanali. Come al solito l'articolo viene pubblicato, oltre che su questo sito, su quelli di Fondazione Sardinia, Tramas de amistade, Aladin pensiero,\u2026","rel":"","context":"In &quot;Coordinate&quot;","block_context":{"text":"Coordinate","link":"http:\/\/www.robertosedda.it\/?cat=52"},"img":{"alt_text":"","src":"","width":0,"height":0},"classes":[]},{"id":10243,"url":"http:\/\/www.robertosedda.it\/?p=10243","url_meta":{"origin":17474,"position":5},"title":"Giustizia per Gino D&#8217;Achille","author":"Rufus","date":"22\/05\/2015","format":false,"excerpt":"Ok, ditemi il nome di un illustratore\u00a0fantasy dell'epoca eroica. Mmmm, Frazetta? L'illustratore principe delle copertine dei libri di Conan? Una buona scelta, naturalmente. Apprezzerete, fra l'altro, che non vi ho messo una donnina delle solite. Oppure Boris Vallejo, un altro che \u00e8 comparso sulle copertine di met\u00e0 dei libri\u00a0fantasy\u00a0del mondo.\u2026","rel":"","context":"In &quot;Coordinate&quot;","block_context":{"text":"Coordinate","link":"http:\/\/www.robertosedda.it\/?cat=52"},"img":{"alt_text":"","src":"https:\/\/i0.wp.com\/www.robertosedda.it\/wp-content\/uploads\/2015\/05\/Gino-DAchille.jpg?fit=591%2C411&resize=350%2C200","width":350,"height":200},"classes":[]}],"_links":{"self":[{"href":"http:\/\/www.robertosedda.it\/index.php?rest_route=\/wp\/v2\/posts\/17474"}],"collection":[{"href":"http:\/\/www.robertosedda.it\/index.php?rest_route=\/wp\/v2\/posts"}],"about":[{"href":"http:\/\/www.robertosedda.it\/index.php?rest_route=\/wp\/v2\/types\/post"}],"author":[{"embeddable":true,"href":"http:\/\/www.robertosedda.it\/index.php?rest_route=\/wp\/v2\/users\/1"}],"replies":[{"embeddable":true,"href":"http:\/\/www.robertosedda.it\/index.php?rest_route=%2Fwp%2Fv2%2Fcomments&post=17474"}],"version-history":[{"count":1,"href":"http:\/\/www.robertosedda.it\/index.php?rest_route=\/wp\/v2\/posts\/17474\/revisions"}],"predecessor-version":[{"id":17476,"href":"http:\/\/www.robertosedda.it\/index.php?rest_route=\/wp\/v2\/posts\/17474\/revisions\/17476"}],"wp:featuredmedia":[{"embeddable":true,"href":"http:\/\/www.robertosedda.it\/index.php?rest_route=\/wp\/v2\/media\/17475"}],"wp:attachment":[{"href":"http:\/\/www.robertosedda.it\/index.php?rest_route=%2Fwp%2Fv2%2Fmedia&parent=17474"}],"wp:term":[{"taxonomy":"category","embeddable":true,"href":"http:\/\/www.robertosedda.it\/index.php?rest_route=%2Fwp%2Fv2%2Fcategories&post=17474"},{"taxonomy":"post_tag","embeddable":true,"href":"http:\/\/www.robertosedda.it\/index.php?rest_route=%2Fwp%2Fv2%2Ftags&post=17474"}],"curies":[{"name":"wp","href":"https:\/\/api.w.org\/{rel}","templated":true}]}}