{"id":17462,"date":"2019-10-21T19:11:30","date_gmt":"2019-10-21T17:11:30","guid":{"rendered":"http:\/\/www.robertosedda.it\/?p=17462"},"modified":"2019-11-14T18:15:43","modified_gmt":"2019-11-14T17:15:43","slug":"piccola-storia-significativa","status":"publish","type":"post","link":"http:\/\/www.robertosedda.it\/?p=17462","title":{"rendered":"Piccola storia significativa"},"content":{"rendered":"\n<p>Dunque, la storia \u00e8 questa. <\/p>\n\n\n\n<div class=\"wp-block-image\"><figure class=\"alignright\"><img data-attachment-id=\"17463\" data-permalink=\"http:\/\/www.robertosedda.it\/?attachment_id=17463\" data-orig-file=\"https:\/\/i0.wp.com\/www.robertosedda.it\/wp-content\/uploads\/2019\/10\/Totus-impari.jpeg?fit=1080%2C1542\" data-orig-size=\"1080,1542\" data-comments-opened=\"1\" data-image-meta=\"{&quot;aperture&quot;:&quot;0&quot;,&quot;credit&quot;:&quot;&quot;,&quot;camera&quot;:&quot;&quot;,&quot;caption&quot;:&quot;&quot;,&quot;created_timestamp&quot;:&quot;0&quot;,&quot;copyright&quot;:&quot;&quot;,&quot;focal_length&quot;:&quot;0&quot;,&quot;iso&quot;:&quot;0&quot;,&quot;shutter_speed&quot;:&quot;0&quot;,&quot;title&quot;:&quot;&quot;,&quot;orientation&quot;:&quot;0&quot;}\" data-image-title=\"Totus-impari\" data-image-description=\"\" data-image-caption=\"\" data-medium-file=\"https:\/\/i0.wp.com\/www.robertosedda.it\/wp-content\/uploads\/2019\/10\/Totus-impari.jpeg?fit=210%2C300\" data-large-file=\"https:\/\/i0.wp.com\/www.robertosedda.it\/wp-content\/uploads\/2019\/10\/Totus-impari.jpeg?fit=510%2C728\" decoding=\"async\" loading=\"lazy\" width=\"210\" height=\"300\" src=\"https:\/\/i0.wp.com\/www.robertosedda.it\/wp-content\/uploads\/2019\/10\/Totus-impari.jpeg?resize=210%2C300\" alt=\"\" class=\"wp-image-17463\" srcset=\"https:\/\/i0.wp.com\/www.robertosedda.it\/wp-content\/uploads\/2019\/10\/Totus-impari.jpeg?resize=210%2C300 210w, https:\/\/i0.wp.com\/www.robertosedda.it\/wp-content\/uploads\/2019\/10\/Totus-impari.jpeg?resize=105%2C150 105w, https:\/\/i0.wp.com\/www.robertosedda.it\/wp-content\/uploads\/2019\/10\/Totus-impari.jpeg?resize=510%2C728 510w, https:\/\/i0.wp.com\/www.robertosedda.it\/wp-content\/uploads\/2019\/10\/Totus-impari.jpeg?w=1080 1080w\" sizes=\"(max-width: 210px) 100vw, 210px\" data-recalc-dims=\"1\" \/><\/figure><\/div>\n\n\n\n<p>Sabato io e Maria Bonaria, con alcuni altri soci del GIT, siamo andati a Iglesias per il convegno <em>Totus impari: pace utopia o speranza del mondo?<\/em>, organizzato dalla comunit\u00e0 battista del Sulcis-Iglesiente.<\/p>\n\n\n\n<p>Un po&#8217; siamo andati per amicizia nei confronti della pastora Elizabeth Green, che organizzava. Un po&#8217; perch\u00e9 non eravamo riusciti a seguire gli analoghi incontri gi\u00e0 svolti a Cagliari. Un po&#8217; per interesse nei confronti del relatore principale, il professor Morandini. E un po&#8217;, soprattutto, perch\u00e9 il gruppo dei soci di Banca Etica organizzer\u00e0 dal 10 al 12 gennaio una importante iniziativa a Iglesias (ci sar\u00e0 tempo per raccontarla) e ogni occasione \u00e8 buona per conoscere il territorio e capirne le dinamiche e le esigenze.<\/p>\n\n\n\n<div class=\"wp-block-image\"><figure class=\"alignleft\"><img data-attachment-id=\"17464\" data-permalink=\"http:\/\/www.robertosedda.it\/?attachment_id=17464\" data-orig-file=\"https:\/\/i0.wp.com\/www.robertosedda.it\/wp-content\/uploads\/2019\/10\/Festa-salvaguardia-creato-Iglesias.jpg?fit=647%2C491\" data-orig-size=\"647,491\" data-comments-opened=\"1\" data-image-meta=\"{&quot;aperture&quot;:&quot;0&quot;,&quot;credit&quot;:&quot;Giampaolo&quot;,&quot;camera&quot;:&quot;&quot;,&quot;caption&quot;:&quot;&quot;,&quot;created_timestamp&quot;:&quot;1571335430&quot;,&quot;copyright&quot;:&quot;&quot;,&quot;focal_length&quot;:&quot;0&quot;,&quot;iso&quot;:&quot;0&quot;,&quot;shutter_speed&quot;:&quot;0&quot;,&quot;title&quot;:&quot;&quot;,&quot;orientation&quot;:&quot;0&quot;}\" data-image-title=\"Festa-salvaguardia-creato-Iglesias\" data-image-description=\"\" data-image-caption=\"\" data-medium-file=\"https:\/\/i0.wp.com\/www.robertosedda.it\/wp-content\/uploads\/2019\/10\/Festa-salvaguardia-creato-Iglesias.jpg?fit=300%2C228\" data-large-file=\"https:\/\/i0.wp.com\/www.robertosedda.it\/wp-content\/uploads\/2019\/10\/Festa-salvaguardia-creato-Iglesias.jpg?fit=510%2C387\" decoding=\"async\" loading=\"lazy\" width=\"300\" height=\"228\" src=\"https:\/\/i0.wp.com\/www.robertosedda.it\/wp-content\/uploads\/2019\/10\/Festa-salvaguardia-creato-Iglesias.jpg?resize=300%2C228\" alt=\"\" class=\"wp-image-17464\" srcset=\"https:\/\/i0.wp.com\/www.robertosedda.it\/wp-content\/uploads\/2019\/10\/Festa-salvaguardia-creato-Iglesias.jpg?resize=300%2C228 300w, https:\/\/i0.wp.com\/www.robertosedda.it\/wp-content\/uploads\/2019\/10\/Festa-salvaguardia-creato-Iglesias.jpg?resize=150%2C114 150w, https:\/\/i0.wp.com\/www.robertosedda.it\/wp-content\/uploads\/2019\/10\/Festa-salvaguardia-creato-Iglesias.jpg?resize=510%2C387 510w, https:\/\/i0.wp.com\/www.robertosedda.it\/wp-content\/uploads\/2019\/10\/Festa-salvaguardia-creato-Iglesias.jpg?w=647 647w\" sizes=\"(max-width: 300px) 100vw, 300px\" data-recalc-dims=\"1\" \/><\/figure><\/div>\n\n\n\n<p>Poi, mentre eravamo l\u00e0 abbiamo sentito annunciare che l&#8217;incontro aveva una sorta di prosecuzione ideale nella celebrazione, da parte cattolica, della <em>Festa per la salvaguardia del creato <\/em>il giorno dopo, domenica. E cos\u00ec la mattina dopo io e Binaria, facendo colazione, ci siamo detti: \u00abAndiamo?\u00bb, e siamo andati, a leggere le situazioni, conoscere le persone,  scoprire cose. <\/p>\n\n\n\n<p>Dice il Subcomandante Marcos: \u00abVoi, riposarvi mai\u00bb.<\/p>\n\n\n\n<p>Siamo perfino rimasti alla presentazione dei lavoretti sull&#8217;ecologia da parte dei ragazzini delle scuole, vincitori morali quelli che hanno scritto <em>mutetus<\/em> in tema:<\/p>\n\n\n\n<p><em>In custu bellu logu<\/em><br \/><em>anti tottu abbruxiau<\/em><br \/><em>ci d&#8217;anti postu fogu<\/em><br \/><em>e d&#8217;anti rovinau.<\/em><\/p>\n\n\n\n<p>Quando siamo tornati a casa eravamo cos\u00ec stanchi che abbiamo perfino rifiutato un invito a cena di Massimo e Grazia: ci siamo messi in pigiama, ci siamo guardati una puntata di Rocco Schiavone su <em>RaiPlay<\/em> e siamo andati a letto molto presto.<\/p>\n\n\n\n<p>Poi, stamattina, ho visto che Elisabetta Arca ringraziava per gli auguri ricevuti per il suo compleanno e ci sono rimasto malissimo.<\/p>\n\n\n\n<p>Non tanto perch\u00e9 Elisabetta \u00e8 una carissima amica e io mi ero completamente dimenticato di farle gli auguri.<\/p>\n\n\n\n<p>Cio\u00e8, anche per quello, certo.<\/p>\n\n\n\n<p>Ma soprattutto perch\u00e9 il compleanno di Elisabetta Arca ha una curiosa particolarit\u00e0.<\/p>\n\n\n\n<p>Cade nel giorno del mio anniversario di matrimonio. E io e Bonaria, impegnati in missioni per conto di Dio e della Finanza Etica, ce ne siamo completamente dimenticati.<\/p>\n\n\n\n<p>Era pure un anniversario discretamente importante: diciotto anni, l&#8217;et\u00e0 della maturit\u00e0.<\/p>\n\n\n\n<p>Sono contento che, diciotto anni dopo il viaggio di nozze a Riace perch\u00e9 l\u00ec c&#8217;era il primo finanziamento di Banca Etica, il nostro matrimonio non \u00e8 cambiato.<\/p>\n\n\n\n<figure class=\"wp-block-image alignwide\"><img data-attachment-id=\"17465\" data-permalink=\"http:\/\/www.robertosedda.it\/?attachment_id=17465\" data-orig-file=\"https:\/\/i0.wp.com\/www.robertosedda.it\/wp-content\/uploads\/2019\/10\/io-e-bonnie-grande.gif?fit=960%2C1280\" data-orig-size=\"960,1280\" data-comments-opened=\"1\" data-image-meta=\"{&quot;aperture&quot;:&quot;0&quot;,&quot;credit&quot;:&quot;&quot;,&quot;camera&quot;:&quot;&quot;,&quot;caption&quot;:&quot;&quot;,&quot;created_timestamp&quot;:&quot;0&quot;,&quot;copyright&quot;:&quot;&quot;,&quot;focal_length&quot;:&quot;0&quot;,&quot;iso&quot;:&quot;0&quot;,&quot;shutter_speed&quot;:&quot;0&quot;,&quot;title&quot;:&quot;&quot;,&quot;orientation&quot;:&quot;0&quot;}\" data-image-title=\"io-e-bonnie-grande\" data-image-description=\"\" data-image-caption=\"\" data-medium-file=\"https:\/\/i0.wp.com\/www.robertosedda.it\/wp-content\/uploads\/2019\/10\/io-e-bonnie-grande.gif?fit=225%2C300\" data-large-file=\"https:\/\/i0.wp.com\/www.robertosedda.it\/wp-content\/uploads\/2019\/10\/io-e-bonnie-grande.gif?fit=510%2C680\" decoding=\"async\" loading=\"lazy\" width=\"800\" height=\"1067\" src=\"https:\/\/i0.wp.com\/www.robertosedda.it\/wp-content\/uploads\/2019\/10\/io-e-bonnie-grande.gif?resize=800%2C1067\" alt=\"\" class=\"wp-image-17465\" data-recalc-dims=\"1\"\/><figcaption>Giovani, per\u00f2&#8230;<\/figcaption><\/figure>\n\n\n\n<p><\/p>\n","protected":false},"excerpt":{"rendered":"<p>Dunque, la storia \u00e8 questa. Sabato io e Maria Bonaria, con alcuni altri soci del GIT, siamo andati a Iglesias<\/p>\n","protected":false},"author":1,"featured_media":17465,"comment_status":"open","ping_status":"open","sticky":false,"template":"","format":"standard","meta":{"_mi_skip_tracking":false,"_monsterinsights_sitenote_active":false,"_monsterinsights_sitenote_note":"","_monsterinsights_sitenote_category":0,"jetpack_post_was_ever_published":false,"_jetpack_newsletter_access":"","jetpack_publicize_message":"Piccola storia significativa: oh, non \u00e8 triste, piuttosto una conferma...","jetpack_is_tweetstorm":false,"jetpack_publicize_feature_enabled":true,"jetpack_social_post_already_shared":true,"jetpack_social_options":{"image_generator_settings":{"template":"highway","enabled":false}}},"categories":[52,86,53,18,16],"tags":[],"jetpack_publicize_connections":[],"jetpack_featured_media_url":"https:\/\/i0.wp.com\/www.robertosedda.it\/wp-content\/uploads\/2019\/10\/io-e-bonnie-grande.gif?fit=960%2C1280","jetpack_sharing_enabled":true,"jetpack_shortlink":"https:\/\/wp.me\/p4jV2T-4xE","jetpack_likes_enabled":true,"jetpack-related-posts":[{"id":13637,"url":"http:\/\/www.robertosedda.it\/?p=13637","url_meta":{"origin":17462,"position":0},"title":"A Iglesias. Per la pace","author":"Rufus","date":"03\/05\/2017","format":false,"excerpt":"Domenica vado con altri soci di Banca Etica ad Iglesias. Per la pace. O forse, meglio, contro il commercio di armi.L'iniziativa \u00e8 dello stesso filone di altre iniziative di cui ho gi\u00e0 parlato. La riflessione che faccio, casomai, \u00e8 sulla ricorsivit\u00e0 di certe situazioni: negli ultimi anni il tema delle\u2026","rel":"","context":"In &quot;Coordinate&quot;","block_context":{"text":"Coordinate","link":"http:\/\/www.robertosedda.it\/?cat=52"},"img":{"alt_text":"","src":"https:\/\/i0.wp.com\/www.robertosedda.it\/wp-content\/uploads\/2017\/05\/runforunityiglesias.jpg?fit=856%2C1200&resize=350%2C200","width":350,"height":200,"srcset":"https:\/\/i0.wp.com\/www.robertosedda.it\/wp-content\/uploads\/2017\/05\/runforunityiglesias.jpg?fit=856%2C1200&resize=350%2C200 1x, https:\/\/i0.wp.com\/www.robertosedda.it\/wp-content\/uploads\/2017\/05\/runforunityiglesias.jpg?fit=856%2C1200&resize=700%2C400 2x"},"classes":[]},{"id":17656,"url":"http:\/\/www.robertosedda.it\/?p=17656","url_meta":{"origin":17462,"position":1},"title":"Ma esattamente, cosa state facendo?","author":"Rufus","date":"10\/01\/2020","format":false,"excerpt":"Stasera inizia un trittico di iniziative del gruppo locale dei soci di Banca Etica che si snoder\u00e0 fra Cagliari e Iglesias e per il quale lavoriamo da mesi, con grandi fatiche. Parentesi, assolutamente fuori tema: tutte le volte che si parla di fatiche, mi viene in mente un brano bellissimo\u2026","rel":"","context":"In &quot;Banche e finanza&quot;","block_context":{"text":"Banche e finanza","link":"http:\/\/www.robertosedda.it\/?cat=72"},"img":{"alt_text":"","src":"https:\/\/i0.wp.com\/www.robertosedda.it\/wp-content\/uploads\/2020\/01\/Locandina-generale.jpg?fit=848%2C1200&resize=350%2C200","width":350,"height":200,"srcset":"https:\/\/i0.wp.com\/www.robertosedda.it\/wp-content\/uploads\/2020\/01\/Locandina-generale.jpg?fit=848%2C1200&resize=350%2C200 1x, https:\/\/i0.wp.com\/www.robertosedda.it\/wp-content\/uploads\/2020\/01\/Locandina-generale.jpg?fit=848%2C1200&resize=700%2C400 2x"},"classes":[]},{"id":13981,"url":"http:\/\/www.robertosedda.it\/?p=13981","url_meta":{"origin":17462,"position":2},"title":"Prima di noi, dopo di noi","author":"Rufus","date":"21\/07\/2017","format":false,"excerpt":"Non credo di averlo detto con precisione ai miei amici, ma a ottobre finisco il mio terzo mandato da Referente dei soci di Banca Etica del Centro Italia e sar\u00f2 sostituito (tre mandati \u00e8 il massimo che si pu\u00f2 fare e pi\u00f9 passa il tempo e pi\u00f9 sono d'accordo che\u2026","rel":"","context":"In &quot;Coordinate&quot;","block_context":{"text":"Coordinate","link":"http:\/\/www.robertosedda.it\/?cat=52"},"img":{"alt_text":"","src":"https:\/\/i0.wp.com\/www.robertosedda.it\/wp-content\/uploads\/2014\/05\/Banca-Etica-regionale.jpg?fit=1200%2C900&resize=350%2C200","width":350,"height":200,"srcset":"https:\/\/i0.wp.com\/www.robertosedda.it\/wp-content\/uploads\/2014\/05\/Banca-Etica-regionale.jpg?fit=1200%2C900&resize=350%2C200 1x, https:\/\/i0.wp.com\/www.robertosedda.it\/wp-content\/uploads\/2014\/05\/Banca-Etica-regionale.jpg?fit=1200%2C900&resize=700%2C400 2x, https:\/\/i0.wp.com\/www.robertosedda.it\/wp-content\/uploads\/2014\/05\/Banca-Etica-regionale.jpg?fit=1200%2C900&resize=1050%2C600 3x"},"classes":[]},{"id":16742,"url":"http:\/\/www.robertosedda.it\/?p=16742","url_meta":{"origin":17462,"position":3},"title":"Non dimenticate lo Yemen!","author":"Rufus","date":"29\/05\/2019","format":false,"excerpt":"Credo sappiate che sia come socio di Banca Etica che a livello personale sono impegnato sulla questione delle bombe fabbricate in Sardegna e vendute all'Arabia Saudita, che poi le usa per bombardare lo Yemen. Vi segnalo perci\u00f2 una serie di eventi di sensibilizzazione sull'argomento. Apre domani a Iglesias (chiostro di\u2026","rel":"","context":"In &quot;Coordinate&quot;","block_context":{"text":"Coordinate","link":"http:\/\/www.robertosedda.it\/?cat=52"},"img":{"alt_text":"","src":"https:\/\/i0.wp.com\/www.robertosedda.it\/wp-content\/uploads\/2019\/05\/4a8054d1-7790-46b5-9e58-60d5992a7396.jpg?fit=1200%2C675&resize=350%2C200","width":350,"height":200,"srcset":"https:\/\/i0.wp.com\/www.robertosedda.it\/wp-content\/uploads\/2019\/05\/4a8054d1-7790-46b5-9e58-60d5992a7396.jpg?fit=1200%2C675&resize=350%2C200 1x, https:\/\/i0.wp.com\/www.robertosedda.it\/wp-content\/uploads\/2019\/05\/4a8054d1-7790-46b5-9e58-60d5992a7396.jpg?fit=1200%2C675&resize=700%2C400 2x, https:\/\/i0.wp.com\/www.robertosedda.it\/wp-content\/uploads\/2019\/05\/4a8054d1-7790-46b5-9e58-60d5992a7396.jpg?fit=1200%2C675&resize=1050%2C600 3x"},"classes":[]},{"id":14384,"url":"http:\/\/www.robertosedda.it\/?p=14384","url_meta":{"origin":17462,"position":4},"title":"Quel che ho detto al convegno &#8220;Pace &#8211; Lavoro &#8211; Sviluppo&#8221; di Iglesias","author":"Rufus","date":"06\/12\/2017","format":false,"excerpt":"Domenica scorsa in compagnia di un po' di soci di Banca Etica sono andato al Convegno\u00a0Pace - Lavoro - Sviluppo dedicato al tema della riconversione della fabbrica di Domusnovas della RWM. Al convegno hanno preso la parola molti relatori, tanti di alto livello. Fra quelli che hanno parlato ma che\u2026","rel":"","context":"In &quot;Banche e finanza&quot;","block_context":{"text":"Banche e finanza","link":"http:\/\/www.robertosedda.it\/?cat=72"},"img":{"alt_text":"","src":"https:\/\/i0.wp.com\/www.robertosedda.it\/wp-content\/uploads\/2017\/12\/Arcobaleno.jpg?fit=510%2C458&resize=350%2C200","width":350,"height":200},"classes":[]},{"id":11039,"url":"http:\/\/www.robertosedda.it\/?p=11039","url_meta":{"origin":17462,"position":5},"title":"Quello che ho detto alla Carovana sul lavoro a Iglesias","author":"Rufus","date":"19\/10\/2015","format":false,"excerpt":"Sabato, accompagnato da Gaetano, sono andato a Iglesias per partecipare alla tavola rotonda sulla dignit\u00e0 del lavoro organizzata dalle chiese\u00a0evangeliche italiane. Con me sul palco c'erano le pastore Cristina Arcidiacono e Antonella Visintin, don Salvatore Benizzi e Raffaele Callia, direttori rispettivamente degli uffici della pastorale sociale\u00a0e della Caritas della diocesi\u2026","rel":"","context":"In &quot;Banche e finanza&quot;","block_context":{"text":"Banche e finanza","link":"http:\/\/www.robertosedda.it\/?cat=72"},"img":{"alt_text":"","src":"https:\/\/i0.wp.com\/www.robertosedda.it\/wp-content\/uploads\/2015\/10\/Carovana-dignit\u00e0-lavoro.jpg?fit=678%2C960&resize=350%2C200","width":350,"height":200},"classes":[]}],"_links":{"self":[{"href":"http:\/\/www.robertosedda.it\/index.php?rest_route=\/wp\/v2\/posts\/17462"}],"collection":[{"href":"http:\/\/www.robertosedda.it\/index.php?rest_route=\/wp\/v2\/posts"}],"about":[{"href":"http:\/\/www.robertosedda.it\/index.php?rest_route=\/wp\/v2\/types\/post"}],"author":[{"embeddable":true,"href":"http:\/\/www.robertosedda.it\/index.php?rest_route=\/wp\/v2\/users\/1"}],"replies":[{"embeddable":true,"href":"http:\/\/www.robertosedda.it\/index.php?rest_route=%2Fwp%2Fv2%2Fcomments&post=17462"}],"version-history":[{"count":3,"href":"http:\/\/www.robertosedda.it\/index.php?rest_route=\/wp\/v2\/posts\/17462\/revisions"}],"predecessor-version":[{"id":17468,"href":"http:\/\/www.robertosedda.it\/index.php?rest_route=\/wp\/v2\/posts\/17462\/revisions\/17468"}],"wp:featuredmedia":[{"embeddable":true,"href":"http:\/\/www.robertosedda.it\/index.php?rest_route=\/wp\/v2\/media\/17465"}],"wp:attachment":[{"href":"http:\/\/www.robertosedda.it\/index.php?rest_route=%2Fwp%2Fv2%2Fmedia&parent=17462"}],"wp:term":[{"taxonomy":"category","embeddable":true,"href":"http:\/\/www.robertosedda.it\/index.php?rest_route=%2Fwp%2Fv2%2Fcategories&post=17462"},{"taxonomy":"post_tag","embeddable":true,"href":"http:\/\/www.robertosedda.it\/index.php?rest_route=%2Fwp%2Fv2%2Ftags&post=17462"}],"curies":[{"name":"wp","href":"https:\/\/api.w.org\/{rel}","templated":true}]}}