{"id":17448,"date":"2019-10-14T16:59:30","date_gmt":"2019-10-14T14:59:30","guid":{"rendered":"http:\/\/www.robertosedda.it\/?p=17448"},"modified":"2020-01-10T11:01:05","modified_gmt":"2020-01-10T10:01:05","slug":"fuori-centro","status":"publish","type":"post","link":"http:\/\/www.robertosedda.it\/?p=17448","title":{"rendered":"Fuori centro"},"content":{"rendered":"\n<p>Devo confessare che fino a una decina di giorni fa non avevo mai sentito parlare di <a href=\"https:\/\/it.wikipedia.org\/wiki\/Guido_Guidi_(fotografo)\">Guido Guidi<\/a>.<\/p>\n\n\n\n<p>L&#8217;ho scoperto visitando <a href=\"http:\/\/www.museoman.it\/it\/mostre\/mostra\/mostra\/Guido-Guidi-In-Sardegna-1974-2011\/\">la mostra che il <\/a><em><a href=\"http:\/\/www.museoman.it\/it\/mostre\/mostra\/mostra\/Guido-Guidi-In-Sardegna-1974-2011\/\">MAN<\/a><\/em><a href=\"http:\/\/www.museoman.it\/it\/mostre\/mostra\/mostra\/Guido-Guidi-In-Sardegna-1974-2011\/\"> dedica in questi giorni<\/a> (prorogata fino al 20 ottobre, quindi occhio!).<\/p>\n\n\n\n<figure class=\"wp-block-image alignwide\"><img data-attachment-id=\"17449\" data-permalink=\"http:\/\/www.robertosedda.it\/?attachment_id=17449\" data-orig-file=\"https:\/\/i0.wp.com\/www.robertosedda.it\/wp-content\/uploads\/2019\/10\/Guido-Guidi.png?fit=1084%2C413\" data-orig-size=\"1084,413\" data-comments-opened=\"1\" data-image-meta=\"{&quot;aperture&quot;:&quot;0&quot;,&quot;credit&quot;:&quot;&quot;,&quot;camera&quot;:&quot;&quot;,&quot;caption&quot;:&quot;&quot;,&quot;created_timestamp&quot;:&quot;0&quot;,&quot;copyright&quot;:&quot;&quot;,&quot;focal_length&quot;:&quot;0&quot;,&quot;iso&quot;:&quot;0&quot;,&quot;shutter_speed&quot;:&quot;0&quot;,&quot;title&quot;:&quot;&quot;,&quot;orientation&quot;:&quot;0&quot;}\" data-image-title=\"Guido-Guidi\" data-image-description=\"\" data-image-caption=\"\" data-medium-file=\"https:\/\/i0.wp.com\/www.robertosedda.it\/wp-content\/uploads\/2019\/10\/Guido-Guidi.png?fit=300%2C114\" data-large-file=\"https:\/\/i0.wp.com\/www.robertosedda.it\/wp-content\/uploads\/2019\/10\/Guido-Guidi.png?fit=510%2C194\" decoding=\"async\" loading=\"lazy\" width=\"800\" height=\"305\" src=\"https:\/\/i0.wp.com\/www.robertosedda.it\/wp-content\/uploads\/2019\/10\/Guido-Guidi.png?resize=800%2C305\" alt=\"\" class=\"wp-image-17449\" srcset=\"https:\/\/i0.wp.com\/www.robertosedda.it\/wp-content\/uploads\/2019\/10\/Guido-Guidi.png?w=1084 1084w, https:\/\/i0.wp.com\/www.robertosedda.it\/wp-content\/uploads\/2019\/10\/Guido-Guidi.png?resize=150%2C57 150w, https:\/\/i0.wp.com\/www.robertosedda.it\/wp-content\/uploads\/2019\/10\/Guido-Guidi.png?resize=300%2C114 300w, https:\/\/i0.wp.com\/www.robertosedda.it\/wp-content\/uploads\/2019\/10\/Guido-Guidi.png?resize=510%2C194 510w\" sizes=\"(max-width: 800px) 100vw, 800px\" data-recalc-dims=\"1\" \/><\/figure>\n\n\n\n<p>La mostra raccoglie foto relative a due momenti molto diversi della relazione di Guidi con la Sardegna. Nel 1974 Guidi ha trascorso un avventuroso e spartano  viaggio di nozze in Sardegna, con moglie, amico, <em>Fiat 127<\/em> scassata e l&#8217;unico sostentamento di cassette di frutta portate dall&#8217;Emilia. Fotografo gi\u00e0 affermato, ne ha approfittato per portare avanti il suo lavoro di ricerca sul paesaggio e lo spazio. Nel 2011 \u00e8 poi tornato in Sardegna, in parte ripercorrendo le tappe del primo viaggio e in parte vagabondando in nuovi itinerari.<\/p>\n\n\n\n<p>Se lo stile dell&#8217;artista rimane inconfondibile in entrambi i viaggi perfino per un profano come me, c&#8217;\u00e8 comunque una cesura abbastanza netta fra le foto del 1974 e quelle del secondo viaggio. <\/p>\n\n\n\n<p>Non \u00e8 solo la diversa scelta di bianco e nero e invece, poi, del colore, e neanche la palese differenza di cultura materiale fra la Sardegna ancora rurale ci cinquant&#8217;anni fa e quella di oggi, e neanche la coincidenza del fatto che le foto del 1974 non hanno didascalie (l&#8217;artista ha perso gli appunti con i luoghi e i riferimenti degli scatti) mentre quelle di oggi hanno dei riferimenti piuttosto precisi: questi elementi collaborano tutti a dilatare la distanza fra le due Sardegne ritratte, ma non spiegano tutta la differenza, che mi sembra nella diversa presenza umana all&#8217;interno degli spazi &#8211; nella Sardegna del 2011 la presenza umana \u00e8 molto pi\u00f9 pervasiva (case, infissi, portoni, finestre, strutture murarie), ma le persone compaiono molto meno. <\/p>\n\n\n\n<p>Detto cos\u00ec a naso, da cialtrone ignorante, eh.<\/p>\n\n\n\n<p>Ogni scatto \u00e8 comunque &#8211; perfino per me che sono un profano, l&#8217;ho gi\u00e0 detto? &#8211; una lezione di fotografia, tanto pi\u00f9 nella ricorrente mancanza apparente di centro e talvolta anche di senso: c&#8217;\u00e8 un numero impressionante di ombre di portoni, o di scorci di finestre chiuse, e inizialmente pensi al vezzo. <\/p>\n\n\n\n<p>Dopo un po&#8217; capisci.<\/p>\n\n\n\n<div class=\"wp-block-image\"><figure class=\"alignright\"><img data-attachment-id=\"17450\" data-permalink=\"http:\/\/www.robertosedda.it\/?attachment_id=17450\" data-orig-file=\"https:\/\/i0.wp.com\/www.robertosedda.it\/wp-content\/uploads\/2019\/10\/Guido-Guidi-2.jpg?fit=400%2C600\" data-orig-size=\"400,600\" data-comments-opened=\"1\" data-image-meta=\"{&quot;aperture&quot;:&quot;0&quot;,&quot;credit&quot;:&quot;&quot;,&quot;camera&quot;:&quot;&quot;,&quot;caption&quot;:&quot;&quot;,&quot;created_timestamp&quot;:&quot;0&quot;,&quot;copyright&quot;:&quot;&quot;,&quot;focal_length&quot;:&quot;0&quot;,&quot;iso&quot;:&quot;0&quot;,&quot;shutter_speed&quot;:&quot;0&quot;,&quot;title&quot;:&quot;&quot;,&quot;orientation&quot;:&quot;0&quot;}\" data-image-title=\"Guido-Guidi-2\" data-image-description=\"\" data-image-caption=\"\" data-medium-file=\"https:\/\/i0.wp.com\/www.robertosedda.it\/wp-content\/uploads\/2019\/10\/Guido-Guidi-2.jpg?fit=200%2C300\" data-large-file=\"https:\/\/i0.wp.com\/www.robertosedda.it\/wp-content\/uploads\/2019\/10\/Guido-Guidi-2.jpg?fit=400%2C600\" decoding=\"async\" loading=\"lazy\" width=\"200\" height=\"300\" src=\"https:\/\/i0.wp.com\/www.robertosedda.it\/wp-content\/uploads\/2019\/10\/Guido-Guidi-2.jpg?resize=200%2C300\" alt=\"\" class=\"wp-image-17450\" srcset=\"https:\/\/i0.wp.com\/www.robertosedda.it\/wp-content\/uploads\/2019\/10\/Guido-Guidi-2.jpg?resize=200%2C300 200w, https:\/\/i0.wp.com\/www.robertosedda.it\/wp-content\/uploads\/2019\/10\/Guido-Guidi-2.jpg?resize=100%2C150 100w, https:\/\/i0.wp.com\/www.robertosedda.it\/wp-content\/uploads\/2019\/10\/Guido-Guidi-2.jpg?w=400 400w\" sizes=\"(max-width: 200px) 100vw, 200px\" data-recalc-dims=\"1\" \/><\/figure><\/div>\n\n\n\n<p>La mostra \u00e8 insomma molto consigliata. A margine, una delle cose buffe legata alla mancanza di documentazione per il 1974 \u00e8 che per molte foto non si sa dove sono scattate; tanto meno si sa chi sono le persone ritratte, che on sono saltate fuori neanche in occasione della mostra, nonostante la loro presenza sia, talvolta, davvero iconica, come per i due ragazzini qui a fianco. Sono un po&#8217; stupito che non sia scattata la caccia al tesoro per riconoscere i paesi, i luoghi e le persone: forse la collocazione estiva non ha aiutato, ma magari pu\u00f2 essere ancora un gioco interessante per gli ultimi visitatori.<\/p>\n\n\n\n<p>Dimenticavo: bellissimo e amplissimo il catalogo.<\/p>\n","protected":false},"excerpt":{"rendered":"<p>Devo confessare che fino a una decina di giorni fa non avevo mai sentito parlare di Guido Guidi. L&#8217;ho scoperto<\/p>\n","protected":false},"author":1,"featured_media":17449,"comment_status":"open","ping_status":"open","sticky":false,"template":"","format":"standard","meta":{"_mi_skip_tracking":false,"_monsterinsights_sitenote_active":false,"_monsterinsights_sitenote_note":"","_monsterinsights_sitenote_category":0,"jetpack_post_was_ever_published":false,"_jetpack_newsletter_access":"","jetpack_publicize_message":"Le foto di Guido Guidi al  @MAN_MUSEO, ancora fino al 20 ottobre.","jetpack_is_tweetstorm":false,"jetpack_publicize_feature_enabled":true,"jetpack_social_post_already_shared":true,"jetpack_social_options":{"image_generator_settings":{"template":"highway","enabled":false}}},"categories":[52,53,88,95,16],"tags":[],"jetpack_publicize_connections":[],"jetpack_featured_media_url":"https:\/\/i0.wp.com\/www.robertosedda.it\/wp-content\/uploads\/2019\/10\/Guido-Guidi.png?fit=1084%2C413","jetpack_sharing_enabled":true,"jetpack_shortlink":"https:\/\/wp.me\/p4jV2T-4xq","jetpack_likes_enabled":true,"jetpack-related-posts":[{"id":1642,"url":"http:\/\/www.robertosedda.it\/?p=1642","url_meta":{"origin":17448,"position":0},"title":"Quel che ho detto (o volevo dire) a Eben Ezer &#8211; la Sardegna","author":"Rufus","date":"18\/12\/2012","format":false,"excerpt":"L'altro giorno mi sono dilungato molto di pi\u00f9, oggi sar\u00f2 (per fortuna di tutti) pi\u00f9 breve. La domanda a cui avrei dovuto rispondere nella seconda parte del mio intervento era, pi\u00f9 o meno: com'\u00e8 la Sardegna vista dalla visuale di Banca Popolare Etica? Pi\u00f9 esattamente, come \u00e8 la Sardegna vista\u2026","rel":"","context":"In &quot;Coordinate&quot;","block_context":{"text":"Coordinate","link":"http:\/\/www.robertosedda.it\/?cat=52"},"img":{"alt_text":"","src":"","width":0,"height":0},"classes":[]},{"id":9804,"url":"http:\/\/www.robertosedda.it\/?p=9804","url_meta":{"origin":17448,"position":1},"title":"Carbonia, color di trachite","author":"Rufus","date":"18\/03\/2015","format":false,"excerpt":"Questo articolo viene pubblicato anche sui siti di Fondazione Sardinia, Tramasdeamistade, Sardegna Soprattutto, Sportello Formaparis,Tottusinpari e sui blog di Enrico Lobina, Vito Biolchini e Francesca Madrigali. Carbonia, color di trachite. Dialogo con il Prof. Antonello Sanna. di Fabrizio Palazzari Alla vigilia del Sulkimake Humanities Lab che dal 27 al 29\u2026","rel":"","context":"In &quot;Coordinate&quot;","block_context":{"text":"Coordinate","link":"http:\/\/www.robertosedda.it\/?cat=52"},"img":{"alt_text":"","src":"https:\/\/i0.wp.com\/www.robertosedda.it\/wp-content\/uploads\/2015\/03\/CarboniaCitt\u00e0Fondazione.jpg?fit=1024%2C768&resize=350%2C200","width":350,"height":200,"srcset":"https:\/\/i0.wp.com\/www.robertosedda.it\/wp-content\/uploads\/2015\/03\/CarboniaCitt\u00e0Fondazione.jpg?fit=1024%2C768&resize=350%2C200 1x, https:\/\/i0.wp.com\/www.robertosedda.it\/wp-content\/uploads\/2015\/03\/CarboniaCitt\u00e0Fondazione.jpg?fit=1024%2C768&resize=700%2C400 2x"},"classes":[]},{"id":10306,"url":"http:\/\/www.robertosedda.it\/?p=10306","url_meta":{"origin":17448,"position":2},"title":"&#8220;La costante resistenziale&#8221; al MAN di Nuoro","author":"Rufus","date":"04\/06\/2015","format":false,"excerpt":"Ho passato gioiosamente il ponte del 2 giugno a Orani con Maria Bonaria e mia madre, e ne ho anche approfittato per rivedere il Museo Nivola\u00a0e per andare al\u00a0MAN a vedere la mostra\u00a0La costante resistenziale\u00a0 #1 -\u00a0Venticinque anni di ricerca artistica in Sardegna (1957-1983), dedicata al percorso degli artisti sardi\u2026","rel":"","context":"In &quot;Coordinate&quot;","block_context":{"text":"Coordinate","link":"http:\/\/www.robertosedda.it\/?cat=52"},"img":{"alt_text":"","src":"https:\/\/i0.wp.com\/www.robertosedda.it\/wp-content\/uploads\/2015\/06\/Angelo-Liberati.jpg.jpg?fit=617%2C492&resize=350%2C200","width":350,"height":200},"classes":[]},{"id":15879,"url":"http:\/\/www.robertosedda.it\/?p=15879","url_meta":{"origin":17448,"position":3},"title":"Cose da terzo mondo!","author":"Rufus","date":"23\/11\/2018","format":false,"excerpt":"Sabato a Nuoro ho visto le tre nuove mostre che sono state da poco allestite al\u00a0MAN. Delle tre, quella di pittura al piano intermedio (O Youth and Beauty!)\u00a0non mi ha ispirato particolarmente: diciamo che i tre artisti mi sono sembrati tutti, appunto, piuttosto giovani\u00a0e un po' irresoluti (anche se vedo\u2026","rel":"","context":"In &quot;Coordinate&quot;","block_context":{"text":"Coordinate","link":"http:\/\/www.robertosedda.it\/?cat=52"},"img":{"alt_text":"","src":"https:\/\/i0.wp.com\/www.robertosedda.it\/wp-content\/uploads\/2018\/11\/Gbre.jpg?fit=751%2C500&resize=350%2C200","width":350,"height":200,"srcset":"https:\/\/i0.wp.com\/www.robertosedda.it\/wp-content\/uploads\/2018\/11\/Gbre.jpg?fit=751%2C500&resize=350%2C200 1x, https:\/\/i0.wp.com\/www.robertosedda.it\/wp-content\/uploads\/2018\/11\/Gbre.jpg?fit=751%2C500&resize=700%2C400 2x"},"classes":[]},{"id":15801,"url":"http:\/\/www.robertosedda.it\/?p=15801","url_meta":{"origin":17448,"position":4},"title":"Mostre per cui comb&#8230; fare una bella gita","author":"Rufus","date":"05\/11\/2018","format":false,"excerpt":"Vorrei consigliare di non lasciarsi scappare la mostra\u00a0What are we fighting for, al\u00a0Museo Nivola di Orani fino al 9 dicembre. Il titolo della mostra prende spunto da quello della canzone dedicata alla guerra del Vietnam da Country Joe McDonald, Per cosa combattiamo?, domanda di senso diventata frase chiave della contestazione\u2026","rel":"","context":"In &quot;Coordinate&quot;","block_context":{"text":"Coordinate","link":"http:\/\/www.robertosedda.it\/?cat=52"},"img":{"alt_text":"","src":"https:\/\/i0.wp.com\/www.robertosedda.it\/wp-content\/uploads\/2018\/11\/What-are-we-fighing-for.png?fit=600%2C416&resize=350%2C200","width":350,"height":200},"classes":[]},{"id":9537,"url":"http:\/\/www.robertosedda.it\/?p=9537","url_meta":{"origin":17448,"position":5},"title":"&#8220;Canti di strada&#8221;: io ci vado","author":"Rufus","date":"05\/02\/2015","format":false,"excerpt":"Solo una breve segnalazione per ricordare l'apertura, al MAN di Nuoro, della mostra Canto di strada, per la cui presentazione rubo dalla pagina del museo: Frutto di un dialogo ideale scaturito dalla condivisione di una concezione del cammino come motore di esperienze artistiche, la mostra, a cura di Lorenzo Giusti,\u2026","rel":"","context":"In &quot;Coordinate&quot;","block_context":{"text":"Coordinate","link":"http:\/\/www.robertosedda.it\/?cat=52"},"img":{"alt_text":"","src":"https:\/\/i0.wp.com\/www.robertosedda.it\/wp-content\/uploads\/2015\/02\/Canto-di-strada-MAN-Nuoro.jpg?fit=1200%2C370&resize=350%2C200","width":350,"height":200,"srcset":"https:\/\/i0.wp.com\/www.robertosedda.it\/wp-content\/uploads\/2015\/02\/Canto-di-strada-MAN-Nuoro.jpg?fit=1200%2C370&resize=350%2C200 1x, https:\/\/i0.wp.com\/www.robertosedda.it\/wp-content\/uploads\/2015\/02\/Canto-di-strada-MAN-Nuoro.jpg?fit=1200%2C370&resize=700%2C400 2x, https:\/\/i0.wp.com\/www.robertosedda.it\/wp-content\/uploads\/2015\/02\/Canto-di-strada-MAN-Nuoro.jpg?fit=1200%2C370&resize=1050%2C600 3x"},"classes":[]}],"_links":{"self":[{"href":"http:\/\/www.robertosedda.it\/index.php?rest_route=\/wp\/v2\/posts\/17448"}],"collection":[{"href":"http:\/\/www.robertosedda.it\/index.php?rest_route=\/wp\/v2\/posts"}],"about":[{"href":"http:\/\/www.robertosedda.it\/index.php?rest_route=\/wp\/v2\/types\/post"}],"author":[{"embeddable":true,"href":"http:\/\/www.robertosedda.it\/index.php?rest_route=\/wp\/v2\/users\/1"}],"replies":[{"embeddable":true,"href":"http:\/\/www.robertosedda.it\/index.php?rest_route=%2Fwp%2Fv2%2Fcomments&post=17448"}],"version-history":[{"count":2,"href":"http:\/\/www.robertosedda.it\/index.php?rest_route=\/wp\/v2\/posts\/17448\/revisions"}],"predecessor-version":[{"id":17452,"href":"http:\/\/www.robertosedda.it\/index.php?rest_route=\/wp\/v2\/posts\/17448\/revisions\/17452"}],"wp:featuredmedia":[{"embeddable":true,"href":"http:\/\/www.robertosedda.it\/index.php?rest_route=\/wp\/v2\/media\/17449"}],"wp:attachment":[{"href":"http:\/\/www.robertosedda.it\/index.php?rest_route=%2Fwp%2Fv2%2Fmedia&parent=17448"}],"wp:term":[{"taxonomy":"category","embeddable":true,"href":"http:\/\/www.robertosedda.it\/index.php?rest_route=%2Fwp%2Fv2%2Fcategories&post=17448"},{"taxonomy":"post_tag","embeddable":true,"href":"http:\/\/www.robertosedda.it\/index.php?rest_route=%2Fwp%2Fv2%2Ftags&post=17448"}],"curies":[{"name":"wp","href":"https:\/\/api.w.org\/{rel}","templated":true}]}}