{"id":17384,"date":"2019-09-27T10:00:31","date_gmt":"2019-09-27T08:00:31","guid":{"rendered":"http:\/\/www.robertosedda.it\/?p=17384"},"modified":"2019-10-10T16:31:25","modified_gmt":"2019-10-10T14:31:25","slug":"elitari-ma-spirituali","status":"publish","type":"post","link":"http:\/\/www.robertosedda.it\/?p=17384","title":{"rendered":"Elitari ma spirituali"},"content":{"rendered":"\n<p>Non so bene per quali misteriosi motivi mi sia passata sotto il naso una notizia pubblicata sul sito della rivista <em><a href=\"https:\/\/www.townandcountrymag.com\">Town&amp;Country<\/a><\/em>: voglio dire, \u00e8 una rivista che divide i suoi articoli fra notizie della casa reale inglese e tutto il resto, cio\u00e8 viaggi e moda, il che non la pone esattamente nel campo dei miei interessi abituali.<\/p>\n\n\n\n<figure class=\"wp-block-image alignwide\"><img data-attachment-id=\"17385\" data-permalink=\"http:\/\/www.robertosedda.it\/?attachment_id=17385\" data-orig-file=\"https:\/\/i0.wp.com\/www.robertosedda.it\/wp-content\/uploads\/2019\/10\/Spiritual-onepercenters.jpg?fit=768%2C768\" data-orig-size=\"768,768\" data-comments-opened=\"1\" data-image-meta=\"{&quot;aperture&quot;:&quot;0&quot;,&quot;credit&quot;:&quot;&quot;,&quot;camera&quot;:&quot;&quot;,&quot;caption&quot;:&quot;&quot;,&quot;created_timestamp&quot;:&quot;0&quot;,&quot;copyright&quot;:&quot;&quot;,&quot;focal_length&quot;:&quot;0&quot;,&quot;iso&quot;:&quot;0&quot;,&quot;shutter_speed&quot;:&quot;0&quot;,&quot;title&quot;:&quot;&quot;,&quot;orientation&quot;:&quot;0&quot;}\" data-image-title=\"Spiritual-onepercenters\" data-image-description=\"\" data-image-caption=\"\" data-medium-file=\"https:\/\/i0.wp.com\/www.robertosedda.it\/wp-content\/uploads\/2019\/10\/Spiritual-onepercenters.jpg?fit=300%2C300\" data-large-file=\"https:\/\/i0.wp.com\/www.robertosedda.it\/wp-content\/uploads\/2019\/10\/Spiritual-onepercenters.jpg?fit=510%2C510\" decoding=\"async\" loading=\"lazy\" width=\"768\" height=\"768\" src=\"https:\/\/i0.wp.com\/www.robertosedda.it\/wp-content\/uploads\/2019\/10\/Spiritual-onepercenters.jpg?resize=768%2C768\" alt=\"\" class=\"wp-image-17385\" srcset=\"https:\/\/i0.wp.com\/www.robertosedda.it\/wp-content\/uploads\/2019\/10\/Spiritual-onepercenters.jpg?w=768 768w, https:\/\/i0.wp.com\/www.robertosedda.it\/wp-content\/uploads\/2019\/10\/Spiritual-onepercenters.jpg?resize=150%2C150 150w, https:\/\/i0.wp.com\/www.robertosedda.it\/wp-content\/uploads\/2019\/10\/Spiritual-onepercenters.jpg?resize=300%2C300 300w, https:\/\/i0.wp.com\/www.robertosedda.it\/wp-content\/uploads\/2019\/10\/Spiritual-onepercenters.jpg?resize=510%2C510 510w\" sizes=\"(max-width: 768px) 100vw, 768px\" data-recalc-dims=\"1\" \/><\/figure>\n\n\n\n<p>Ad ogni modo, ci ho trovato una lunga e circostanziata <a href=\"https:\/\/www.townandcountrymag.com\/society\/money-and-power\/a28480608\/spiritual-snobs-gwyneth-paltrow-marianne-williamson-jack-dorsey\/\">invettiva<\/a> contro lo snobismo spirituale dei ricchissimi, i quali avendo tutto possono permettersi anche l&#8217;illuminazione interiore, cio\u00e8 vacanze da sogno ma dense di privazioni che solo loro possono avere e meditazioni esclusive sul modo migliore di spogliarsi del lusso continuando a vivere lussuosamente.<\/p>\n\n\n\n<p>L&#8217;articolo ha i suoi problemi, ovviamente, considerata la fonte da cui proviene, ma offre un quadro interessante di questo tipo di deserto spirituale (si usa la sigla SBNR &#8211; <em>spirituale ma non religioso<\/em>), delle meccaniche di mercificazione spaventose che lo pervadono e di quelli che sono <em>guru<\/em> e i <em>testimonial<\/em> principali della nuova tendenza.<\/p>\n","protected":false},"excerpt":{"rendered":"<p>Non so bene per quali misteriosi motivi mi sia passata sotto il naso una notizia pubblicata sul sito della rivista<\/p>\n","protected":false},"author":1,"featured_media":17385,"comment_status":"open","ping_status":"open","sticky":false,"template":"","format":"standard","meta":{"_mi_skip_tracking":false,"_monsterinsights_sitenote_active":false,"_monsterinsights_sitenote_note":"","_monsterinsights_sitenote_category":0,"jetpack_post_was_ever_published":false,"_jetpack_newsletter_access":"","jetpack_publicize_message":"Su @TandCmag (!) quelli che avendo tutto possono permettersi anche vacanze da sogno ma dense di privazioni e meditazioni esclusive sul modo migliore di spogliarsi del del lusso continuando a vivere lussuosamente.","jetpack_is_tweetstorm":false,"jetpack_publicize_feature_enabled":true,"jetpack_social_post_already_shared":true,"jetpack_social_options":{"image_generator_settings":{"template":"highway","enabled":false}}},"categories":[52,55,77,95,16],"tags":[],"jetpack_publicize_connections":[],"jetpack_featured_media_url":"https:\/\/i0.wp.com\/www.robertosedda.it\/wp-content\/uploads\/2019\/10\/Spiritual-onepercenters.jpg?fit=768%2C768","jetpack_sharing_enabled":true,"jetpack_shortlink":"https:\/\/wp.me\/p4jV2T-4wo","jetpack_likes_enabled":true,"jetpack-related-posts":[{"id":17185,"url":"http:\/\/www.robertosedda.it\/?p=17185","url_meta":{"origin":17384,"position":0},"title":"Oltre il confine","author":"Rufus","date":"06\/09\/2019","format":false,"excerpt":"Volevo segnalare da un po' che il sito di notizie Ozy ha in corso una serie interessante di articoli dal titolo Beyond the border e dedicato a storie che riguardano i migranti appunto \"oltre il confine\", cio\u00e8 nei loro paesi di origine (con tipico egocentrismo americano, stanno nella categoria dei\u2026","rel":"","context":"In &quot;Coordinate&quot;","block_context":{"text":"Coordinate","link":"http:\/\/www.robertosedda.it\/?cat=52"},"img":{"alt_text":"","src":"https:\/\/i0.wp.com\/www.robertosedda.it\/wp-content\/uploads\/2019\/09\/Beyond-the-border.jpg?fit=1200%2C675&resize=350%2C200","width":350,"height":200,"srcset":"https:\/\/i0.wp.com\/www.robertosedda.it\/wp-content\/uploads\/2019\/09\/Beyond-the-border.jpg?fit=1200%2C675&resize=350%2C200 1x, https:\/\/i0.wp.com\/www.robertosedda.it\/wp-content\/uploads\/2019\/09\/Beyond-the-border.jpg?fit=1200%2C675&resize=700%2C400 2x, https:\/\/i0.wp.com\/www.robertosedda.it\/wp-content\/uploads\/2019\/09\/Beyond-the-border.jpg?fit=1200%2C675&resize=1050%2C600 3x"},"classes":[]},{"id":15409,"url":"http:\/\/www.robertosedda.it\/?p=15409","url_meta":{"origin":17384,"position":1},"title":"Parlare di videogame","author":"Rufus","date":"27\/06\/2018","format":false,"excerpt":"Mi sono sempre dimenticato di raccontare che uscir\u00e0 credo a settembre un\u00a0dossier che ho curato assieme ai\u00a0Fabbricastorie sui videogame, per Mosaico di pace. Naturalmente quando uscir\u00e0 il\u00a0dossier vi avviser\u00f2 (cos\u00ec magari vi abbonate alla rivista o la comprate) ma visto che oggi mi sono ricordato volevo condividere con voi alcune\u2026","rel":"","context":"In &quot;Coordinate&quot;","block_context":{"text":"Coordinate","link":"http:\/\/www.robertosedda.it\/?cat=52"},"img":{"alt_text":"","src":"https:\/\/i0.wp.com\/www.robertosedda.it\/wp-content\/uploads\/2016\/07\/This-war-of-mine.jpg?fit=617%2C347&resize=350%2C200","width":350,"height":200},"classes":[]},{"id":562,"url":"http:\/\/www.robertosedda.it\/?p=562","url_meta":{"origin":17384,"position":2},"title":"Acqua bene comune","author":"Rufus","date":"22\/08\/2012","format":false,"excerpt":"Il prossimo 12 giugno si terr\u00e0 una importante consultazione referendaria che prevede, fra gli altri, anche due quesiti sulla gestione delle risorse idriche. Sulla questione si \u00e8 espressa anche la Presidenza nazionale di Azione Cattolica, con una dichiarazione che potete leggere qui. Il gruppo diocesano \u201cLa Pira\u201d ha prodotto in\u2026","rel":"","context":"In &quot;Coordinate&quot;","block_context":{"text":"Coordinate","link":"http:\/\/www.robertosedda.it\/?cat=52"},"img":{"alt_text":"","src":"https:\/\/i0.wp.com\/www.robertosedda.it\/wp-content\/uploads\/2012\/08\/249762_1914023302173_8196898_n.jpg?fit=720%2C540&resize=350%2C200","width":350,"height":200,"srcset":"https:\/\/i0.wp.com\/www.robertosedda.it\/wp-content\/uploads\/2012\/08\/249762_1914023302173_8196898_n.jpg?fit=720%2C540&resize=350%2C200 1x, https:\/\/i0.wp.com\/www.robertosedda.it\/wp-content\/uploads\/2012\/08\/249762_1914023302173_8196898_n.jpg?fit=720%2C540&resize=700%2C400 2x"},"classes":[]},{"id":15453,"url":"http:\/\/www.robertosedda.it\/?p=15453","url_meta":{"origin":17384,"position":3},"title":"La strada di Firenze","author":"Rufus","date":"11\/07\/2018","format":false,"excerpt":"L'altro giorno mi \u00e8 stato commissionato un breve articolo a commento della proclamazione della venerabilit\u00e0 di Giorgio La Pira; per scriverlo sono andato a rivedermi, fra le altre cose, la Premessa di Cagliari, cio\u00e8 il discorso che La Pira tenne a Cagliari nel 1973 per introdurre il convegno dell'IPALMO, l'Istituto\u2026","rel":"","context":"In &quot;Coordinate&quot;","block_context":{"text":"Coordinate","link":"http:\/\/www.robertosedda.it\/?cat=52"},"img":{"alt_text":"","src":"https:\/\/i0.wp.com\/www.robertosedda.it\/wp-content\/uploads\/2018\/07\/La-Pira-2.jpg?fit=720%2C625&resize=350%2C200","width":350,"height":200,"srcset":"https:\/\/i0.wp.com\/www.robertosedda.it\/wp-content\/uploads\/2018\/07\/La-Pira-2.jpg?fit=720%2C625&resize=350%2C200 1x, https:\/\/i0.wp.com\/www.robertosedda.it\/wp-content\/uploads\/2018\/07\/La-Pira-2.jpg?fit=720%2C625&resize=700%2C400 2x"},"classes":[]},{"id":14754,"url":"http:\/\/www.robertosedda.it\/?p=14754","url_meta":{"origin":17384,"position":4},"title":"Ancora su Goebbels e le fake news (e la sinistra)","author":"Rufus","date":"28\/02\/2018","format":false,"excerpt":"Manco a farlo apposta, vedo ieri condiviso un articolo su\u00a0Left\u00a0a firma Giulio Cavali con le \"famose\" undici regole di Goebbels (se non sapete di che parlo, leggete qui). Ora, Giulio Cavalli \u00e8 un giornalista vero, noto per lavori di inchiesta e per la compromissione sociale. E Left\u00a0\u00e8 una rivista\u00a0vera, con\u2026","rel":"","context":"In &quot;Coordinate&quot;","block_context":{"text":"Coordinate","link":"http:\/\/www.robertosedda.it\/?cat=52"},"img":{"alt_text":"","src":"https:\/\/i0.wp.com\/www.robertosedda.it\/wp-content\/uploads\/2018\/02\/Left-Goebbels-2.jpg?fit=1200%2C558&resize=350%2C200","width":350,"height":200,"srcset":"https:\/\/i0.wp.com\/www.robertosedda.it\/wp-content\/uploads\/2018\/02\/Left-Goebbels-2.jpg?fit=1200%2C558&resize=350%2C200 1x, https:\/\/i0.wp.com\/www.robertosedda.it\/wp-content\/uploads\/2018\/02\/Left-Goebbels-2.jpg?fit=1200%2C558&resize=700%2C400 2x, https:\/\/i0.wp.com\/www.robertosedda.it\/wp-content\/uploads\/2018\/02\/Left-Goebbels-2.jpg?fit=1200%2C558&resize=1050%2C600 3x"},"classes":[]},{"id":16141,"url":"http:\/\/www.robertosedda.it\/?p=16141","url_meta":{"origin":17384,"position":5},"title":"Osservatori non partecipanti","author":"Rufus","date":"14\/01\/2019","format":false,"excerpt":"Ho letto da poco l'ultimo numero di Medea, cio\u00e8 Medea \u00e8\u00a0la rivista\u00a0internazionale di studi interculturali\u00a0peer-reviewed e open access del Laboratorio \"Xenoi: pratiche, immagini, parole\" dell'Universit\u00e0 di Cagliari e del Laboratorio \"Valdrada\" dell'Universit\u00e0 di Perugia, una rivista che \u00e8 interessante non solo per i contenuti (con una costante riflessione sul tema\u2026","rel":"","context":"In &quot;Coordinate&quot;","block_context":{"text":"Coordinate","link":"http:\/\/www.robertosedda.it\/?cat=52"},"img":{"alt_text":"","src":"","width":0,"height":0},"classes":[]}],"_links":{"self":[{"href":"http:\/\/www.robertosedda.it\/index.php?rest_route=\/wp\/v2\/posts\/17384"}],"collection":[{"href":"http:\/\/www.robertosedda.it\/index.php?rest_route=\/wp\/v2\/posts"}],"about":[{"href":"http:\/\/www.robertosedda.it\/index.php?rest_route=\/wp\/v2\/types\/post"}],"author":[{"embeddable":true,"href":"http:\/\/www.robertosedda.it\/index.php?rest_route=\/wp\/v2\/users\/1"}],"replies":[{"embeddable":true,"href":"http:\/\/www.robertosedda.it\/index.php?rest_route=%2Fwp%2Fv2%2Fcomments&post=17384"}],"version-history":[{"count":1,"href":"http:\/\/www.robertosedda.it\/index.php?rest_route=\/wp\/v2\/posts\/17384\/revisions"}],"predecessor-version":[{"id":17386,"href":"http:\/\/www.robertosedda.it\/index.php?rest_route=\/wp\/v2\/posts\/17384\/revisions\/17386"}],"wp:featuredmedia":[{"embeddable":true,"href":"http:\/\/www.robertosedda.it\/index.php?rest_route=\/wp\/v2\/media\/17385"}],"wp:attachment":[{"href":"http:\/\/www.robertosedda.it\/index.php?rest_route=%2Fwp%2Fv2%2Fmedia&parent=17384"}],"wp:term":[{"taxonomy":"category","embeddable":true,"href":"http:\/\/www.robertosedda.it\/index.php?rest_route=%2Fwp%2Fv2%2Fcategories&post=17384"},{"taxonomy":"post_tag","embeddable":true,"href":"http:\/\/www.robertosedda.it\/index.php?rest_route=%2Fwp%2Fv2%2Ftags&post=17384"}],"curies":[{"name":"wp","href":"https:\/\/api.w.org\/{rel}","templated":true}]}}