{"id":17315,"date":"2019-09-23T14:07:37","date_gmt":"2019-09-23T12:07:37","guid":{"rendered":"http:\/\/www.robertosedda.it\/?p=17315"},"modified":"2019-10-17T10:37:23","modified_gmt":"2019-10-17T08:37:23","slug":"gente-che-viene-da-dappertutto","status":"publish","type":"post","link":"http:\/\/www.robertosedda.it\/?p=17315","title":{"rendered":"Gente che viene da dappertutto"},"content":{"rendered":"\n<p>Nello scorso fine settimana, come avevo <a href=\"http:\/\/www.robertosedda.it\/?p=17237\">annunciato<\/a>, sono stato a <em>Cortes Apertas<\/em> di Orani per aprire casa e accogliere i visitatori.<\/p>\n\n\n\n<figure class=\"wp-block-image alignwide\"><img data-attachment-id=\"17316\" data-permalink=\"http:\/\/www.robertosedda.it\/?attachment_id=17316\" data-orig-file=\"https:\/\/i0.wp.com\/www.robertosedda.it\/wp-content\/uploads\/2019\/09\/Su-Postu.jpg?fit=1250%2C938\" data-orig-size=\"1250,938\" data-comments-opened=\"1\" data-image-meta=\"{&quot;aperture&quot;:&quot;0&quot;,&quot;credit&quot;:&quot;&quot;,&quot;camera&quot;:&quot;&quot;,&quot;caption&quot;:&quot;&quot;,&quot;created_timestamp&quot;:&quot;0&quot;,&quot;copyright&quot;:&quot;&quot;,&quot;focal_length&quot;:&quot;0&quot;,&quot;iso&quot;:&quot;0&quot;,&quot;shutter_speed&quot;:&quot;0&quot;,&quot;title&quot;:&quot;&quot;,&quot;orientation&quot;:&quot;0&quot;}\" data-image-title=\"Su-Postu\" data-image-description=\"\" data-image-caption=\"\" data-medium-file=\"https:\/\/i0.wp.com\/www.robertosedda.it\/wp-content\/uploads\/2019\/09\/Su-Postu.jpg?fit=300%2C225\" data-large-file=\"https:\/\/i0.wp.com\/www.robertosedda.it\/wp-content\/uploads\/2019\/09\/Su-Postu.jpg?fit=510%2C383\" decoding=\"async\" loading=\"lazy\" width=\"1250\" height=\"938\" src=\"https:\/\/i1.wp.com\/www.robertosedda.it\/wp-content\/uploads\/2019\/09\/Su-Postu.jpg?fit=510%2C383\" alt=\"\" class=\"wp-image-17316\" srcset=\"https:\/\/i0.wp.com\/www.robertosedda.it\/wp-content\/uploads\/2019\/09\/Su-Postu.jpg?w=1250 1250w, https:\/\/i0.wp.com\/www.robertosedda.it\/wp-content\/uploads\/2019\/09\/Su-Postu.jpg?resize=150%2C113 150w, https:\/\/i0.wp.com\/www.robertosedda.it\/wp-content\/uploads\/2019\/09\/Su-Postu.jpg?resize=300%2C225 300w, https:\/\/i0.wp.com\/www.robertosedda.it\/wp-content\/uploads\/2019\/09\/Su-Postu.jpg?resize=510%2C383 510w\" sizes=\"(max-width: 800px) 100vw, 800px\" \/><figcaption>Quiete prima della festa<\/figcaption><\/figure>\n\n\n\n<p>Essendo di <em>corv\u00e9e <\/em>non mi sono goduto il paese e la festa quasi per niente, a parte un consumo spropositato di proteine di origine animale, di alcol e di dolci, come il luogo domanda. <\/p>\n\n\n\n<p>Quello che mi sono goduto, invece, sono i visitatori e le impreviste chiacchierate che sono nate dalla esposizione di  un ricettario della nonna (per dire: una discussione accanita fra visitatrici su disgrafia, strategie educative, qualit\u00e0 della scuola elementare attuale) o di una giacca di velluto da caccia (sul ruolo politico delle organizzazioni di cacciatori in Polonia) e cos\u00ec via.<\/p>\n\n\n\n<p>Sono rimasto stupito dell&#8217;affluenza: abbiamo avuto parecchie centinaia di visitatori, un po&#8217; meno del migliaio abbondante di anni fa, ma all&#8217;epoca le <em>Cortes<\/em> erano molto pi\u00f9 una novit\u00e0; abbiamo anche aperto appena meno di altri, per motivi logistici diversi. Insomma: un sacco di gente.<\/p>\n\n\n\n<p>Sapevo benissimo che c&#8217;\u00e8 un turismo locale molto forte che nei fine settimana gradisce usare il pretesto delle <em>Cortes<\/em> per una gita fuori porta, andare a trovare amici o farsi una mangiata; quello che mi ha lasciato stupito \u00e8 stato il numero di stranieri (almeno un quinto dei visitatori, giurerei) e la loro provenienza estremamente variegata: abbiamo avuto svizzeri, francesi, inglesi, svizzeri, belgi, spagnoli, polacchi, slovacchi, lettoni, russi, e anche due argentini, degli australiani e un ecuadoregno. Calcolando che un gran numero degli altri erano continentali vuol dire che a nasometro c&#8217;\u00e8 una fetta significativa di turisti &#8211; a settembre; ma settembre \u00e8 davvero bassa stagione? &#8211; che dalle coste \u00e8 disposto a muoversi vero l&#8217;interno e, oltretutto, ne trae un gran piacere.<\/p>\n\n\n\n<p>Andando via mi chiedevo se ci sono, da qualche parte, studi sull&#8217;impatto di iniziative tipo <em>Cortes Apertas<\/em>, non solo dal punto di vista della ricaduta economica dei paesi o sulla capacit\u00e0 di rendere pi\u00f9 vivace il clima culturale locale, ma da quello della costruzione di una visione delle zone interne da parte dei turisti.<\/p>\n\n\n\n<p>Mi spiego con un esempio: Cagliari \u00e8 oggi una citt\u00e0 turistica grazie a strategie complesse e un gran numero di fattori. Fra questi, per\u00f2, certamente le navi da crociera e la presenza di compagnie aeree <em>low cost<\/em> hanno agito da moltiplicatore perch\u00e9 hanno attivato dei meccanismi di passaparola e di costruzione di una identit\u00e0 turistica diffusa di Cagliari (anche l&#8217;Erasmus ha svolto un ruolo simile): uno viene perch\u00e9 ha trovato un volo economico all&#8217;ultimo momento o perch\u00e9 la nave fa questa sosta che lui non ha proprio scelto, visita la citt\u00e0, gli piace e ci torna per una sosta pi\u00f9 prolungata; oppure anche solo ne parla bene agli amici e anche quelli ci vengono. Ecco, mi sono chiesto se da qualche parte si sia studiato se le <em>Cortes<\/em> giochino un ruolo simile; non ho trovato niente, ma sono sicuro che qualche amico pu\u00f2 indirizzarmi alle letture opportune.<\/p>\n\n\n\n<p>C&#8217;\u00e8 anche un&#8217;altra riflessione che ho fatto, e che riguarda l&#8217;offerta culturale di tanti dei nostri paesi, ma di questo magari parler\u00f2 con pi\u00f9 calma.<\/p>\n\n\n\n<figure class=\"wp-block-embed-youtube alignwide wp-block-embed is-type-video is-provider-youtube wp-embed-aspect-16-9 wp-has-aspect-ratio\"><div class=\"wp-block-embed__wrapper\">\n<span class=\"embed-youtube\" style=\"text-align:center; display: block;\"><iframe loading=\"lazy\" class=\"youtube-player\" width=\"800\" height=\"450\" src=\"https:\/\/www.youtube.com\/embed\/ycxa8sbe-K4?version=3&#038;rel=1&#038;showsearch=0&#038;showinfo=1&#038;iv_load_policy=1&#038;fs=1&#038;hl=it-IT&#038;autohide=2&#038;wmode=transparent\" allowfullscreen=\"true\" style=\"border:0;\" sandbox=\"allow-scripts allow-same-origin allow-popups allow-presentation\"><\/iframe><\/span>\n<\/div><\/figure>\n","protected":false},"excerpt":{"rendered":"<p>Nello scorso fine settimana, come avevo annunciato, sono stato a Cortes Apertas di Orani per aprire casa e accogliere i<\/p>\n","protected":false},"author":1,"featured_media":17316,"comment_status":"open","ping_status":"open","sticky":false,"template":"","format":"standard","meta":{"_mi_skip_tracking":false,"_monsterinsights_sitenote_active":false,"_monsterinsights_sitenote_note":"","_monsterinsights_sitenote_category":0,"jetpack_post_was_ever_published":false,"_jetpack_newsletter_access":"","jetpack_publicize_message":"Gente che viene da dappertutto. A Cortes Apertas abbiamo avuto svizzeri, francesi, inglesi, svizzeri, belgi, spagnoli, polacchi, slovacchi, lettoni, russi, e anche due argentini, degli australiani e un ecuadoregno. E io mi chiedo...","jetpack_is_tweetstorm":false,"jetpack_publicize_feature_enabled":true,"jetpack_social_post_already_shared":true,"jetpack_social_options":{"image_generator_settings":{"template":"highway","enabled":false}}},"categories":[52,53,17,88,16],"tags":[],"jetpack_publicize_connections":[],"jetpack_featured_media_url":"https:\/\/i0.wp.com\/www.robertosedda.it\/wp-content\/uploads\/2019\/09\/Su-Postu.jpg?fit=1250%2C938","jetpack_sharing_enabled":true,"jetpack_shortlink":"https:\/\/wp.me\/p4jV2T-4vh","jetpack_likes_enabled":true,"jetpack-related-posts":[{"id":8670,"url":"http:\/\/www.robertosedda.it\/?p=8670","url_meta":{"origin":17315,"position":0},"title":"Ancora foto dei cinquant&#8217;anni","author":"Rufus","date":"19\/10\/2014","format":"gallery","excerpt":"Maria Luisa e Christian mi hanno fatto pochi giorni fa un bellissimo regalo: un intero CD di foto della famosa festa dei cinquant'anni. Sono 147 foto e me le sono godute tutte, ricordandomi oltretutto pezzi che avevo dimenticato: abbiamo ballato Bella ciao dei Modena City Ramblers, per esempio, e l'avevo\u2026","rel":"","context":"In &quot;Coordinate&quot;","block_context":{"text":"Coordinate","link":"http:\/\/www.robertosedda.it\/?cat=52"},"img":{"alt_text":"","src":"https:\/\/i0.wp.com\/www.robertosedda.it\/wp-content\/uploads\/2014\/10\/DSCF4150.jpg?fit=1200%2C900&resize=350%2C200","width":350,"height":200,"srcset":"https:\/\/i0.wp.com\/www.robertosedda.it\/wp-content\/uploads\/2014\/10\/DSCF4150.jpg?fit=1200%2C900&resize=350%2C200 1x, https:\/\/i0.wp.com\/www.robertosedda.it\/wp-content\/uploads\/2014\/10\/DSCF4150.jpg?fit=1200%2C900&resize=700%2C400 2x, https:\/\/i0.wp.com\/www.robertosedda.it\/wp-content\/uploads\/2014\/10\/DSCF4150.jpg?fit=1200%2C900&resize=1050%2C600 3x"},"classes":[]},{"id":1249,"url":"http:\/\/www.robertosedda.it\/?p=1249","url_meta":{"origin":17315,"position":1},"title":"A Lucca","author":"Rufus","date":"06\/11\/2012","format":false,"excerpt":"Non so cosa mi aspettassi di trovare a Lucca Comics & Games. L'ultima volta c'ero stato anni fa, ed era una fiera importante ma di grandezza limitata. Adesso \u00e8 una massa compatta di persone ed attivit\u00e0 che riempie ogni spazio. Tanto che per alcuni aspetti mi chiedo se sia ancora\u2026","rel":"","context":"In &quot;Coordinate&quot;","block_context":{"text":"Coordinate","link":"http:\/\/www.robertosedda.it\/?cat=52"},"img":{"alt_text":"","src":"https:\/\/i0.wp.com\/www.robertosedda.it\/wp-content\/uploads\/2012\/11\/Lucca-Comics-2012-Sclavi.jpg?fit=370%2C239&resize=350%2C200","width":350,"height":200},"classes":[]},{"id":2357,"url":"http:\/\/www.robertosedda.it\/?p=2357","url_meta":{"origin":17315,"position":2},"title":"Giorno di festa","author":"Rufus","date":"26\/02\/2013","format":false,"excerpt":"Oggi \u00e8 giorno di festa, perch\u00e9 ho finalmente ritrovato la poesia di Nazim Hikmet citata nelle Fate ignoranti di Ozpetek. Hikmet \u00e8 pochi gradini sotto Brecht nella graduatoria dei miei poeti preferiti. Ora che ci penso: un altro poeta comunista della mia adolescenza (e no, mia mamma non mi leggeva\u2026","rel":"","context":"In &quot;Coordinate&quot;","block_context":{"text":"Coordinate","link":"http:\/\/www.robertosedda.it\/?cat=52"},"img":{"alt_text":"","src":"https:\/\/i0.wp.com\/www.robertosedda.it\/wp-content\/uploads\/2013\/02\/Nazim_Hikmet.jpg?fit=240%2C268&resize=350%2C200","width":350,"height":200},"classes":[]},{"id":7643,"url":"http:\/\/www.robertosedda.it\/?p=7643","url_meta":{"origin":17315,"position":3},"title":"Le foto del bookcrossing!!","author":"Rufus","date":"11\/06\/2014","format":"gallery","excerpt":"Sul pi\u00f9 bello la mia macchina fotografica si \u00e8 scaricata, ma per fortuna c'erano altri che hanno abbondantemente supplito alle mie mancanze. Le foto sono dunque mie, di Cristiana Sedda, Alberto Pintus e Vania Statu, che ringrazio moltissimo. E grazie, grazie, grazie a tutti quelli che sono venuti - \u00e8\u2026","rel":"","context":"In &quot;Coordinate&quot;","block_context":{"text":"Coordinate","link":"http:\/\/www.robertosedda.it\/?cat=52"},"img":{"alt_text":"","src":"https:\/\/i0.wp.com\/www.robertosedda.it\/wp-content\/uploads\/2014\/06\/Segnalibri-commemorativi.jpg?fit=800%2C600&resize=350%2C200","width":350,"height":200,"srcset":"https:\/\/i0.wp.com\/www.robertosedda.it\/wp-content\/uploads\/2014\/06\/Segnalibri-commemorativi.jpg?fit=800%2C600&resize=350%2C200 1x, https:\/\/i0.wp.com\/www.robertosedda.it\/wp-content\/uploads\/2014\/06\/Segnalibri-commemorativi.jpg?fit=800%2C600&resize=700%2C400 2x"},"classes":[]},{"id":8098,"url":"http:\/\/www.robertosedda.it\/?p=8098","url_meta":{"origin":17315,"position":4},"title":"Nuove foto del bookcrossing","author":"Rufus","date":"31\/07\/2014","format":"gallery","excerpt":"A distanza di diverse settimane dalla festa dei cinquant'anni mi ritrovo un altro po' di foto relative all'evento (una prima serie di foto \u00e8 gi\u00e0 state pubblicata tempo fa). Pubblico anche queste sebbene sia passato del tempo un po' perch\u00e9... s\u00ec, un po' perch\u00e9 magari qualcuno ci si riconosce e\u2026","rel":"","context":"In &quot;Coordinate&quot;","block_context":{"text":"Coordinate","link":"http:\/\/www.robertosedda.it\/?cat=52"},"img":{"alt_text":"","src":"https:\/\/i0.wp.com\/www.robertosedda.it\/wp-content\/uploads\/2014\/07\/Amici-1.jpg?resize=350%2C200","width":350,"height":200},"classes":[]},{"id":6782,"url":"http:\/\/www.robertosedda.it\/?p=6782","url_meta":{"origin":17315,"position":5},"title":"Un piccolo gioco sulla finanza etica","author":"Rufus","date":"19\/03\/2014","format":false,"excerpt":"Ieri, alla festa per i quindici anni di Banca Etica a Cagliari, abbiamo giocato. Inizialmente avevamo pensato solo di giocare (da qui il titolo, La finanza non \u00e8 un gioco), poi gradualmente abbiamo cambiato idea e organizzato cose diverse. A proposito: \u00e8 andata benissimo, anche se si \u00e8 grattata appena\u2026","rel":"","context":"In &quot;Banche e finanza&quot;","block_context":{"text":"Banche e finanza","link":"http:\/\/www.robertosedda.it\/?cat=72"},"img":{"alt_text":"","src":"https:\/\/i0.wp.com\/www.robertosedda.it\/wp-content\/uploads\/2014\/03\/Gioco-dei-barattoli.jpg?fit=540%2C960&resize=350%2C200","width":350,"height":200},"classes":[]}],"_links":{"self":[{"href":"http:\/\/www.robertosedda.it\/index.php?rest_route=\/wp\/v2\/posts\/17315"}],"collection":[{"href":"http:\/\/www.robertosedda.it\/index.php?rest_route=\/wp\/v2\/posts"}],"about":[{"href":"http:\/\/www.robertosedda.it\/index.php?rest_route=\/wp\/v2\/types\/post"}],"author":[{"embeddable":true,"href":"http:\/\/www.robertosedda.it\/index.php?rest_route=\/wp\/v2\/users\/1"}],"replies":[{"embeddable":true,"href":"http:\/\/www.robertosedda.it\/index.php?rest_route=%2Fwp%2Fv2%2Fcomments&post=17315"}],"version-history":[{"count":2,"href":"http:\/\/www.robertosedda.it\/index.php?rest_route=\/wp\/v2\/posts\/17315\/revisions"}],"predecessor-version":[{"id":17318,"href":"http:\/\/www.robertosedda.it\/index.php?rest_route=\/wp\/v2\/posts\/17315\/revisions\/17318"}],"wp:featuredmedia":[{"embeddable":true,"href":"http:\/\/www.robertosedda.it\/index.php?rest_route=\/wp\/v2\/media\/17316"}],"wp:attachment":[{"href":"http:\/\/www.robertosedda.it\/index.php?rest_route=%2Fwp%2Fv2%2Fmedia&parent=17315"}],"wp:term":[{"taxonomy":"category","embeddable":true,"href":"http:\/\/www.robertosedda.it\/index.php?rest_route=%2Fwp%2Fv2%2Fcategories&post=17315"},{"taxonomy":"post_tag","embeddable":true,"href":"http:\/\/www.robertosedda.it\/index.php?rest_route=%2Fwp%2Fv2%2Ftags&post=17315"}],"curies":[{"name":"wp","href":"https:\/\/api.w.org\/{rel}","templated":true}]}}