{"id":17246,"date":"2019-09-15T10:00:11","date_gmt":"2019-09-15T08:00:11","guid":{"rendered":"http:\/\/www.robertosedda.it\/?p=17246"},"modified":"2019-09-16T14:41:03","modified_gmt":"2019-09-16T12:41:03","slug":"sette-pericolose","status":"publish","type":"post","link":"http:\/\/www.robertosedda.it\/?p=17246","title":{"rendered":"Sette pericolose"},"content":{"rendered":"\n<figure class=\"wp-block-image alignwide\"><img data-attachment-id=\"17247\" data-permalink=\"http:\/\/www.robertosedda.it\/?attachment_id=17247\" data-orig-file=\"https:\/\/i0.wp.com\/www.robertosedda.it\/wp-content\/uploads\/2019\/09\/Joy-Morrigan.jpg?fit=976%2C549\" data-orig-size=\"976,549\" data-comments-opened=\"1\" data-image-meta=\"{&quot;aperture&quot;:&quot;0&quot;,&quot;credit&quot;:&quot;&quot;,&quot;camera&quot;:&quot;&quot;,&quot;caption&quot;:&quot;&quot;,&quot;created_timestamp&quot;:&quot;0&quot;,&quot;copyright&quot;:&quot;&quot;,&quot;focal_length&quot;:&quot;0&quot;,&quot;iso&quot;:&quot;0&quot;,&quot;shutter_speed&quot;:&quot;0&quot;,&quot;title&quot;:&quot;&quot;,&quot;orientation&quot;:&quot;0&quot;}\" data-image-title=\"Joy-Morrigan\" data-image-description=\"\" data-image-caption=\"\" data-medium-file=\"https:\/\/i0.wp.com\/www.robertosedda.it\/wp-content\/uploads\/2019\/09\/Joy-Morrigan.jpg?fit=300%2C169\" data-large-file=\"https:\/\/i0.wp.com\/www.robertosedda.it\/wp-content\/uploads\/2019\/09\/Joy-Morrigan.jpg?fit=510%2C287\" decoding=\"async\" loading=\"lazy\" width=\"976\" height=\"549\" src=\"https:\/\/i2.wp.com\/www.robertosedda.it\/wp-content\/uploads\/2019\/09\/Joy-Morrigan.jpg?fit=510%2C287\" alt=\"\" class=\"wp-image-17247\" srcset=\"https:\/\/i0.wp.com\/www.robertosedda.it\/wp-content\/uploads\/2019\/09\/Joy-Morrigan.jpg?w=976 976w, https:\/\/i0.wp.com\/www.robertosedda.it\/wp-content\/uploads\/2019\/09\/Joy-Morrigan.jpg?resize=150%2C84 150w, https:\/\/i0.wp.com\/www.robertosedda.it\/wp-content\/uploads\/2019\/09\/Joy-Morrigan.jpg?resize=300%2C169 300w, https:\/\/i0.wp.com\/www.robertosedda.it\/wp-content\/uploads\/2019\/09\/Joy-Morrigan.jpg?resize=510%2C287 510w\" sizes=\"(max-width: 800px) 100vw, 800px\" \/><\/figure>\n\n\n\n<p>Sul <a href=\"https:\/\/www.bbc.com\/news\/newsbeat-49567548\">sito d<\/a><em><a href=\"https:\/\/www.bbc.com\/news\/newsbeat-49567548\">ella BBC<\/a><\/em> ho letto, e mi rammarico di non avere tempo di tradurre, la storia (raccontata dalla giornalista Cherry Wilson) molto disturbante della morte di Joy Morgan, una giovane studentessa inglese di colore uccisa da un uomo che aveva conosciuto frequentando una strana setta, la <em>Israel United in Christ (IUIC)<\/em>, che ricicla il mito della tredicesima trib\u00f9 di Israele trasmigrata in America, presente anche altrove, facendo di afroamericani e nativi americani gli ultimi eredi del popolo eletto (la setta fa parte di un movimento pi\u00f9 ampio indicato come <em><a href=\"https:\/\/en.wikipedia.org\/wiki\/Black_Hebrew_Israelites\">Black Hebrew Israelites<\/a><\/em>, cio\u00e8 letteralmente &#8220;Israeliti Ebrei Neri&#8221;. <\/p>\n\n\n\n<p>Ci\u00f2 che rende l&#8217;articolo degno di nota \u00e8, a parte la dimensione di tristezza per la perdita di una ragazza brava, intelligente e generosa, per quanto sviata e forse manipolata nelle sue convinzioni, il fatto che si racconta una storia (la presenza di gruppi religiosi estremamente marginali di area genericamente ebraico-cristiana e le loro bizzarre pratiche e convinzioni, la presenza all&#8217;interno del gruppo di meccanismi che pongono le donne in posizione di minorit\u00e0 e finanche di vulnerabilit\u00e0, una corrente in sottofondo di suprematismo razziale nero) sembrerebbe tipico degli Stati Uniti, e invece \u00e8 ambientato nei sobborghi di Londra e non all&#8217;epoca di ben altre tensioni razziali, ma oggi.<\/p>\n","protected":false},"excerpt":{"rendered":"<p>Sul sito della BBC ho letto, e mi rammarico di non avere tempo di tradurre, la storia (raccontata dalla giornalista<\/p>\n","protected":false},"author":1,"featured_media":0,"comment_status":"open","ping_status":"open","sticky":false,"template":"","format":"standard","meta":{"_mi_skip_tracking":false,"_monsterinsights_sitenote_active":false,"_monsterinsights_sitenote_note":"","_monsterinsights_sitenote_category":0,"jetpack_post_was_ever_published":false,"_jetpack_newsletter_access":"","jetpack_publicize_message":"Joy Morgani era una brava studentessa che frequentava una strana setta. E l\u00ec \u00e8 morta: una storia piuttosto disturbante, per diversi motivi @BBCNewsbeat @cherryewilson","jetpack_is_tweetstorm":false,"jetpack_publicize_feature_enabled":true,"jetpack_social_post_already_shared":true,"jetpack_social_options":{"image_generator_settings":{"template":"highway","enabled":false}}},"categories":[52,56,61,95,19,16],"tags":[],"jetpack_publicize_connections":[],"jetpack_featured_media_url":"","jetpack_sharing_enabled":true,"jetpack_shortlink":"https:\/\/wp.me\/p4jV2T-4ua","jetpack_likes_enabled":true,"jetpack-related-posts":[{"id":8492,"url":"http:\/\/www.robertosedda.it\/?p=8492","url_meta":{"origin":17246,"position":0},"title":"Venite a pregare per la pace in Terra Santa?","author":"Rufus","date":"24\/09\/2014","format":false,"excerpt":"Cagliari, venerd\u00ec 26 settembre, ore 20.00, Chiesa di San Lorenzo, viale Buoncammino Come avevo\u00a0scritto\u00a0nel momento pi\u00f9 acuto della guerra di Gaza ho proposto al gruppo \"La Pira\" di farci carico di organizzare anche a Cagliari il momento di preghiera proposto dal\u00a0Forum ecumenico Palestina Israele -\u00a0espressione del Consiglio Mondiale delle Chiese\u2026","rel":"","context":"In &quot;Coordinate&quot;","block_context":{"text":"Coordinate","link":"http:\/\/www.robertosedda.it\/?cat=52"},"img":{"alt_text":"","src":"","width":0,"height":0},"classes":[]},{"id":7965,"url":"http:\/\/www.robertosedda.it\/?p=7965","url_meta":{"origin":17246,"position":1},"title":"Ho ucciso un uomo per una mia scalfittura e un ragazzo per un mio livido","author":"Rufus","date":"17\/07\/2014","format":false,"excerpt":"Mi sono accuratamente guardato, sinora, dal parlare di guerra in Palestina. Un po' dipende dal fatto\u00a0che non sempre si ha qualcosa da dire e bisogna saper stare zitti, un po' (molto) per la sensazione di impotenza rispetto agli eventi, e infine un po' perch\u00e9 disgustato dalla canaia dei tifosi ad\u2026","rel":"","context":"In &quot;Coordinate&quot;","block_context":{"text":"Coordinate","link":"http:\/\/www.robertosedda.it\/?cat=52"},"img":{"alt_text":"","src":"https:\/\/i0.wp.com\/www.robertosedda.it\/wp-content\/uploads\/2014\/07\/PIEF-Preghiera-pace-2014.jpeg?resize=350%2C200","width":350,"height":200,"srcset":"https:\/\/i0.wp.com\/www.robertosedda.it\/wp-content\/uploads\/2014\/07\/PIEF-Preghiera-pace-2014.jpeg?resize=350%2C200 1x, https:\/\/i0.wp.com\/www.robertosedda.it\/wp-content\/uploads\/2014\/07\/PIEF-Preghiera-pace-2014.jpeg?resize=700%2C400 2x"},"classes":[]},{"id":10961,"url":"http:\/\/www.robertosedda.it\/?p=10961","url_meta":{"origin":17246,"position":2},"title":"REBLOG: Le bombe su Kunduz","author":"Rufus","date":"07\/10\/2015","format":"link","excerpt":"Con questo attacco mirato ad MSF, quasi prima ancora che ai presunti terroristi, si \u00e8 riusciti a spingere il limite della barbarie un po\u2019 pi\u00f9 in l\u00e0. Il clamore \u2013 lo sanno bene gli autori di questo crimine - si esaurir\u00e0 nel fuoco di paglia dell\u2019insipienza della comunit\u00e0 internazionale. D\u2019altra\u2026","rel":"","context":"In &quot;Segnalazioni&quot;","block_context":{"text":"Segnalazioni","link":"http:\/\/www.robertosedda.it\/?cat=95"},"img":{"alt_text":"","src":"","width":0,"height":0},"classes":[]},{"id":2585,"url":"http:\/\/www.robertosedda.it\/?p=2585","url_meta":{"origin":17246,"position":3},"title":"Funghi e formiche zombie","author":"Rufus","date":"17\/03\/2013","format":false,"excerpt":"Un articolo del National Geographic segnala che nelle foreste fluviali del sudamerica si \u00e8 diffuso un fungo che attacca le formiche uccidendole. Il fungo si insedia nel cervello dell'animale inducendolo a recarsi in un luogo fresco e umido, adatto alla riproduzione del fungo (con qualche esagerazione, si dice che trasforma\u2026","rel":"","context":"In &quot;Coordinate&quot;","block_context":{"text":"Coordinate","link":"http:\/\/www.robertosedda.it\/?cat=52"},"img":{"alt_text":"","src":"https:\/\/i0.wp.com\/www.robertosedda.it\/wp-content\/uploads\/2013\/03\/formica-zombie.jpg?fit=600%2C450&resize=350%2C200","width":350,"height":200},"classes":[]},{"id":15453,"url":"http:\/\/www.robertosedda.it\/?p=15453","url_meta":{"origin":17246,"position":4},"title":"La strada di Firenze","author":"Rufus","date":"11\/07\/2018","format":false,"excerpt":"L'altro giorno mi \u00e8 stato commissionato un breve articolo a commento della proclamazione della venerabilit\u00e0 di Giorgio La Pira; per scriverlo sono andato a rivedermi, fra le altre cose, la Premessa di Cagliari, cio\u00e8 il discorso che La Pira tenne a Cagliari nel 1973 per introdurre il convegno dell'IPALMO, l'Istituto\u2026","rel":"","context":"In &quot;Coordinate&quot;","block_context":{"text":"Coordinate","link":"http:\/\/www.robertosedda.it\/?cat=52"},"img":{"alt_text":"","src":"https:\/\/i0.wp.com\/www.robertosedda.it\/wp-content\/uploads\/2018\/07\/La-Pira-2.jpg?fit=720%2C625&resize=350%2C200","width":350,"height":200,"srcset":"https:\/\/i0.wp.com\/www.robertosedda.it\/wp-content\/uploads\/2018\/07\/La-Pira-2.jpg?fit=720%2C625&resize=350%2C200 1x, https:\/\/i0.wp.com\/www.robertosedda.it\/wp-content\/uploads\/2018\/07\/La-Pira-2.jpg?fit=720%2C625&resize=700%2C400 2x"},"classes":[]},{"id":4159,"url":"http:\/\/www.robertosedda.it\/?p=4159","url_meta":{"origin":17246,"position":5},"title":"Anarchismo al femminile","author":"Rufus","date":"30\/07\/2013","format":false,"excerpt":"Ho letto la settimana scorsa un agile libretto di Massimo Lunardelli, Dieci pericolosissime anarchiche (Blu edizioni, 2012) che ripercorre la storia del movimento anarchico in Italia dal 1890 al secondo dopoguerra attraverso la figura di dieci donne: \u00a0Ersilia Cavedagni, Ernestina Cravello, Nella Giacomelli, Clotilde Peani, Virgilia D'Andrea, Leda Rafanelli, Fosca\u2026","rel":"","context":"In &quot;Coordinate&quot;","block_context":{"text":"Coordinate","link":"http:\/\/www.robertosedda.it\/?cat=52"},"img":{"alt_text":"","src":"","width":0,"height":0},"classes":[]}],"_links":{"self":[{"href":"http:\/\/www.robertosedda.it\/index.php?rest_route=\/wp\/v2\/posts\/17246"}],"collection":[{"href":"http:\/\/www.robertosedda.it\/index.php?rest_route=\/wp\/v2\/posts"}],"about":[{"href":"http:\/\/www.robertosedda.it\/index.php?rest_route=\/wp\/v2\/types\/post"}],"author":[{"embeddable":true,"href":"http:\/\/www.robertosedda.it\/index.php?rest_route=\/wp\/v2\/users\/1"}],"replies":[{"embeddable":true,"href":"http:\/\/www.robertosedda.it\/index.php?rest_route=%2Fwp%2Fv2%2Fcomments&post=17246"}],"version-history":[{"count":1,"href":"http:\/\/www.robertosedda.it\/index.php?rest_route=\/wp\/v2\/posts\/17246\/revisions"}],"predecessor-version":[{"id":17248,"href":"http:\/\/www.robertosedda.it\/index.php?rest_route=\/wp\/v2\/posts\/17246\/revisions\/17248"}],"wp:attachment":[{"href":"http:\/\/www.robertosedda.it\/index.php?rest_route=%2Fwp%2Fv2%2Fmedia&parent=17246"}],"wp:term":[{"taxonomy":"category","embeddable":true,"href":"http:\/\/www.robertosedda.it\/index.php?rest_route=%2Fwp%2Fv2%2Fcategories&post=17246"},{"taxonomy":"post_tag","embeddable":true,"href":"http:\/\/www.robertosedda.it\/index.php?rest_route=%2Fwp%2Fv2%2Ftags&post=17246"}],"curies":[{"name":"wp","href":"https:\/\/api.w.org\/{rel}","templated":true}]}}