{"id":17242,"date":"2019-09-14T10:00:33","date_gmt":"2019-09-14T08:00:33","guid":{"rendered":"http:\/\/www.robertosedda.it\/?p=17242"},"modified":"2019-09-16T14:13:34","modified_gmt":"2019-09-16T12:13:34","slug":"tutte-le-bottiglie-di-plastica-del-mondo","status":"publish","type":"post","link":"http:\/\/www.robertosedda.it\/?p=17242","title":{"rendered":"Tutte le bottiglie di plastica del mondo"},"content":{"rendered":"\n<p>Il sito della <em><a href=\"https:\/\/graphics.reuters.com\/ENVIRONMENT-PLASTIC\/0100B275155\/index.html\">Reuters<\/a><\/em> ha una serie di immagini che servono a dare una comprensione visiva della quantit\u00e0 di bottiglie di plastica che viene prodotta, o venduta, in diversi intervalli di tempo.<\/p>\n\n\n\n<figure class=\"wp-block-image\"><img data-attachment-id=\"17243\" data-permalink=\"http:\/\/www.robertosedda.it\/?attachment_id=17243\" data-orig-file=\"https:\/\/i0.wp.com\/www.robertosedda.it\/wp-content\/uploads\/2019\/09\/Bottiglie-plastica-vendute-in-un-mese.jpg?fit=2600%2C2414\" data-orig-size=\"2600,2414\" data-comments-opened=\"1\" data-image-meta=\"{&quot;aperture&quot;:&quot;0&quot;,&quot;credit&quot;:&quot;&quot;,&quot;camera&quot;:&quot;&quot;,&quot;caption&quot;:&quot;&quot;,&quot;created_timestamp&quot;:&quot;0&quot;,&quot;copyright&quot;:&quot;&quot;,&quot;focal_length&quot;:&quot;0&quot;,&quot;iso&quot;:&quot;0&quot;,&quot;shutter_speed&quot;:&quot;0&quot;,&quot;title&quot;:&quot;&quot;,&quot;orientation&quot;:&quot;0&quot;}\" data-image-title=\"Bottiglie-plastica-vendute-in-un-mese\" data-image-description=\"\" data-image-caption=\"\" data-medium-file=\"https:\/\/i0.wp.com\/www.robertosedda.it\/wp-content\/uploads\/2019\/09\/Bottiglie-plastica-vendute-in-un-mese.jpg?fit=300%2C279\" data-large-file=\"https:\/\/i0.wp.com\/www.robertosedda.it\/wp-content\/uploads\/2019\/09\/Bottiglie-plastica-vendute-in-un-mese.jpg?fit=510%2C474\" decoding=\"async\" loading=\"lazy\" width=\"800\" height=\"743\" src=\"https:\/\/i0.wp.com\/www.robertosedda.it\/wp-content\/uploads\/2019\/09\/Bottiglie-plastica-vendute-in-un-mese.jpg?resize=800%2C743\" alt=\"\" class=\"wp-image-17243\" srcset=\"https:\/\/i0.wp.com\/www.robertosedda.it\/wp-content\/uploads\/2019\/09\/Bottiglie-plastica-vendute-in-un-mese.jpg?w=2600 2600w, https:\/\/i0.wp.com\/www.robertosedda.it\/wp-content\/uploads\/2019\/09\/Bottiglie-plastica-vendute-in-un-mese.jpg?resize=150%2C139 150w, https:\/\/i0.wp.com\/www.robertosedda.it\/wp-content\/uploads\/2019\/09\/Bottiglie-plastica-vendute-in-un-mese.jpg?resize=300%2C279 300w, https:\/\/i0.wp.com\/www.robertosedda.it\/wp-content\/uploads\/2019\/09\/Bottiglie-plastica-vendute-in-un-mese.jpg?resize=510%2C474 510w, https:\/\/i0.wp.com\/www.robertosedda.it\/wp-content\/uploads\/2019\/09\/Bottiglie-plastica-vendute-in-un-mese.jpg?w=1600 1600w, https:\/\/i0.wp.com\/www.robertosedda.it\/wp-content\/uploads\/2019\/09\/Bottiglie-plastica-vendute-in-un-mese.jpg?w=2400 2400w\" sizes=\"(max-width: 800px) 100vw, 800px\" data-recalc-dims=\"1\" \/><\/figure>\n\n\n\n<p>So bene che molti esperti di politiche ambientali ritengono l&#8217;attenzione alle bottigliette di plastica, per quanto indice di un risveglio di sostenibilit\u00e0 ambientale, fuorviante se distrae da altri disastri ambientali anche maggiori, ma comunque a me sembra che prendere visione (il gioco di parole \u00e8 voluto) delle dimensioni male non faccia.<\/p>\n","protected":false},"excerpt":{"rendered":"<p>Il sito della Reuters ha una serie di immagini che servono a dare una comprensione visiva della quantit\u00e0 di bottiglie<\/p>\n","protected":false},"author":1,"featured_media":17243,"comment_status":"open","ping_status":"open","sticky":false,"template":"","format":"standard","meta":{"_mi_skip_tracking":false,"_monsterinsights_sitenote_active":false,"_monsterinsights_sitenote_note":"","_monsterinsights_sitenote_category":0,"jetpack_post_was_ever_published":false,"_jetpack_newsletter_access":"","jetpack_publicize_message":"","jetpack_is_tweetstorm":false,"jetpack_publicize_feature_enabled":true,"jetpack_social_post_already_shared":true,"jetpack_social_options":{"image_generator_settings":{"template":"highway","enabled":false}}},"categories":[52,55,77,95,16],"tags":[],"jetpack_publicize_connections":[],"jetpack_featured_media_url":"https:\/\/i0.wp.com\/www.robertosedda.it\/wp-content\/uploads\/2019\/09\/Bottiglie-plastica-vendute-in-un-mese.jpg?fit=2600%2C2414","jetpack_sharing_enabled":true,"jetpack_shortlink":"https:\/\/wp.me\/p4jV2T-4u6","jetpack_likes_enabled":true,"jetpack-related-posts":[{"id":12893,"url":"http:\/\/www.robertosedda.it\/?p=12893","url_meta":{"origin":17242,"position":0},"title":"C&#8217;\u00e8 un gallo verde sul campanile","author":"Rufus","date":"25\/11\/2016","format":false,"excerpt":"Ieri ero a un incontro di Fedi e finanza: a Verona, ospiti della Chiesa ortodossa rumena nella nuova bellissima chiesa vicino alla stazione, un'esperienza divertente - anche per la presenza, in contemporanea, di centinaia di sacerdoti ortodossi di tutto il nord Italia - della quale magari parler\u00f2 un'altra volta. Nell'occasione\u2026","rel":"","context":"In &quot;Coordinate&quot;","block_context":{"text":"Coordinate","link":"http:\/\/www.robertosedda.it\/?cat=52"},"img":{"alt_text":"","src":"https:\/\/i0.wp.com\/www.robertosedda.it\/wp-content\/uploads\/2016\/11\/20161124_1442411.jpg?fit=1200%2C720&resize=350%2C200","width":350,"height":200,"srcset":"https:\/\/i0.wp.com\/www.robertosedda.it\/wp-content\/uploads\/2016\/11\/20161124_1442411.jpg?fit=1200%2C720&resize=350%2C200 1x, https:\/\/i0.wp.com\/www.robertosedda.it\/wp-content\/uploads\/2016\/11\/20161124_1442411.jpg?fit=1200%2C720&resize=700%2C400 2x, https:\/\/i0.wp.com\/www.robertosedda.it\/wp-content\/uploads\/2016\/11\/20161124_1442411.jpg?fit=1200%2C720&resize=1050%2C600 3x"},"classes":[]},{"id":10820,"url":"http:\/\/www.robertosedda.it\/?p=10820","url_meta":{"origin":17242,"position":1},"title":"Ma allora sei recidivo&#8230;","author":"Rufus","date":"11\/09\/2015","format":false,"excerpt":"Grazie a Giuseppe Argentieri,\u00a0IACiner di vecchia data, ho scoperto l'ultima meraviglia della \"nuova\" Londra architettonicamente avanzata: il\u00a0Walkie Talkie. \u00c8 il palazzo solo\u00a0lievemente invasivo che si vede dietro il\u00a0Tower Bridge. Incuriosito, ho scoperto che la costruzione di questo nuovo grattacielo \u00e8 stata accompagnata da polemiche abbastanza roventi: sorge infatti ai limiti\u2026","rel":"","context":"In &quot;Coordinate&quot;","block_context":{"text":"Coordinate","link":"http:\/\/www.robertosedda.it\/?cat=52"},"img":{"alt_text":"","src":"https:\/\/i0.wp.com\/www.robertosedda.it\/wp-content\/uploads\/2015\/09\/Walkie-Talkie-Londra.jpeg?fit=620%2C372&resize=350%2C200","width":350,"height":200},"classes":[]},{"id":11252,"url":"http:\/\/www.robertosedda.it\/?p=11252","url_meta":{"origin":17242,"position":2},"title":"Cambiamenti climatici e clima della finanza","author":"Rufus","date":"04\/12\/2015","format":false,"excerpt":"Ripropongo anche su questo\u00a0blog la posizione di Banca Etica sulla conferenza sul clima in svolgimento in questi giorni a Parigi. Lo sapete vero che Cagliari \u00e8 fra le citt\u00e0 che si pensa possano scomparire sotto l'acqua fra poche decine d'anni? Ma l'articolo mi sembra interessante perch\u00e9 lega, come dice nelle\u2026","rel":"","context":"In &quot;Banche e finanza&quot;","block_context":{"text":"Banche e finanza","link":"http:\/\/www.robertosedda.it\/?cat=72"},"img":{"alt_text":"","src":"","width":0,"height":0},"classes":[]},{"id":9410,"url":"http:\/\/www.robertosedda.it\/?p=9410","url_meta":{"origin":17242,"position":3},"title":"REBLOG: IL PIL \u00e8 uguale per tutti, l&#8217;ambiente invece dipende dall&#8217;occhio di chi guarda","author":"Rufus","date":"19\/01\/2015","format":"link","excerpt":"Un bell'articolo di Vania Statzu sui sistemi di calcolo dei beni ambientali di un paese.","rel":"","context":"Articolo simile","block_context":{"text":"Articolo simile","link":""},"img":{"alt_text":"","src":"","width":0,"height":0},"classes":[]},{"id":16918,"url":"http:\/\/www.robertosedda.it\/?p=16918","url_meta":{"origin":17242,"position":4},"title":"Piccola proposta per rendere tutto pi\u00f9 chiaro","author":"Rufus","date":"15\/07\/2019","format":false,"excerpt":"Sono stato nei giorni scorsi a Camaldoli all'incontro del gruppo di lavoro Economia Disarmata, da cui torno con l'idea mettere in ordine i pensieri maturati in questi due giorni raccontando della differenza fra Luigi Meneghello e Teresio Olivelli (e fra Antonio Giuriolo e Dietrich Boenhoffer) e della relazione fra insurrezione\u2026","rel":"","context":"In &quot;Coordinate&quot;","block_context":{"text":"Coordinate","link":"http:\/\/www.robertosedda.it\/?cat=52"},"img":{"alt_text":"","src":"https:\/\/i0.wp.com\/www.robertosedda.it\/wp-content\/uploads\/2019\/07\/Paolo_Uccello_047b.jpg?fit=1200%2C918&resize=350%2C200","width":350,"height":200,"srcset":"https:\/\/i0.wp.com\/www.robertosedda.it\/wp-content\/uploads\/2019\/07\/Paolo_Uccello_047b.jpg?fit=1200%2C918&resize=350%2C200 1x, https:\/\/i0.wp.com\/www.robertosedda.it\/wp-content\/uploads\/2019\/07\/Paolo_Uccello_047b.jpg?fit=1200%2C918&resize=700%2C400 2x, https:\/\/i0.wp.com\/www.robertosedda.it\/wp-content\/uploads\/2019\/07\/Paolo_Uccello_047b.jpg?fit=1200%2C918&resize=1050%2C600 3x"},"classes":[]},{"id":19681,"url":"http:\/\/www.robertosedda.it\/?p=19681","url_meta":{"origin":17242,"position":5},"title":"Contro il voto col portafoglio","author":"Rufus","date":"19\/05\/2022","format":false,"excerpt":"Lo scrittore Cory Doctorow ha pubblicato sul suo blog un articolo molto critico nei confronti dell'idea del voto col portafoglio (che lui definisce consumerism, che per\u00f2 vuol dire anche \"consumismo\" e quindi pu\u00f2 porre una serie di problemi di traduzione e di comprensione - o invece essere un collegamento illuminante).\u2026","rel":"","context":"In &quot;Coordinate&quot;","block_context":{"text":"Coordinate","link":"http:\/\/www.robertosedda.it\/?cat=52"},"img":{"alt_text":"","src":"https:\/\/i0.wp.com\/www.robertosedda.it\/wp-content\/uploads\/2022\/05\/Doctorow-voto-col-portafoglio.jpg?fit=615%2C752&resize=350%2C200","width":350,"height":200},"classes":[]}],"_links":{"self":[{"href":"http:\/\/www.robertosedda.it\/index.php?rest_route=\/wp\/v2\/posts\/17242"}],"collection":[{"href":"http:\/\/www.robertosedda.it\/index.php?rest_route=\/wp\/v2\/posts"}],"about":[{"href":"http:\/\/www.robertosedda.it\/index.php?rest_route=\/wp\/v2\/types\/post"}],"author":[{"embeddable":true,"href":"http:\/\/www.robertosedda.it\/index.php?rest_route=\/wp\/v2\/users\/1"}],"replies":[{"embeddable":true,"href":"http:\/\/www.robertosedda.it\/index.php?rest_route=%2Fwp%2Fv2%2Fcomments&post=17242"}],"version-history":[{"count":1,"href":"http:\/\/www.robertosedda.it\/index.php?rest_route=\/wp\/v2\/posts\/17242\/revisions"}],"predecessor-version":[{"id":17244,"href":"http:\/\/www.robertosedda.it\/index.php?rest_route=\/wp\/v2\/posts\/17242\/revisions\/17244"}],"wp:featuredmedia":[{"embeddable":true,"href":"http:\/\/www.robertosedda.it\/index.php?rest_route=\/wp\/v2\/media\/17243"}],"wp:attachment":[{"href":"http:\/\/www.robertosedda.it\/index.php?rest_route=%2Fwp%2Fv2%2Fmedia&parent=17242"}],"wp:term":[{"taxonomy":"category","embeddable":true,"href":"http:\/\/www.robertosedda.it\/index.php?rest_route=%2Fwp%2Fv2%2Fcategories&post=17242"},{"taxonomy":"post_tag","embeddable":true,"href":"http:\/\/www.robertosedda.it\/index.php?rest_route=%2Fwp%2Fv2%2Ftags&post=17242"}],"curies":[{"name":"wp","href":"https:\/\/api.w.org\/{rel}","templated":true}]}}