{"id":17212,"date":"2019-09-11T17:11:12","date_gmt":"2019-09-11T15:11:12","guid":{"rendered":"http:\/\/www.robertosedda.it\/?p=17212"},"modified":"2026-01-15T14:52:17","modified_gmt":"2026-01-15T13:52:17","slug":"il-prossimo-bagno-di-sangue","status":"publish","type":"post","link":"http:\/\/www.robertosedda.it\/?p=17212","title":{"rendered":"Il prossimo bagno di sangue"},"content":{"rendered":"\n<p>Mi rendo conto che non ho nessun titolo in scienze delle relazioni internazionali per intervenire sull&#8217;argomento, ma sono abbastanza colpito dai continui <em>reportage<\/em> che leggo sugli scontri ad Hong Kong e ci penso con una certa frequenza.<\/p>\n\n\n\n<p>L&#8217;altro giorno riflettevo sull&#8217;<a href=\"http:\/\/www.robertosedda.it\/?p=17158\">articolo che ho segnalato la settimana scorsa<\/a>, la cui tesi, sostanzialmente, \u00e8 che il governo cinese \u00e8 condannato all&#8217;inazione dalla presenza di una situazione nella quale fronteggia perdite qualunque cosa faccia: se permette che le manifestazioni continuino diminuisce il suo controllo sulla citt\u00e0, ma il costo della repressione in quello che \u00e8 uno dei principali centri finanziari del mondo, per di pi\u00f9 mentre a Taiwan (un&#8217;altra zona sensibile) si avvicinano le elezioni, \u00e8 stratosferico e qualunque governo esiterebbe ad affrontarlo.<\/p>\n\n\n\n<figure class=\"wp-block-image alignwide\"><img data-attachment-id=\"17213\" data-permalink=\"http:\/\/www.robertosedda.it\/?attachment_id=17213\" data-orig-file=\"https:\/\/i0.wp.com\/www.robertosedda.it\/wp-content\/uploads\/2019\/09\/Hong-Kong-3.jpg?fit=660%2C440\" data-orig-size=\"660,440\" data-comments-opened=\"1\" data-image-meta=\"{&quot;aperture&quot;:&quot;0&quot;,&quot;credit&quot;:&quot;&quot;,&quot;camera&quot;:&quot;&quot;,&quot;caption&quot;:&quot;&quot;,&quot;created_timestamp&quot;:&quot;0&quot;,&quot;copyright&quot;:&quot;&quot;,&quot;focal_length&quot;:&quot;0&quot;,&quot;iso&quot;:&quot;0&quot;,&quot;shutter_speed&quot;:&quot;0&quot;,&quot;title&quot;:&quot;&quot;,&quot;orientation&quot;:&quot;0&quot;}\" data-image-title=\"Hong-Kong-3\" data-image-description=\"\" data-image-caption=\"\" data-medium-file=\"https:\/\/i0.wp.com\/www.robertosedda.it\/wp-content\/uploads\/2019\/09\/Hong-Kong-3.jpg?fit=300%2C200\" data-large-file=\"https:\/\/i0.wp.com\/www.robertosedda.it\/wp-content\/uploads\/2019\/09\/Hong-Kong-3.jpg?fit=510%2C340\" decoding=\"async\" loading=\"lazy\" width=\"660\" height=\"440\" src=\"https:\/\/i0.wp.com\/www.robertosedda.it\/wp-content\/uploads\/2019\/09\/Hong-Kong-3.jpg?resize=660%2C440\" alt=\"\" class=\"wp-image-17213\" srcset=\"https:\/\/i0.wp.com\/www.robertosedda.it\/wp-content\/uploads\/2019\/09\/Hong-Kong-3.jpg?w=660 660w, https:\/\/i0.wp.com\/www.robertosedda.it\/wp-content\/uploads\/2019\/09\/Hong-Kong-3.jpg?resize=150%2C100 150w, https:\/\/i0.wp.com\/www.robertosedda.it\/wp-content\/uploads\/2019\/09\/Hong-Kong-3.jpg?resize=300%2C200 300w, https:\/\/i0.wp.com\/www.robertosedda.it\/wp-content\/uploads\/2019\/09\/Hong-Kong-3.jpg?resize=510%2C340 510w\" sizes=\"(max-width: 660px) 100vw, 660px\" data-recalc-dims=\"1\" \/><\/figure>\n\n\n\n<p>Il problema \u00e8 che, in termini di teoria dei giochi, al limite estremo della situazione i costi (cio\u00e8 i pagamenti negativi) delle due opzioni (reprimere o stare fermi) non sono equivalenti: rimanere padroni di una citt\u00e0 di rovine fumanti \u00e8 comunque meglio di perderne totalmente il controllo. In questo senso il successo \u00e8 il <em>peggior <\/em>nemico dei manifestanti: perch\u00e9 prima o poi la protesta (o, meglio, la rivolta) raggiunger\u00e0 una massa critica tale da indurre l&#8217;avversario, cio\u00e8 il governo cinese, ad essere disponibile a giocare il tutto per tutto. L&#8217;esercito cinese per le strade di Hong Kong potrebbe far diventare il ricordo di piazza Tien An Men una passeggiata, al confronto.<\/p>\n\n\n\n<p>\u00c8 probabile, sotto molti aspetti, che in qualche modo gli stessi manifestanti oscuramente abbiano ben presente questa probabilit\u00e0: un <a href=\"https:\/\/www.theatlantic.com\/international\/archive\/2019\/09\/hong-kongs-protest-movement-getting-darker\">articolo<\/a> molto interessante su <em>The Atlantic<\/em> racconta il senso di lutto opprimente, le simbologie di morte onnipresenti che accompagnano la rivolta. Anche in termini di aspettative rispetto all&#8217;esito del conflitto non si tratta di una simbologia benaugurante, perch\u00e9 prima o poi il senso di lutto diventa tossico e subentra la fascinazione del sacrificio estremo come esito auspicabile della lotta, in mancanza di qualunque altra prospettiva politica. A sentire l&#8217;<em>Atlantic<\/em>, forse sta gi\u00e0 subentrando.<\/p>\n\n\n\n<p>La storia insegna che, in realt\u00e0, moltissime crisi che sembravano inestricabili si sono risolte felicemente in presenza di assunzioni di responsabilit\u00e0 globali, che hanno allargato la platea degli attori interessati e creato condizioni politiche per negoziati altrimenti impossibili. Il problema \u00e8 che, di solito, queste assunzioni di responsabilit\u00e0 da parte dei governi e degli organismi internazionali non avvengono da sole. Nel caso specifico la Cina \u00e8 una delle massime potenze mondiali, fa parte del Consiglio di Sicurezza, \u00e8 un <em>partner<\/em> commerciale fondamentale per alcuni ed \u00e8 impelagata in una guerra commerciale con altri: non \u00e8 proprio la situazione migliore da cui partire ed \u00e8 comprensibile che gli altri governi esitino a mettere le mani nel groviglio. Ma l&#8217;alternativa \u00e8, appunto, il prossimo bagno di sangue, con la possibilit\u00e0, oltretutto, che calino fra grandi potenze mondiali nuove cortine di ferro (subito dopo averlo scritto trovo la stessa <a href=\"http:\/\/www.ansa.it\/sito\/notizie\/mondo\/asia\/2019\/09\/11\/wong-hong-kong-e-la-nuova-berlino-_cf2aebdd-78c5-424f-a673-ca569f3c2366.html\">espressione<\/a> nelle parole di uno dei <em>leader<\/em> della protesta). \u00c8 per questo che sono un po&#8217; stupito (pi\u00f9 esattamente molto rammaricato) della latitanza della societ\u00e0 civile (qualunque cosa questo significhi, oggi) e dell&#8217;inazione delle agenzie di formazione dell&#8217;opinione pubblica internazionale: senza il loro coinvolgimento la situazione continuer\u00e0 a correre per forza dentro il piano inclinato attuale, e prima o poi (probabilmente presto) andr\u00e0 a finire molto male.<\/p>\n","protected":false},"excerpt":{"rendered":"<p>Mi rendo conto che non ho nessun titolo in scienze delle relazioni internazionali per intervenire sull&#8217;argomento, ma sono abbastanza colpito<\/p>\n","protected":false},"author":1,"featured_media":17213,"comment_status":"open","ping_status":"open","sticky":false,"template":"","format":"standard","meta":{"_mi_skip_tracking":false,"_monsterinsights_sitenote_active":false,"_monsterinsights_sitenote_note":"","_monsterinsights_sitenote_category":0,"jetpack_post_was_ever_published":false,"_jetpack_newsletter_access":"","jetpack_publicize_message":"Il prossimo bagno di sangue di importanza mondiale sar\u00e0 a Hong Kong. C'\u00e8 bisogno di pressioni da parte della societ\u00e0 civile\n#HongKongProtest","jetpack_is_tweetstorm":false,"jetpack_publicize_feature_enabled":true,"jetpack_social_post_already_shared":true,"jetpack_social_options":{"image_generator_settings":{"template":"highway","enabled":false}}},"categories":[52,57,17,59,16],"tags":[],"jetpack_publicize_connections":[],"jetpack_featured_media_url":"https:\/\/i0.wp.com\/www.robertosedda.it\/wp-content\/uploads\/2019\/09\/Hong-Kong-3.jpg?fit=660%2C440","jetpack_sharing_enabled":true,"jetpack_shortlink":"https:\/\/wp.me\/p4jV2T-4tC","jetpack_likes_enabled":true,"jetpack-related-posts":[{"id":11229,"url":"http:\/\/www.robertosedda.it\/?p=11229","url_meta":{"origin":17212,"position":0},"title":"La verit\u00e0 vi far\u00e0 liberi","author":"Rufus","date":"30\/11\/2015","format":false,"excerpt":"C'\u00e8 stato un tempo nel quale una parte del movimento indipendentista sardo ha lavorato seriamente a costituire e definire se stesso in maniera non-nazionalista (anche \"non-molte-altre-cose\", ma questo adesso ci interessa meno). \u00c8 interessante notare come quella tendenza si sia andata via via perdendo: oggi i partiti e movimenti indipendentisti\u2026","rel":"","context":"In &quot;Coordinate&quot;","block_context":{"text":"Coordinate","link":"http:\/\/www.robertosedda.it\/?cat=52"},"img":{"alt_text":"","src":"","width":0,"height":0},"classes":[]},{"id":7802,"url":"http:\/\/www.robertosedda.it\/?p=7802","url_meta":{"origin":17212,"position":1},"title":"La maestra d&#8217;Italia","author":"Rufus","date":"17\/06\/2014","format":false,"excerpt":"Sono molto di fretta e quindi non posso approfondire, ma un pensiero mi ha colto quando ho letto che il ministro Giannini si \u00e8 sentita in dovere di rivolgersi ai ragazzi che domani faranno la maturit\u00e0 \u00abDormite tranquilli, cena leggera e nessun alcolico. Arrivate nelle migliori condizioni fisiche.\u00a0Dovete essere padroni\u2026","rel":"","context":"In &quot;Coordinate&quot;","block_context":{"text":"Coordinate","link":"http:\/\/www.robertosedda.it\/?cat=52"},"img":{"alt_text":"","src":"https:\/\/i0.wp.com\/www.robertosedda.it\/wp-content\/uploads\/2014\/06\/Giannini-skuola.net_.jpg?fit=480%2C360&resize=350%2C200","width":350,"height":200},"classes":[]},{"id":11484,"url":"http:\/\/www.robertosedda.it\/?p=11484","url_meta":{"origin":17212,"position":2},"title":"La dirittura morale di Google","author":"Rufus","date":"29\/01\/2016","format":false,"excerpt":"Il mio amico Domenico Licheri mi manda spesso autentiche perle della stampa inglese, che io non riesco mai a passare qui sul\u00a0blog (\u00e8 da maggio scorso, per esempio, che sto preparando il racconto di una storia bellissima di integratori energetici e femminismo). Quella che segue \u00e8 la traduzione di\u00a0un articolo\u2026","rel":"","context":"In &quot;Coordinate&quot;","block_context":{"text":"Coordinate","link":"http:\/\/www.robertosedda.it\/?cat=52"},"img":{"alt_text":"","src":"https:\/\/i0.wp.com\/www.robertosedda.it\/wp-content\/uploads\/2016\/01\/Google-CEO.jpg?fit=1200%2C900&resize=350%2C200","width":350,"height":200,"srcset":"https:\/\/i0.wp.com\/www.robertosedda.it\/wp-content\/uploads\/2016\/01\/Google-CEO.jpg?fit=1200%2C900&resize=350%2C200 1x, https:\/\/i0.wp.com\/www.robertosedda.it\/wp-content\/uploads\/2016\/01\/Google-CEO.jpg?fit=1200%2C900&resize=700%2C400 2x, https:\/\/i0.wp.com\/www.robertosedda.it\/wp-content\/uploads\/2016\/01\/Google-CEO.jpg?fit=1200%2C900&resize=1050%2C600 3x"},"classes":[]},{"id":3519,"url":"http:\/\/www.robertosedda.it\/?p=3519","url_meta":{"origin":17212,"position":3},"title":"L&#8217;astronauta e lo scrittore (di festival &#8211; 1)","author":"Rufus","date":"17\/06\/2013","format":false,"excerpt":"Venerd\u00ec sera della settimana scorsa (il 7 giugno)\u00a0ho convinto Maria Bonaria ad andare a sentire Bruce Sterling al Bastione, all'interno di Leggendo metropolitano. Non sono un grandissimo amante di Sterling come scrittore cyberpunk, ma ho formato molte mie\u00a0idee su Giro di vite contro gli hacker, apprezzo il lavoro che Sterling\u2026","rel":"","context":"In &quot;Coordinate&quot;","block_context":{"text":"Coordinate","link":"http:\/\/www.robertosedda.it\/?cat=52"},"img":{"alt_text":"","src":"https:\/\/i0.wp.com\/www.robertosedda.it\/wp-content\/uploads\/2013\/06\/Bruce-Sterling-Possenti-Nespoli-5.jpg?fit=1200%2C900&resize=350%2C200","width":350,"height":200,"srcset":"https:\/\/i0.wp.com\/www.robertosedda.it\/wp-content\/uploads\/2013\/06\/Bruce-Sterling-Possenti-Nespoli-5.jpg?fit=1200%2C900&resize=350%2C200 1x, https:\/\/i0.wp.com\/www.robertosedda.it\/wp-content\/uploads\/2013\/06\/Bruce-Sterling-Possenti-Nespoli-5.jpg?fit=1200%2C900&resize=700%2C400 2x, https:\/\/i0.wp.com\/www.robertosedda.it\/wp-content\/uploads\/2013\/06\/Bruce-Sterling-Possenti-Nespoli-5.jpg?fit=1200%2C900&resize=1050%2C600 3x"},"classes":[]},{"id":13765,"url":"http:\/\/www.robertosedda.it\/?p=13765","url_meta":{"origin":17212,"position":4},"title":"Nonostante tutti i suoi difetti","author":"Rufus","date":"24\/05\/2017","format":"video","excerpt":"Girovagando per Torino mi sono imbattuto in una locandina che annunciava una proiezione straordinaria di PIIGS (sottotitolo: Come imparai a preoccuparmi e a combattere l'austerity), un film di cui in diversi ambienti si parla molto e che ha peraltro una circolazione quasi clandestina, con proiezioni organizzate apposta qui e l\u00e0\u2026","rel":"","context":"In &quot;Banche e finanza&quot;","block_context":{"text":"Banche e finanza","link":"http:\/\/www.robertosedda.it\/?cat=72"},"img":{"alt_text":"","src":"https:\/\/i0.wp.com\/www.robertosedda.it\/wp-content\/uploads\/2017\/05\/pigs.png?fit=921%2C365&resize=350%2C200","width":350,"height":200,"srcset":"https:\/\/i0.wp.com\/www.robertosedda.it\/wp-content\/uploads\/2017\/05\/pigs.png?fit=921%2C365&resize=350%2C200 1x, https:\/\/i0.wp.com\/www.robertosedda.it\/wp-content\/uploads\/2017\/05\/pigs.png?fit=921%2C365&resize=700%2C400 2x"},"classes":[]},{"id":12914,"url":"http:\/\/www.robertosedda.it\/?p=12914","url_meta":{"origin":17212,"position":5},"title":"Ma esattamente&#8230;","author":"Rufus","date":"06\/12\/2016","format":false,"excerpt":"DISCLAIMER: questo post\u00a0non \u00e8 rivolto a chi ha votato SI al referendum\u00a0(ci mancherebbe altro) ma a quelli che hanno votato SI\u00a0e ci sono rimasti male\u00a0per aver perso. Ma non semplicemente\u00a0male, ma male male male. Se avete pubblicato cose tipo\u00a0e adesso\u00a0che avete sfasciato il Paese pensateci voi, o avete citato nella\u2026","rel":"","context":"In &quot;Coordinate&quot;","block_context":{"text":"Coordinate","link":"http:\/\/www.robertosedda.it\/?cat=52"},"img":{"alt_text":"","src":"https:\/\/i0.wp.com\/www.robertosedda.it\/wp-content\/uploads\/2016\/12\/Vincere.jpg?fit=626%2C416&resize=350%2C200","width":350,"height":200},"classes":[]}],"_links":{"self":[{"href":"http:\/\/www.robertosedda.it\/index.php?rest_route=\/wp\/v2\/posts\/17212"}],"collection":[{"href":"http:\/\/www.robertosedda.it\/index.php?rest_route=\/wp\/v2\/posts"}],"about":[{"href":"http:\/\/www.robertosedda.it\/index.php?rest_route=\/wp\/v2\/types\/post"}],"author":[{"embeddable":true,"href":"http:\/\/www.robertosedda.it\/index.php?rest_route=\/wp\/v2\/users\/1"}],"replies":[{"embeddable":true,"href":"http:\/\/www.robertosedda.it\/index.php?rest_route=%2Fwp%2Fv2%2Fcomments&post=17212"}],"version-history":[{"count":3,"href":"http:\/\/www.robertosedda.it\/index.php?rest_route=\/wp\/v2\/posts\/17212\/revisions"}],"predecessor-version":[{"id":17220,"href":"http:\/\/www.robertosedda.it\/index.php?rest_route=\/wp\/v2\/posts\/17212\/revisions\/17220"}],"wp:featuredmedia":[{"embeddable":true,"href":"http:\/\/www.robertosedda.it\/index.php?rest_route=\/wp\/v2\/media\/17213"}],"wp:attachment":[{"href":"http:\/\/www.robertosedda.it\/index.php?rest_route=%2Fwp%2Fv2%2Fmedia&parent=17212"}],"wp:term":[{"taxonomy":"category","embeddable":true,"href":"http:\/\/www.robertosedda.it\/index.php?rest_route=%2Fwp%2Fv2%2Fcategories&post=17212"},{"taxonomy":"post_tag","embeddable":true,"href":"http:\/\/www.robertosedda.it\/index.php?rest_route=%2Fwp%2Fv2%2Ftags&post=17212"}],"curies":[{"name":"wp","href":"https:\/\/api.w.org\/{rel}","templated":true}]}}