{"id":17173,"date":"2019-09-08T10:00:12","date_gmt":"2019-09-08T08:00:12","guid":{"rendered":"http:\/\/www.robertosedda.it\/?p=17173"},"modified":"2019-09-10T16:41:36","modified_gmt":"2019-09-10T14:41:36","slug":"grammamante","status":"publish","type":"post","link":"http:\/\/www.robertosedda.it\/?p=17173","title":{"rendered":"Grammamante"},"content":{"rendered":"\n<div class=\"wp-block-image\"><figure class=\"alignright\"><img data-attachment-id=\"17174\" data-permalink=\"http:\/\/www.robertosedda.it\/?attachment_id=17174\" data-orig-file=\"https:\/\/i0.wp.com\/www.robertosedda.it\/wp-content\/uploads\/2019\/09\/Vera-Gheno.jpg?fit=960%2C960\" data-orig-size=\"960,960\" data-comments-opened=\"1\" data-image-meta=\"{&quot;aperture&quot;:&quot;0&quot;,&quot;credit&quot;:&quot;&quot;,&quot;camera&quot;:&quot;&quot;,&quot;caption&quot;:&quot;&quot;,&quot;created_timestamp&quot;:&quot;0&quot;,&quot;copyright&quot;:&quot;&quot;,&quot;focal_length&quot;:&quot;0&quot;,&quot;iso&quot;:&quot;0&quot;,&quot;shutter_speed&quot;:&quot;0&quot;,&quot;title&quot;:&quot;&quot;,&quot;orientation&quot;:&quot;0&quot;}\" data-image-title=\"Vera-Gheno\" data-image-description=\"\" data-image-caption=\"\" data-medium-file=\"https:\/\/i0.wp.com\/www.robertosedda.it\/wp-content\/uploads\/2019\/09\/Vera-Gheno.jpg?fit=300%2C300\" data-large-file=\"https:\/\/i0.wp.com\/www.robertosedda.it\/wp-content\/uploads\/2019\/09\/Vera-Gheno.jpg?fit=510%2C510\" decoding=\"async\" loading=\"lazy\" width=\"300\" height=\"300\" src=\"https:\/\/i0.wp.com\/www.robertosedda.it\/wp-content\/uploads\/2019\/09\/Vera-Gheno.jpg?resize=300%2C300\" alt=\"\" class=\"wp-image-17174\" srcset=\"https:\/\/i0.wp.com\/www.robertosedda.it\/wp-content\/uploads\/2019\/09\/Vera-Gheno.jpg?resize=300%2C300 300w, https:\/\/i0.wp.com\/www.robertosedda.it\/wp-content\/uploads\/2019\/09\/Vera-Gheno.jpg?resize=150%2C150 150w, https:\/\/i0.wp.com\/www.robertosedda.it\/wp-content\/uploads\/2019\/09\/Vera-Gheno.jpg?resize=510%2C510 510w, https:\/\/i0.wp.com\/www.robertosedda.it\/wp-content\/uploads\/2019\/09\/Vera-Gheno.jpg?w=960 960w\" sizes=\"(max-width: 300px) 100vw, 300px\" data-recalc-dims=\"1\" \/><\/figure><\/div>\n\n\n\n<p>Ho letto casualmente <a href=\"https:\/\/www.facebook.com\/wanderingsociolinguist\/posts\/10157334010100915\">un <\/a><em><a href=\"https:\/\/www.facebook.com\/wanderingsociolinguist\/posts\/10157334010100915\">post<\/a><\/em><a href=\"https:\/\/www.facebook.com\/wanderingsociolinguist\/posts\/10157334010100915\"> molto buono su <\/a><em><a href=\"https:\/\/www.facebook.com\/wanderingsociolinguist\/posts\/10157334010100915\">Facebook<\/a><\/em> della linguista <a href=\"https:\/\/twitter.com\/vera_gheno\">Vera Gheno<\/a>, dedicato all&#8217;esegesi dell&#8217;articolo di <em>Repubblica<\/em> sull&#8217;interrogatorio di Massimo Sebastiani, l&#8217;assassino di Elisa Pomarelli.<\/p>\n\n\n\n<p>Lo segnalo perch\u00e9, appunto, mi \u00e8 parso buono, e mi sembrano interessanti anche i commenti, anche nella loro incapacit\u00e0 nel rimanere nella misura e nell&#8217;equilibrio segnati dall&#8217;autrice.<\/p>\n\n\n\n<p>Sono magari meno d&#8217;accordo sull&#8217;assunto di base: che non \u00e8 tanto il problema che l&#8217;articolo sia pessimo, quanto che non ci sia nel sistema niente che impedisca la pubblicazione di un articolo cos\u00ec. Lo trovo, cio\u00e8, una impostazione eccessivamente ottimistica, come se ci fosse nell&#8217;essenza del giornalismo qualcosa di nobile e puro rispetto al quale l&#8217;articolo rappresenta un peccato e una caduta. Sar\u00e0 perch\u00e9 sto leggendo in questo periodo <em><a href=\"http:\/\/www.robertosedda.it\/?p=17029\">A world on fire<\/a><\/em> sul periodo della Guerra Civile, durante il quale la stampa e i corrispondenti di guerra non hanno dato il meglio di s\u00e9, ma credo che ci possiamo dire con serenit\u00e0 che a fianco alla capacit\u00e0 dei giornali di informare, orientare l&#8217;opinione pubblica nel mare di opinioni contrastanti e fare da cani da guardia dell&#8217;interesse pubblico c&#8217;\u00e8 anche, e c&#8217;\u00e8 sempre stata, l&#8217;acquiescenza ai poteri forti, il solleticare l&#8217;attenzione morbosa dei lettori, il mistificare la realt\u00e0 per interessi di parte e cos\u00ec via. <\/p>\n\n\n\n<p>Ad ogni modo mi sembra opportuno segnalare che, per coincidenza, proprio oggi esce l&#8217;ultimo libro di Vera Gheno, <em>Potere alle parole<\/em> (<em>Einaudi<\/em>, \u20ac 11,05), che ho comprato. Su <em><a href=\"http:\/\/letture.org\">Letture.org<\/a><\/em> trovate <a href=\"https:\/\/www.letture.org\/potere-alle-parole-perche-usarle-meglio-vera-gheno\/\">la presentazione del libro e una intervista all&#8217;autrice<\/a>.<\/p>\n","protected":false},"excerpt":{"rendered":"<p>Ho letto casualmente un post molto buono su Facebook della linguista Vera Gheno, dedicato all&#8217;esegesi dell&#8217;articolo di Repubblica sull&#8217;interrogatorio di<\/p>\n","protected":false},"author":1,"featured_media":17174,"comment_status":"open","ping_status":"open","sticky":false,"template":"","format":"standard","meta":{"_mi_skip_tracking":false,"_monsterinsights_sitenote_active":false,"_monsterinsights_sitenote_note":"","_monsterinsights_sitenote_category":0,"jetpack_post_was_ever_published":false,"_jetpack_newsletter_access":"","jetpack_publicize_message":"Un buon post di @vera_gheno a proposito del racconto dell'assassinio di Piacenza. E, gi\u00e0 che ci siamo, pubblicit\u00e0 al suo libro in uscita","jetpack_is_tweetstorm":false,"jetpack_publicize_feature_enabled":true,"jetpack_social_post_already_shared":true,"jetpack_social_options":{"image_generator_settings":{"template":"highway","enabled":false}}},"categories":[97,52,57,95,16],"tags":[],"jetpack_publicize_connections":[],"jetpack_featured_media_url":"https:\/\/i0.wp.com\/www.robertosedda.it\/wp-content\/uploads\/2019\/09\/Vera-Gheno.jpg?fit=960%2C960","jetpack_sharing_enabled":true,"jetpack_shortlink":"https:\/\/wp.me\/p4jV2T-4sZ","jetpack_likes_enabled":true,"jetpack-related-posts":[{"id":11102,"url":"http:\/\/www.robertosedda.it\/?p=11102","url_meta":{"origin":17173,"position":0},"title":"Quando non c&#8217;era Avvenire&#8230;","author":"Rufus","date":"01\/11\/2015","format":false,"excerpt":"Ancora su\u00a0Halloween, un articolo fulminante di Leonardo Tondelli: non prenderei per buono nessun pezzo della ricostruzione storica, ma\u00a0il resto merita di essere letto, eccome se merita.","rel":"","context":"In &quot;Azione Cattolica&quot;","block_context":{"text":"Azione Cattolica","link":"http:\/\/www.robertosedda.it\/?cat=76"},"img":{"alt_text":"","src":"https:\/\/i0.wp.com\/www.robertosedda.it\/wp-content\/uploads\/2015\/11\/grande-cocomero.gif?fit=398%2C340&resize=350%2C200","width":350,"height":200},"classes":[]},{"id":8372,"url":"http:\/\/www.robertosedda.it\/?p=8372","url_meta":{"origin":17173,"position":1},"title":"Fumetti che ho fatto bene a continuare a comprare","author":"Rufus","date":"10\/09\/2014","format":false,"excerpt":"Dragonero Speciale (Enoch\/Vietti e Cucina\/Morrone e Francescutti e Alberti, Sergio Bonelli Editore luglio 2014) Ho visto che l'ultima volta che ho parlato di Dragonero (dopo il numero con la riunione di condominio del sindacato lavoratori del fantasy) sono stato piuttosto urticante. Mi sembra corretto notare, a distanza di un anno,\u2026","rel":"","context":"In &quot;Coordinate&quot;","block_context":{"text":"Coordinate","link":"http:\/\/www.robertosedda.it\/?cat=52"},"img":{"alt_text":"","src":"https:\/\/i0.wp.com\/www.robertosedda.it\/wp-content\/uploads\/2014\/09\/Pagina-Speciale-estivo-Dragonero.jpg?resize=350%2C200","width":350,"height":200},"classes":[]},{"id":2791,"url":"http:\/\/www.robertosedda.it\/?p=2791","url_meta":{"origin":17173,"position":2},"title":"Domande in libert\u00e0 sull&#8217;abolizione delle province","author":"Rufus","date":"04\/04\/2013","format":false,"excerpt":"Naturalmente il caso Sicilia \u00e8 all'attenzione pubblica nazionale per motivi evidenti, e con esso uno dei punti centrali del dibattito politico, l'abolizione delle province, che in Sicilia sembra ormai, al contrario che al livello nazionale, cosa fatta. In materia non ho un'opinione definita ma parecchie perplessit\u00e0, e siccome\u00a0so che fra\u2026","rel":"","context":"In &quot;Coordinate&quot;","block_context":{"text":"Coordinate","link":"http:\/\/www.robertosedda.it\/?cat=52"},"img":{"alt_text":"","src":"https:\/\/i0.wp.com\/www.robertosedda.it\/wp-content\/uploads\/2013\/04\/Provinces_of_Sicily_map.png?fit=990%2C757&resize=350%2C200","width":350,"height":200,"srcset":"https:\/\/i0.wp.com\/www.robertosedda.it\/wp-content\/uploads\/2013\/04\/Provinces_of_Sicily_map.png?fit=990%2C757&resize=350%2C200 1x, https:\/\/i0.wp.com\/www.robertosedda.it\/wp-content\/uploads\/2013\/04\/Provinces_of_Sicily_map.png?fit=990%2C757&resize=700%2C400 2x"},"classes":[]},{"id":2202,"url":"http:\/\/www.robertosedda.it\/?p=2202","url_meta":{"origin":17173,"position":3},"title":"Come scrivere una mail alla Segreteria studenti (o della pigrizia)","author":"Rufus","date":"18\/02\/2013","format":false,"excerpt":"Era da un po' che volevo scrivere un articolo intitolato \"Come scrivere una\u00a0mail alla Segreteria studenti\". Il motivo \u00e8 evidente per tutti quelli che hanno mai gestito contatti col pubblico: dall'uso sorprendente e creativo degli\u00a0user name\u00a0(arrogurottu, farfallinasvolazzina, gokuseiunapippa), alla straordinaria capacit\u00e0 di presupporre che il destinatario sia dotato della prescienza\u2026","rel":"","context":"In &quot;Coordinate&quot;","block_context":{"text":"Coordinate","link":"http:\/\/www.robertosedda.it\/?cat=52"},"img":{"alt_text":"","src":"https:\/\/i0.wp.com\/www.robertosedda.it\/wp-content\/uploads\/2013\/02\/icona-mail.png?fit=256%2C256&resize=350%2C200","width":350,"height":200},"classes":[]},{"id":18359,"url":"http:\/\/www.robertosedda.it\/?p=18359","url_meta":{"origin":17173,"position":4},"title":"L&#8217;efficienza del virus","author":"Rufus","date":"05\/11\/2020","format":false,"excerpt":"Alessandro VespignaniBy Festival della Scienza from Genova CC BY-SA 2.0 Dall'inizio della pandemia seguo con una certa attenzione Alessandro Vespignani, un fisico italiano che vive e insegna negli USA e che dallo studio delle reti neurali e della diffusione dei virus informatici si \u00e8 spostato, negli anni, ai modelli matematici\u2026","rel":"","context":"In &quot;Coordinate&quot;","block_context":{"text":"Coordinate","link":"http:\/\/www.robertosedda.it\/?cat=52"},"img":{"alt_text":"","src":"https:\/\/i0.wp.com\/www.robertosedda.it\/wp-content\/uploads\/2020\/11\/Alessandro_Vespignani.jpg?fit=545%2C817&resize=350%2C200","width":350,"height":200},"classes":[]},{"id":9814,"url":"http:\/\/www.robertosedda.it\/?p=9814","url_meta":{"origin":17173,"position":5},"title":"In vino vita: e io bevo","author":"Rufus","date":"23\/03\/2015","format":false,"excerpt":"Gioved\u00ec sera ho ricevuto da mia moglie (che come sempre la sa molto pi\u00f9 lunga di me) un bel regalo: mi ha portato a una degustazione di vini, esperienza che non avevo mai fatto. Voglio dire: non \u00e8 che non ho mai bevuto vino (decisamente no). E in realt\u00e0 mi\u2026","rel":"","context":"In &quot;Coordinate&quot;","block_context":{"text":"Coordinate","link":"http:\/\/www.robertosedda.it\/?cat=52"},"img":{"alt_text":"","src":"https:\/\/i0.wp.com\/www.robertosedda.it\/wp-content\/uploads\/2015\/03\/Meloni-Frius.jpg?fit=372%2C1196&resize=350%2C200","width":350,"height":200},"classes":[]}],"_links":{"self":[{"href":"http:\/\/www.robertosedda.it\/index.php?rest_route=\/wp\/v2\/posts\/17173"}],"collection":[{"href":"http:\/\/www.robertosedda.it\/index.php?rest_route=\/wp\/v2\/posts"}],"about":[{"href":"http:\/\/www.robertosedda.it\/index.php?rest_route=\/wp\/v2\/types\/post"}],"author":[{"embeddable":true,"href":"http:\/\/www.robertosedda.it\/index.php?rest_route=\/wp\/v2\/users\/1"}],"replies":[{"embeddable":true,"href":"http:\/\/www.robertosedda.it\/index.php?rest_route=%2Fwp%2Fv2%2Fcomments&post=17173"}],"version-history":[{"count":2,"href":"http:\/\/www.robertosedda.it\/index.php?rest_route=\/wp\/v2\/posts\/17173\/revisions"}],"predecessor-version":[{"id":17184,"href":"http:\/\/www.robertosedda.it\/index.php?rest_route=\/wp\/v2\/posts\/17173\/revisions\/17184"}],"wp:featuredmedia":[{"embeddable":true,"href":"http:\/\/www.robertosedda.it\/index.php?rest_route=\/wp\/v2\/media\/17174"}],"wp:attachment":[{"href":"http:\/\/www.robertosedda.it\/index.php?rest_route=%2Fwp%2Fv2%2Fmedia&parent=17173"}],"wp:term":[{"taxonomy":"category","embeddable":true,"href":"http:\/\/www.robertosedda.it\/index.php?rest_route=%2Fwp%2Fv2%2Fcategories&post=17173"},{"taxonomy":"post_tag","embeddable":true,"href":"http:\/\/www.robertosedda.it\/index.php?rest_route=%2Fwp%2Fv2%2Ftags&post=17173"}],"curies":[{"name":"wp","href":"https:\/\/api.w.org\/{rel}","templated":true}]}}