{"id":17169,"date":"2019-09-07T10:00:26","date_gmt":"2019-09-07T08:00:26","guid":{"rendered":"http:\/\/www.robertosedda.it\/?p=17169"},"modified":"2019-09-10T12:53:32","modified_gmt":"2019-09-10T10:53:32","slug":"settimana-intensa-nel-mondo-del-pollo-fritto","status":"publish","type":"post","link":"http:\/\/www.robertosedda.it\/?p=17169","title":{"rendered":"Settimana intensa nel mondo del pollo fritto"},"content":{"rendered":"\n<figure class=\"wp-block-image alignwide\"><img data-attachment-id=\"17170\" data-permalink=\"http:\/\/www.robertosedda.it\/?attachment_id=17170\" data-orig-file=\"https:\/\/i0.wp.com\/www.robertosedda.it\/wp-content\/uploads\/2019\/09\/Popeye-Chick.jpg?fit=1200%2C628\" data-orig-size=\"1200,628\" data-comments-opened=\"1\" data-image-meta=\"{&quot;aperture&quot;:&quot;0&quot;,&quot;credit&quot;:&quot;&quot;,&quot;camera&quot;:&quot;&quot;,&quot;caption&quot;:&quot;&quot;,&quot;created_timestamp&quot;:&quot;0&quot;,&quot;copyright&quot;:&quot;&quot;,&quot;focal_length&quot;:&quot;0&quot;,&quot;iso&quot;:&quot;0&quot;,&quot;shutter_speed&quot;:&quot;0&quot;,&quot;title&quot;:&quot;&quot;,&quot;orientation&quot;:&quot;1&quot;}\" data-image-title=\"Popeye-Chick\" data-image-description=\"\" data-image-caption=\"\" data-medium-file=\"https:\/\/i0.wp.com\/www.robertosedda.it\/wp-content\/uploads\/2019\/09\/Popeye-Chick.jpg?fit=300%2C157\" data-large-file=\"https:\/\/i0.wp.com\/www.robertosedda.it\/wp-content\/uploads\/2019\/09\/Popeye-Chick.jpg?fit=510%2C267\" decoding=\"async\" loading=\"lazy\" width=\"800\" height=\"419\" src=\"https:\/\/i0.wp.com\/www.robertosedda.it\/wp-content\/uploads\/2019\/09\/Popeye-Chick.jpg?resize=800%2C419\" alt=\"\" class=\"wp-image-17170\" srcset=\"https:\/\/i0.wp.com\/www.robertosedda.it\/wp-content\/uploads\/2019\/09\/Popeye-Chick.jpg?w=1200 1200w, https:\/\/i0.wp.com\/www.robertosedda.it\/wp-content\/uploads\/2019\/09\/Popeye-Chick.jpg?resize=150%2C79 150w, https:\/\/i0.wp.com\/www.robertosedda.it\/wp-content\/uploads\/2019\/09\/Popeye-Chick.jpg?resize=300%2C157 300w, https:\/\/i0.wp.com\/www.robertosedda.it\/wp-content\/uploads\/2019\/09\/Popeye-Chick.jpg?resize=510%2C267 510w, https:\/\/i0.wp.com\/www.robertosedda.it\/wp-content\/uploads\/2019\/09\/Popeye-Chick.jpg?resize=390%2C205 390w\" sizes=\"(max-width: 800px) 100vw, 800px\" data-recalc-dims=\"1\" \/><\/figure>\n\n\n\n<p>Il mio compare Andrea Assorgia, nonch\u00e9 compagno Fabbricastorie, ha richiamato la mia attnzione verso un <a href=\"https:\/\/l.facebook.com\/l.php?u=https%3A%2F%2Fwww.ilpost.it%2F2019%2F08%2F30%2Fla-guerra-dei-panini-col-pollo%2F%3Ffbclid%3DIwAR1xSBtwQRdgb7DTCzs1cL5Q591lgEPNstB00-WIQ6OV-rSSfLxmEEjfVuM&amp;h=AT1Gkky2lI3g2cWJu5OtnZtNp3z_1efsbJBjBIDZFPkVV9EkmuhjIJUgdDVmBE7MYzNn7glh33C8k34JEQFwz71yHevyn3aS0OkAcYKUQMWsaM8CcKifB4fylTDVAU_k6g\">articolo<\/a> molto divertente del <em>Post<\/em> sulla guerra commerciale, rapidamente diventata una guerra culturale e infine una lotta per l&#8217;anima dell&#8217;America, l&#8217;universo e tutto quanto, fra due catene di <em>fast food<\/em> americani, <em>Popeye<\/em>s<em> e Chick-fil-A<\/em>, specializzati in pollo fritto.<\/p>\n\n\n\n<figure class=\"wp-block-image alignwide\"><img data-attachment-id=\"17171\" data-permalink=\"http:\/\/www.robertosedda.it\/?attachment_id=17171\" data-orig-file=\"https:\/\/i0.wp.com\/www.robertosedda.it\/wp-content\/uploads\/2019\/09\/Popeye-Chick-2.jpeg?fit=678%2C381\" data-orig-size=\"678,381\" data-comments-opened=\"1\" data-image-meta=\"{&quot;aperture&quot;:&quot;0&quot;,&quot;credit&quot;:&quot;&quot;,&quot;camera&quot;:&quot;&quot;,&quot;caption&quot;:&quot;&quot;,&quot;created_timestamp&quot;:&quot;0&quot;,&quot;copyright&quot;:&quot;&quot;,&quot;focal_length&quot;:&quot;0&quot;,&quot;iso&quot;:&quot;0&quot;,&quot;shutter_speed&quot;:&quot;0&quot;,&quot;title&quot;:&quot;&quot;,&quot;orientation&quot;:&quot;0&quot;}\" data-image-title=\"Popeye-Chick-2\" data-image-description=\"\" data-image-caption=\"\" data-medium-file=\"https:\/\/i0.wp.com\/www.robertosedda.it\/wp-content\/uploads\/2019\/09\/Popeye-Chick-2.jpeg?fit=300%2C169\" data-large-file=\"https:\/\/i0.wp.com\/www.robertosedda.it\/wp-content\/uploads\/2019\/09\/Popeye-Chick-2.jpeg?fit=510%2C287\" decoding=\"async\" loading=\"lazy\" width=\"678\" height=\"381\" src=\"https:\/\/i0.wp.com\/www.robertosedda.it\/wp-content\/uploads\/2019\/09\/Popeye-Chick-2.jpeg?resize=678%2C381\" alt=\"\" class=\"wp-image-17171\" srcset=\"https:\/\/i0.wp.com\/www.robertosedda.it\/wp-content\/uploads\/2019\/09\/Popeye-Chick-2.jpeg?w=678 678w, https:\/\/i0.wp.com\/www.robertosedda.it\/wp-content\/uploads\/2019\/09\/Popeye-Chick-2.jpeg?resize=150%2C84 150w, https:\/\/i0.wp.com\/www.robertosedda.it\/wp-content\/uploads\/2019\/09\/Popeye-Chick-2.jpeg?resize=300%2C169 300w, https:\/\/i0.wp.com\/www.robertosedda.it\/wp-content\/uploads\/2019\/09\/Popeye-Chick-2.jpeg?resize=510%2C287 510w\" sizes=\"(max-width: 678px) 100vw, 678px\" data-recalc-dims=\"1\" \/><\/figure>\n\n\n\n<p>Esatto. Tutta l&#8217;America col fiato sospeso per un panino col pollo fritto, la maionese e i cetriolini. E i diritti dei <em>gay<\/em>. E la difesa della cultura afroamericana. E i diritti elettorali dei neri.<\/p>\n\n\n\n<p>\u00c8 tutto nell&#8217;articolo, con un sacco di <em>link<\/em> ad articoli dei <em>media<\/em> americani. Fatevi una cultura.<\/p>\n\n\n\n<p>Ah, e nel frattempo <em>Kentucky Fried Chicken <\/em><a href=\"https:\/\/www.esquire.com\/food-drink\/food\/a28858341\/fried-chicken-sandwich-war-popeyes-chick-fil-a-kfc\/\">ha fatto esordire nei suoi locali il pollo che non \u00e8 carne<\/a>. <\/p>\n\n\n\n<p>Fine agosto \u00e8 stata una settima intensa nel mondo del pollo fritto.<\/p>\n","protected":false},"excerpt":{"rendered":"<p>Il mio compare Andrea Assorgia, nonch\u00e9 compagno Fabbricastorie, ha richiamato la mia attnzione verso un articolo molto divertente del Post<\/p>\n","protected":false},"author":1,"featured_media":17171,"comment_status":"open","ping_status":"open","sticky":false,"template":"","format":"standard","meta":{"_mi_skip_tracking":false,"_monsterinsights_sitenote_active":false,"_monsterinsights_sitenote_note":"","_monsterinsights_sitenote_category":0,"jetpack_post_was_ever_published":false,"_jetpack_newsletter_access":"","jetpack_publicize_message":"Il @Post racconta di una intensa settimana nel mondo del pollo fritto.. Lealt\u00e0,dei consumatori,, guerre culturali, diritti delle minoranze, l'universo e tutto quanto","jetpack_is_tweetstorm":false,"jetpack_publicize_feature_enabled":true,"jetpack_social_post_already_shared":true,"jetpack_social_options":{"image_generator_settings":{"template":"highway","enabled":false}}},"categories":[52,55,77,95,16],"tags":[],"jetpack_publicize_connections":[],"jetpack_featured_media_url":"https:\/\/i0.wp.com\/www.robertosedda.it\/wp-content\/uploads\/2019\/09\/Popeye-Chick-2.jpeg?fit=678%2C381","jetpack_sharing_enabled":true,"jetpack_shortlink":"https:\/\/wp.me\/p4jV2T-4sV","jetpack_likes_enabled":true,"jetpack-related-posts":[{"id":19486,"url":"http:\/\/www.robertosedda.it\/?p=19486","url_meta":{"origin":17169,"position":0},"title":"Fare storia ognuno a suo modo","author":"Rufus","date":"12\/04\/2022","format":false,"excerpt":"Segnalo, peraltro, che si dice comunemente che i libri americani con copertina bianca e un titolo a caratteri cubitali sono roba da aeroporto... Tempo fa mi \u00e8 capitato di veder passare, su Twitter, un messaggio di Kathleen Belew, una storica specializzata nello studio del movimento suprematista americano, che cercava aiuto\u2026","rel":"","context":"In &quot;Coordinate&quot;","block_context":{"text":"Coordinate","link":"http:\/\/www.robertosedda.it\/?cat=52"},"img":{"alt_text":"","src":"https:\/\/i0.wp.com\/www.robertosedda.it\/wp-content\/uploads\/2022\/04\/Polli.jpg?fit=680%2C383&resize=350%2C200","width":350,"height":200},"classes":[]},{"id":13184,"url":"http:\/\/www.robertosedda.it\/?p=13184","url_meta":{"origin":17169,"position":1},"title":"Come fu che imparai ad amare lo gnocco fritto e a essere felice","author":"Rufus","date":"31\/01\/2017","format":false,"excerpt":"Oggi a pranzo si mangia lo gnocco fritto, una delizia che vedete qui sopra riportata in un'immagine proveniente dal sito del Comune di Modena. Sono da sempre un fan dello gnocco fritto (anche della tigella, ma dello gnocco fritto di pi\u00f9). Non c'\u00e8 da stupirsi: \u00e8 una cosa grassa e\u2026","rel":"","context":"In &quot;Coordinate&quot;","block_context":{"text":"Coordinate","link":"http:\/\/www.robertosedda.it\/?cat=52"},"img":{"alt_text":"","src":"https:\/\/i0.wp.com\/www.robertosedda.it\/wp-content\/uploads\/2017\/01\/gnoccofritto.jpg?fit=900%2C455&resize=350%2C200","width":350,"height":200,"srcset":"https:\/\/i0.wp.com\/www.robertosedda.it\/wp-content\/uploads\/2017\/01\/gnoccofritto.jpg?fit=900%2C455&resize=350%2C200 1x, https:\/\/i0.wp.com\/www.robertosedda.it\/wp-content\/uploads\/2017\/01\/gnoccofritto.jpg?fit=900%2C455&resize=700%2C400 2x"},"classes":[]},{"id":5445,"url":"http:\/\/www.robertosedda.it\/?p=5445","url_meta":{"origin":17169,"position":2},"title":"Contenti voi!","author":"Rufus","date":"15\/12\/2013","format":false,"excerpt":"Ieri dopo la riunione del Coordinamento d'Area di Banca Etica mi accomiato temporaneamente dagli altri che restano a Roma in vista della riunione del giorno dopo e me ne vado un po' a zonzo da solo. Mi controllo la posta dal pakistano, entro alla Feltrinelli International a curiosare (niente abbordaggi\u2026","rel":"","context":"In &quot;Cibo e cucine&quot;","block_context":{"text":"Cibo e cucine","link":"http:\/\/www.robertosedda.it\/?cat=71"},"img":{"alt_text":"","src":"","width":0,"height":0},"classes":[]},{"id":14885,"url":"http:\/\/www.robertosedda.it\/?p=14885","url_meta":{"origin":17169,"position":3},"title":"La consolazione nella patata","author":"Rufus","date":"22\/03\/2018","format":false,"excerpt":"Dev'essere perch\u00e9 questi giorni sono un poco depresso che mi ha fatto sorridere scoprire che fra i Mormoni dello Utah esiste un tipico piatto, diciamo cos\u00ec,\u00a0consolatorio, che si chiama\u00a0patate del funerale e che \u00e8, sostanzialmente un incrocio fra due piatti che mia nonna Iole aveva perfezionato fino a renderli il\u2026","rel":"","context":"In &quot;Cibo e cucine&quot;","block_context":{"text":"Cibo e cucine","link":"http:\/\/www.robertosedda.it\/?cat=71"},"img":{"alt_text":"","src":"https:\/\/i0.wp.com\/www.robertosedda.it\/wp-content\/uploads\/2018\/03\/Patate-tipi.png?fit=692%2C295&resize=350%2C200","width":350,"height":200},"classes":[]},{"id":15569,"url":"http:\/\/www.robertosedda.it\/?p=15569","url_meta":{"origin":17169,"position":4},"title":"Domande del cagliaritano sciovinista in vacanza","author":"Rufus","date":"07\/08\/2018","format":false,"excerpt":"Prima di tutto: che parola \u00e8 aperipesce? Ma sopratutto, per il cagliaritano il pesce ammette due sole cotture: fritto e alla brace - che razza di showcooking ci vorrai fare?!","rel":"","context":"In &quot;Cibo e cucine&quot;","block_context":{"text":"Cibo e cucine","link":"http:\/\/www.robertosedda.it\/?cat=71"},"img":{"alt_text":"","src":"https:\/\/i0.wp.com\/www.robertosedda.it\/wp-content\/uploads\/2018\/08\/IMG_20180806_144713.jpg?fit=1200%2C900&resize=350%2C200","width":350,"height":200,"srcset":"https:\/\/i0.wp.com\/www.robertosedda.it\/wp-content\/uploads\/2018\/08\/IMG_20180806_144713.jpg?fit=1200%2C900&resize=350%2C200 1x, https:\/\/i0.wp.com\/www.robertosedda.it\/wp-content\/uploads\/2018\/08\/IMG_20180806_144713.jpg?fit=1200%2C900&resize=700%2C400 2x, https:\/\/i0.wp.com\/www.robertosedda.it\/wp-content\/uploads\/2018\/08\/IMG_20180806_144713.jpg?fit=1200%2C900&resize=1050%2C600 3x"},"classes":[]},{"id":17188,"url":"http:\/\/www.robertosedda.it\/?p=17188","url_meta":{"origin":17169,"position":5},"title":"Fabbricarsi gli strumenti","author":"Rufus","date":"12\/09\/2019","format":false,"excerpt":"Dopo il seminario primaverile sto cercando di approfondire il tema dei rapporti fra etica e videogame, anche dandomi a letture filosofiche che mi aiutino a sistematizzare le mie competenze sull'etica. \u00c8 un tema al quale anche ai Fabbricastorie piacerebbe dare pi\u00f9 spazio e magari inserire nel novero dei nostri interessi\u2026","rel":"","context":"In &quot;Coordinate&quot;","block_context":{"text":"Coordinate","link":"http:\/\/www.robertosedda.it\/?cat=52"},"img":{"alt_text":"","src":"https:\/\/i0.wp.com\/www.robertosedda.it\/wp-content\/uploads\/2019\/09\/Forgia.jpg?fit=800%2C450&resize=350%2C200","width":350,"height":200,"srcset":"https:\/\/i0.wp.com\/www.robertosedda.it\/wp-content\/uploads\/2019\/09\/Forgia.jpg?fit=800%2C450&resize=350%2C200 1x, https:\/\/i0.wp.com\/www.robertosedda.it\/wp-content\/uploads\/2019\/09\/Forgia.jpg?fit=800%2C450&resize=700%2C400 2x"},"classes":[]}],"_links":{"self":[{"href":"http:\/\/www.robertosedda.it\/index.php?rest_route=\/wp\/v2\/posts\/17169"}],"collection":[{"href":"http:\/\/www.robertosedda.it\/index.php?rest_route=\/wp\/v2\/posts"}],"about":[{"href":"http:\/\/www.robertosedda.it\/index.php?rest_route=\/wp\/v2\/types\/post"}],"author":[{"embeddable":true,"href":"http:\/\/www.robertosedda.it\/index.php?rest_route=\/wp\/v2\/users\/1"}],"replies":[{"embeddable":true,"href":"http:\/\/www.robertosedda.it\/index.php?rest_route=%2Fwp%2Fv2%2Fcomments&post=17169"}],"version-history":[{"count":1,"href":"http:\/\/www.robertosedda.it\/index.php?rest_route=\/wp\/v2\/posts\/17169\/revisions"}],"predecessor-version":[{"id":17172,"href":"http:\/\/www.robertosedda.it\/index.php?rest_route=\/wp\/v2\/posts\/17169\/revisions\/17172"}],"wp:featuredmedia":[{"embeddable":true,"href":"http:\/\/www.robertosedda.it\/index.php?rest_route=\/wp\/v2\/media\/17171"}],"wp:attachment":[{"href":"http:\/\/www.robertosedda.it\/index.php?rest_route=%2Fwp%2Fv2%2Fmedia&parent=17169"}],"wp:term":[{"taxonomy":"category","embeddable":true,"href":"http:\/\/www.robertosedda.it\/index.php?rest_route=%2Fwp%2Fv2%2Fcategories&post=17169"},{"taxonomy":"post_tag","embeddable":true,"href":"http:\/\/www.robertosedda.it\/index.php?rest_route=%2Fwp%2Fv2%2Ftags&post=17169"}],"curies":[{"name":"wp","href":"https:\/\/api.w.org\/{rel}","templated":true}]}}