{"id":17151,"date":"2019-09-04T17:21:15","date_gmt":"2019-09-04T15:21:15","guid":{"rendered":"http:\/\/www.robertosedda.it\/?p=17151"},"modified":"2019-10-17T10:37:41","modified_gmt":"2019-10-17T08:37:41","slug":"lo-scoglio-dellidentita","status":"publish","type":"post","link":"http:\/\/www.robertosedda.it\/?p=17151","title":{"rendered":"Lo scoglio dell&#8217;identit\u00e0"},"content":{"rendered":"\n<div class=\"wp-block-image\"><figure class=\"alignright\"><img data-attachment-id=\"17152\" data-permalink=\"http:\/\/www.robertosedda.it\/?attachment_id=17152\" data-orig-file=\"https:\/\/i0.wp.com\/www.robertosedda.it\/wp-content\/uploads\/2019\/09\/Remotti-contro-identita.jpg?fit=333%2C500\" data-orig-size=\"333,500\" data-comments-opened=\"1\" data-image-meta=\"{&quot;aperture&quot;:&quot;0&quot;,&quot;credit&quot;:&quot;&quot;,&quot;camera&quot;:&quot;&quot;,&quot;caption&quot;:&quot;&quot;,&quot;created_timestamp&quot;:&quot;0&quot;,&quot;copyright&quot;:&quot;&quot;,&quot;focal_length&quot;:&quot;0&quot;,&quot;iso&quot;:&quot;0&quot;,&quot;shutter_speed&quot;:&quot;0&quot;,&quot;title&quot;:&quot;&quot;,&quot;orientation&quot;:&quot;0&quot;}\" data-image-title=\"Remotti contro identita\" data-image-description=\"\" data-image-caption=\"\" data-medium-file=\"https:\/\/i0.wp.com\/www.robertosedda.it\/wp-content\/uploads\/2019\/09\/Remotti-contro-identita.jpg?fit=200%2C300\" data-large-file=\"https:\/\/i0.wp.com\/www.robertosedda.it\/wp-content\/uploads\/2019\/09\/Remotti-contro-identita.jpg?fit=333%2C500\" decoding=\"async\" loading=\"lazy\" width=\"200\" height=\"300\" src=\"https:\/\/i0.wp.com\/www.robertosedda.it\/wp-content\/uploads\/2019\/09\/Remotti-contro-identita.jpg?resize=200%2C300\" alt=\"\" class=\"wp-image-17152\" srcset=\"https:\/\/i0.wp.com\/www.robertosedda.it\/wp-content\/uploads\/2019\/09\/Remotti-contro-identita.jpg?resize=200%2C300 200w, https:\/\/i0.wp.com\/www.robertosedda.it\/wp-content\/uploads\/2019\/09\/Remotti-contro-identita.jpg?resize=100%2C150 100w, https:\/\/i0.wp.com\/www.robertosedda.it\/wp-content\/uploads\/2019\/09\/Remotti-contro-identita.jpg?w=333 333w\" sizes=\"(max-width: 200px) 100vw, 200px\" data-recalc-dims=\"1\" \/><\/figure><\/div>\n\n\n\n<p>Sto rileggendo <em>Contro l&#8217;identit\u00e0<\/em> di Francesco Remotti (<em>Laterza<\/em>, 1995, \u20ac 5,99 in digitale) che mi aveva molto affascinato durante un&#8217;estate a Tonara e che poi non ho pi\u00f9 frequentato.<\/p>\n\n\n\n<p>Ha, come ricordavo, tre capitoli iniziali formidabili e poi si perde un po&#8217; nelle varie applicazioni antropologiche e storiche presentate per esplorare tutte le ramificazioni del problema: sono di interesse assoluto  (la mia preferenza va al complesso costrutto sociale delle abitudini antropofaghe dei Tupinamba) per\u00f2 un po&#8217; sembrano diluire la scintillante lucidit\u00e0 dei ragionamenti iniziali.<\/p>\n\n\n\n<p>Leggo che Remotti nel tempo <a href=\"http:\/\/www.parcobarro.it\/meab\/ossessione.pdf\">ha reso la sua opposizione all&#8217;identit\u00e0 sempre pi\u00f9 radicale<\/a> (il libro successivo, non per niente, \u00e8 intitolato <em>L&#8217;ossessione identitaria<\/em>) ma qui si muove pi\u00f9 sulla linea di descrivere l&#8217;identit\u00e0 come <em>tensione<\/em> (o come un fascio di tensioni) e trovo questa impostazione pi\u00f9 confacente ai miei gusti, anche se mi piace anche l&#8217;idea illustrata nel <em>link<\/em> che vi ho messo qui sopra di sostituire il concetto di identit\u00e0 con quello di riconoscimento (non \u00e8 uno slittamento molto diverso da quello fra personalismo ontologico e e <a href=\"http:\/\/www.robertosedda.it\/?p=5105\">personalismo relazionale<\/a>, o almeno cos\u00ec pare al  filosofo dilettante che \u00e8 in me).<\/p>\n\n\n\n<div class=\"wp-block-image\"><figure class=\"alignleft\"><img data-attachment-id=\"17153\" data-permalink=\"http:\/\/www.robertosedda.it\/?attachment_id=17153\" data-orig-file=\"https:\/\/i0.wp.com\/www.robertosedda.it\/wp-content\/uploads\/2019\/09\/Remotti-ossessione.jpg?fit=333%2C500\" data-orig-size=\"333,500\" data-comments-opened=\"1\" data-image-meta=\"{&quot;aperture&quot;:&quot;0&quot;,&quot;credit&quot;:&quot;&quot;,&quot;camera&quot;:&quot;&quot;,&quot;caption&quot;:&quot;&quot;,&quot;created_timestamp&quot;:&quot;0&quot;,&quot;copyright&quot;:&quot;&quot;,&quot;focal_length&quot;:&quot;0&quot;,&quot;iso&quot;:&quot;0&quot;,&quot;shutter_speed&quot;:&quot;0&quot;,&quot;title&quot;:&quot;&quot;,&quot;orientation&quot;:&quot;0&quot;}\" data-image-title=\"Remotti ossessione\" data-image-description=\"\" data-image-caption=\"\" data-medium-file=\"https:\/\/i0.wp.com\/www.robertosedda.it\/wp-content\/uploads\/2019\/09\/Remotti-ossessione.jpg?fit=200%2C300\" data-large-file=\"https:\/\/i0.wp.com\/www.robertosedda.it\/wp-content\/uploads\/2019\/09\/Remotti-ossessione.jpg?fit=333%2C500\" decoding=\"async\" loading=\"lazy\" width=\"200\" height=\"300\" src=\"https:\/\/i0.wp.com\/www.robertosedda.it\/wp-content\/uploads\/2019\/09\/Remotti-ossessione.jpg?resize=200%2C300\" alt=\"\" class=\"wp-image-17153\" srcset=\"https:\/\/i0.wp.com\/www.robertosedda.it\/wp-content\/uploads\/2019\/09\/Remotti-ossessione.jpg?resize=200%2C300 200w, https:\/\/i0.wp.com\/www.robertosedda.it\/wp-content\/uploads\/2019\/09\/Remotti-ossessione.jpg?resize=100%2C150 100w, https:\/\/i0.wp.com\/www.robertosedda.it\/wp-content\/uploads\/2019\/09\/Remotti-ossessione.jpg?w=333 333w\" sizes=\"(max-width: 200px) 100vw, 200px\" data-recalc-dims=\"1\" \/><\/figure><\/div>\n\n\n\n<p>Remotti procede per antinomie, per dubbi, per contrapposizioni, per veirt\u00e0 enunciate e subito smentite da una difficolt\u00e0 logica che il pensiero aveva ignorato, partendo da una identit\u00e0 come costrutto durevole che si oppone al flusso dei mutamenti e del tempo, come una roccia sulla spiaggia che resta salda nell&#8217;andare e venire dei marosi, per negare progressivamente questa visione oh cos\u00ec spontanea e seducente, mostrare che al fondo l&#8217;identit\u00e0 non \u00e8 mai <em>data<\/em> ma <em>definita<\/em>, questione di nomi che scegliamo di dare alle cose, che l&#8217;identit\u00e0 ha molto pi\u00f9 a che fare con i confini e il dove si sceglie di farli passare, dove si decide di tagliare le relazioni fra le cose e dove invece si preferisce accompagnare, unire, fondere. E in questo senso al fondo l&#8217;identit\u00e0 \u00e8 questione di responsabilit\u00e0, nel senso delle scelte che si fanno &#8211; di tagliare e  separare o di cucire e di unire, responsabilit\u00e0 che non viene meno quando di queste operazioni non siamo coscienti ma ci limitiamo a prendere per buone quelle che la societ\u00e0 ci presenta come date.<\/p>\n\n\n\n<p>\u00c8 al fondo una visione complessa, o meglio: interessata alla complessit\u00e0. Una visione laica, indagatrice, aliena alle verit\u00e0 date per certe e alle separazioni nette definite una volta per tutte. \u00c8 anche una visione che diffida degli individualismi, e preferisce ragionare in termini di definizioni collettive delle dimensioni identitarie. <\/p>\n\n\n\n<p>Il libro \u00e8 del 1995 e capisco che, quando se ne cercano recensioni in rete, si trovino apprezzamenti da parte di chi politicamente \u00e8 schierato sul fronte opposto rispetto ai nazionalismi, ai particolarismi, ai razzismi,a come anche rispetto agli egoismi individuali. <\/p>\n\n\n\n<div class=\"wp-block-image\"><figure class=\"alignright\"><img data-attachment-id=\"17154\" data-permalink=\"http:\/\/www.robertosedda.it\/?attachment_id=17154\" data-orig-file=\"https:\/\/i0.wp.com\/www.robertosedda.it\/wp-content\/uploads\/2019\/09\/Remotti-somiglianze.jpg?fit=457%2C686\" data-orig-size=\"457,686\" data-comments-opened=\"1\" data-image-meta=\"{&quot;aperture&quot;:&quot;0&quot;,&quot;credit&quot;:&quot;ANSA&quot;,&quot;camera&quot;:&quot;&quot;,&quot;caption&quot;:&quot;Libro, &#039;Somiglianze&#039; di Francesco Remotti&quot;,&quot;created_timestamp&quot;:&quot;0&quot;,&quot;copyright&quot;:&quot;ANSA&quot;,&quot;focal_length&quot;:&quot;0&quot;,&quot;iso&quot;:&quot;0&quot;,&quot;shutter_speed&quot;:&quot;0&quot;,&quot;title&quot;:&quot;Libro, &#039;Somiglianze&#039; di Francesco Remotti&quot;,&quot;orientation&quot;:&quot;0&quot;}\" data-image-title=\"Remotti somiglianze\" data-image-description=\"\" data-image-caption=\"&lt;p&gt;Libro, &#8216;Somiglianze&#8217; di Francesco Remotti&lt;\/p&gt;\n\" data-medium-file=\"https:\/\/i0.wp.com\/www.robertosedda.it\/wp-content\/uploads\/2019\/09\/Remotti-somiglianze.jpg?fit=200%2C300\" data-large-file=\"https:\/\/i0.wp.com\/www.robertosedda.it\/wp-content\/uploads\/2019\/09\/Remotti-somiglianze.jpg?fit=457%2C686\" decoding=\"async\" loading=\"lazy\" width=\"200\" height=\"300\" src=\"https:\/\/i0.wp.com\/www.robertosedda.it\/wp-content\/uploads\/2019\/09\/Remotti-somiglianze.jpg?resize=200%2C300\" alt=\"\" class=\"wp-image-17154\" srcset=\"https:\/\/i0.wp.com\/www.robertosedda.it\/wp-content\/uploads\/2019\/09\/Remotti-somiglianze.jpg?resize=200%2C300 200w, https:\/\/i0.wp.com\/www.robertosedda.it\/wp-content\/uploads\/2019\/09\/Remotti-somiglianze.jpg?resize=100%2C150 100w, https:\/\/i0.wp.com\/www.robertosedda.it\/wp-content\/uploads\/2019\/09\/Remotti-somiglianze.jpg?w=457 457w\" sizes=\"(max-width: 200px) 100vw, 200px\" data-recalc-dims=\"1\" \/><\/figure><\/div>\n\n\n\n<p>Tanto pi\u00f9 mi pare si possa apprezzare l&#8217;evoluzione successiva delle posizioni di Remotti, ancora pi\u00f9 radicalmente contrario all&#8217;identit\u00e0, quando si pensa al clima politico attuale: nel 1995 alla prima uscita del libro la <em>Lega <\/em>poneva sfide alla convivenza in Italia molto pi\u00f9 <em>astratte<\/em> di quelle di oggi, per dire, e gli identitarismi di vent&#8217;anni fa, per quanto perniciosi, non erano il flagello attuale. <\/p>\n\n\n\n<p>Quello che mi sembra paradossale, e che vorrei approfondire rivedendomi meglio la seconda parte del libro e magari leggendomi i libri successivi, \u00e8 che questo tipo di visione, cos\u00ec spontaneamente utilizzabile in chiave polemica contro la <em>Lega e <\/em>i nazionalisti di vario genere, \u00e8 anche radicalmente contraria a una serie di posizioni che vanno per la maggiore esattamente negli stessi ambienti che sembrano apprezzare cos\u00ec tanto Remotti. Penso per esempio a tutto il campo degli <em>identity studies<\/em>, o ai rivendicazionismi identitari di minoranze pi\u00f9 o meno vaste, spesso costruiti esattamente sul dualismo noi\/voi cos\u00ec criticato da Remotti.<\/p>\n\n\n\n<p>Non penso tanto agli esiti <em>pratici<\/em> di queste posizioni: quando Remotti propone di sostituire il termine <em>identit\u00e0<\/em> con quello di riconoscimento (di esistenza, bisogni, caratteristiche, diritti) propone una piattaforma nella quale non \u00e8 difficile ritrovarsi. Quello che mi sembra incompatibile \u00e8 l&#8217;impostazione e la cornice <em>teorica<\/em> di queste posizioni, che oltretutto si presentano spesso come una teoria unificata e <em>kattiva<\/em> (cio\u00e8 <em>hard,<\/em> non flessibile), che da definizioni <em>a<\/em> <em>priori<\/em> di identit\u00e0 fanno discendere impianti piuttosto complessi che arrivano fino alla definizione di politiche, comportamenti ed etiche.<\/p>\n\n\n\n<p>Per me, che tendenzialmente ho pochissime simpatie per queste posizioni, non \u00e8 un problema. Posso apprezzare Remotti lo stesso e invocare la convergenza sul piano pragmatico dei riconoscimenti. (che sono negoziabili, per definizione). Per una vasta gamma di intellettuali che esattamente sul farsi portabandiera di singole identit\u00e0 costruiscono notevoli posizioni pubbliche, temo potrebbe essere un po&#8217; pi\u00f9 scomodo.<\/p>\n","protected":false},"excerpt":{"rendered":"<p>Sto rileggendo Contro l&#8217;identit\u00e0 di Francesco Remotti (Laterza, 1995, \u20ac 5,99 in digitale) che mi aveva molto affascinato durante un&#8217;estate<\/p>\n","protected":false},"author":1,"featured_media":17152,"comment_status":"open","ping_status":"open","sticky":false,"template":"","format":"standard","meta":{"_mi_skip_tracking":false,"_monsterinsights_sitenote_active":false,"_monsterinsights_sitenote_note":"","_monsterinsights_sitenote_category":0,"jetpack_post_was_ever_published":false,"_jetpack_newsletter_access":"","jetpack_publicize_message":"","jetpack_is_tweetstorm":false,"jetpack_publicize_feature_enabled":true,"jetpack_social_post_already_shared":false,"jetpack_social_options":{"image_generator_settings":{"template":"highway","enabled":false}}},"categories":[97,52,57,13,12],"tags":[],"jetpack_publicize_connections":[],"jetpack_featured_media_url":"https:\/\/i0.wp.com\/www.robertosedda.it\/wp-content\/uploads\/2019\/09\/Remotti-contro-identita.jpg?fit=333%2C500","jetpack_sharing_enabled":true,"jetpack_shortlink":"https:\/\/wp.me\/p4jV2T-4sD","jetpack_likes_enabled":true,"jetpack-related-posts":[{"id":3375,"url":"http:\/\/www.robertosedda.it\/?p=3375","url_meta":{"origin":17151,"position":0},"title":"Belle facce ecumeniche","author":"Rufus","date":"02\/06\/2013","format":"gallery","excerpt":"Sabato 1\u00b0 giugno, alla Comunit\u00e0 \"La collina\" di Serdiana ho partecipato, con gli altri amici del gruppo \"La Pira\", a un incontro ecumenico promosso dal GEL, il gruppo ecumenico di lavoro. L'obiettivo era quello di darsi un momento di confronto diverso da quelli puramente organizzativi finalizzati a preparare questa o\u2026","rel":"","context":"In &quot;Coordinate&quot;","block_context":{"text":"Coordinate","link":"http:\/\/www.robertosedda.it\/?cat=52"},"img":{"alt_text":"","src":"https:\/\/i0.wp.com\/www.robertosedda.it\/wp-content\/uploads\/2013\/06\/2013-06-01-20.52.04.jpg?resize=350%2C200","width":350,"height":200},"classes":[]},{"id":8597,"url":"http:\/\/www.robertosedda.it\/?p=8597","url_meta":{"origin":17151,"position":1},"title":"Foto infernali di studenti sprovveduti. O forse no&#8230;","author":"Rufus","date":"07\/10\/2014","format":false,"excerpt":"Da quest'anno non \u00e8 pi\u00f9 necessario, per i nostri studenti, presentare due foto formato tessera insieme con la domanda di immatricolazione. Ci siamo evoluti: la foto viene caricata dallo studente direttamente nella sua area riservata e da l\u00ec inserita automaticamente sul suo\u00a0badge, che sostituir\u00e0 il vecchio libretto. Ai primi avvisi\u2026","rel":"","context":"In &quot;Coordinate&quot;","block_context":{"text":"Coordinate","link":"http:\/\/www.robertosedda.it\/?cat=52"},"img":{"alt_text":"","src":"https:\/\/i0.wp.com\/www.robertosedda.it\/wp-content\/uploads\/2013\/10\/Rufus-clown.jpg?fit=604%2C415&resize=350%2C200","width":350,"height":200},"classes":[]},{"id":4762,"url":"http:\/\/www.robertosedda.it\/?p=4762","url_meta":{"origin":17151,"position":2},"title":"Una giornata in Facolt\u00e0","author":"Rufus","date":"23\/10\/2013","format":false,"excerpt":"Stamattina mi sono preso un giorno di ferie per una gita dal medico di famiglia e una sessione di tortura con la dietologa. Terminato il tutto erano appena le dieci e ho deciso di usare la mattinata rimanente per sbrigare un po' di cose all'Universit\u00e0 (sapete, no, che mi sono\u2026","rel":"","context":"In &quot;Coordinate&quot;","block_context":{"text":"Coordinate","link":"http:\/\/www.robertosedda.it\/?cat=52"},"img":{"alt_text":"","src":"","width":0,"height":0},"classes":[]},{"id":752,"url":"http:\/\/www.robertosedda.it\/?p=752","url_meta":{"origin":17151,"position":3},"title":"Destinazione Sardegna","author":"Rufus","date":"24\/08\/2012","format":false,"excerpt":"La destinazione \u00e8 uno strano film. Superficialmente, la trama non \u00e8 particolarmente originale: Emilio Todeschini, riminese (interpretato da Roberto Magnani, un ragazzo che pare il clone di Valentino Rossi), dovendo fare il servizio di leva, sceglie di fare il carabiniere, per avere una paga un po' pi\u00f9 alta e vedere\/fare\u2026","rel":"","context":"In &quot;Coordinate&quot;","block_context":{"text":"Coordinate","link":"http:\/\/www.robertosedda.it\/?cat=52"},"img":{"alt_text":"","src":"https:\/\/i0.wp.com\/www.robertosedda.it\/wp-content\/uploads\/2012\/08\/ballorecc-206x300.jpg?resize=350%2C200","width":350,"height":200},"classes":[]},{"id":232,"url":"http:\/\/www.robertosedda.it\/?p=232","url_meta":{"origin":17151,"position":4},"title":"Fra Dashiell Hammett e la Rowlings&#8230;","author":"Rufus","date":"21\/08\/2012","format":false,"excerpt":"... potrebbe esserci un ipotetico punto di equilibrio. Si potrebbe scrivere, cio\u00e8, un romanzo in cui un detective un po' spiegazzato dalle vicende della vita, cinico e solitario, si aggira per la giungla d'asfalto, fra poliziotti tosti, criminali di mezza tacca, gangster pericolosi, biscazzieri e donne fatali, e risolve casi\u2026","rel":"","context":"In &quot;Coordinate&quot;","block_context":{"text":"Coordinate","link":"http:\/\/www.robertosedda.it\/?cat=52"},"img":{"alt_text":"","src":"https:\/\/i0.wp.com\/www.robertosedda.it\/wp-content\/uploads\/2012\/08\/Dresden-Files-Book-1-Storm-Front-Jim-Butcher-Orbit.jpg?fit=265%2C438&resize=350%2C200","width":350,"height":200},"classes":[]},{"id":20439,"url":"http:\/\/www.robertosedda.it\/?p=20439","url_meta":{"origin":17151,"position":5},"title":"Intorno al politicamente corretto","author":"Rufus","date":"13\/12\/2023","format":false,"excerpt":"Ho visto l'altro giorno su Twitter - e questo dimostra che Twitter serve ancora a qualcosa - la segnalazione di una bella intervista di Alessandro Lolli a Raffaele Alberto Ventura, formalmente sul politicamente corretto ma in realt\u00e0, direi, sui limiti della libert\u00e0 di espressione in tempi di guerra civile permanente\u2026","rel":"","context":"In &quot;Coordinate&quot;","block_context":{"text":"Coordinate","link":"http:\/\/www.robertosedda.it\/?cat=52"},"img":{"alt_text":"","src":"https:\/\/i0.wp.com\/www.robertosedda.it\/wp-content\/uploads\/2023\/12\/Raffaele-Alberto-Ventura-1.jpg?fit=933%2C468&resize=350%2C200","width":350,"height":200,"srcset":"https:\/\/i0.wp.com\/www.robertosedda.it\/wp-content\/uploads\/2023\/12\/Raffaele-Alberto-Ventura-1.jpg?fit=933%2C468&resize=350%2C200 1x, https:\/\/i0.wp.com\/www.robertosedda.it\/wp-content\/uploads\/2023\/12\/Raffaele-Alberto-Ventura-1.jpg?fit=933%2C468&resize=700%2C400 2x"},"classes":[]}],"_links":{"self":[{"href":"http:\/\/www.robertosedda.it\/index.php?rest_route=\/wp\/v2\/posts\/17151"}],"collection":[{"href":"http:\/\/www.robertosedda.it\/index.php?rest_route=\/wp\/v2\/posts"}],"about":[{"href":"http:\/\/www.robertosedda.it\/index.php?rest_route=\/wp\/v2\/types\/post"}],"author":[{"embeddable":true,"href":"http:\/\/www.robertosedda.it\/index.php?rest_route=\/wp\/v2\/users\/1"}],"replies":[{"embeddable":true,"href":"http:\/\/www.robertosedda.it\/index.php?rest_route=%2Fwp%2Fv2%2Fcomments&post=17151"}],"version-history":[{"count":2,"href":"http:\/\/www.robertosedda.it\/index.php?rest_route=\/wp\/v2\/posts\/17151\/revisions"}],"predecessor-version":[{"id":17156,"href":"http:\/\/www.robertosedda.it\/index.php?rest_route=\/wp\/v2\/posts\/17151\/revisions\/17156"}],"wp:featuredmedia":[{"embeddable":true,"href":"http:\/\/www.robertosedda.it\/index.php?rest_route=\/wp\/v2\/media\/17152"}],"wp:attachment":[{"href":"http:\/\/www.robertosedda.it\/index.php?rest_route=%2Fwp%2Fv2%2Fmedia&parent=17151"}],"wp:term":[{"taxonomy":"category","embeddable":true,"href":"http:\/\/www.robertosedda.it\/index.php?rest_route=%2Fwp%2Fv2%2Fcategories&post=17151"},{"taxonomy":"post_tag","embeddable":true,"href":"http:\/\/www.robertosedda.it\/index.php?rest_route=%2Fwp%2Fv2%2Ftags&post=17151"}],"curies":[{"name":"wp","href":"https:\/\/api.w.org\/{rel}","templated":true}]}}