{"id":17133,"date":"2019-09-03T10:00:57","date_gmt":"2019-09-03T08:00:57","guid":{"rendered":"http:\/\/www.robertosedda.it\/?p=17133"},"modified":"2019-09-03T10:19:52","modified_gmt":"2019-09-03T08:19:52","slug":"alloglossie","status":"publish","type":"post","link":"http:\/\/www.robertosedda.it\/?p=17133","title":{"rendered":"Alloglossie"},"content":{"rendered":"\n<p>Ammetterete che il titolo di questa segnalazione migliora il <em>record <\/em>precedente di utilizzo di parola complicata come titolo su questo <em>blog<\/em>.<\/p>\n\n\n\n<div class=\"wp-block-image\"><figure class=\"alignleft\"><img data-attachment-id=\"17139\" data-permalink=\"http:\/\/www.robertosedda.it\/?attachment_id=17139\" data-orig-file=\"https:\/\/i0.wp.com\/www.robertosedda.it\/wp-content\/uploads\/2019\/09\/Treccani.jpg?fit=200%2C200\" data-orig-size=\"200,200\" data-comments-opened=\"1\" data-image-meta=\"{&quot;aperture&quot;:&quot;0&quot;,&quot;credit&quot;:&quot;&quot;,&quot;camera&quot;:&quot;&quot;,&quot;caption&quot;:&quot;&quot;,&quot;created_timestamp&quot;:&quot;0&quot;,&quot;copyright&quot;:&quot;&quot;,&quot;focal_length&quot;:&quot;0&quot;,&quot;iso&quot;:&quot;0&quot;,&quot;shutter_speed&quot;:&quot;0&quot;,&quot;title&quot;:&quot;&quot;,&quot;orientation&quot;:&quot;0&quot;}\" data-image-title=\"Treccani\" data-image-description=\"\" data-image-caption=\"\" data-medium-file=\"https:\/\/i0.wp.com\/www.robertosedda.it\/wp-content\/uploads\/2019\/09\/Treccani.jpg?fit=200%2C200\" data-large-file=\"https:\/\/i0.wp.com\/www.robertosedda.it\/wp-content\/uploads\/2019\/09\/Treccani.jpg?fit=200%2C200\" decoding=\"async\" loading=\"lazy\" width=\"200\" height=\"200\" src=\"https:\/\/i0.wp.com\/www.robertosedda.it\/wp-content\/uploads\/2019\/09\/Treccani.jpg?resize=200%2C200\" alt=\"\" class=\"wp-image-17139\" srcset=\"https:\/\/i0.wp.com\/www.robertosedda.it\/wp-content\/uploads\/2019\/09\/Treccani.jpg?w=200 200w, https:\/\/i0.wp.com\/www.robertosedda.it\/wp-content\/uploads\/2019\/09\/Treccani.jpg?resize=150%2C150 150w\" sizes=\"(max-width: 200px) 100vw, 200px\" data-recalc-dims=\"1\" \/><\/figure><\/div>\n\n\n\n<p>Il fatto \u00e8 che scopro ora che la <em>Treccani<\/em> ha ospitato per un annetto (da maggio 2018 a settembre 2019) una interessantissima serie di articoli sulla situazione linguistica delle comunit\u00e0 alloglotte italiane, <em>Lingue sotto il tetto d&#8217;Italia. Le minoranze alloglotte da Bolzano a Carloforte<\/em>. \u00c8 una lettura molto interessante e, siccome mi sono accorto che da nessuna parte c&#8217;era negli articoli un <em>link<\/em> che rimandasse alla serie completa, essendo il vostro servizievole Rufus di quartiere ve la fornisco qui sotto.<\/p>\n\n\n\n<p>Parentesi: tempo fa mi ero detto con rincrescimento che sarebbe servito, in Italia, un lavoro di divulgazione sulla lingua simile a<a href=\"http:\/\/www.robertosedda.it\/?p=13632\"> quello che fanno a Oxford per l&#8217;inglese<\/a> e che l&#8217;Accademia della Crusca, persa fra <em>petaloso<\/em>, congiuntivi e direttore invece che direttrici, non fa. Scopro (colpevolmente solo) ora che la <a href=\"http:\/\/www.treccani.it\/magazine\/lingua_italiana\/\">sezione di lingua italiana<\/a> del magazine della <em>Treccani <\/em>lo fa pi\u00f9 che discretamente: manca l&#8217;umorismo <em>british<\/em>, ma non tutto si pu\u00f2 avere.<\/p>\n\n\n\n<h3> Lingue sotto il tetto d&#8217;Italia. Le minoranze alloglotte da Bolzano a Carloforte <\/h3>\n\n\n\n<ol><li><a href=\"http:\/\/www.treccani.it\/magazine\/lingua_italiana\/articoli\/scritto_e_parlato\/Toso1.html\">Introduzione<\/a><\/li><li><a href=\"http:\/\/www.treccani.it\/magazine\/lingua_italiana\/articoli\/scritto_e_parlato\/Toso2.html\">Il francese e francoprovenzale<\/a><\/li><li><a href=\"http:\/\/www.treccani.it\/magazine\/lingua_italiana\/articoli\/scritto_e_parlato\/Toso3.html\">Alto Adige \u2013 S\u00fcdtirol (Sudtirolo)<\/a><\/li><li><a href=\"http:\/\/www.treccani.it\/magazine\/lingua_italiana\/articoli\/scritto_e_parlato\/Toso4.html\">Lo sloveno<\/a><\/li><li><a href=\"http:\/\/www.treccani.it\/magazine\/lingua_italiana\/articoli\/scritto_e_parlato\/Toso5.html\">L&#8217;occitano cisalpino<\/a><\/li><li><a href=\"http:\/\/www.treccani.it\/magazine\/lingua_italiana\/articoli\/scritto_e_parlato\/Toso6.html\">Il friulano<\/a><\/li><li><a href=\"http:\/\/www.treccani.it\/magazine\/lingua_italiana\/articoli\/scritto_e_parlato\/Toso7.html\">I ladini delle Dolomiti<\/a><\/li><li><a href=\"http:\/\/www.treccani.it\/magazine\/lingua_italiana\/articoli\/scritto_e_parlato\/Toso8.html\">Il sardo<\/a><\/li><li><a href=\"http:\/\/www.treccani.it\/magazine\/lingua_italiana\/articoli\/scritto_e_parlato\/Toso9.html\">Il catalano di Alghero<\/a><\/li><li><a href=\"http:\/\/www.treccani.it\/magazine\/lingua_italiana\/articoli\/scritto_e_parlato\/Toso10.html\">Le isole linguistiche germanofone minori<\/a><\/li><li><a href=\"http:\/\/www.treccani.it\/magazine\/lingua_italiana\/articoli\/scritto_e_parlato\/Toso11.html\">La minoranza linguistica italo-albanese (arb\u00ebreshe)<\/a><\/li><li><a href=\"http:\/\/www.treccani.it\/magazine\/lingua_italiana\/articoli\/scritto_e_parlato\/Toso12.html\">Le isole grecofone in Calabria e in Puglia<\/a><\/li><li><a href=\"http:\/\/www.treccani.it\/magazine\/lingua_italiana\/articoli\/scritto_e_parlato\/Toso13.html\">Gli slavi del Molise<\/a><\/li><li><a href=\"http:\/\/www.treccani.it\/magazine\/lingua_italiana\/articoli\/scritto_e_parlato\/Toso14.html\">Le colonie linguistiche galloromanze di Guardia Piemontese, Faeto e Celle San Vito<\/a><\/li><li><a href=\"http:\/\/www.treccani.it\/magazine\/lingua_italiana\/articoli\/scritto_e_parlato\/Toso15.html\">Il Romanes<\/a><\/li><li><a href=\"http:\/\/www.treccani.it\/magazine\/lingua_italiana\/articoli\/scritto_e_parlato\/Toso16.html\">Il tabarchino della Sardegna e altri casi di minoranze discriminate<\/a><\/li><li><a href=\"http:\/\/www.treccani.it\/magazine\/lingua_italiana\/articoli\/scritto_e_parlato\/Toso17.html\">Conclusioni<\/a><\/li><\/ol>\n","protected":false},"excerpt":{"rendered":"<p>Ammetterete che il titolo di questa segnalazione migliora il record precedente di utilizzo di parola complicata come titolo su questo<\/p>\n","protected":false},"author":1,"featured_media":17139,"comment_status":"open","ping_status":"open","sticky":false,"template":"","format":"standard","meta":{"_mi_skip_tracking":false,"_monsterinsights_sitenote_active":false,"_monsterinsights_sitenote_note":"","_monsterinsights_sitenote_category":0,"jetpack_post_was_ever_published":false,"_jetpack_newsletter_access":"","jetpack_publicize_message":"","jetpack_is_tweetstorm":false,"jetpack_publicize_feature_enabled":true,"jetpack_social_post_already_shared":false,"jetpack_social_options":{"image_generator_settings":{"template":"highway","enabled":false}}},"categories":[97,52,57,95,16],"tags":[],"jetpack_publicize_connections":[],"jetpack_featured_media_url":"https:\/\/i0.wp.com\/www.robertosedda.it\/wp-content\/uploads\/2019\/09\/Treccani.jpg?fit=200%2C200","jetpack_sharing_enabled":true,"jetpack_shortlink":"https:\/\/wp.me\/p4jV2T-4sl","jetpack_likes_enabled":true,"jetpack-related-posts":[{"id":19273,"url":"http:\/\/www.robertosedda.it\/?p=19273","url_meta":{"origin":17133,"position":0},"title":"Capirci qualcosa","author":"Rufus","date":"14\/03\/2022","format":false,"excerpt":"Segnalo due attivit\u00e0 di formazione organizzate da due Facolt\u00e0 diverse dell'Universit\u00e0 di Cagliari e aperte al pubblico. EDIT: nel frattempo le iniziative sono diventate tre e quindi ho aggiunto l'ultima in fondo alla pagina. La prima si svolger\u00e0 domani 15 marzo, alle ore 12, come vedete dalla locandina qui sotto,\u2026","rel":"","context":"In &quot;Coordinate&quot;","block_context":{"text":"Coordinate","link":"http:\/\/www.robertosedda.it\/?cat=52"},"img":{"alt_text":"","src":"https:\/\/i0.wp.com\/www.robertosedda.it\/wp-content\/uploads\/2022\/03\/Ucraina-2.jpg?fit=1200%2C687&resize=350%2C200","width":350,"height":200,"srcset":"https:\/\/i0.wp.com\/www.robertosedda.it\/wp-content\/uploads\/2022\/03\/Ucraina-2.jpg?fit=1200%2C687&resize=350%2C200 1x, https:\/\/i0.wp.com\/www.robertosedda.it\/wp-content\/uploads\/2022\/03\/Ucraina-2.jpg?fit=1200%2C687&resize=700%2C400 2x, https:\/\/i0.wp.com\/www.robertosedda.it\/wp-content\/uploads\/2022\/03\/Ucraina-2.jpg?fit=1200%2C687&resize=1050%2C600 3x"},"classes":[]},{"id":17185,"url":"http:\/\/www.robertosedda.it\/?p=17185","url_meta":{"origin":17133,"position":1},"title":"Oltre il confine","author":"Rufus","date":"06\/09\/2019","format":false,"excerpt":"Volevo segnalare da un po' che il sito di notizie Ozy ha in corso una serie interessante di articoli dal titolo Beyond the border e dedicato a storie che riguardano i migranti appunto \"oltre il confine\", cio\u00e8 nei loro paesi di origine (con tipico egocentrismo americano, stanno nella categoria dei\u2026","rel":"","context":"In &quot;Coordinate&quot;","block_context":{"text":"Coordinate","link":"http:\/\/www.robertosedda.it\/?cat=52"},"img":{"alt_text":"","src":"https:\/\/i0.wp.com\/www.robertosedda.it\/wp-content\/uploads\/2019\/09\/Beyond-the-border.jpg?fit=1200%2C675&resize=350%2C200","width":350,"height":200,"srcset":"https:\/\/i0.wp.com\/www.robertosedda.it\/wp-content\/uploads\/2019\/09\/Beyond-the-border.jpg?fit=1200%2C675&resize=350%2C200 1x, https:\/\/i0.wp.com\/www.robertosedda.it\/wp-content\/uploads\/2019\/09\/Beyond-the-border.jpg?fit=1200%2C675&resize=700%2C400 2x, https:\/\/i0.wp.com\/www.robertosedda.it\/wp-content\/uploads\/2019\/09\/Beyond-the-border.jpg?fit=1200%2C675&resize=1050%2C600 3x"},"classes":[]},{"id":11869,"url":"http:\/\/www.robertosedda.it\/?p=11869","url_meta":{"origin":17133,"position":2},"title":"REBLOG: Il volto oscuro delle startup","author":"Rufus","date":"22\/04\/2016","format":"link","excerpt":"Su Internazionale la recensione\u00a0davvero interessante (con titolo davvero ingannevole) di un libro che\u00a0fa a pezzettini l'ambiente delle piccole societ\u00e0 molto innovative, oh quanto innovative. L'ha scritto uno degli autori della serie\u00a0Silicon Valley, che dalle sue disavventure lavorative personali in una start up\u00a0si allarga a una serie di temi scomodi: \u00abChe\u2026","rel":"","context":"In &quot;Segnalazioni&quot;","block_context":{"text":"Segnalazioni","link":"http:\/\/www.robertosedda.it\/?cat=95"},"img":{"alt_text":"","src":"","width":0,"height":0},"classes":[]},{"id":16204,"url":"http:\/\/www.robertosedda.it\/?p=16204","url_meta":{"origin":17133,"position":3},"title":"Leggere e guardare liberamente","author":"Rufus","date":"31\/01\/2019","format":false,"excerpt":"La conoscenza spezza le catene della schiavit\u00f9 Raccolgo qui due segnalazioni legate entrambe al fatto che con il nuovo anno una serie di opere letterarie e cinematografiche statunitensi sono diventate di libera circolazione dal 2019: quest'anno entrano in libera circolazione le opere del 1923 (la normativa sul diritto d'autore \u00e8\u2026","rel":"","context":"In &quot;Segnalazioni&quot;","block_context":{"text":"Segnalazioni","link":"http:\/\/www.robertosedda.it\/?cat=95"},"img":{"alt_text":"","src":"https:\/\/i0.wp.com\/www.robertosedda.it\/wp-content\/uploads\/2019\/01\/Chains.jpg?fit=434%2C606&resize=350%2C200","width":350,"height":200},"classes":[]},{"id":18157,"url":"http:\/\/www.robertosedda.it\/?p=18157","url_meta":{"origin":17133,"position":4},"title":"Madame Tutli-Putli e i suoi amichetti canadesi","author":"Rufus","date":"03\/07\/2020","format":"video","excerpt":"Fra le varie cose che mi sono segnato durante quesi mesi perch\u00e9 potevano venire bene per il blog c'era anche la segnalazione di Nicola Barnaba, IACiner di vecchio corso, del canale YouTube dell'NFB, l'istituto cinematografico canadese. La segnalazione, in realt\u00e0, doveva riguardare una lista di cortometraggi di animazione canadesi vincitori\u2026","rel":"","context":"In &quot;Coordinate&quot;","block_context":{"text":"Coordinate","link":"http:\/\/www.robertosedda.it\/?cat=52"},"img":{"alt_text":"","src":"https:\/\/i0.wp.com\/www.robertosedda.it\/wp-content\/uploads\/2020\/07\/Screenshot_2020-07-03-Madame-Tutli-Putli-e-i-suoi-amichetti-canadesi.png?fit=770%2C433&resize=350%2C200","width":350,"height":200,"srcset":"https:\/\/i0.wp.com\/www.robertosedda.it\/wp-content\/uploads\/2020\/07\/Screenshot_2020-07-03-Madame-Tutli-Putli-e-i-suoi-amichetti-canadesi.png?fit=770%2C433&resize=350%2C200 1x, https:\/\/i0.wp.com\/www.robertosedda.it\/wp-content\/uploads\/2020\/07\/Screenshot_2020-07-03-Madame-Tutli-Putli-e-i-suoi-amichetti-canadesi.png?fit=770%2C433&resize=700%2C400 2x"},"classes":[]},{"id":17257,"url":"http:\/\/www.robertosedda.it\/?p=17257","url_meta":{"origin":17133,"position":5},"title":"Certezze che svaniscono. O anche no","author":"Rufus","date":"17\/09\/2019","format":false,"excerpt":"Trovo sul Post un articolo grazioso che nel titolo sembra mettere in crisi uno degli assiomi della mia vita familiare, cio\u00e8 che sia meglio togliersi le scarpe quando si entra in casa. Pericolosi strumenti di inquinamento. O no? In realt\u00e0 l'articolo in fondo in fondo dice altro, quindi in realt\u00e0\u2026","rel":"","context":"In &quot;Coordinate&quot;","block_context":{"text":"Coordinate","link":"http:\/\/www.robertosedda.it\/?cat=52"},"img":{"alt_text":"","src":"https:\/\/i0.wp.com\/www.robertosedda.it\/wp-content\/uploads\/2019\/09\/Scarpe.jpg?fit=1200%2C900&resize=350%2C200","width":350,"height":200,"srcset":"https:\/\/i0.wp.com\/www.robertosedda.it\/wp-content\/uploads\/2019\/09\/Scarpe.jpg?fit=1200%2C900&resize=350%2C200 1x, https:\/\/i0.wp.com\/www.robertosedda.it\/wp-content\/uploads\/2019\/09\/Scarpe.jpg?fit=1200%2C900&resize=700%2C400 2x, https:\/\/i0.wp.com\/www.robertosedda.it\/wp-content\/uploads\/2019\/09\/Scarpe.jpg?fit=1200%2C900&resize=1050%2C600 3x"},"classes":[]}],"_links":{"self":[{"href":"http:\/\/www.robertosedda.it\/index.php?rest_route=\/wp\/v2\/posts\/17133"}],"collection":[{"href":"http:\/\/www.robertosedda.it\/index.php?rest_route=\/wp\/v2\/posts"}],"about":[{"href":"http:\/\/www.robertosedda.it\/index.php?rest_route=\/wp\/v2\/types\/post"}],"author":[{"embeddable":true,"href":"http:\/\/www.robertosedda.it\/index.php?rest_route=\/wp\/v2\/users\/1"}],"replies":[{"embeddable":true,"href":"http:\/\/www.robertosedda.it\/index.php?rest_route=%2Fwp%2Fv2%2Fcomments&post=17133"}],"version-history":[{"count":6,"href":"http:\/\/www.robertosedda.it\/index.php?rest_route=\/wp\/v2\/posts\/17133\/revisions"}],"predecessor-version":[{"id":17140,"href":"http:\/\/www.robertosedda.it\/index.php?rest_route=\/wp\/v2\/posts\/17133\/revisions\/17140"}],"wp:featuredmedia":[{"embeddable":true,"href":"http:\/\/www.robertosedda.it\/index.php?rest_route=\/wp\/v2\/media\/17139"}],"wp:attachment":[{"href":"http:\/\/www.robertosedda.it\/index.php?rest_route=%2Fwp%2Fv2%2Fmedia&parent=17133"}],"wp:term":[{"taxonomy":"category","embeddable":true,"href":"http:\/\/www.robertosedda.it\/index.php?rest_route=%2Fwp%2Fv2%2Fcategories&post=17133"},{"taxonomy":"post_tag","embeddable":true,"href":"http:\/\/www.robertosedda.it\/index.php?rest_route=%2Fwp%2Fv2%2Ftags&post=17133"}],"curies":[{"name":"wp","href":"https:\/\/api.w.org\/{rel}","templated":true}]}}