{"id":17113,"date":"2019-08-31T10:00:07","date_gmt":"2019-08-31T08:00:07","guid":{"rendered":"http:\/\/www.robertosedda.it\/?p=17113"},"modified":"2019-09-02T11:51:02","modified_gmt":"2019-09-02T09:51:02","slug":"beati-loro","status":"publish","type":"post","link":"http:\/\/www.robertosedda.it\/?p=17113","title":{"rendered":"Beati loro"},"content":{"rendered":"\n<p>Ho molta invidia per quelli, come il mio amico Mauro Scalco, che  <br \/>sono esperti di <em>bird watching<\/em> e fanno bellissime foto di uccelli, cose che io ormai nella vita temo non riuscir\u00f2 mai a fare.<\/p>\n\n\n\n<p>Con un senso di invidia ancora pi\u00f9 grande ho letto il <a href=\"https:\/\/mymodernmet.com\/bird-photographer-of-the-year-2019\/\">servizio di <\/a><em><a href=\"https:\/\/mymodernmet.com\/bird-photographer-of-the-year-2019\/\">My Modern Met<\/a><\/em> dedicato ai vincitori del concorso fotografico del 2019 dedicato appunto agli uccelli.<\/p>\n\n\n\n<figure class=\"wp-block-image alignwide\"><img data-attachment-id=\"17114\" data-permalink=\"http:\/\/www.robertosedda.it\/?attachment_id=17114\" data-orig-file=\"https:\/\/i0.wp.com\/www.robertosedda.it\/wp-content\/uploads\/2019\/09\/Pellicano-europeo.jpg?fit=1200%2C750\" data-orig-size=\"1200,750\" data-comments-opened=\"1\" data-image-meta=\"{&quot;aperture&quot;:&quot;0&quot;,&quot;credit&quot;:&quot;&quot;,&quot;camera&quot;:&quot;&quot;,&quot;caption&quot;:&quot;&quot;,&quot;created_timestamp&quot;:&quot;0&quot;,&quot;copyright&quot;:&quot;&quot;,&quot;focal_length&quot;:&quot;0&quot;,&quot;iso&quot;:&quot;0&quot;,&quot;shutter_speed&quot;:&quot;0&quot;,&quot;title&quot;:&quot;&quot;,&quot;orientation&quot;:&quot;0&quot;}\" data-image-title=\"Pellicano europeo\" data-image-description=\"\" data-image-caption=\"\" data-medium-file=\"https:\/\/i0.wp.com\/www.robertosedda.it\/wp-content\/uploads\/2019\/09\/Pellicano-europeo.jpg?fit=300%2C188\" data-large-file=\"https:\/\/i0.wp.com\/www.robertosedda.it\/wp-content\/uploads\/2019\/09\/Pellicano-europeo.jpg?fit=510%2C319\" decoding=\"async\" loading=\"lazy\" width=\"510\" height=\"319\" src=\"https:\/\/i0.wp.com\/www.robertosedda.it\/wp-content\/uploads\/2019\/09\/Pellicano-europeo-510x319.jpg?resize=510%2C319\" alt=\"\" class=\"wp-image-17114\" srcset=\"https:\/\/i0.wp.com\/www.robertosedda.it\/wp-content\/uploads\/2019\/09\/Pellicano-europeo.jpg?resize=510%2C319 510w, https:\/\/i0.wp.com\/www.robertosedda.it\/wp-content\/uploads\/2019\/09\/Pellicano-europeo.jpg?resize=150%2C94 150w, https:\/\/i0.wp.com\/www.robertosedda.it\/wp-content\/uploads\/2019\/09\/Pellicano-europeo.jpg?resize=300%2C188 300w, https:\/\/i0.wp.com\/www.robertosedda.it\/wp-content\/uploads\/2019\/09\/Pellicano-europeo.jpg?w=1200 1200w\" sizes=\"(max-width: 510px) 100vw, 510px\" data-recalc-dims=\"1\" \/><\/figure>\n\n\n\n<p>E insomma, ci sono dentro foto che davvero noi umani. Guardandolo mi sono molto divertito, ma l&#8217;invidia, mamma mia l&#8217;invidia.<\/p>\n","protected":false},"excerpt":{"rendered":"<p>Ho molta invidia per quelli, come il mio amico Mauro Scalco, che sono esperti di bird watching e fanno bellissime<\/p>\n","protected":false},"author":1,"featured_media":17114,"comment_status":"open","ping_status":"open","sticky":false,"template":"","format":"standard","meta":{"_mi_skip_tracking":false,"_monsterinsights_sitenote_active":false,"_monsterinsights_sitenote_note":"","_monsterinsights_sitenote_category":0,"jetpack_post_was_ever_published":false,"_jetpack_newsletter_access":"","jetpack_publicize_message":"","jetpack_is_tweetstorm":false,"jetpack_publicize_feature_enabled":true,"jetpack_social_post_already_shared":false,"jetpack_social_options":{"image_generator_settings":{"template":"highway","enabled":false}}},"categories":[52,55,77,95,16],"tags":[],"jetpack_publicize_connections":[],"jetpack_featured_media_url":"https:\/\/i0.wp.com\/www.robertosedda.it\/wp-content\/uploads\/2019\/09\/Pellicano-europeo.jpg?fit=1200%2C750","jetpack_sharing_enabled":true,"jetpack_shortlink":"https:\/\/wp.me\/p4jV2T-4s1","jetpack_likes_enabled":true,"jetpack-related-posts":[{"id":1727,"url":"http:\/\/www.robertosedda.it\/?p=1727","url_meta":{"origin":17113,"position":0},"title":"Belle foto della Sardegna","author":"Rufus","date":"19\/12\/2012","format":"image","excerpt":"Mio cognato Alberto, maledetto toscano, ha la passione per la fotografia e ottiene risultati mi sembra non disprezzabili, a parte coi fenicotteri (ma questa \u00e8 un'altra storia e sar\u00e0 raccontata un'altra volta). \u00c8 anche l'autore di alcune delle foto che compaiono in testata - quelle pi\u00f9 belle, le altre sono\u2026","rel":"","context":"In &quot;Coordinate&quot;","block_context":{"text":"Coordinate","link":"http:\/\/www.robertosedda.it\/?cat=52"},"img":{"alt_text":"Poster","src":"https:\/\/i0.wp.com\/www.robertosedda.it\/wp-content\/uploads\/2012\/12\/Temporary-Poster-5-1024x722.jpg?resize=350%2C200","width":350,"height":200,"srcset":"https:\/\/i0.wp.com\/www.robertosedda.it\/wp-content\/uploads\/2012\/12\/Temporary-Poster-5-1024x722.jpg?resize=350%2C200 1x, https:\/\/i0.wp.com\/www.robertosedda.it\/wp-content\/uploads\/2012\/12\/Temporary-Poster-5-1024x722.jpg?resize=700%2C400 2x"},"classes":[]},{"id":7055,"url":"http:\/\/www.robertosedda.it\/?p=7055","url_meta":{"origin":17113,"position":1},"title":"La Pasquetta del gruppo La Pira","author":"Rufus","date":"22\/04\/2014","format":"gallery","excerpt":"Questo articolo non ha altro scopo che quello di farvi provare invidia e indurvi, d'altra pare, a percorrere il sentiero paesaggistico della Sella del Diavolo, come abbiamo fatto noi, perch\u00e9 \u00e8 davvero bellissimo.","rel":"","context":"In &quot;Coordinate&quot;","block_context":{"text":"Coordinate","link":"http:\/\/www.robertosedda.it\/?cat=52"},"img":{"alt_text":"","src":"https:\/\/i0.wp.com\/www.robertosedda.it\/wp-content\/uploads\/2014\/04\/Alberto-Arca.jpg?resize=350%2C200","width":350,"height":200},"classes":[]},{"id":14613,"url":"http:\/\/www.robertosedda.it\/?p=14613","url_meta":{"origin":17113,"position":2},"title":"Sotto l&#8217;occhio dei media!","author":"Rufus","date":"01\/02\/2018","format":false,"excerpt":"Stasera, gioved\u00ec 1 febbraio, si parla di\u00a0Jam e videogamei a\u00a0Extralive!, la striscia quotidiana serale di\u00a0RadioX, sui 96,8 di modulazione di frequenza. Ci saranno i compagni\u00a0Fabbricastorie e alcuni partecipanti alla\u00a0Jam. E domani venerd\u00ec 2 febbraio si replica in TV a\u00a0Buongiorno Regione, la rubrica mattutina di\u00a0RAI3; questa volta fra i\u00a0Fabbricastorie ci sar\u00f2\u2026","rel":"","context":"In &quot;Coordinate&quot;","block_context":{"text":"Coordinate","link":"http:\/\/www.robertosedda.it\/?cat=52"},"img":{"alt_text":"","src":"https:\/\/i0.wp.com\/www.robertosedda.it\/wp-content\/uploads\/2018\/02\/Bungiorno-Regione.jpg?fit=637%2C340&resize=350%2C200","width":350,"height":200},"classes":[]},{"id":10196,"url":"http:\/\/www.robertosedda.it\/?p=10196","url_meta":{"origin":17113,"position":3},"title":"Ho girato un video (cio\u00e8, insomma&#8230;)","author":"Rufus","date":"07\/05\/2015","format":"video","excerpt":"I Fabbricastorie\u00a0stanno collaborando a un progetto del\u00a0CNOS-FAP, l'ente di formazione dei Salesiani. La nostra collaborazione \u00e8 concentrata principalmente sulla progettazione di un gioco, il cui nome di lavoro \u00e8 per il momento\u00a0Simulandia. Uh. Quando tutto il progetto era ormai chiuso abbiamo scoperto che Simulandia \u00e8 anche il nome di un\u2026","rel":"","context":"In &quot;Coordinate&quot;","block_context":{"text":"Coordinate","link":"http:\/\/www.robertosedda.it\/?cat=52"},"img":{"alt_text":"","src":"https:\/\/i0.wp.com\/img.youtube.com\/vi\/E9K8FHgAT30\/0.jpg?resize=350%2C200","width":350,"height":200},"classes":[]},{"id":16237,"url":"http:\/\/www.robertosedda.it\/?p=16237","url_meta":{"origin":17113,"position":4},"title":"Spiegare con humour","author":"Rufus","date":"08\/02\/2019","format":false,"excerpt":"Io ho un cugino che fa il libraio. Non mi spingo a dire che \u00e8 il mio cugino preferito perch\u00e9 poi gli altri si dispiacciono e comunque io voglio bene a tutti i miei cugini, ma certo gli sono sempre stato molto affezionato perch\u00e9 fra tutta la vasta geografia della\u2026","rel":"","context":"In &quot;Coordinate&quot;","block_context":{"text":"Coordinate","link":"http:\/\/www.robertosedda.it\/?cat=52"},"img":{"alt_text":"","src":"https:\/\/i0.wp.com\/www.robertosedda.it\/wp-content\/uploads\/2019\/02\/Pascale-Koob.jpg?fit=768%2C513&resize=350%2C200","width":350,"height":200,"srcset":"https:\/\/i0.wp.com\/www.robertosedda.it\/wp-content\/uploads\/2019\/02\/Pascale-Koob.jpg?fit=768%2C513&resize=350%2C200 1x, https:\/\/i0.wp.com\/www.robertosedda.it\/wp-content\/uploads\/2019\/02\/Pascale-Koob.jpg?fit=768%2C513&resize=700%2C400 2x"},"classes":[]},{"id":9372,"url":"http:\/\/www.robertosedda.it\/?p=9372","url_meta":{"origin":17113,"position":5},"title":"Due libri su Orani","author":"Rufus","date":"12\/01\/2015","format":false,"excerpt":"Invidio molto mia mamma alla quale \u00e8 stato appena regalato\u00a0Costantino Nivola. Ritorno a Itaca di Carlo Bavagnoli. Si tratta di un bellissimo libro fotografico che si giova oltretutto del fatto che documenta un momento davvero particolare della vita della Sardegna e in particolare di Orani. Le foto di Bavagnoli, in\u2026","rel":"","context":"In &quot;Coordinate&quot;","block_context":{"text":"Coordinate","link":"http:\/\/www.robertosedda.it\/?cat=52"},"img":{"alt_text":"","src":"https:\/\/i0.wp.com\/www.robertosedda.it\/wp-content\/uploads\/2015\/01\/Bavagnoli-Nivola-5.png?fit=482%2C480&resize=350%2C200","width":350,"height":200},"classes":[]}],"_links":{"self":[{"href":"http:\/\/www.robertosedda.it\/index.php?rest_route=\/wp\/v2\/posts\/17113"}],"collection":[{"href":"http:\/\/www.robertosedda.it\/index.php?rest_route=\/wp\/v2\/posts"}],"about":[{"href":"http:\/\/www.robertosedda.it\/index.php?rest_route=\/wp\/v2\/types\/post"}],"author":[{"embeddable":true,"href":"http:\/\/www.robertosedda.it\/index.php?rest_route=\/wp\/v2\/users\/1"}],"replies":[{"embeddable":true,"href":"http:\/\/www.robertosedda.it\/index.php?rest_route=%2Fwp%2Fv2%2Fcomments&post=17113"}],"version-history":[{"count":2,"href":"http:\/\/www.robertosedda.it\/index.php?rest_route=\/wp\/v2\/posts\/17113\/revisions"}],"predecessor-version":[{"id":17116,"href":"http:\/\/www.robertosedda.it\/index.php?rest_route=\/wp\/v2\/posts\/17113\/revisions\/17116"}],"wp:featuredmedia":[{"embeddable":true,"href":"http:\/\/www.robertosedda.it\/index.php?rest_route=\/wp\/v2\/media\/17114"}],"wp:attachment":[{"href":"http:\/\/www.robertosedda.it\/index.php?rest_route=%2Fwp%2Fv2%2Fmedia&parent=17113"}],"wp:term":[{"taxonomy":"category","embeddable":true,"href":"http:\/\/www.robertosedda.it\/index.php?rest_route=%2Fwp%2Fv2%2Fcategories&post=17113"},{"taxonomy":"post_tag","embeddable":true,"href":"http:\/\/www.robertosedda.it\/index.php?rest_route=%2Fwp%2Fv2%2Ftags&post=17113"}],"curies":[{"name":"wp","href":"https:\/\/api.w.org\/{rel}","templated":true}]}}