{"id":17073,"date":"2019-08-27T10:02:27","date_gmt":"2019-08-27T08:02:27","guid":{"rendered":"http:\/\/www.robertosedda.it\/?p=17073"},"modified":"2025-08-29T15:30:43","modified_gmt":"2025-08-29T13:30:43","slug":"elite-razionaliste","status":"publish","type":"post","link":"http:\/\/www.robertosedda.it\/?p=17073","title":{"rendered":"Elite razionaliste"},"content":{"rendered":"\n<p>Non riuscivo a capire che cosa ci fosse di poco convincente nell&#8217;<a href=\"https:\/\/www.internazionale.it\/opinione\/ida-dominijanni\/2019\/08\/19\/cris-governo\">articolo di Ida Dominijanni su <\/a><em><a href=\"https:\/\/www.internazionale.it\/opinione\/ida-dominijanni\/2019\/08\/19\/cris-governo\">Internazionale<\/a><\/em> dedicato alla crisi politica, che molti dei miei contatti hanno condiviso in giro per la rete, finch\u00e9 non mi \u00e8 capitato di veder condividere l&#8217;<a href=\"https:\/\/www.stradeonline.it\/istituzioni-ed-economia\/3992-la-crisi-della-democrazia-italiana-e-la-crisi-della-razionalita-politica\">altrettanto interessante articolo di Carmelo Palma su <em>Strade<\/em><\/a>. <\/p>\n\n\n\n<figure class=\"wp-block-image alignwide\"><img data-attachment-id=\"14137\" data-permalink=\"http:\/\/www.robertosedda.it\/?attachment_id=14137\" data-orig-file=\"https:\/\/i0.wp.com\/www.robertosedda.it\/wp-content\/uploads\/2017\/09\/Gramsci-Che.jpg?fit=411%2C456\" data-orig-size=\"411,456\" data-comments-opened=\"1\" data-image-meta=\"{&quot;aperture&quot;:&quot;0&quot;,&quot;credit&quot;:&quot;&quot;,&quot;camera&quot;:&quot;&quot;,&quot;caption&quot;:&quot;&quot;,&quot;created_timestamp&quot;:&quot;0&quot;,&quot;copyright&quot;:&quot;&quot;,&quot;focal_length&quot;:&quot;0&quot;,&quot;iso&quot;:&quot;0&quot;,&quot;shutter_speed&quot;:&quot;0&quot;,&quot;title&quot;:&quot;&quot;,&quot;orientation&quot;:&quot;0&quot;}\" data-image-title=\"Gramsci Che\" data-image-description=\"\" data-image-caption=\"\" data-medium-file=\"https:\/\/i0.wp.com\/www.robertosedda.it\/wp-content\/uploads\/2017\/09\/Gramsci-Che.jpg?fit=270%2C300\" data-large-file=\"https:\/\/i0.wp.com\/www.robertosedda.it\/wp-content\/uploads\/2017\/09\/Gramsci-Che.jpg?fit=411%2C456\" decoding=\"async\" loading=\"lazy\" width=\"411\" height=\"456\" src=\"https:\/\/i0.wp.com\/www.robertosedda.it\/wp-content\/uploads\/2017\/09\/Gramsci-Che.jpg?resize=411%2C456\" alt=\"\" class=\"wp-image-14137\" srcset=\"https:\/\/i0.wp.com\/www.robertosedda.it\/wp-content\/uploads\/2017\/09\/Gramsci-Che.jpg?w=411 411w, https:\/\/i0.wp.com\/www.robertosedda.it\/wp-content\/uploads\/2017\/09\/Gramsci-Che.jpg?resize=135%2C150 135w, https:\/\/i0.wp.com\/www.robertosedda.it\/wp-content\/uploads\/2017\/09\/Gramsci-Che.jpg?resize=270%2C300 270w\" sizes=\"(max-width: 411px) 100vw, 411px\" data-recalc-dims=\"1\" \/><figcaption class=\"wp-element-caption\">E lui che avrebbe detto? Boh<\/figcaption><\/figure>\n\n\n\n<p>La convergenza fra le impostazioni culturali dei due autori, che dovrebbero essere in teoria piuttosto diverse, segnala sostanzialmente la difesa dello <em>status quo<\/em> come unico orizzonte possibile (so che entrambi gli autori protesterebbero, ma \u00e8 cos\u00ec). Emerge una incapacit\u00e0 di alzare lo sguardo, oltre la democrazia liberale, oltre la razionalit\u00e0 politica dei salotti, oltre la barriera contro i movimenti emergenti etichettati tutti sbrigativamente come sovranismi e populismi, oltre la difesa dell&#8217;alleanza atlantica, oltre l&#8217;invocazione delle lotte per i diritti civili ignorando i diritti sociali.<\/p>\n\n\n\n<p>Li accomuna essere entrambi <em>\u00e9lite<\/em>, insomma.<\/p>\n","protected":false},"excerpt":{"rendered":"<p>Non riuscivo a capire che cosa ci fosse di poco convincente nell&#8217;articolo di Ida Dominijanni su Internazionale dedicato alla crisi<\/p>\n","protected":false},"author":1,"featured_media":14137,"comment_status":"open","ping_status":"open","sticky":false,"template":"","format":"standard","meta":{"_mi_skip_tracking":false,"_monsterinsights_sitenote_active":false,"_monsterinsights_sitenote_note":"","_monsterinsights_sitenote_category":0,"jetpack_post_was_ever_published":false,"_jetpack_newsletter_access":"","jetpack_publicize_message":"","jetpack_is_tweetstorm":false,"jetpack_publicize_feature_enabled":true,"jetpack_social_post_already_shared":false,"jetpack_social_options":{"image_generator_settings":{"template":"highway","enabled":false}}},"categories":[52,57,59,95,16],"tags":[],"jetpack_publicize_connections":[],"jetpack_featured_media_url":"https:\/\/i0.wp.com\/www.robertosedda.it\/wp-content\/uploads\/2017\/09\/Gramsci-Che.jpg?fit=411%2C456","jetpack_sharing_enabled":true,"jetpack_shortlink":"https:\/\/wp.me\/p4jV2T-4rn","jetpack_likes_enabled":true,"jetpack-related-posts":[{"id":15560,"url":"http:\/\/www.robertosedda.it\/?p=15560","url_meta":{"origin":17073,"position":0},"title":"Segnalazioni: il blog di Carlo Galli","author":"Rufus","date":"03\/08\/2018","format":false,"excerpt":"Ho scoperto per caso il\u00a0blog di un ex parlamentare del PD (e poi di altre formazioni di sinistra) e, soprattutto, docente universitario e politologo che si chiama Carlo Galli. Il blog \u00e8 interessante, ma soprattutto volevo segnalare una coppia di articoli recenti che si muovono sul crinale difficilissimo di ricerca\u2026","rel":"","context":"In &quot;Coordinate&quot;","block_context":{"text":"Coordinate","link":"http:\/\/www.robertosedda.it\/?cat=52"},"img":{"alt_text":"","src":"https:\/\/i0.wp.com\/www.robertosedda.it\/wp-content\/uploads\/2018\/08\/Carlo-Galli.jpg?fit=980%2C576&resize=350%2C200","width":350,"height":200,"srcset":"https:\/\/i0.wp.com\/www.robertosedda.it\/wp-content\/uploads\/2018\/08\/Carlo-Galli.jpg?fit=980%2C576&resize=350%2C200 1x, https:\/\/i0.wp.com\/www.robertosedda.it\/wp-content\/uploads\/2018\/08\/Carlo-Galli.jpg?fit=980%2C576&resize=700%2C400 2x"},"classes":[]},{"id":20112,"url":"http:\/\/www.robertosedda.it\/?p=20112","url_meta":{"origin":17073,"position":1},"title":"Cambiare il quadro di riferimento","author":"Rufus","date":"10\/05\/2023","format":false,"excerpt":"Dato che oggi casualmente me ne sono dovuto occupare, segnalo un lungo (forse lunghissimo!) articolo del 2018 del Guardian sulla campagna BDS (Boicottaggio, Disinvestimento e Sanzioni) contro l'apartheid israeliano. L'articolo, per quanto datato, \u00e8 ricco di informazioni e soprattutto mi sembra suggerisca riflessioni su come all'interno di un conflitto la\u2026","rel":"","context":"In &quot;Coordinate&quot;","block_context":{"text":"Coordinate","link":"http:\/\/www.robertosedda.it\/?cat=52"},"img":{"alt_text":"","src":"https:\/\/i0.wp.com\/www.robertosedda.it\/wp-content\/uploads\/2023\/05\/BDS.png?fit=1200%2C320&resize=350%2C200","width":350,"height":200,"srcset":"https:\/\/i0.wp.com\/www.robertosedda.it\/wp-content\/uploads\/2023\/05\/BDS.png?fit=1200%2C320&resize=350%2C200 1x, https:\/\/i0.wp.com\/www.robertosedda.it\/wp-content\/uploads\/2023\/05\/BDS.png?fit=1200%2C320&resize=700%2C400 2x, https:\/\/i0.wp.com\/www.robertosedda.it\/wp-content\/uploads\/2023\/05\/BDS.png?fit=1200%2C320&resize=1050%2C600 3x"},"classes":[]},{"id":2593,"url":"http:\/\/www.robertosedda.it\/?p=2593","url_meta":{"origin":17073,"position":2},"title":"Ceffoni, comunicazione e Rosi Bindi","author":"Rufus","date":"18\/03\/2013","format":false,"excerpt":"Della povera Rosi Bindi Raccontando dell'Argentina mi sono espresso con una certa freddezza su Rosi Bindi. Ohim\u00e9, detto fatto. Spero che il mio articolo non mi associ alla proterva altezzosit\u00e0 di Gessica Rostellato, deputata 5 Stelle (nomen omen). Ma lascio la parola al soggetto in questione, cos\u00ec come si \u00e8\u2026","rel":"","context":"In &quot;Coordinate&quot;","block_context":{"text":"Coordinate","link":"http:\/\/www.robertosedda.it\/?cat=52"},"img":{"alt_text":"","src":"https:\/\/i0.wp.com\/www.robertosedda.it\/wp-content\/uploads\/2013\/03\/gessica-rostellato.jpg?fit=816%2C238&resize=350%2C200","width":350,"height":200,"srcset":"https:\/\/i0.wp.com\/www.robertosedda.it\/wp-content\/uploads\/2013\/03\/gessica-rostellato.jpg?fit=816%2C238&resize=350%2C200 1x, https:\/\/i0.wp.com\/www.robertosedda.it\/wp-content\/uploads\/2013\/03\/gessica-rostellato.jpg?fit=816%2C238&resize=700%2C400 2x"},"classes":[]},{"id":1754,"url":"http:\/\/www.robertosedda.it\/?p=1754","url_meta":{"origin":17073,"position":3},"title":"Don&#8217;t cry for me Argentina","author":"Rufus","date":"06\/02\/2013","format":false,"excerpt":"\u00c8 da un po' che raccolgo qualche link sulla situazione argentina, un paese a cui sono legato essendo l'unico posto al mondo fuori dell'Europa dove sono stato (per la Giornata Mondiale della Giovent\u00f9 del 1987 e... ma questa \u00e8 un'altra storia e sar\u00e0 raccontata un'altra volta) e che, per la\u2026","rel":"","context":"In &quot;Coordinate&quot;","block_context":{"text":"Coordinate","link":"http:\/\/www.robertosedda.it\/?cat=52"},"img":{"alt_text":"","src":"","width":0,"height":0},"classes":[]},{"id":15289,"url":"http:\/\/www.robertosedda.it\/?p=15289","url_meta":{"origin":17073,"position":4},"title":"Datevi al baseball. O alla politica","author":"Rufus","date":"29\/05\/2018","format":false,"excerpt":"Citazioni (non) intramontabili Una delle mie citazioni preferite di Brecht fa, pi\u00f9 o meno, Quali tempi son questi, quando un dialogo sugli alberi\u00a0\u00e8 quasi un delitto perch\u00e9 su troppe stragi comporta il silenzio! Nel caso specifico il dialogo sugli alberi era un genere di poesia bucolica, e il combattivo Bertolt\u2026","rel":"","context":"In &quot;Coordinate&quot;","block_context":{"text":"Coordinate","link":"http:\/\/www.robertosedda.it\/?cat=52"},"img":{"alt_text":"","src":"https:\/\/i0.wp.com\/www.robertosedda.it\/wp-content\/uploads\/2018\/05\/Sono-vietate-le-discussioni-politiche.jpg?fit=966%2C212&resize=350%2C200","width":350,"height":200,"srcset":"https:\/\/i0.wp.com\/www.robertosedda.it\/wp-content\/uploads\/2018\/05\/Sono-vietate-le-discussioni-politiche.jpg?fit=966%2C212&resize=350%2C200 1x, https:\/\/i0.wp.com\/www.robertosedda.it\/wp-content\/uploads\/2018\/05\/Sono-vietate-le-discussioni-politiche.jpg?fit=966%2C212&resize=700%2C400 2x"},"classes":[]},{"id":13946,"url":"http:\/\/www.robertosedda.it\/?p=13946","url_meta":{"origin":17073,"position":5},"title":"L&#8217;ecumenismo dell&#8217;odio","author":"Rufus","date":"17\/07\/2017","format":false,"excerpt":"Civilt\u00e0 Cattolica ha pubblicato nel suo ultimo numero un articolo a firma congiunta di Padre Spadaro, direttore della testata, e del pastore protestante e collaboratore della rivista Marcelo Figueroa, dal titolo\u00a0Fondamentalismo evangelicale e integralismo cattolico. Un sorprendente ecumenismo. Ok, lo dico subito: la mia prima reazione \u00e8 stata di pensare,\u2026","rel":"","context":"In &quot;Coordinate&quot;","block_context":{"text":"Coordinate","link":"http:\/\/www.robertosedda.it\/?cat=52"},"img":{"alt_text":"","src":"https:\/\/i0.wp.com\/www.robertosedda.it\/wp-content\/uploads\/2017\/07\/Civilt\u00e0-Cattolica.jpg?fit=1200%2C612&resize=350%2C200","width":350,"height":200,"srcset":"https:\/\/i0.wp.com\/www.robertosedda.it\/wp-content\/uploads\/2017\/07\/Civilt\u00e0-Cattolica.jpg?fit=1200%2C612&resize=350%2C200 1x, https:\/\/i0.wp.com\/www.robertosedda.it\/wp-content\/uploads\/2017\/07\/Civilt\u00e0-Cattolica.jpg?fit=1200%2C612&resize=700%2C400 2x, https:\/\/i0.wp.com\/www.robertosedda.it\/wp-content\/uploads\/2017\/07\/Civilt\u00e0-Cattolica.jpg?fit=1200%2C612&resize=1050%2C600 3x"},"classes":[]}],"_links":{"self":[{"href":"http:\/\/www.robertosedda.it\/index.php?rest_route=\/wp\/v2\/posts\/17073"}],"collection":[{"href":"http:\/\/www.robertosedda.it\/index.php?rest_route=\/wp\/v2\/posts"}],"about":[{"href":"http:\/\/www.robertosedda.it\/index.php?rest_route=\/wp\/v2\/types\/post"}],"author":[{"embeddable":true,"href":"http:\/\/www.robertosedda.it\/index.php?rest_route=\/wp\/v2\/users\/1"}],"replies":[{"embeddable":true,"href":"http:\/\/www.robertosedda.it\/index.php?rest_route=%2Fwp%2Fv2%2Fcomments&post=17073"}],"version-history":[{"count":3,"href":"http:\/\/www.robertosedda.it\/index.php?rest_route=\/wp\/v2\/posts\/17073\/revisions"}],"predecessor-version":[{"id":20776,"href":"http:\/\/www.robertosedda.it\/index.php?rest_route=\/wp\/v2\/posts\/17073\/revisions\/20776"}],"wp:featuredmedia":[{"embeddable":true,"href":"http:\/\/www.robertosedda.it\/index.php?rest_route=\/wp\/v2\/media\/14137"}],"wp:attachment":[{"href":"http:\/\/www.robertosedda.it\/index.php?rest_route=%2Fwp%2Fv2%2Fmedia&parent=17073"}],"wp:term":[{"taxonomy":"category","embeddable":true,"href":"http:\/\/www.robertosedda.it\/index.php?rest_route=%2Fwp%2Fv2%2Fcategories&post=17073"},{"taxonomy":"post_tag","embeddable":true,"href":"http:\/\/www.robertosedda.it\/index.php?rest_route=%2Fwp%2Fv2%2Ftags&post=17073"}],"curies":[{"name":"wp","href":"https:\/\/api.w.org\/{rel}","templated":true}]}}