{"id":17050,"date":"2019-08-23T19:37:35","date_gmt":"2019-08-23T17:37:35","guid":{"rendered":"http:\/\/www.robertosedda.it\/?p=17050"},"modified":"2021-05-12T15:49:35","modified_gmt":"2021-05-12T13:49:35","slug":"i-bambini-della-poverta","status":"publish","type":"post","link":"http:\/\/www.robertosedda.it\/?p=17050","title":{"rendered":"I bambini della povert\u00e0"},"content":{"rendered":"\n<figure class=\"wp-block-image alignwide\"><img data-attachment-id=\"17051\" data-permalink=\"http:\/\/www.robertosedda.it\/?attachment_id=17051\" data-orig-file=\"https:\/\/i0.wp.com\/www.robertosedda.it\/wp-content\/uploads\/2019\/08\/Val-Venosta.jpeg?fit=1600%2C443\" data-orig-size=\"1600,443\" data-comments-opened=\"1\" data-image-meta=\"{&quot;aperture&quot;:&quot;0&quot;,&quot;credit&quot;:&quot;&quot;,&quot;camera&quot;:&quot;&quot;,&quot;caption&quot;:&quot;&quot;,&quot;created_timestamp&quot;:&quot;0&quot;,&quot;copyright&quot;:&quot;&quot;,&quot;focal_length&quot;:&quot;0&quot;,&quot;iso&quot;:&quot;0&quot;,&quot;shutter_speed&quot;:&quot;0&quot;,&quot;title&quot;:&quot;&quot;,&quot;orientation&quot;:&quot;0&quot;}\" data-image-title=\"Val Venosta\" data-image-description=\"\" data-image-caption=\"\" data-medium-file=\"https:\/\/i0.wp.com\/www.robertosedda.it\/wp-content\/uploads\/2019\/08\/Val-Venosta.jpeg?fit=300%2C83\" data-large-file=\"https:\/\/i0.wp.com\/www.robertosedda.it\/wp-content\/uploads\/2019\/08\/Val-Venosta.jpeg?fit=510%2C141\" decoding=\"async\" loading=\"lazy\" width=\"800\" height=\"222\" src=\"https:\/\/i0.wp.com\/www.robertosedda.it\/wp-content\/uploads\/2019\/08\/Val-Venosta.jpeg?resize=800%2C222\" alt=\"\" class=\"wp-image-17051\" srcset=\"https:\/\/i0.wp.com\/www.robertosedda.it\/wp-content\/uploads\/2019\/08\/Val-Venosta.jpeg?w=1600 1600w, https:\/\/i0.wp.com\/www.robertosedda.it\/wp-content\/uploads\/2019\/08\/Val-Venosta.jpeg?resize=150%2C42 150w, https:\/\/i0.wp.com\/www.robertosedda.it\/wp-content\/uploads\/2019\/08\/Val-Venosta.jpeg?resize=300%2C83 300w, https:\/\/i0.wp.com\/www.robertosedda.it\/wp-content\/uploads\/2019\/08\/Val-Venosta.jpeg?resize=510%2C141 510w\" sizes=\"(max-width: 800px) 100vw, 800px\" data-recalc-dims=\"1\" \/><\/figure>\n\n\n\n<p>Durante la vacanza in Val Venosta ci siamo trovati, un pomeriggio, <a href=\"http:\/\/www.vintschgermuseum.com\/\">al museo etnografico di Sluderno<\/a>, il <em>Vintschger Museum<\/em>. Come altri musei dedicati alla cultura retica che mi \u00e8 capitato di visitare fra Trentino e Alto Adige non \u00e8 grande e non ha magari dei <em>pezzi<\/em> straordinari, ma \u00e8 molto curato, \u00e8 ben messo e fa un uso intelligente dei supporti multimediali. E poi per gente come noi che crede magari di sapere tutto sui Celti e non ha mai sentito parlare dei Reti una visita \u00e8 sempre utile.<\/p>\n\n\n\n<p>Eravamo l\u00ec perch\u00e9 il museo ospita temporaneamente una serie di testimonianze dirette del periodo critico nel quale i sudtirolesi dovettero <a href=\"https:\/\/it.wikipedia.org\/wiki\/Opzioni_in_Alto_Adige\">optare per la cittadinanza tedesca o per quella italiana<\/a>, ma certamente la sezione che ci ha colpito di pi\u00f9 e preso totalmente di sorpresa \u00e8 stata quella dedicata agli <em>Schwabenkinder<\/em>, i &#8220;bambini di Svevia&#8221;.<\/p>\n\n\n\n<figure class=\"wp-block-image alignwide\"><img data-attachment-id=\"17052\" data-permalink=\"http:\/\/www.robertosedda.it\/?attachment_id=17052\" data-orig-file=\"https:\/\/i0.wp.com\/www.robertosedda.it\/wp-content\/uploads\/2019\/08\/Schwabenkinder.jpg?fit=3182%2C2239\" data-orig-size=\"3182,2239\" data-comments-opened=\"1\" data-image-meta=\"{&quot;aperture&quot;:&quot;0&quot;,&quot;credit&quot;:&quot;&quot;,&quot;camera&quot;:&quot;&quot;,&quot;caption&quot;:&quot;&quot;,&quot;created_timestamp&quot;:&quot;0&quot;,&quot;copyright&quot;:&quot;&quot;,&quot;focal_length&quot;:&quot;0&quot;,&quot;iso&quot;:&quot;0&quot;,&quot;shutter_speed&quot;:&quot;0&quot;,&quot;title&quot;:&quot;&quot;,&quot;orientation&quot;:&quot;1&quot;}\" data-image-title=\"Schwabenkinder\" data-image-description=\"\" data-image-caption=\"\" data-medium-file=\"https:\/\/i0.wp.com\/www.robertosedda.it\/wp-content\/uploads\/2019\/08\/Schwabenkinder.jpg?fit=300%2C211\" data-large-file=\"https:\/\/i0.wp.com\/www.robertosedda.it\/wp-content\/uploads\/2019\/08\/Schwabenkinder.jpg?fit=510%2C359\" decoding=\"async\" loading=\"lazy\" width=\"800\" height=\"563\" src=\"https:\/\/i0.wp.com\/www.robertosedda.it\/wp-content\/uploads\/2019\/08\/Schwabenkinder.jpg?resize=800%2C563\" alt=\"\" class=\"wp-image-17052\" srcset=\"https:\/\/i0.wp.com\/www.robertosedda.it\/wp-content\/uploads\/2019\/08\/Schwabenkinder.jpg?w=3182 3182w, https:\/\/i0.wp.com\/www.robertosedda.it\/wp-content\/uploads\/2019\/08\/Schwabenkinder.jpg?resize=150%2C106 150w, https:\/\/i0.wp.com\/www.robertosedda.it\/wp-content\/uploads\/2019\/08\/Schwabenkinder.jpg?resize=300%2C211 300w, https:\/\/i0.wp.com\/www.robertosedda.it\/wp-content\/uploads\/2019\/08\/Schwabenkinder.jpg?resize=510%2C359 510w, https:\/\/i0.wp.com\/www.robertosedda.it\/wp-content\/uploads\/2019\/08\/Schwabenkinder.jpg?resize=130%2C90 130w, https:\/\/i0.wp.com\/www.robertosedda.it\/wp-content\/uploads\/2019\/08\/Schwabenkinder.jpg?w=1600 1600w, https:\/\/i0.wp.com\/www.robertosedda.it\/wp-content\/uploads\/2019\/08\/Schwabenkinder.jpg?w=2400 2400w\" sizes=\"(max-width: 800px) 100vw, 800px\" data-recalc-dims=\"1\" \/><figcaption>Sembra un po&#8217; una cosa alla Dickens, no? Infatti&#8230; (E. Klein [Public domain])<\/figcaption><\/figure>\n\n\n\n<p>In pratica la storia \u00e8 questa: la Val Venosta \u00e8 stata, come altre aree alpine che noi tradizionalmente associamo all&#8217;idea di copiose polente, abbondanti cioccolate con la panna e la mucca della <em>Milka<\/em>, un&#8217;area molto povera, un po&#8217; per la difficolt\u00e0 dei luoghi e un po&#8217; per questioni che hanno a che fare con il sistema con cui erano gestite le propriet\u00e0 agricole. Questo ha generato due fenomeni: da una parte quello dei <em>karnerr<\/em>, la &#8220;gente dei carri&#8221; che non avendo terra da coltivare si riduceva al piccolo commercio ambulante (sui <em>karnerr<\/em> vi segnalo <a href=\"http:\/\/storieinmovimento.org\/wp-content\/uploads\/2016\/01\/Zap30_8-Schegge2.pdf\">un interessante articolo<\/a>, e la chiudo qui); dall&#8217;altra appunto quello dei bambini svevi, i figli di famiglie povere della valle che da marzo a novembre, dai cinque ai quattordici anni, venivano mandati a servizio a centinaia di chilometri di distanza, in Svevia, come pastorelli, contadini o, per le bambine, a fare i lavori di casa.<\/p>\n\n\n\n<figure class=\"wp-block-image alignwide\"><img data-attachment-id=\"17053\" data-permalink=\"http:\/\/www.robertosedda.it\/?attachment_id=17053\" data-orig-file=\"https:\/\/i0.wp.com\/www.robertosedda.it\/wp-content\/uploads\/2019\/08\/Valle-Mazia.jpeg?fit=1599%2C900\" data-orig-size=\"1599,900\" data-comments-opened=\"1\" data-image-meta=\"{&quot;aperture&quot;:&quot;0&quot;,&quot;credit&quot;:&quot;&quot;,&quot;camera&quot;:&quot;&quot;,&quot;caption&quot;:&quot;&quot;,&quot;created_timestamp&quot;:&quot;0&quot;,&quot;copyright&quot;:&quot;&quot;,&quot;focal_length&quot;:&quot;0&quot;,&quot;iso&quot;:&quot;0&quot;,&quot;shutter_speed&quot;:&quot;0&quot;,&quot;title&quot;:&quot;&quot;,&quot;orientation&quot;:&quot;0&quot;}\" data-image-title=\"Valle Mazia\" data-image-description=\"\" data-image-caption=\"\" data-medium-file=\"https:\/\/i0.wp.com\/www.robertosedda.it\/wp-content\/uploads\/2019\/08\/Valle-Mazia.jpeg?fit=300%2C169\" data-large-file=\"https:\/\/i0.wp.com\/www.robertosedda.it\/wp-content\/uploads\/2019\/08\/Valle-Mazia.jpeg?fit=510%2C287\" decoding=\"async\" loading=\"lazy\" width=\"800\" height=\"450\" src=\"https:\/\/i0.wp.com\/www.robertosedda.it\/wp-content\/uploads\/2019\/08\/Valle-Mazia.jpeg?resize=800%2C450\" alt=\"\" class=\"wp-image-17053\" srcset=\"https:\/\/i0.wp.com\/www.robertosedda.it\/wp-content\/uploads\/2019\/08\/Valle-Mazia.jpeg?w=1599 1599w, https:\/\/i0.wp.com\/www.robertosedda.it\/wp-content\/uploads\/2019\/08\/Valle-Mazia.jpeg?resize=150%2C84 150w, https:\/\/i0.wp.com\/www.robertosedda.it\/wp-content\/uploads\/2019\/08\/Valle-Mazia.jpeg?resize=300%2C169 300w, https:\/\/i0.wp.com\/www.robertosedda.it\/wp-content\/uploads\/2019\/08\/Valle-Mazia.jpeg?resize=510%2C287 510w\" sizes=\"(max-width: 800px) 100vw, 800px\" data-recalc-dims=\"1\" \/><figcaption>Immaginiamoci con la neve<\/figcaption><\/figure>\n\n\n\n<p>Nella memoria dei contemporanei \u00e8 rimasto il ricordo del viaggio pericoloso e disagevole attraverso i passi alpini, accompagnati di solito da un genitore o dal parroco, e il vero e proprio <em>mercato<\/em> di Regensburg, dove si concentravano i bambini e dove accorrevano i contadini per soppesare la qualit\u00e0 della forza lavoro e assicurarsi le occasioni migliori.<\/p>\n\n\n\n<p>La narrazione della mostra (il progetto sottostante \u00e8 poderoso e <a href=\"https:\/\/www.schwabenkinder.eu\/de\">qui c&#8217;\u00e8 un sacco di roba<\/a>, purtroppo in tedesco) \u00e8 ambivalente: andare in Svevia, per i pi\u00f9 fortunati, voleva dire lavorare duro come a casa ma mangiare a saziet\u00e0 e tornare con i soldi indispensabili per la famiglia e un nuovo cambio d&#8217;abiti che comprendeva, di solito, dei desideratissimi stivaletti. Per i pi\u00f9 sfortunati, per\u00f2, poteva comportare abusi di ogni genere, sfruttamento e, in caso di incidenti sul lavoro, menomazione e morte.<\/p>\n\n\n\n<figure class=\"wp-block-image alignwide\"><img data-attachment-id=\"17054\" data-permalink=\"http:\/\/www.robertosedda.it\/?attachment_id=17054\" data-orig-file=\"https:\/\/i0.wp.com\/www.robertosedda.it\/wp-content\/uploads\/2019\/08\/historische_wege.png__800x0_q85.jpg?fit=800%2C744\" data-orig-size=\"800,744\" data-comments-opened=\"1\" data-image-meta=\"{&quot;aperture&quot;:&quot;0&quot;,&quot;credit&quot;:&quot;&quot;,&quot;camera&quot;:&quot;&quot;,&quot;caption&quot;:&quot;&quot;,&quot;created_timestamp&quot;:&quot;0&quot;,&quot;copyright&quot;:&quot;&quot;,&quot;focal_length&quot;:&quot;0&quot;,&quot;iso&quot;:&quot;0&quot;,&quot;shutter_speed&quot;:&quot;0&quot;,&quot;title&quot;:&quot;&quot;,&quot;orientation&quot;:&quot;0&quot;}\" data-image-title=\"historische_wege.png__800x0_q85\" data-image-description=\"\" data-image-caption=\"\" data-medium-file=\"https:\/\/i0.wp.com\/www.robertosedda.it\/wp-content\/uploads\/2019\/08\/historische_wege.png__800x0_q85.jpg?fit=300%2C279\" data-large-file=\"https:\/\/i0.wp.com\/www.robertosedda.it\/wp-content\/uploads\/2019\/08\/historische_wege.png__800x0_q85.jpg?fit=510%2C474\" decoding=\"async\" loading=\"lazy\" width=\"510\" height=\"474\" src=\"https:\/\/i0.wp.com\/www.robertosedda.it\/wp-content\/uploads\/2019\/08\/historische_wege.png__800x0_q85.jpg?resize=510%2C474\" alt=\"\" class=\"wp-image-17054\" srcset=\"https:\/\/i0.wp.com\/www.robertosedda.it\/wp-content\/uploads\/2019\/08\/historische_wege.png__800x0_q85.jpg?resize=510%2C474 510w, https:\/\/i0.wp.com\/www.robertosedda.it\/wp-content\/uploads\/2019\/08\/historische_wege.png__800x0_q85.jpg?resize=150%2C140 150w, https:\/\/i0.wp.com\/www.robertosedda.it\/wp-content\/uploads\/2019\/08\/historische_wege.png__800x0_q85.jpg?resize=300%2C279 300w, https:\/\/i0.wp.com\/www.robertosedda.it\/wp-content\/uploads\/2019\/08\/historische_wege.png__800x0_q85.jpg?w=800 800w\" sizes=\"(max-width: 510px) 100vw, 510px\" data-recalc-dims=\"1\" \/><figcaption>Dal sito della mostra<\/figcaption><\/figure>\n\n\n\n<p>Era una cosa di cui non sapevamo assolutamente niente e ci ha molto colpito. Per gli amici tedeschi ospiti del nostro stesso albergo, invece, era un fatto ben noto che si collegava a campanilismi di cui non sappiamo niente: gli svevi, ci hanno detto, hanno una nomea sul genere di quella degli scozzesi o dei genovesi. Andare a servizio dagli svevi non era proprio una passeggiata, insomma.<\/p>\n\n\n\n<p>Ci hanno perfino raccontato questa storiella, di quando uno di loro studiava all&#8217;universit\u00e0 e aveva una collega sveva. Un giorno lei li invita per un compleanno, che in Germania comprenderebbe un rinfresco pomeridiano con caff\u00e8, varie torte e cose del genere. C&#8217;erano tre ospiti e due, dico due, fette di torta. E lei spiega: nella sua esperienza la torta non piace mai a tutti tutti, quindi perch\u00e9 esagerare? Poi avanza, ed \u00e8 brutto. Naturalmente quelli, in tre con due fette, hanno tutti evitato di mangiare, e lei naturalmente ha pensato di avere avuto ragione: vedi che avanza tutta la torta?<\/p>\n\n\n\n<p>Ho raccontato la storiella perch\u00e9 sul momento, davvero, la storia dei bambini svevi mi ha fatto molta impressione e quindi preferisco alleggerire il clima.<\/p>\n\n\n\n<p>Poi mi sono ricordato che, in questa stagione, ovunque andassimo c&#8217;era gente che faceva fieno. Vuol dire che stavano l\u00e0 coi forconi a rivoltare il fieno gi\u00e0 falciato per farlo asciugare, o coi rastrelli per radunarlo per poi fare le balle. Erano tutti gruppi familiari, ed era pieno di bambini: magari qualcuno pi\u00f9 che lavorare di rastrello ci giocavano, per\u00f2 erano comunque in campo e alcuni erano anche molto piccoli. Alla festa patronale gli adulti cucinavano, ma ai tavoli servivano bambine e ragazzine (non parliamo di chi vedi lavorare nei dei masi remoti). In un caso e nell&#8217;altro, nessuno ha battuto ciglio, e certamente nessuno dei presenti pensava che ci fosse sfruttamento: la vita familiare ha incombenze e tutti devono fare la loro parte, diciamo.<\/p>\n\n\n\n<figure class=\"wp-block-image alignwide\"><img data-attachment-id=\"17055\" data-permalink=\"http:\/\/www.robertosedda.it\/?attachment_id=17055\" data-orig-file=\"https:\/\/i0.wp.com\/www.robertosedda.it\/wp-content\/uploads\/2019\/08\/Festa-Malles-2.jpg?fit=1028%2C771\" data-orig-size=\"1028,771\" data-comments-opened=\"1\" data-image-meta=\"{&quot;aperture&quot;:&quot;0&quot;,&quot;credit&quot;:&quot;&quot;,&quot;camera&quot;:&quot;&quot;,&quot;caption&quot;:&quot;&quot;,&quot;created_timestamp&quot;:&quot;0&quot;,&quot;copyright&quot;:&quot;&quot;,&quot;focal_length&quot;:&quot;0&quot;,&quot;iso&quot;:&quot;0&quot;,&quot;shutter_speed&quot;:&quot;0&quot;,&quot;title&quot;:&quot;&quot;,&quot;orientation&quot;:&quot;0&quot;}\" data-image-title=\"Festa Malles 2\" data-image-description=\"\" data-image-caption=\"\" data-medium-file=\"https:\/\/i0.wp.com\/www.robertosedda.it\/wp-content\/uploads\/2019\/08\/Festa-Malles-2.jpg?fit=300%2C225\" data-large-file=\"https:\/\/i0.wp.com\/www.robertosedda.it\/wp-content\/uploads\/2019\/08\/Festa-Malles-2.jpg?fit=510%2C383\" decoding=\"async\" loading=\"lazy\" width=\"510\" height=\"383\" src=\"https:\/\/i0.wp.com\/www.robertosedda.it\/wp-content\/uploads\/2019\/08\/Festa-Malles-2.jpg?resize=510%2C383\" alt=\"\" class=\"wp-image-17055\" srcset=\"https:\/\/i0.wp.com\/www.robertosedda.it\/wp-content\/uploads\/2019\/08\/Festa-Malles-2.jpg?resize=510%2C383 510w, https:\/\/i0.wp.com\/www.robertosedda.it\/wp-content\/uploads\/2019\/08\/Festa-Malles-2.jpg?resize=150%2C113 150w, https:\/\/i0.wp.com\/www.robertosedda.it\/wp-content\/uploads\/2019\/08\/Festa-Malles-2.jpg?resize=300%2C225 300w, https:\/\/i0.wp.com\/www.robertosedda.it\/wp-content\/uploads\/2019\/08\/Festa-Malles-2.jpg?w=1028 1028w\" sizes=\"(max-width: 510px) 100vw, 510px\" data-recalc-dims=\"1\" \/><figcaption>E non \u00e8 che non c&#8217;erano tavoli da servire<\/figcaption><\/figure>\n\n\n\n<p>E mi sono ricordato anche delle ragazze che dai paesi sardi dell&#8217;interno venivano <em>a servizio<\/em> nelle famiglie cittadine: avevano dodici, quattordici, sedici anni. C&#8217;\u00e8 un <a href=\"https:\/\/www.ibs.it\/ragazze-sono-partite-libro-giacomo-mameli\/e\/9788884679185\">bel libro di Giacomo Mameli<\/a> che racconta di quelle che andavano fino a Roma, per esempio. Nel commercio equo la presenza dei bambini nei campi dei produttori \u00e8 un tema dibattuto, e non \u00e8 sempre facile distinguere lo sfruttamento (da combattere) dall&#8217;economia di villaggio (da trattare con rispetto, anche se senza acquiescenze).<\/p>\n\n\n\n<p>Rimango combattuto. Da una parte la civilt\u00e0 contadina ha le sue regole e i suoi ritmi, dall&#8217;altra la storia dei bambini svevi \u00e8 una storia tipica della civilt\u00e0 della sussistenza, quando il puro sforzo della sopravvivenza ha la precedenza su tutto. Dobbiamo ringraziare che non siamo pi\u00f9 in quel tipo di societ\u00e0, come ripete sempre padre Steiner di San Domenico. Del resto il fenomeno si \u00e8 estinto non perch\u00e9 abbiano avuto il sopravvento le preoccupazioni etiche ma, pi\u00f9 banalmente, perch\u00e9 a un certo punto interferiva con l&#8217;obbligo scolastico, e gli Stati, appena appena era possibile elevarsi dall&#8217;economia di sussistenza, cercavano di investire per procurarsi forza lavoro di qualit\u00e0 migliore.<\/p>\n\n\n\n<figure class=\"wp-block-embed is-type-video is-provider-youtube wp-block-embed-youtube wp-embed-aspect-16-9 wp-has-aspect-ratio\"><div class=\"wp-block-embed__wrapper\">\n<span class=\"embed-youtube\" style=\"text-align:center; display: block;\"><iframe loading=\"lazy\" class=\"youtube-player\" width=\"800\" height=\"450\" src=\"https:\/\/www.youtube.com\/embed\/0IPMZoQOJBQ?version=3&#038;rel=1&#038;showsearch=0&#038;showinfo=1&#038;iv_load_policy=1&#038;fs=1&#038;hl=it-IT&#038;autohide=2&#038;wmode=transparent\" allowfullscreen=\"true\" style=\"border:0;\" sandbox=\"allow-scripts allow-same-origin allow-popups allow-presentation\"><\/iframe><\/span>\n<\/div><\/figure>\n\n\n\n<figure class=\"wp-block-embed is-type-rich is-provider-handler-delloggetto-incorporato wp-block-embed-handler-delloggetto-incorporato wp-embed-aspect-16-9 wp-has-aspect-ratio\"><div class=\"wp-block-embed__wrapper\">\n<span class=\"embed-youtube\" style=\"text-align:center; display: block;\"><iframe loading=\"lazy\" class=\"youtube-player\" width=\"800\" height=\"450\" src=\"https:\/\/www.youtube.com\/embed\/-FztR_-_b20?version=3&#038;rel=1&#038;showsearch=0&#038;showinfo=1&#038;iv_load_policy=1&#038;fs=1&#038;hl=it-IT&#038;autohide=2&#038;wmode=transparent\" allowfullscreen=\"true\" style=\"border:0;\" sandbox=\"allow-scripts allow-same-origin allow-popups allow-presentation\"><\/iframe><\/span>\n<\/div><\/figure>\n","protected":false},"excerpt":{"rendered":"<p>Durante la vacanza in Val Venosta ci siamo trovati, un pomeriggio, al museo etnografico di Sluderno, il Vintschger Museum. Come<\/p>\n","protected":false},"author":1,"featured_media":17053,"comment_status":"open","ping_status":"open","sticky":false,"template":"","format":"standard","meta":{"_mi_skip_tracking":false,"_monsterinsights_sitenote_active":false,"_monsterinsights_sitenote_note":"","_monsterinsights_sitenote_category":0,"jetpack_post_was_ever_published":false,"_jetpack_newsletter_access":"","jetpack_publicize_message":"","jetpack_is_tweetstorm":false,"jetpack_publicize_feature_enabled":true,"jetpack_social_post_already_shared":false,"jetpack_social_options":{"image_generator_settings":{"template":"highway","enabled":false}}},"categories":[97,52,57,17,16],"tags":[],"jetpack_publicize_connections":[],"jetpack_featured_media_url":"https:\/\/i0.wp.com\/www.robertosedda.it\/wp-content\/uploads\/2019\/08\/Valle-Mazia.jpeg?fit=1599%2C900","jetpack_sharing_enabled":true,"jetpack_shortlink":"https:\/\/wp.me\/p4jV2T-4r0","jetpack_likes_enabled":true,"jetpack-related-posts":[{"id":4325,"url":"http:\/\/www.robertosedda.it\/?p=4325","url_meta":{"origin":17050,"position":0},"title":"Gita ad Atzara","author":"Rufus","date":"22\/08\/2013","format":false,"excerpt":"Vigne sulla strada per Atzara L'altro giorno da Tonara siamo scesi in gita verso Atzara. Ognuno nella compagnia aveva i suoi interessi. Maria Bonaria voleva vedere il laboratorio de La Robbia di Maurizio Savoldo, che tinge la lana con colori naturali e fa delle cose davvero belle. Mio suocero Pino,\u2026","rel":"","context":"In &quot;Coordinate&quot;","block_context":{"text":"Coordinate","link":"http:\/\/www.robertosedda.it\/?cat=52"},"img":{"alt_text":"","src":"https:\/\/i0.wp.com\/www.robertosedda.it\/wp-content\/uploads\/2013\/08\/ALIM3003.jpg?fit=1200%2C900&resize=350%2C200","width":350,"height":200,"srcset":"https:\/\/i0.wp.com\/www.robertosedda.it\/wp-content\/uploads\/2013\/08\/ALIM3003.jpg?fit=1200%2C900&resize=350%2C200 1x, https:\/\/i0.wp.com\/www.robertosedda.it\/wp-content\/uploads\/2013\/08\/ALIM3003.jpg?fit=1200%2C900&resize=700%2C400 2x, https:\/\/i0.wp.com\/www.robertosedda.it\/wp-content\/uploads\/2013\/08\/ALIM3003.jpg?fit=1200%2C900&resize=1050%2C600 3x"},"classes":[]},{"id":14029,"url":"http:\/\/www.robertosedda.it\/?p=14029","url_meta":{"origin":17050,"position":1},"title":"C&#8217;\u00e8 speranza per l&#8217;arte sulla linea P","author":"Rufus","date":"31\/07\/2017","format":false,"excerpt":"Qualche giorno fa tornavo dal mare con l'autobus e avevo dietro di me due ragazzi poco sopra i vent'anni che discutevano di vacanze. Essendo ragazzi poco sopra i vent'anni il dibattito riguardava temi come se vai in vacanza da solo e sei impegnato poi magari l\u00ec ti capita una situazione\u2026","rel":"","context":"In &quot;Coordinate&quot;","block_context":{"text":"Coordinate","link":"http:\/\/www.robertosedda.it\/?cat=52"},"img":{"alt_text":"","src":"https:\/\/i0.wp.com\/www.robertosedda.it\/wp-content\/uploads\/2017\/07\/Galleria_darte_CA.jpg?fit=900%2C1200&resize=350%2C200","width":350,"height":200,"srcset":"https:\/\/i0.wp.com\/www.robertosedda.it\/wp-content\/uploads\/2017\/07\/Galleria_darte_CA.jpg?fit=900%2C1200&resize=350%2C200 1x, https:\/\/i0.wp.com\/www.robertosedda.it\/wp-content\/uploads\/2017\/07\/Galleria_darte_CA.jpg?fit=900%2C1200&resize=700%2C400 2x"},"classes":[]},{"id":17061,"url":"http:\/\/www.robertosedda.it\/?p=17061","url_meta":{"origin":17050,"position":2},"title":"Un giorno a Cagliari","author":"Rufus","date":"24\/08\/2019","format":false,"excerpt":"Vedo che Cagliari ha un nuovo video istituzionale di presentazione per i turisti. https:\/\/www.youtube.com\/watch?v=V0zYpeuUA2E&fbclid=IwAR1ywZfCwsJVj1PeijRzLzjE6_x6cmtZUfmKRGOS_yDmNxZDOhPCuxbMjKI Resto un pochino perplesso per un paio di insistenze su certi esercizi commerciali rispetto ad altri, per alcune clamorose omissioni (niente Museo Archeologico, niente lungomare Poetto con quelli che fanno sport o si godono la vita,\u2026","rel":"","context":"In &quot;Coordinate&quot;","block_context":{"text":"Coordinate","link":"http:\/\/www.robertosedda.it\/?cat=52"},"img":{"alt_text":"","src":"https:\/\/i0.wp.com\/www.robertosedda.it\/wp-content\/uploads\/2019\/08\/Logo-Cagliari.jpg?fit=1200%2C758&resize=350%2C200","width":350,"height":200,"srcset":"https:\/\/i0.wp.com\/www.robertosedda.it\/wp-content\/uploads\/2019\/08\/Logo-Cagliari.jpg?fit=1200%2C758&resize=350%2C200 1x, https:\/\/i0.wp.com\/www.robertosedda.it\/wp-content\/uploads\/2019\/08\/Logo-Cagliari.jpg?fit=1200%2C758&resize=700%2C400 2x, https:\/\/i0.wp.com\/www.robertosedda.it\/wp-content\/uploads\/2019\/08\/Logo-Cagliari.jpg?fit=1200%2C758&resize=1050%2C600 3x"},"classes":[]},{"id":13037,"url":"http:\/\/www.robertosedda.it\/?p=13037","url_meta":{"origin":17050,"position":3},"title":"I loop di Ai Weiwei","author":"Rufus","date":"03\/01\/2017","format":false,"excerpt":"Durante la recente trasferta natalizia toscana (uno degli eventi pi\u00f9 umidi della mia vita) sono andato con Maria Bonaria e l'Inossidabile a vedere la mostra\u00a0Libero a Palazzo Strozzi,\u00a0una personale piuttosto ampia dedicata a Ai Weiwei, un artista contemporaneo cinese del quale non sapevo praticamente nulla - salvo che una rapida\u2026","rel":"","context":"In &quot;Coordinate&quot;","block_context":{"text":"Coordinate","link":"http:\/\/www.robertosedda.it\/?cat=52"},"img":{"alt_text":"","src":"https:\/\/i0.wp.com\/www.robertosedda.it\/wp-content\/uploads\/2017\/01\/Ai-Weiewi-urne.jpg?fit=600%2C400&resize=350%2C200","width":350,"height":200},"classes":[]},{"id":6715,"url":"http:\/\/www.robertosedda.it\/?p=6715","url_meta":{"origin":17050,"position":4},"title":"Cosa c&#8217;entra la noviolenza col Museo Nivola di Orani?","author":"Rufus","date":"17\/03\/2014","format":false,"excerpt":"Un'ascendenza fortemente sentita Non so se ho mai raccontato qui sul blog di essere mezzo oranese - Delitala da parte di madre, e fierissimo di questa ascendenza - e quindi dotato di solidissime radici barbaricine. Se Cagliari \u00e8 la mia citt\u00e0 del cuore, senza merito perch\u00e9 vi sono nato e\u2026","rel":"","context":"In &quot;Coordinate&quot;","block_context":{"text":"Coordinate","link":"http:\/\/www.robertosedda.it\/?cat=52"},"img":{"alt_text":"","src":"https:\/\/i0.wp.com\/www.robertosedda.it\/wp-content\/uploads\/2014\/03\/Davanti-Sa-Itria-a-Orani.jpg?fit=960%2C720&resize=350%2C200","width":350,"height":200,"srcset":"https:\/\/i0.wp.com\/www.robertosedda.it\/wp-content\/uploads\/2014\/03\/Davanti-Sa-Itria-a-Orani.jpg?fit=960%2C720&resize=350%2C200 1x, https:\/\/i0.wp.com\/www.robertosedda.it\/wp-content\/uploads\/2014\/03\/Davanti-Sa-Itria-a-Orani.jpg?fit=960%2C720&resize=700%2C400 2x"},"classes":[]},{"id":11610,"url":"http:\/\/www.robertosedda.it\/?p=11610","url_meta":{"origin":17050,"position":5},"title":"A proposito di Van Gogh","author":"Rufus","date":"26\/02\/2016","format":"video","excerpt":"Stamattina ho condiviso su\u00a0Facebook un filmato che ho visto passare e che \u00e8 il\u00a0trailer del \"primo film interamente dipinto\". Il film si chiama\u00a0Loving Vincent\u00a0(sostenetelo!), \u00e8 stato finanziato tramite\u00a0Kickstarter ed \u00e8 una straordinaria dichiarazione d'amore per l'arte di Van Gogh (gli autori sono gli anglopolacchi dello studio Breakthru\u00a0e hanno gi\u00e0 vinto\u2026","rel":"","context":"In &quot;Coordinate&quot;","block_context":{"text":"Coordinate","link":"http:\/\/www.robertosedda.it\/?cat=52"},"img":{"alt_text":"","src":"https:\/\/i0.wp.com\/www.robertosedda.it\/wp-content\/uploads\/2016\/02\/Camera-da-letto-Van-Gogh-originale.jpg?resize=350%2C200","width":350,"height":200,"srcset":"https:\/\/i0.wp.com\/www.robertosedda.it\/wp-content\/uploads\/2016\/02\/Camera-da-letto-Van-Gogh-originale.jpg?resize=350%2C200 1x, https:\/\/i0.wp.com\/www.robertosedda.it\/wp-content\/uploads\/2016\/02\/Camera-da-letto-Van-Gogh-originale.jpg?resize=700%2C400 2x"},"classes":[]}],"_links":{"self":[{"href":"http:\/\/www.robertosedda.it\/index.php?rest_route=\/wp\/v2\/posts\/17050"}],"collection":[{"href":"http:\/\/www.robertosedda.it\/index.php?rest_route=\/wp\/v2\/posts"}],"about":[{"href":"http:\/\/www.robertosedda.it\/index.php?rest_route=\/wp\/v2\/types\/post"}],"author":[{"embeddable":true,"href":"http:\/\/www.robertosedda.it\/index.php?rest_route=\/wp\/v2\/users\/1"}],"replies":[{"embeddable":true,"href":"http:\/\/www.robertosedda.it\/index.php?rest_route=%2Fwp%2Fv2%2Fcomments&post=17050"}],"version-history":[{"count":8,"href":"http:\/\/www.robertosedda.it\/index.php?rest_route=\/wp\/v2\/posts\/17050\/revisions"}],"predecessor-version":[{"id":18695,"href":"http:\/\/www.robertosedda.it\/index.php?rest_route=\/wp\/v2\/posts\/17050\/revisions\/18695"}],"wp:featuredmedia":[{"embeddable":true,"href":"http:\/\/www.robertosedda.it\/index.php?rest_route=\/wp\/v2\/media\/17053"}],"wp:attachment":[{"href":"http:\/\/www.robertosedda.it\/index.php?rest_route=%2Fwp%2Fv2%2Fmedia&parent=17050"}],"wp:term":[{"taxonomy":"category","embeddable":true,"href":"http:\/\/www.robertosedda.it\/index.php?rest_route=%2Fwp%2Fv2%2Fcategories&post=17050"},{"taxonomy":"post_tag","embeddable":true,"href":"http:\/\/www.robertosedda.it\/index.php?rest_route=%2Fwp%2Fv2%2Ftags&post=17050"}],"curies":[{"name":"wp","href":"https:\/\/api.w.org\/{rel}","templated":true}]}}