{"id":17042,"date":"2019-08-23T10:00:55","date_gmt":"2019-08-23T08:00:55","guid":{"rendered":"http:\/\/www.robertosedda.it\/?p=17042"},"modified":"2019-08-23T13:09:09","modified_gmt":"2019-08-23T11:09:09","slug":"tutti-al-mare-fascista","status":"publish","type":"post","link":"http:\/\/www.robertosedda.it\/?p=17042","title":{"rendered":"Tutti al mare fascista"},"content":{"rendered":"\n<p>Trovo in giro un <em>link<\/em> a un <a href=\"https:\/\/www.domusweb.it\/it\/architettura\/2019\/08\/13\/icone-costiere-appunti-sulle-colonie-estive-italiane-da-mussolini-alla-valtur.html\">interessante articolo su <\/a><em><a href=\"https:\/\/www.domusweb.it\/it\/architettura\/2019\/08\/13\/icone-costiere-appunti-sulle-colonie-estive-italiane-da-mussolini-alla-valtur.html\">Domus<\/a> <\/em>di Alessandro Benetti a proposito di uno dei campi preferiti di sperimentazione degli architetti razionalisti di epoca fascista: i luoghi deputati a ospitare i bagnanti, i lidi e simili (il tema dovrebbe interessare gli abitanti di una citt\u00e0 che sulla spiaggia ospita sia <em>Il Lido<\/em> che l&#8217;Ospedale Marino).<\/p>\n\n\n\n<figure class=\"wp-block-image alignwide\"><img data-attachment-id=\"17043\" data-permalink=\"http:\/\/www.robertosedda.it\/?attachment_id=17043\" data-orig-file=\"https:\/\/i0.wp.com\/www.robertosedda.it\/wp-content\/uploads\/2019\/08\/20150621_132343.jpg?fit=2560%2C1536\" data-orig-size=\"2560,1536\" data-comments-opened=\"1\" data-image-meta=\"{&quot;aperture&quot;:&quot;2.6&quot;,&quot;credit&quot;:&quot;&quot;,&quot;camera&quot;:&quot;GT-I8200&quot;,&quot;caption&quot;:&quot;&quot;,&quot;created_timestamp&quot;:&quot;1434893022&quot;,&quot;copyright&quot;:&quot;&quot;,&quot;focal_length&quot;:&quot;3.31&quot;,&quot;iso&quot;:&quot;50&quot;,&quot;shutter_speed&quot;:&quot;0.00042724609375&quot;,&quot;title&quot;:&quot;&quot;,&quot;orientation&quot;:&quot;1&quot;}\" data-image-title=\"20150621_132343\" data-image-description=\"\" data-image-caption=\"\" data-medium-file=\"https:\/\/i0.wp.com\/www.robertosedda.it\/wp-content\/uploads\/2019\/08\/20150621_132343.jpg?fit=300%2C180\" data-large-file=\"https:\/\/i0.wp.com\/www.robertosedda.it\/wp-content\/uploads\/2019\/08\/20150621_132343.jpg?fit=510%2C306\" decoding=\"async\" loading=\"lazy\" width=\"800\" height=\"480\" src=\"https:\/\/i0.wp.com\/www.robertosedda.it\/wp-content\/uploads\/2019\/08\/20150621_132343.jpg?resize=800%2C480\" alt=\"\" class=\"wp-image-17043\" srcset=\"https:\/\/i0.wp.com\/www.robertosedda.it\/wp-content\/uploads\/2019\/08\/20150621_132343.jpg?w=2560 2560w, https:\/\/i0.wp.com\/www.robertosedda.it\/wp-content\/uploads\/2019\/08\/20150621_132343.jpg?resize=150%2C90 150w, https:\/\/i0.wp.com\/www.robertosedda.it\/wp-content\/uploads\/2019\/08\/20150621_132343.jpg?resize=300%2C180 300w, https:\/\/i0.wp.com\/www.robertosedda.it\/wp-content\/uploads\/2019\/08\/20150621_132343.jpg?resize=510%2C306 510w, https:\/\/i0.wp.com\/www.robertosedda.it\/wp-content\/uploads\/2019\/08\/20150621_132343.jpg?w=1600 1600w, https:\/\/i0.wp.com\/www.robertosedda.it\/wp-content\/uploads\/2019\/08\/20150621_132343.jpg?w=2400 2400w\" sizes=\"(max-width: 800px) 100vw, 800px\" data-recalc-dims=\"1\" \/><\/figure>\n\n\n\n<p>L&#8217;articolo ha un <em>incipit<\/em>, peraltro, che suscita riflessioni per l&#8217;oggi anche se non di tipo architettonico:<\/p>\n\n\n\n<blockquote class=\"wp-block-quote\"><p>Fino alla met\u00e0 del diciottesimo secolo, le coste europee rappresentavano abitualmente pericolosi punti di ingresso a un continente costituito di floridi territori interni. Erano luoghi selvaggi, custoditi sempre da porti fortificati e da percorsi obbligati per tutti gli stranieri e le merci.<\/p><\/blockquote>\n\n\n\n<p>Sembra l&#8217;oggi delle invasioni ed egli sbarchi? Subito dopo l&#8217;articolo ci ricorda anche com&#8217;\u00e8 che \u00e8 cambiata la percezione delle coste:<\/p>\n\n\n\n<blockquote class=\"wp-block-quote\"><p>L&#8217;ascesa del turismo costiero ha anche dato il via a una trasformazione radicale dell&#8217;immagine collettiva del mare e degli oceani: da abissi tempestosi sono divenuti bacini benevoli, dotati di qualit\u00e0 curative e (pi\u00f9 tardi) ricreative.<\/p><\/blockquote>\n\n\n\n<p><\/p>\n\n\n\n<p><em>Domus<\/em> aveva gi\u00e0 dedicato all&#8217;argomento un servizio nel 1985. Benetti torna qui sull&#8217;argomento, corredando l&#8217;articolo di belle gallerie fotografiche, riflettendo sul ruolo propagandistico di queste realizzazioni, che rappresentavano per il regime l&#8217;opportunit\u00e0 di dimostrare che le classi popolari potevano essere inserite nelle dinamiche del consumo turistico di massa.<\/p>\n\n\n\n<figure class=\"wp-block-embed-youtube wp-block-embed is-type-video is-provider-youtube wp-embed-aspect-4-3 wp-has-aspect-ratio\"><div class=\"wp-block-embed__wrapper\">\n<span class=\"embed-youtube\" style=\"text-align:center; display: block;\"><iframe loading=\"lazy\" class=\"youtube-player\" width=\"800\" height=\"450\" src=\"https:\/\/www.youtube.com\/embed\/wJFU95Vs62Q?version=3&#038;rel=1&#038;showsearch=0&#038;showinfo=1&#038;iv_load_policy=1&#038;fs=1&#038;hl=it-IT&#038;autohide=2&#038;wmode=transparent\" allowfullscreen=\"true\" style=\"border:0;\" sandbox=\"allow-scripts allow-same-origin allow-popups allow-presentation\"><\/iframe><\/span>\n<\/div><\/figure>\n\n\n\n<p>L&#8217;articolo di Benetti rimanda anche a <a href=\"https:\/\/www.domusweb.it\/it\/architettura\/2010\/04\/29\/fascismo-abbandonato.html\">un altro interessante articolo<\/a>, <em>Fascismo abbandonato<\/em>, che allarga il discorso alla progettazione dei luoghi di cura nello stesso periodo, spesso oggi non in grandissima forma (un po&#8217; come l&#8217;Ospedale Marino), il che ricorda anche cose che ho segnalato altre volte, come i lavori di <a href=\"http:\/\/www.robertosedda.it\/?p=15879\">Fran\u00e7ois-Xavier Gbr\u00e9<\/a> o <a href=\"http:\/\/www.robertosedda.it\/?p=8467\">le discoteche degli anni &#8217;80 e &#8217;90 ora abandonate<\/a>.<\/p>\n","protected":false},"excerpt":{"rendered":"<p>Trovo in giro un link a un interessante articolo su Domus di Alessandro Benetti a proposito di uno dei campi<\/p>\n","protected":false},"author":1,"featured_media":17043,"comment_status":"open","ping_status":"open","sticky":false,"template":"","format":"standard","meta":{"_mi_skip_tracking":false,"_monsterinsights_sitenote_active":false,"_monsterinsights_sitenote_note":"","_monsterinsights_sitenote_category":0,"jetpack_post_was_ever_published":false,"_jetpack_newsletter_access":"","jetpack_publicize_message":"","jetpack_is_tweetstorm":false,"jetpack_publicize_feature_enabled":true,"jetpack_social_post_already_shared":false,"jetpack_social_options":{"image_generator_settings":{"template":"highway","enabled":false}}},"categories":[52,55,77,95,16],"tags":[],"jetpack_publicize_connections":[],"jetpack_featured_media_url":"https:\/\/i0.wp.com\/www.robertosedda.it\/wp-content\/uploads\/2019\/08\/20150621_132343.jpg?fit=2560%2C1536","jetpack_sharing_enabled":true,"jetpack_shortlink":"https:\/\/wp.me\/p4jV2T-4qS","jetpack_likes_enabled":true,"jetpack-related-posts":[{"id":16434,"url":"http:\/\/www.robertosedda.it\/?p=16434","url_meta":{"origin":17042,"position":0},"title":"Cornici e piaghe","author":"Rufus","date":"21\/03\/2019","format":false,"excerpt":"Ho come l'impressione che le due grandi discussioni che vedo agitare la mia cerchia social a proposito del sequestro dell'autobus di ragazzini a Milano di ieri - cio\u00e8 da una parte la discussione sui precedenti penali dell'autista, riassumibile nella domanda: \u00abCom'\u00e8 potuto accadere che guidasse quell'autobus?\u00bb, e dall'altra la discussione\u2026","rel":"","context":"In &quot;Coordinate&quot;","block_context":{"text":"Coordinate","link":"http:\/\/www.robertosedda.it\/?cat=52"},"img":{"alt_text":"","src":"https:\/\/i0.wp.com\/www.robertosedda.it\/wp-content\/uploads\/2019\/03\/Autobus.jpg?fit=1024%2C768&resize=350%2C200","width":350,"height":200,"srcset":"https:\/\/i0.wp.com\/www.robertosedda.it\/wp-content\/uploads\/2019\/03\/Autobus.jpg?fit=1024%2C768&resize=350%2C200 1x, https:\/\/i0.wp.com\/www.robertosedda.it\/wp-content\/uploads\/2019\/03\/Autobus.jpg?fit=1024%2C768&resize=700%2C400 2x"},"classes":[]},{"id":2850,"url":"http:\/\/www.robertosedda.it\/?p=2850","url_meta":{"origin":17042,"position":1},"title":"Praticamente fantasy","author":"Rufus","date":"11\/04\/2013","format":false,"excerpt":"Esco per prendere un panino in pausa pranzo e fuori trovo un gruppetto di studenti, in uscita da un esame, che fa capannello e si\u00a0scambia storielle universitarie. Man mano i racconti si appuntano su una professoressa in particolare, forse la stessa dell'esame. Effettivamente un po' bizzarra. Uno racconta di un\u2026","rel":"","context":"In &quot;Coordinate&quot;","block_context":{"text":"Coordinate","link":"http:\/\/www.robertosedda.it\/?cat=52"},"img":{"alt_text":"","src":"","width":0,"height":0},"classes":[]},{"id":19219,"url":"http:\/\/www.robertosedda.it\/?p=19219","url_meta":{"origin":17042,"position":2},"title":"Guerra di informazione","author":"Rufus","date":"03\/03\/2022","format":false,"excerpt":"Una delle cose che trovi pi\u00f9 disturbanti di questa settimana orribile \u00e8 che, complessivamente, le informazioni migliori, pi\u00f9 equilibrate e pi\u00f9 interessanti provengono dagli analisti militari, cio\u00e8 gente da cui complessivamente sarebbe meglio tenersi alla larga. Non gli analisti militari italiani, che in molti casi non solo non sono per\u2026","rel":"","context":"In &quot;Coordinate&quot;","block_context":{"text":"Coordinate","link":"http:\/\/www.robertosedda.it\/?cat=52"},"img":{"alt_text":"","src":"https:\/\/i0.wp.com\/www.robertosedda.it\/wp-content\/uploads\/2022\/03\/Information-war.jpg?fit=779%2C399&resize=350%2C200","width":350,"height":200,"srcset":"https:\/\/i0.wp.com\/www.robertosedda.it\/wp-content\/uploads\/2022\/03\/Information-war.jpg?fit=779%2C399&resize=350%2C200 1x, https:\/\/i0.wp.com\/www.robertosedda.it\/wp-content\/uploads\/2022\/03\/Information-war.jpg?fit=779%2C399&resize=700%2C400 2x"},"classes":[]},{"id":15472,"url":"http:\/\/www.robertosedda.it\/?p=15472","url_meta":{"origin":17042,"position":3},"title":"Gli articoli su La Pira del Portico","author":"Rufus","date":"16\/07\/2018","format":false,"excerpt":"Come ho raccontato l'altro giorno ho scritto un articolo per Il Portico, il settimanale diocesano, sull'impegno per la pace di Giorgio La Pira. Lo riporto qui sotto, segnalandovi che sul giornale trovate anche un\u00a0 articolo sul gruppo diocesano Giorgio La Pira, ne quale mi onoro di militare, e un editoriale\u2026","rel":"","context":"In &quot;Coordinate&quot;","block_context":{"text":"Coordinate","link":"http:\/\/www.robertosedda.it\/?cat=52"},"img":{"alt_text":"","src":"https:\/\/i0.wp.com\/www.robertosedda.it\/wp-content\/uploads\/2018\/07\/giorgio-la-pira-uomo-di-pace-dialogo.jpg?resize=350%2C200","width":350,"height":200,"srcset":"https:\/\/i0.wp.com\/www.robertosedda.it\/wp-content\/uploads\/2018\/07\/giorgio-la-pira-uomo-di-pace-dialogo.jpg?resize=350%2C200 1x, https:\/\/i0.wp.com\/www.robertosedda.it\/wp-content\/uploads\/2018\/07\/giorgio-la-pira-uomo-di-pace-dialogo.jpg?resize=700%2C400 2x"},"classes":[]},{"id":20126,"url":"http:\/\/www.robertosedda.it\/?p=20126","url_meta":{"origin":17042,"position":4},"title":"Scrivere la patata","author":"Rufus","date":"20\/06\/2023","format":false,"excerpt":"Ho visto da poco al Laboratorio28, in una serata abbastanza inusuale, La patata bollente, commedia di Steno (ma sceneggiatura di Giorgio Arlorio, che era comunista e si sente, nella descrizione d'ambiente), con Pozzetto, Massimo Ranieri e Edwige Fenech. Qui il trailer del film su YouTube. Occhio alle limitazioni di et\u00e0\u2026","rel":"","context":"In &quot;Coordinate&quot;","block_context":{"text":"Coordinate","link":"http:\/\/www.robertosedda.it\/?cat=52"},"img":{"alt_text":"","src":"https:\/\/i0.wp.com\/www.robertosedda.it\/wp-content\/uploads\/2023\/06\/Tango-Pozzetto-Ranieri.jpg?fit=1200%2C630&resize=350%2C200","width":350,"height":200,"srcset":"https:\/\/i0.wp.com\/www.robertosedda.it\/wp-content\/uploads\/2023\/06\/Tango-Pozzetto-Ranieri.jpg?fit=1200%2C630&resize=350%2C200 1x, https:\/\/i0.wp.com\/www.robertosedda.it\/wp-content\/uploads\/2023\/06\/Tango-Pozzetto-Ranieri.jpg?fit=1200%2C630&resize=700%2C400 2x, https:\/\/i0.wp.com\/www.robertosedda.it\/wp-content\/uploads\/2023\/06\/Tango-Pozzetto-Ranieri.jpg?fit=1200%2C630&resize=1050%2C600 3x"},"classes":[]},{"id":10930,"url":"http:\/\/www.robertosedda.it\/?p=10930","url_meta":{"origin":17042,"position":5},"title":"Meno etica, per favore","author":"Rufus","date":"28\/09\/2015","format":false,"excerpt":"Sto leggendo un piccolo saggio (liberamente disponibile in rete) sull'eccidio di Codevigo, una grave serie di uccisioni che ebbero luogo in un piccolo centro della Bassa padana o nei dintorni\u00a0nell'estate del '45,\u00a0nei giorni immediatamente successivi alla resa delle forze tedesche e dei loro alleati italiani. Nei giorni dell'eccidio furono passati\u2026","rel":"","context":"In &quot;Coordinate&quot;","block_context":{"text":"Coordinate","link":"http:\/\/www.robertosedda.it\/?cat=52"},"img":{"alt_text":"","src":"https:\/\/i0.wp.com\/www.robertosedda.it\/wp-content\/uploads\/2015\/09\/Lapide-cimitero-di-Pozza.jpg?fit=1200%2C900&resize=350%2C200","width":350,"height":200,"srcset":"https:\/\/i0.wp.com\/www.robertosedda.it\/wp-content\/uploads\/2015\/09\/Lapide-cimitero-di-Pozza.jpg?fit=1200%2C900&resize=350%2C200 1x, https:\/\/i0.wp.com\/www.robertosedda.it\/wp-content\/uploads\/2015\/09\/Lapide-cimitero-di-Pozza.jpg?fit=1200%2C900&resize=700%2C400 2x, https:\/\/i0.wp.com\/www.robertosedda.it\/wp-content\/uploads\/2015\/09\/Lapide-cimitero-di-Pozza.jpg?fit=1200%2C900&resize=1050%2C600 3x"},"classes":[]}],"_links":{"self":[{"href":"http:\/\/www.robertosedda.it\/index.php?rest_route=\/wp\/v2\/posts\/17042"}],"collection":[{"href":"http:\/\/www.robertosedda.it\/index.php?rest_route=\/wp\/v2\/posts"}],"about":[{"href":"http:\/\/www.robertosedda.it\/index.php?rest_route=\/wp\/v2\/types\/post"}],"author":[{"embeddable":true,"href":"http:\/\/www.robertosedda.it\/index.php?rest_route=\/wp\/v2\/users\/1"}],"replies":[{"embeddable":true,"href":"http:\/\/www.robertosedda.it\/index.php?rest_route=%2Fwp%2Fv2%2Fcomments&post=17042"}],"version-history":[{"count":6,"href":"http:\/\/www.robertosedda.it\/index.php?rest_route=\/wp\/v2\/posts\/17042\/revisions"}],"predecessor-version":[{"id":17049,"href":"http:\/\/www.robertosedda.it\/index.php?rest_route=\/wp\/v2\/posts\/17042\/revisions\/17049"}],"wp:featuredmedia":[{"embeddable":true,"href":"http:\/\/www.robertosedda.it\/index.php?rest_route=\/wp\/v2\/media\/17043"}],"wp:attachment":[{"href":"http:\/\/www.robertosedda.it\/index.php?rest_route=%2Fwp%2Fv2%2Fmedia&parent=17042"}],"wp:term":[{"taxonomy":"category","embeddable":true,"href":"http:\/\/www.robertosedda.it\/index.php?rest_route=%2Fwp%2Fv2%2Fcategories&post=17042"},{"taxonomy":"post_tag","embeddable":true,"href":"http:\/\/www.robertosedda.it\/index.php?rest_route=%2Fwp%2Fv2%2Ftags&post=17042"}],"curies":[{"name":"wp","href":"https:\/\/api.w.org\/{rel}","templated":true}]}}