{"id":17035,"date":"2019-08-21T14:17:40","date_gmt":"2019-08-21T12:17:40","guid":{"rendered":"http:\/\/www.robertosedda.it\/?p=17035"},"modified":"2025-08-27T13:07:34","modified_gmt":"2025-08-27T11:07:34","slug":"pentecostali-con-la-madonna","status":"publish","type":"post","link":"http:\/\/www.robertosedda.it\/?p=17035","title":{"rendered":"Pentecostali con la Madonna"},"content":{"rendered":"\n<p>Stamattina in casa si rifletteva su certi <em>leader<\/em> politici che brandiscono i simboli cristiani come garanzia di successo. <\/p>\n\n\n\n<figure class=\"wp-block-image alignwide\"><img data-attachment-id=\"17037\" data-permalink=\"http:\/\/www.robertosedda.it\/?attachment_id=17037\" data-orig-file=\"https:\/\/i0.wp.com\/www.robertosedda.it\/wp-content\/uploads\/2019\/08\/Rosario.jpg?fit=906%2C560\" data-orig-size=\"906,560\" data-comments-opened=\"1\" data-image-meta=\"{&quot;aperture&quot;:&quot;0&quot;,&quot;credit&quot;:&quot;&quot;,&quot;camera&quot;:&quot;&quot;,&quot;caption&quot;:&quot;&quot;,&quot;created_timestamp&quot;:&quot;0&quot;,&quot;copyright&quot;:&quot;&quot;,&quot;focal_length&quot;:&quot;0&quot;,&quot;iso&quot;:&quot;0&quot;,&quot;shutter_speed&quot;:&quot;0&quot;,&quot;title&quot;:&quot;&quot;,&quot;orientation&quot;:&quot;0&quot;}\" data-image-title=\"Rosario\" data-image-description=\"\" data-image-caption=\"\" data-medium-file=\"https:\/\/i0.wp.com\/www.robertosedda.it\/wp-content\/uploads\/2019\/08\/Rosario.jpg?fit=300%2C185\" data-large-file=\"https:\/\/i0.wp.com\/www.robertosedda.it\/wp-content\/uploads\/2019\/08\/Rosario.jpg?fit=510%2C315\" decoding=\"async\" loading=\"lazy\" width=\"800\" height=\"494\" src=\"https:\/\/i0.wp.com\/www.robertosedda.it\/wp-content\/uploads\/2019\/08\/Rosario.jpg?resize=800%2C494\" alt=\"\" class=\"wp-image-17037\" srcset=\"https:\/\/i0.wp.com\/www.robertosedda.it\/wp-content\/uploads\/2019\/08\/Rosario.jpg?w=906 906w, https:\/\/i0.wp.com\/www.robertosedda.it\/wp-content\/uploads\/2019\/08\/Rosario.jpg?resize=150%2C93 150w, https:\/\/i0.wp.com\/www.robertosedda.it\/wp-content\/uploads\/2019\/08\/Rosario.jpg?resize=300%2C185 300w, https:\/\/i0.wp.com\/www.robertosedda.it\/wp-content\/uploads\/2019\/08\/Rosario.jpg?resize=510%2C315 510w\" sizes=\"(max-width: 800px) 100vw, 800px\" data-recalc-dims=\"1\" \/><\/figure>\n\n\n\n<p>\u00ab\u00c8 come un certo tipo di cristianesimo africano\u00bb, ha detto Bonaria.<\/p>\n\n\n\n<p>Ho capito che parlava delle varie correnti che si riconoscono in una <a href=\"https:\/\/en.wikipedia.org\/wiki\/Prosperity_theology\">teologia della prosperit\u00e0<\/a>. Vedo che <em>Civilt\u00e0 Cattolica<\/em> <a href=\"https:\/\/www.laciviltacattolica.it\/articolo\/teologia-della-prosperita-il-pericolo-di-un-vangelo-diverso\/\">la descrive cos\u00ec<\/a>:<\/p>\n\n\n\n<blockquote class=\"wp-block-quote\">\n<p> \u00abTeologia della prosperit\u00e0\u00bb: questo \u00e8 il nome pi\u00f9 conosciuto e descrittivo di una corrente teologica neo-pentecostale evangelica. Il nucleo di questa \u00abteologia\u00bb \u00e8 la convinzione che Dio vuole che i suoi fedeli abbiano una vita prospera, e cio\u00e8 che siano ricchi dal punto di vista economico, sani da quello fisico e individualmente felici. Questo tipo di cristianesimo colloca il benessere del credente al centro della preghiera, e fa del suo Creatore colui che realizza i suoi pensieri e i suoi desideri. <\/p>\n<\/blockquote>\n\n\n\n<p>Altre denominazioni cristiane sono molto diffidenti nei confronti di questa impostazione. Il perch\u00e9 lo spiega subito dopo la stessa rivista:<\/p>\n\n\n\n<blockquote class=\"wp-block-quote\">\n<p>Il rischio di questa forma di antropocentrismo religioso, che mette al centro l\u2019uomo e il suo benessere, \u00e8 quello di trasformare Dio in un potere al nostro servizio, la Chiesa in un supermercato della fede, e la religione in un fenomeno utilitaristico ed eminentemente sensazionalistico e pragmatico. [&#8230;] La \u00abteologia della prosperit\u00e0\u00bb prende spunto da questa visione [il <em>sogno americano<\/em>, NdRufus], ma la traduce meccanicamente in termini religiosi, come se l\u2019opulenza e il benessere fossero il vero segno della predilezione divina da \u00abconquistare\u00bb magicamente con la fede. Questa \u00abteologia\u00bb \u00e8 stata diffusa \u2013 grazie anche a gigantesche campagne mediatiche \u2013 in tutto il mondo per decenni da movimenti e ministri evangelici, specialmente neo-carismatici.<\/p>\n<\/blockquote>\n\n\n\n<figure class=\"wp-block-image alignright\"><img data-attachment-id=\"17036\" data-permalink=\"http:\/\/www.robertosedda.it\/?attachment_id=17036\" data-orig-file=\"https:\/\/i0.wp.com\/www.robertosedda.it\/wp-content\/uploads\/2019\/08\/Prosperity-Gospel.jpg?fit=281%2C411\" data-orig-size=\"281,411\" data-comments-opened=\"1\" data-image-meta=\"{&quot;aperture&quot;:&quot;0&quot;,&quot;credit&quot;:&quot;&quot;,&quot;camera&quot;:&quot;&quot;,&quot;caption&quot;:&quot;&quot;,&quot;created_timestamp&quot;:&quot;0&quot;,&quot;copyright&quot;:&quot;&quot;,&quot;focal_length&quot;:&quot;0&quot;,&quot;iso&quot;:&quot;0&quot;,&quot;shutter_speed&quot;:&quot;0&quot;,&quot;title&quot;:&quot;&quot;,&quot;orientation&quot;:&quot;0&quot;}\" data-image-title=\"Prosperity Gospel\" data-image-description=\"\" data-image-caption=\"\" data-medium-file=\"https:\/\/i0.wp.com\/www.robertosedda.it\/wp-content\/uploads\/2019\/08\/Prosperity-Gospel.jpg?fit=205%2C300\" data-large-file=\"https:\/\/i0.wp.com\/www.robertosedda.it\/wp-content\/uploads\/2019\/08\/Prosperity-Gospel.jpg?fit=281%2C411\" decoding=\"async\" loading=\"lazy\" width=\"281\" height=\"411\" src=\"https:\/\/i0.wp.com\/www.robertosedda.it\/wp-content\/uploads\/2019\/08\/Prosperity-Gospel.jpg?resize=281%2C411\" alt=\"\" class=\"wp-image-17036\" srcset=\"https:\/\/i0.wp.com\/www.robertosedda.it\/wp-content\/uploads\/2019\/08\/Prosperity-Gospel.jpg?w=281 281w, https:\/\/i0.wp.com\/www.robertosedda.it\/wp-content\/uploads\/2019\/08\/Prosperity-Gospel.jpg?resize=103%2C150 103w, https:\/\/i0.wp.com\/www.robertosedda.it\/wp-content\/uploads\/2019\/08\/Prosperity-Gospel.jpg?resize=205%2C300 205w\" sizes=\"(max-width: 281px) 100vw, 281px\" data-recalc-dims=\"1\" \/><\/figure>\n\n\n\n<p>La polemica di <em>Civilt\u00e0 Cattolica<\/em> \u00e8 diretta verso il ruolo che i cristiani pentecostali che aderiscono a questa visione esercitano nella politica americana, e al sostegno di questa visione teologica al neoliberismo spinto degli ultraconservatori americani. Ma Bonaria diceva <em>africane<\/em> perch\u00e9 il modo pi\u00f9 facile perch\u00e9 un cagliaritano si imbatta in fratelli cristiani che professino questa visione \u00e8 quello di incontrare un cristiano di origine africana, soprattutto nigeriano, immigrato in Sardegna. Dall&#8217;America, infatti, e non sorprendentemente, questa visione teologica ha conosciuto grande successo nel Sud del mondo, e specialmente nell&#8217;Africa occidentale, non senza <a href=\"https:\/\/africanarguments.org\/2016\/09\/12\/of-false-prophets-and-profits-meet-the-pentecostal-preacher-taking-on-the-prosperity-gospel\/\">controversie<\/a>.<\/p>\n\n\n\n<p>E comunque, l&#8217;ostentazione del rosario, del Vangelo, del crocifisso come garanzia di successo, come promessa di vittoria, si adattavano abbastanza bene all&#8217;idea. Ma c&#8217;era un <em>ma<\/em>.<\/p>\n\n\n\n<p>\u00abNon credo che i pentecostali venerino il Cuore Immacolato di Maria, per\u00f2. Per non parlare del rosario\u00bb.<\/p>\n\n\n\n<p>Ci abbiamo pensato un po&#8217;. Poi ho detto: \u00abVa be&#8217;, Salvini sar\u00e0 un pentecostale con la Madonna\u00bb.<\/p>\n\n\n\n<p>Ci \u00e8 sembrato esatto.<\/p>\n","protected":false},"excerpt":{"rendered":"<p>Stamattina in casa si rifletteva su certi leader politici che brandiscono i simboli cristiani come garanzia di successo. \u00ab\u00c8 come<\/p>\n","protected":false},"author":1,"featured_media":17037,"comment_status":"open","ping_status":"open","sticky":false,"template":"","format":"standard","meta":{"_mi_skip_tracking":false,"_monsterinsights_sitenote_active":false,"_monsterinsights_sitenote_note":"","_monsterinsights_sitenote_category":0,"jetpack_post_was_ever_published":false,"_jetpack_newsletter_access":"","jetpack_publicize_message":"","jetpack_is_tweetstorm":false,"jetpack_publicize_feature_enabled":true,"jetpack_social_post_already_shared":false,"jetpack_social_options":{"image_generator_settings":{"template":"highway","enabled":false}}},"categories":[52,54,17,62,16],"tags":[],"jetpack_publicize_connections":[],"jetpack_featured_media_url":"https:\/\/i0.wp.com\/www.robertosedda.it\/wp-content\/uploads\/2019\/08\/Rosario.jpg?fit=906%2C560","jetpack_sharing_enabled":true,"jetpack_shortlink":"https:\/\/wp.me\/p4jV2T-4qL","jetpack_likes_enabled":true,"jetpack-related-posts":[{"id":13946,"url":"http:\/\/www.robertosedda.it\/?p=13946","url_meta":{"origin":17035,"position":0},"title":"L&#8217;ecumenismo dell&#8217;odio","author":"Rufus","date":"17\/07\/2017","format":false,"excerpt":"Civilt\u00e0 Cattolica ha pubblicato nel suo ultimo numero un articolo a firma congiunta di Padre Spadaro, direttore della testata, e del pastore protestante e collaboratore della rivista Marcelo Figueroa, dal titolo\u00a0Fondamentalismo evangelicale e integralismo cattolico. Un sorprendente ecumenismo. Ok, lo dico subito: la mia prima reazione \u00e8 stata di pensare,\u2026","rel":"","context":"In &quot;Coordinate&quot;","block_context":{"text":"Coordinate","link":"http:\/\/www.robertosedda.it\/?cat=52"},"img":{"alt_text":"","src":"https:\/\/i0.wp.com\/www.robertosedda.it\/wp-content\/uploads\/2017\/07\/Civilt\u00e0-Cattolica.jpg?fit=1200%2C612&resize=350%2C200","width":350,"height":200,"srcset":"https:\/\/i0.wp.com\/www.robertosedda.it\/wp-content\/uploads\/2017\/07\/Civilt\u00e0-Cattolica.jpg?fit=1200%2C612&resize=350%2C200 1x, https:\/\/i0.wp.com\/www.robertosedda.it\/wp-content\/uploads\/2017\/07\/Civilt\u00e0-Cattolica.jpg?fit=1200%2C612&resize=700%2C400 2x, https:\/\/i0.wp.com\/www.robertosedda.it\/wp-content\/uploads\/2017\/07\/Civilt\u00e0-Cattolica.jpg?fit=1200%2C612&resize=1050%2C600 3x"},"classes":[]},{"id":16918,"url":"http:\/\/www.robertosedda.it\/?p=16918","url_meta":{"origin":17035,"position":1},"title":"Piccola proposta per rendere tutto pi\u00f9 chiaro","author":"Rufus","date":"15\/07\/2019","format":false,"excerpt":"Sono stato nei giorni scorsi a Camaldoli all'incontro del gruppo di lavoro Economia Disarmata, da cui torno con l'idea mettere in ordine i pensieri maturati in questi due giorni raccontando della differenza fra Luigi Meneghello e Teresio Olivelli (e fra Antonio Giuriolo e Dietrich Boenhoffer) e della relazione fra insurrezione\u2026","rel":"","context":"In &quot;Coordinate&quot;","block_context":{"text":"Coordinate","link":"http:\/\/www.robertosedda.it\/?cat=52"},"img":{"alt_text":"","src":"https:\/\/i0.wp.com\/www.robertosedda.it\/wp-content\/uploads\/2019\/07\/Paolo_Uccello_047b.jpg?fit=1200%2C918&resize=350%2C200","width":350,"height":200,"srcset":"https:\/\/i0.wp.com\/www.robertosedda.it\/wp-content\/uploads\/2019\/07\/Paolo_Uccello_047b.jpg?fit=1200%2C918&resize=350%2C200 1x, https:\/\/i0.wp.com\/www.robertosedda.it\/wp-content\/uploads\/2019\/07\/Paolo_Uccello_047b.jpg?fit=1200%2C918&resize=700%2C400 2x, https:\/\/i0.wp.com\/www.robertosedda.it\/wp-content\/uploads\/2019\/07\/Paolo_Uccello_047b.jpg?fit=1200%2C918&resize=1050%2C600 3x"},"classes":[]},{"id":17177,"url":"http:\/\/www.robertosedda.it\/?p=17177","url_meta":{"origin":17035,"position":2},"title":"Prati insostenibili e insopportabili","author":"Rufus","date":"09\/09\/2019","format":false,"excerpt":"Il New York Times racconta l''accuratamente programmata ascesa di un mito americano: il prato all'inglese davanti alla villetta. @nytimes","rel":"","context":"In &quot;Coordinate&quot;","block_context":{"text":"Coordinate","link":"http:\/\/www.robertosedda.it\/?cat=52"},"img":{"alt_text":"","src":"https:\/\/i0.wp.com\/www.robertosedda.it\/wp-content\/uploads\/2019\/09\/Prato-NYTimes.png?fit=1200%2C531&resize=350%2C200","width":350,"height":200,"srcset":"https:\/\/i0.wp.com\/www.robertosedda.it\/wp-content\/uploads\/2019\/09\/Prato-NYTimes.png?fit=1200%2C531&resize=350%2C200 1x, https:\/\/i0.wp.com\/www.robertosedda.it\/wp-content\/uploads\/2019\/09\/Prato-NYTimes.png?fit=1200%2C531&resize=700%2C400 2x, https:\/\/i0.wp.com\/www.robertosedda.it\/wp-content\/uploads\/2019\/09\/Prato-NYTimes.png?fit=1200%2C531&resize=1050%2C600 3x"},"classes":[]},{"id":13595,"url":"http:\/\/www.robertosedda.it\/?p=13595","url_meta":{"origin":17035,"position":3},"title":"Leggete Il Sismografo","author":"Rufus","date":"21\/04\/2017","format":false,"excerpt":"Su suggerimento di Nicoletta Dentico seguo ormai da diverso tempo Il Sismografo, un sito di notizie ecclesiali sia elaborate in proprio che riprese da diversi altri centri di informazione, in italiano, inglese, francese, spagnolo e portoghese. Non trovo particolarmente utile Il Sismografo per le notizie o la formazione specificamente ecclesiale,\u2026","rel":"","context":"In &quot;Coordinate&quot;","block_context":{"text":"Coordinate","link":"http:\/\/www.robertosedda.it\/?cat=52"},"img":{"alt_text":"","src":"","width":0,"height":0},"classes":[]},{"id":19982,"url":"http:\/\/www.robertosedda.it\/?p=19982","url_meta":{"origin":17035,"position":4},"title":"Lo zio buono","author":"Rufus","date":"02\/03\/2023","format":false,"excerpt":"Sto leggendo, con inaspettato piacere, un libro che ha accompagnato la mia adolescenza, nel senso che la mia professoressa di italiano del liceo lo citava almeno una volta alla settimana, e cio\u00e8 Mimesis di Erich Auerbach, un tomo che sin dall'aspetto (sono pi\u00f9 di 600 pagine) e certo anche per\u2026","rel":"","context":"In &quot;Coordinate&quot;","block_context":{"text":"Coordinate","link":"http:\/\/www.robertosedda.it\/?cat=52"},"img":{"alt_text":"","src":"https:\/\/i0.wp.com\/www.robertosedda.it\/wp-content\/uploads\/2023\/03\/Mimesis.jpg?fit=311%2C500&resize=350%2C200","width":350,"height":200},"classes":[]},{"id":16589,"url":"http:\/\/www.robertosedda.it\/?p=16589","url_meta":{"origin":17035,"position":5},"title":"Orgoglio e pregiudizio","author":"Rufus","date":"18\/04\/2019","format":false,"excerpt":"Contrariamente a quel che potete pensare questo articolo non parler\u00e0 del libro di Jane Austen o di caparbie eroine inglesi e di nobiluomini dal temperamento focoso. Parler\u00e0 invece di testi evangelici, di teologia, di tedeschi algidi e di principi della Chiesa piuttosto sviati. Ho letto infatti l'altro giorno il testo\u2026","rel":"","context":"In &quot;Coordinate&quot;","block_context":{"text":"Coordinate","link":"http:\/\/www.robertosedda.it\/?cat=52"},"img":{"alt_text":"","src":"https:\/\/i0.wp.com\/www.robertosedda.it\/wp-content\/uploads\/2019\/04\/Ratzinger-3.jpg?fit=750%2C505&resize=350%2C200","width":350,"height":200,"srcset":"https:\/\/i0.wp.com\/www.robertosedda.it\/wp-content\/uploads\/2019\/04\/Ratzinger-3.jpg?fit=750%2C505&resize=350%2C200 1x, https:\/\/i0.wp.com\/www.robertosedda.it\/wp-content\/uploads\/2019\/04\/Ratzinger-3.jpg?fit=750%2C505&resize=700%2C400 2x"},"classes":[]}],"_links":{"self":[{"href":"http:\/\/www.robertosedda.it\/index.php?rest_route=\/wp\/v2\/posts\/17035"}],"collection":[{"href":"http:\/\/www.robertosedda.it\/index.php?rest_route=\/wp\/v2\/posts"}],"about":[{"href":"http:\/\/www.robertosedda.it\/index.php?rest_route=\/wp\/v2\/types\/post"}],"author":[{"embeddable":true,"href":"http:\/\/www.robertosedda.it\/index.php?rest_route=\/wp\/v2\/users\/1"}],"replies":[{"embeddable":true,"href":"http:\/\/www.robertosedda.it\/index.php?rest_route=%2Fwp%2Fv2%2Fcomments&post=17035"}],"version-history":[{"count":2,"href":"http:\/\/www.robertosedda.it\/index.php?rest_route=\/wp\/v2\/posts\/17035\/revisions"}],"predecessor-version":[{"id":20735,"href":"http:\/\/www.robertosedda.it\/index.php?rest_route=\/wp\/v2\/posts\/17035\/revisions\/20735"}],"wp:featuredmedia":[{"embeddable":true,"href":"http:\/\/www.robertosedda.it\/index.php?rest_route=\/wp\/v2\/media\/17037"}],"wp:attachment":[{"href":"http:\/\/www.robertosedda.it\/index.php?rest_route=%2Fwp%2Fv2%2Fmedia&parent=17035"}],"wp:term":[{"taxonomy":"category","embeddable":true,"href":"http:\/\/www.robertosedda.it\/index.php?rest_route=%2Fwp%2Fv2%2Fcategories&post=17035"},{"taxonomy":"post_tag","embeddable":true,"href":"http:\/\/www.robertosedda.it\/index.php?rest_route=%2Fwp%2Fv2%2Ftags&post=17035"}],"curies":[{"name":"wp","href":"https:\/\/api.w.org\/{rel}","templated":true}]}}