{"id":17025,"date":"2019-08-21T10:00:30","date_gmt":"2019-08-21T08:00:30","guid":{"rendered":"http:\/\/www.robertosedda.it\/?p=17025"},"modified":"2019-08-21T09:18:48","modified_gmt":"2019-08-21T07:18:48","slug":"tre-parole-di-sicurezza","status":"publish","type":"post","link":"http:\/\/www.robertosedda.it\/?p=17025","title":{"rendered":"Tre parole di sicurezza"},"content":{"rendered":"\n<p>La tragica <a href=\"https:\/\/napoli.repubblica.it\/cronaca\/2019\/08\/19\/news\/cilento_si_cerca_di_recuperare_il_corpo_di_simon_il_turista_francese_trovato_morto-233900927\/\">vicenda dell&#8217;escursionista francese morto nel Cilento<\/a> mi ha fatto tornare in mente <a href=\"https:\/\/www.bbc.com\/news\/uk-england-49319760\">un articolo letto da poco sul sito della <\/a><em><a href=\"https:\/\/www.bbc.com\/news\/uk-england-49319760\">BBC<\/a><\/em>, nel quale si parlava di una <em>app<\/em> da tenere sul cellulare e che fornisce con esattezza la propria posizione, che si pu\u00f2 poi comunicare con un codice facile da ricordare e comprendere: una combinazione univoca di tre parole (quindi niente latitudine e longitudine o cose del genere).<\/p>\n\n\n\n<p>L&#8217;ho scaricata e, effettivamente, sullo schermo compare una mappa divisa in centinaia di quadratini (sono alcuni miliardi per descrivere tutto il mondo), ciascuno dei quali corrisponde a un codice univoco formato da tre parole normali: per esempio, il <em>Babeuf<\/em> \u00e8 identificato da <em>rametto.lodate.essere<\/em>. Essendo GPS dovrebbe funzionare anche senza accesso alla rete: ho provato a mettermi in modalit\u00e0 aereo e a usare la <em>app<\/em> e quella ha continuato a darmi indirizzi esatti.<\/p>\n\n\n\n<figure class=\"wp-block-image alignwide\"><img data-attachment-id=\"17027\" data-permalink=\"http:\/\/www.robertosedda.it\/?attachment_id=17027\" data-orig-file=\"https:\/\/i0.wp.com\/www.robertosedda.it\/wp-content\/uploads\/2019\/08\/what3words2.jpg?fit=494%2C426\" data-orig-size=\"494,426\" data-comments-opened=\"1\" data-image-meta=\"{&quot;aperture&quot;:&quot;0&quot;,&quot;credit&quot;:&quot;&quot;,&quot;camera&quot;:&quot;&quot;,&quot;caption&quot;:&quot;&quot;,&quot;created_timestamp&quot;:&quot;0&quot;,&quot;copyright&quot;:&quot;&quot;,&quot;focal_length&quot;:&quot;0&quot;,&quot;iso&quot;:&quot;0&quot;,&quot;shutter_speed&quot;:&quot;0&quot;,&quot;title&quot;:&quot;&quot;,&quot;orientation&quot;:&quot;0&quot;}\" data-image-title=\"what3words2\" data-image-description=\"\" data-image-caption=\"\" data-medium-file=\"https:\/\/i0.wp.com\/www.robertosedda.it\/wp-content\/uploads\/2019\/08\/what3words2.jpg?fit=300%2C259\" data-large-file=\"https:\/\/i0.wp.com\/www.robertosedda.it\/wp-content\/uploads\/2019\/08\/what3words2.jpg?fit=494%2C426\" decoding=\"async\" loading=\"lazy\" width=\"494\" height=\"426\" src=\"https:\/\/i0.wp.com\/www.robertosedda.it\/wp-content\/uploads\/2019\/08\/what3words2.jpg?resize=494%2C426\" alt=\"\" class=\"wp-image-17027\" srcset=\"https:\/\/i0.wp.com\/www.robertosedda.it\/wp-content\/uploads\/2019\/08\/what3words2.jpg?w=494 494w, https:\/\/i0.wp.com\/www.robertosedda.it\/wp-content\/uploads\/2019\/08\/what3words2.jpg?resize=150%2C129 150w, https:\/\/i0.wp.com\/www.robertosedda.it\/wp-content\/uploads\/2019\/08\/what3words2.jpg?resize=300%2C259 300w\" sizes=\"(max-width: 494px) 100vw, 494px\" data-recalc-dims=\"1\" \/><\/figure>\n\n\n\n<p>Leggo che in Gran Bretagna c&#8217;\u00e8 gi\u00e0 una lunga casistica di soccorsi efficaci in una variet\u00e0 di casi, dagli escursionisti o bambini smarriti alla <a href=\"https:\/\/www.unilad.co.uk\/news\/three-words-saved-sexual-assault-hostage-victims-life\/\">ragazza rapita per una violenza sessuale<\/a>, tanto che pare che adesso sar\u00e0 utilizzata come risorsa <em>standard<\/em> dei numeri di emergenza (naturalmente, se ce l&#8217;hai gi\u00e0 sul cellulare e non devi scaricarla al momento \u00e8 meglio).<\/p>\n\n\n\n<p>L&#8217;applicazione si chiama <em><a href=\"https:\/\/what3words.com\">what3words<\/a><\/em>: dal sito capisco che in realt\u00e0 il prodotto non \u00e8 mirato tanto alla gestione di emergenze e soccorsi, quanto alla creazione di indirizzari condivisi che superino le difficolt\u00e0 linguistiche: per esempio in futuro non dovrai pi\u00f9 dire a <em>Maps<\/em> che vuoi andare al ristorante <em>Balena<\/em> in via Santa Gilla a Cagliari, ma dovrai dirgli solo <em>fagotti.animali.sfida<\/em> e quello sapr\u00e0 dove condurti (vedo che i navigatori di serie della <em>Mercedes<\/em>a e della <em>Ford<\/em> adotteranno questo sistema), \u00c8 una logica di utilizzo, ovviamente, che vale in potenza per risolvere <a href=\"https:\/\/what3words.com\/products\/\">un sacco di altri problemi<\/a> e mi sembra molto interessante tenerla d&#8217;occhio per vedere dove ci conduce. <\/p>\n\n\n\n<figure class=\"wp-block-image alignwide\"><img data-attachment-id=\"17026\" data-permalink=\"http:\/\/www.robertosedda.it\/?attachment_id=17026\" data-orig-file=\"https:\/\/i0.wp.com\/www.robertosedda.it\/wp-content\/uploads\/2019\/08\/what3words3.png?fit=1000%2C638\" data-orig-size=\"1000,638\" data-comments-opened=\"1\" data-image-meta=\"{&quot;aperture&quot;:&quot;0&quot;,&quot;credit&quot;:&quot;&quot;,&quot;camera&quot;:&quot;&quot;,&quot;caption&quot;:&quot;&quot;,&quot;created_timestamp&quot;:&quot;0&quot;,&quot;copyright&quot;:&quot;&quot;,&quot;focal_length&quot;:&quot;0&quot;,&quot;iso&quot;:&quot;0&quot;,&quot;shutter_speed&quot;:&quot;0&quot;,&quot;title&quot;:&quot;&quot;,&quot;orientation&quot;:&quot;0&quot;}\" data-image-title=\"what3words3\" data-image-description=\"\" data-image-caption=\"\" data-medium-file=\"https:\/\/i0.wp.com\/www.robertosedda.it\/wp-content\/uploads\/2019\/08\/what3words3.png?fit=300%2C191\" data-large-file=\"https:\/\/i0.wp.com\/www.robertosedda.it\/wp-content\/uploads\/2019\/08\/what3words3.png?fit=510%2C325\" decoding=\"async\" loading=\"lazy\" width=\"800\" height=\"510\" src=\"https:\/\/i0.wp.com\/www.robertosedda.it\/wp-content\/uploads\/2019\/08\/what3words3.png?resize=800%2C510\" alt=\"\" class=\"wp-image-17026\" srcset=\"https:\/\/i0.wp.com\/www.robertosedda.it\/wp-content\/uploads\/2019\/08\/what3words3.png?w=1000 1000w, https:\/\/i0.wp.com\/www.robertosedda.it\/wp-content\/uploads\/2019\/08\/what3words3.png?resize=150%2C96 150w, https:\/\/i0.wp.com\/www.robertosedda.it\/wp-content\/uploads\/2019\/08\/what3words3.png?resize=300%2C191 300w, https:\/\/i0.wp.com\/www.robertosedda.it\/wp-content\/uploads\/2019\/08\/what3words3.png?resize=510%2C325 510w\" sizes=\"(max-width: 800px) 100vw, 800px\" data-recalc-dims=\"1\" \/><\/figure>\n\n\n\n<p>Vorrei aggiungere un&#8217;osservazione finale che spero sia non necessaria, ed \u00e8 che questo <em>post<\/em> non vuole entrare nella polemica sulla morte di Simon Gautier e sulla gestione dei soccorsi: non ho la minima idea delle dinamiche dell&#8217;incidente, delle condizioni di salute del ragazzo subito dopo, dei mezzi a disposizione e cos\u00ec via, e quindi non mi permetto di aprire bocca.<\/p>\n\n\n\n<p>E in ogni caso quelli che in questi casi la sanno lunga non mi piacciono per nulla, quindi anche se sapessi tutte queste cose probabilmente non aprirei bocca lo stesso.<\/p>\n\n\n\n<p>Per\u00f2 adesso la <em>app<\/em> me la sono scaricata (vedo peraltro che ci sono un sacco di <a href=\"http:\/\/www.ansa.it\/canale_saluteebenessere\/notizie\/sanita\/2019\/08\/19\/-turista-francese-denuncia-del-118-italia-in-ritardo-su-direttiva-ue-_de054dd1-57db-4854-86df-6dcf4b7d9390.html\">altre tecnologie basate sul <\/a><em><a href=\"http:\/\/www.ansa.it\/canale_saluteebenessere\/notizie\/sanita\/2019\/08\/19\/-turista-francese-denuncia-del-118-italia-in-ritardo-su-direttiva-ue-_de054dd1-57db-4854-86df-6dcf4b7d9390.html\">GPS<\/a><\/em> che vengono utilizzate efficacemente, anche in Sardegna).<\/p>\n\n\n\n<figure class=\"wp-block-image alignwide\"><img data-attachment-id=\"17033\" data-permalink=\"http:\/\/www.robertosedda.it\/?attachment_id=17033\" data-orig-file=\"https:\/\/i0.wp.com\/www.robertosedda.it\/wp-content\/uploads\/2019\/08\/what3words.jpg?fit=1280%2C720\" data-orig-size=\"1280,720\" data-comments-opened=\"1\" data-image-meta=\"{&quot;aperture&quot;:&quot;0&quot;,&quot;credit&quot;:&quot;&quot;,&quot;camera&quot;:&quot;&quot;,&quot;caption&quot;:&quot;&quot;,&quot;created_timestamp&quot;:&quot;0&quot;,&quot;copyright&quot;:&quot;&quot;,&quot;focal_length&quot;:&quot;0&quot;,&quot;iso&quot;:&quot;0&quot;,&quot;shutter_speed&quot;:&quot;0&quot;,&quot;title&quot;:&quot;&quot;,&quot;orientation&quot;:&quot;0&quot;}\" data-image-title=\"what3words\" data-image-description=\"\" data-image-caption=\"\" data-medium-file=\"https:\/\/i0.wp.com\/www.robertosedda.it\/wp-content\/uploads\/2019\/08\/what3words.jpg?fit=300%2C169\" data-large-file=\"https:\/\/i0.wp.com\/www.robertosedda.it\/wp-content\/uploads\/2019\/08\/what3words.jpg?fit=510%2C287\" decoding=\"async\" loading=\"lazy\" width=\"510\" height=\"287\" src=\"https:\/\/i0.wp.com\/www.robertosedda.it\/wp-content\/uploads\/2019\/08\/what3words.jpg?resize=510%2C287\" alt=\"\" class=\"wp-image-17033\" srcset=\"https:\/\/i0.wp.com\/www.robertosedda.it\/wp-content\/uploads\/2019\/08\/what3words.jpg?resize=510%2C287 510w, https:\/\/i0.wp.com\/www.robertosedda.it\/wp-content\/uploads\/2019\/08\/what3words.jpg?resize=150%2C84 150w, https:\/\/i0.wp.com\/www.robertosedda.it\/wp-content\/uploads\/2019\/08\/what3words.jpg?resize=300%2C169 300w, https:\/\/i0.wp.com\/www.robertosedda.it\/wp-content\/uploads\/2019\/08\/what3words.jpg?w=1280 1280w\" sizes=\"(max-width: 510px) 100vw, 510px\" data-recalc-dims=\"1\" \/><\/figure>\n","protected":false},"excerpt":{"rendered":"<p>La tragica vicenda dell&#8217;escursionista francese morto nel Cilento mi ha fatto tornare in mente un articolo letto da poco sul<\/p>\n","protected":false},"author":1,"featured_media":17027,"comment_status":"open","ping_status":"open","sticky":false,"template":"","format":"standard","meta":{"_mi_skip_tracking":false,"_monsterinsights_sitenote_active":false,"_monsterinsights_sitenote_note":"","_monsterinsights_sitenote_category":0,"jetpack_post_was_ever_published":false,"_jetpack_newsletter_access":"","jetpack_publicize_message":"","jetpack_is_tweetstorm":false,"jetpack_publicize_feature_enabled":true,"jetpack_social_post_already_shared":false,"jetpack_social_options":{"image_generator_settings":{"template":"highway","enabled":false}}},"categories":[52,55,77,95,19,16],"tags":[],"jetpack_publicize_connections":[],"jetpack_featured_media_url":"https:\/\/i0.wp.com\/www.robertosedda.it\/wp-content\/uploads\/2019\/08\/what3words2.jpg?fit=494%2C426","jetpack_sharing_enabled":true,"jetpack_shortlink":"https:\/\/wp.me\/p4jV2T-4qB","jetpack_likes_enabled":true,"jetpack-related-posts":[{"id":20133,"url":"http:\/\/www.robertosedda.it\/?p=20133","url_meta":{"origin":17025,"position":0},"title":"Dilemma e rammarico","author":"Rufus","date":"21\/06\/2023","format":false,"excerpt":"Sono seduto su una panchina al Poetto intento a togliermi la sabbia dai piedi prima di salire in autobus. Percepisco dietro di me tre ragazzi che cazzeggiano; uno \u00e8 particolarmente rumoroso, si capisce che sta facendo lo show - per s\u00e9, per gli altri e per un pubblico invisibile. Proprio\u2026","rel":"","context":"In &quot;Coordinate&quot;","block_context":{"text":"Coordinate","link":"http:\/\/www.robertosedda.it\/?cat=52"},"img":{"alt_text":"","src":"https:\/\/i0.wp.com\/www.robertosedda.it\/wp-content\/uploads\/2023\/06\/IMG_20230618_173840.jpg?fit=1043%2C554&resize=350%2C200","width":350,"height":200,"srcset":"https:\/\/i0.wp.com\/www.robertosedda.it\/wp-content\/uploads\/2023\/06\/IMG_20230618_173840.jpg?fit=1043%2C554&resize=350%2C200 1x, https:\/\/i0.wp.com\/www.robertosedda.it\/wp-content\/uploads\/2023\/06\/IMG_20230618_173840.jpg?fit=1043%2C554&resize=700%2C400 2x"},"classes":[]},{"id":1865,"url":"http:\/\/www.robertosedda.it\/?p=1865","url_meta":{"origin":17025,"position":1},"title":"Vi manca l&#8217;idea per un gioco di ruolo? Ecco&#8230;","author":"Rufus","date":"18\/01\/2013","format":false,"excerpt":"In questo periodo ho pi\u00f9 cose da scrivere che tempo a disposizione. E mi sono anche accorto che sebbene la scritta Giochi campeggi sul men\u00f9 principale, sebbene mi dichiari orgogliosamente un giocatore, sinora non ho parlato quasi mai di giochi. L'articolo che state per leggere nasce da queste due osservazioni.\u00a0Mi\u2026","rel":"","context":"In &quot;Cappe e spade&quot;","block_context":{"text":"Cappe e spade","link":"http:\/\/www.robertosedda.it\/?cat=70"},"img":{"alt_text":"","src":"https:\/\/i0.wp.com\/www.robertosedda.it\/wp-content\/uploads\/2013\/01\/voynich.jpg?fit=411%2C300&resize=350%2C200","width":350,"height":200},"classes":[]},{"id":13082,"url":"http:\/\/www.robertosedda.it\/?p=13082","url_meta":{"origin":17025,"position":2},"title":"Ballata brechtiana","author":"Rufus","date":"13\/01\/2017","format":false,"excerpt":"Ho finito oggi di leggere Qualcosa sui Lehman di Stefano Massini (Mondadori 2016, \u20ac 24), il libro da cui \u00e8 tratto lo spettacolo Lehman Trilogy, segnalatomi dal mio cugino Paolo, il grande libraio universale. Devo dire che \u00e8 un testo affascinante; Massini lo definisce romanzo\/ballata, e si capisce: \u00e8 tutto\u2026","rel":"","context":"In &quot;Biografie&quot;","block_context":{"text":"Biografie","link":"http:\/\/www.robertosedda.it\/?cat=83"},"img":{"alt_text":"","src":"https:\/\/i0.wp.com\/www.robertosedda.it\/wp-content\/uploads\/2017\/01\/Stefano-Massini.jpg?resize=350%2C200","width":350,"height":200},"classes":[]},{"id":6834,"url":"http:\/\/www.robertosedda.it\/?p=6834","url_meta":{"origin":17025,"position":3},"title":"Bye bye Pigliaru","author":"Rufus","date":"25\/03\/2014","format":false,"excerpt":"Rilancio un intervento fatto su Facebook da Marco Zurru. Sono molto d'accordo, quasi parola per parola, e mi sembra un punto di vista importante su cui confrontarsi (c'era una preoccupazione simile\u00a0alla fine di\u00a0una mia vecchia recensione). Rispetto all'originale ho fatto solo alcuni brevi aggiustamenti grafici. Naturalmente, prendete questo reblogging anche\u2026","rel":"","context":"In &quot;Coordinate&quot;","block_context":{"text":"Coordinate","link":"http:\/\/www.robertosedda.it\/?cat=52"},"img":{"alt_text":"","src":"https:\/\/i0.wp.com\/www.robertosedda.it\/wp-content\/uploads\/2014\/03\/Pigliaru.jpg?fit=500%2C709&resize=350%2C200","width":350,"height":200},"classes":[]},{"id":3392,"url":"http:\/\/www.robertosedda.it\/?p=3392","url_meta":{"origin":17025,"position":4},"title":"Di parole mi occupo","author":"Rufus","date":"02\/06\/2013","format":false,"excerpt":"La riflessione qui sotto \u00e8 di Beniamino Sidoti, un amico mio e dei Fabbricastorie, scrittore, editore, autore di giochi, formatore, organizzatore, giornalista: insomma uno che in tante vesti e per diversi motivi si \u00e8 misurato con gli effetti della politica culturale del nostro Paese. \u00c8 un testo che condivido e\u2026","rel":"","context":"In &quot;Coordinate&quot;","block_context":{"text":"Coordinate","link":"http:\/\/www.robertosedda.it\/?cat=52"},"img":{"alt_text":"","src":"","width":0,"height":0},"classes":[]},{"id":15879,"url":"http:\/\/www.robertosedda.it\/?p=15879","url_meta":{"origin":17025,"position":5},"title":"Cose da terzo mondo!","author":"Rufus","date":"23\/11\/2018","format":false,"excerpt":"Sabato a Nuoro ho visto le tre nuove mostre che sono state da poco allestite al\u00a0MAN. Delle tre, quella di pittura al piano intermedio (O Youth and Beauty!)\u00a0non mi ha ispirato particolarmente: diciamo che i tre artisti mi sono sembrati tutti, appunto, piuttosto giovani\u00a0e un po' irresoluti (anche se vedo\u2026","rel":"","context":"In &quot;Coordinate&quot;","block_context":{"text":"Coordinate","link":"http:\/\/www.robertosedda.it\/?cat=52"},"img":{"alt_text":"","src":"https:\/\/i0.wp.com\/www.robertosedda.it\/wp-content\/uploads\/2018\/11\/Gbre.jpg?fit=751%2C500&resize=350%2C200","width":350,"height":200,"srcset":"https:\/\/i0.wp.com\/www.robertosedda.it\/wp-content\/uploads\/2018\/11\/Gbre.jpg?fit=751%2C500&resize=350%2C200 1x, https:\/\/i0.wp.com\/www.robertosedda.it\/wp-content\/uploads\/2018\/11\/Gbre.jpg?fit=751%2C500&resize=700%2C400 2x"},"classes":[]}],"_links":{"self":[{"href":"http:\/\/www.robertosedda.it\/index.php?rest_route=\/wp\/v2\/posts\/17025"}],"collection":[{"href":"http:\/\/www.robertosedda.it\/index.php?rest_route=\/wp\/v2\/posts"}],"about":[{"href":"http:\/\/www.robertosedda.it\/index.php?rest_route=\/wp\/v2\/types\/post"}],"author":[{"embeddable":true,"href":"http:\/\/www.robertosedda.it\/index.php?rest_route=\/wp\/v2\/users\/1"}],"replies":[{"embeddable":true,"href":"http:\/\/www.robertosedda.it\/index.php?rest_route=%2Fwp%2Fv2%2Fcomments&post=17025"}],"version-history":[{"count":2,"href":"http:\/\/www.robertosedda.it\/index.php?rest_route=\/wp\/v2\/posts\/17025\/revisions"}],"predecessor-version":[{"id":17034,"href":"http:\/\/www.robertosedda.it\/index.php?rest_route=\/wp\/v2\/posts\/17025\/revisions\/17034"}],"wp:featuredmedia":[{"embeddable":true,"href":"http:\/\/www.robertosedda.it\/index.php?rest_route=\/wp\/v2\/media\/17027"}],"wp:attachment":[{"href":"http:\/\/www.robertosedda.it\/index.php?rest_route=%2Fwp%2Fv2%2Fmedia&parent=17025"}],"wp:term":[{"taxonomy":"category","embeddable":true,"href":"http:\/\/www.robertosedda.it\/index.php?rest_route=%2Fwp%2Fv2%2Fcategories&post=17025"},{"taxonomy":"post_tag","embeddable":true,"href":"http:\/\/www.robertosedda.it\/index.php?rest_route=%2Fwp%2Fv2%2Ftags&post=17025"}],"curies":[{"name":"wp","href":"https:\/\/api.w.org\/{rel}","templated":true}]}}