{"id":17022,"date":"2019-08-20T10:00:17","date_gmt":"2019-08-20T08:00:17","guid":{"rendered":"http:\/\/www.robertosedda.it\/?p=17022"},"modified":"2019-08-20T09:56:32","modified_gmt":"2019-08-20T07:56:32","slug":"addio-banane","status":"publish","type":"post","link":"http:\/\/www.robertosedda.it\/?p=17022","title":{"rendered":"Addio, banane"},"content":{"rendered":"\n<p>Non \u00e8 che io ci goda a diffondere notizie apocalittiche, ma questo \u00e8 un periodo in cui abbondano.<\/p>\n\n\n\n<figure class=\"wp-block-image alignwide\"><img data-attachment-id=\"17023\" data-permalink=\"http:\/\/www.robertosedda.it\/?attachment_id=17023\" data-orig-file=\"https:\/\/i0.wp.com\/www.robertosedda.it\/wp-content\/uploads\/2019\/08\/Banana.jpg?fit=2000%2C1500\" data-orig-size=\"2000,1500\" data-comments-opened=\"1\" data-image-meta=\"{&quot;aperture&quot;:&quot;0&quot;,&quot;credit&quot;:&quot;&quot;,&quot;camera&quot;:&quot;&quot;,&quot;caption&quot;:&quot;&quot;,&quot;created_timestamp&quot;:&quot;0&quot;,&quot;copyright&quot;:&quot;&quot;,&quot;focal_length&quot;:&quot;0&quot;,&quot;iso&quot;:&quot;0&quot;,&quot;shutter_speed&quot;:&quot;0&quot;,&quot;title&quot;:&quot;&quot;,&quot;orientation&quot;:&quot;0&quot;}\" data-image-title=\"Banana\" data-image-description=\"\" data-image-caption=\"\" data-medium-file=\"https:\/\/i0.wp.com\/www.robertosedda.it\/wp-content\/uploads\/2019\/08\/Banana.jpg?fit=300%2C225\" data-large-file=\"https:\/\/i0.wp.com\/www.robertosedda.it\/wp-content\/uploads\/2019\/08\/Banana.jpg?fit=510%2C383\" decoding=\"async\" loading=\"lazy\" width=\"800\" height=\"600\" src=\"https:\/\/i0.wp.com\/www.robertosedda.it\/wp-content\/uploads\/2019\/08\/Banana.jpg?resize=800%2C600\" alt=\"\" class=\"wp-image-17023\" srcset=\"https:\/\/i0.wp.com\/www.robertosedda.it\/wp-content\/uploads\/2019\/08\/Banana.jpg?w=2000 2000w, https:\/\/i0.wp.com\/www.robertosedda.it\/wp-content\/uploads\/2019\/08\/Banana.jpg?resize=150%2C113 150w, https:\/\/i0.wp.com\/www.robertosedda.it\/wp-content\/uploads\/2019\/08\/Banana.jpg?resize=300%2C225 300w, https:\/\/i0.wp.com\/www.robertosedda.it\/wp-content\/uploads\/2019\/08\/Banana.jpg?resize=510%2C383 510w, https:\/\/i0.wp.com\/www.robertosedda.it\/wp-content\/uploads\/2019\/08\/Banana.jpg?w=1600 1600w\" sizes=\"(max-width: 800px) 100vw, 800px\" data-recalc-dims=\"1\" \/><\/figure>\n\n\n\n<p>L&#8217;ultima, che <a href=\"https:\/\/www.wired.co.uk\/article\/banana-disease-tr4-latin-america\">leggo sulla edizione inglese di <\/a><em><a href=\"https:\/\/www.wired.co.uk\/article\/banana-disease-tr4-latin-america\">Wired<\/a><\/em>, \u00e8 la diffusione di un fungo esiziale per le piantagioni di banane, che potrebbe in un tempo limitato portare all&#8217;estinzione delle banane di consumo commerciale come le conosciamo.<\/p>\n","protected":false},"excerpt":{"rendered":"<p>Non \u00e8 che io ci goda a diffondere notizie apocalittiche, ma questo \u00e8 un periodo in cui abbondano. L&#8217;ultima, che<\/p>\n","protected":false},"author":1,"featured_media":17023,"comment_status":"open","ping_status":"open","sticky":false,"template":"","format":"standard","meta":{"_mi_skip_tracking":false,"_monsterinsights_sitenote_active":false,"_monsterinsights_sitenote_note":"","_monsterinsights_sitenote_category":0,"jetpack_post_was_ever_published":false,"_jetpack_newsletter_access":"","jetpack_publicize_message":"","jetpack_is_tweetstorm":false,"jetpack_publicize_feature_enabled":true,"jetpack_social_post_already_shared":false,"jetpack_social_options":{"image_generator_settings":{"template":"highway","enabled":false}}},"categories":[52,55,77,95,16],"tags":[],"jetpack_publicize_connections":[],"jetpack_featured_media_url":"https:\/\/i0.wp.com\/www.robertosedda.it\/wp-content\/uploads\/2019\/08\/Banana.jpg?fit=2000%2C1500","jetpack_sharing_enabled":true,"jetpack_shortlink":"https:\/\/wp.me\/p4jV2T-4qy","jetpack_likes_enabled":true,"jetpack-related-posts":[{"id":11619,"url":"http:\/\/www.robertosedda.it\/?p=11619","url_meta":{"origin":17022,"position":0},"title":"L&#8217;anguria prima dell&#8217;anguria","author":"Rufus","date":"29\/02\/2016","format":false,"excerpt":"Trovo un interessante articolo su Business Insider\u00a0che fa vedere con molta immediatezza come dovevano essere alcune variet\u00e0 di piante prima che l'uomo le addomesticasse. L'articolo originale\u00a0si basa a sua volta su alcune pubblicazioni molto interessanti, che segnalo perch\u00e9 sebbene in inglese le ho trovate affascinanti. Alcune sono fonti specifiche:\u00a0una \u00e8\u2026","rel":"","context":"In &quot;Coordinate&quot;","block_context":{"text":"Coordinate","link":"http:\/\/www.robertosedda.it\/?cat=52"},"img":{"alt_text":"","src":"https:\/\/i0.wp.com\/www.robertosedda.it\/wp-content\/uploads\/2016\/02\/Piante-prima-e-dopo-la-domesticazione.png?fit=535%2C1200&resize=350%2C200","width":350,"height":200},"classes":[]},{"id":10410,"url":"http:\/\/www.robertosedda.it\/?p=10410","url_meta":{"origin":17022,"position":1},"title":"Esperimenti, banane, scimmie e bufale","author":"Rufus","date":"17\/12\/2015","format":false,"excerpt":"Gira periodicamente sul\u00a0web un\u00a0meme\u00a0o un articolo che racconta di un presunto esperimento condotto con delle scimmie: di solito viene pubblicato per invitare la gente a \"non fidarsi\" delle verit\u00e0 precostituite e a lamentarsi del popolo bue... o del popolo scimmia (credo che sia stato proposto in questo senso perfino da\u2026","rel":"","context":"In &quot;Coordinate&quot;","block_context":{"text":"Coordinate","link":"http:\/\/www.robertosedda.it\/?cat=52"},"img":{"alt_text":"","src":"https:\/\/i0.wp.com\/www.robertosedda.it\/wp-content\/uploads\/2015\/12\/Cinque-scimmie.jpg?fit=960%2C714&resize=350%2C200","width":350,"height":200,"srcset":"https:\/\/i0.wp.com\/www.robertosedda.it\/wp-content\/uploads\/2015\/12\/Cinque-scimmie.jpg?fit=960%2C714&resize=350%2C200 1x, https:\/\/i0.wp.com\/www.robertosedda.it\/wp-content\/uploads\/2015\/12\/Cinque-scimmie.jpg?fit=960%2C714&resize=700%2C400 2x"},"classes":[]},{"id":15553,"url":"http:\/\/www.robertosedda.it\/?p=15553","url_meta":{"origin":17022,"position":2},"title":"Grazie a voi","author":"Rufus","date":"02\/08\/2018","format":false,"excerpt":"Con il 31 luglio si \u00e8 chiuso il sesto anno di vita del blog, ed \u00e8 nuovamente tempo di ringraziamenti! A me sembra tutto straordinario: cio\u00e8,\u00a0La casa di Roberto \u00e8 minuscola rispetto al vasto mondo del\u00a0web, per\u00f2 comunque 34 000 utenti mi sembrano moltissimi, e anche escludendo quelli che sono\u2026","rel":"","context":"In &quot;Coordinate&quot;","block_context":{"text":"Coordinate","link":"http:\/\/www.robertosedda.it\/?cat=52"},"img":{"alt_text":"","src":"https:\/\/i0.wp.com\/www.robertosedda.it\/wp-content\/uploads\/2018\/08\/Statistiche-totali.jpg?fit=1200%2C494&resize=350%2C200","width":350,"height":200,"srcset":"https:\/\/i0.wp.com\/www.robertosedda.it\/wp-content\/uploads\/2018\/08\/Statistiche-totali.jpg?fit=1200%2C494&resize=350%2C200 1x, https:\/\/i0.wp.com\/www.robertosedda.it\/wp-content\/uploads\/2018\/08\/Statistiche-totali.jpg?fit=1200%2C494&resize=700%2C400 2x, https:\/\/i0.wp.com\/www.robertosedda.it\/wp-content\/uploads\/2018\/08\/Statistiche-totali.jpg?fit=1200%2C494&resize=1050%2C600 3x"},"classes":[]},{"id":6599,"url":"http:\/\/www.robertosedda.it\/?p=6599","url_meta":{"origin":17022,"position":3},"title":"Sono di nuovo alla caccia di suggerimenti musicali: fatevi avanti!","author":"Rufus","date":"27\/02\/2014","format":"video","excerpt":"A met\u00e0 marzo inizier\u00f2 un nuovo ciclo di trasmissioni di Oggi parliamo di libri in cui parler\u00f2 dei libri del cuore di tutti noi che lavoriamo alla radio: tecnici, giornalisti e tutti quelli che curano i programmi dedicati alla comunicazione, i viaggi, la salute, l'arte sacra e cos\u00ec via e\u2026","rel":"","context":"In &quot;Coordinate&quot;","block_context":{"text":"Coordinate","link":"http:\/\/www.robertosedda.it\/?cat=52"},"img":{"alt_text":"","src":"https:\/\/i0.wp.com\/img.youtube.com\/vi\/7dtn9Gk4Q_E\/0.jpg?resize=350%2C200","width":350,"height":200},"classes":[]},{"id":7986,"url":"http:\/\/www.robertosedda.it\/?p=7986","url_meta":{"origin":17022,"position":4},"title":"Incursione giapponese a &#8220;Oggi parliamo di libri&#8221;","author":"Rufus","date":"21\/07\/2014","format":"video","excerpt":"Kitchen (Banana Yoshimoto, Feltrinelli 1991) Per quelle strane coincidenze di cui mi rendo conto solo rivedendo le puntate e alle quali non ho minimamente pensato preparandole\u00a0Kitchen \u00e8 incapsulato fra altre due storie d'amore - o\u00a0storie, in un certo senso, di educazione sentimentale: lo \u00e8 certamente Emma di cui ho parlato\u2026","rel":"","context":"In &quot;Coordinate&quot;","block_context":{"text":"Coordinate","link":"http:\/\/www.robertosedda.it\/?cat=52"},"img":{"alt_text":"","src":"https:\/\/i0.wp.com\/www.robertosedda.it\/wp-content\/uploads\/2014\/07\/Kitchen.jpg?fit=499%2C257&resize=350%2C200","width":350,"height":200},"classes":[]},{"id":8049,"url":"http:\/\/www.robertosedda.it\/?p=8049","url_meta":{"origin":17022,"position":5},"title":"Cose di Bunker Hill (dedicato a Andrea Salidu)","author":"Rufus","date":"29\/07\/2014","format":false,"excerpt":"Sto rileggendo\u00a0The high window, una delle storie dell'investigatore Philip Marlowe di Raymond Chandler. Tra parentesi: come tutto Chandler il romanzo \u00e8 pubblicato in Italia da Feltrinelli, col titolo Finestra sul vuoto, quindi si pu\u00f2 reperire davvero con facilit\u00e0. All'inizio dell'ottavo capitolo Chandler si attarda a descrivere un\u00a0quartiere\u00a0malfamato di Los Angeles,\u2026","rel":"","context":"In &quot;Coordinate&quot;","block_context":{"text":"Coordinate","link":"http:\/\/www.robertosedda.it\/?cat=52"},"img":{"alt_text":"","src":"https:\/\/i0.wp.com\/www.robertosedda.it\/wp-content\/uploads\/2014\/07\/Bunker-Hill-Victorian.jpg?fit=630%2C502&resize=350%2C200","width":350,"height":200},"classes":[]}],"_links":{"self":[{"href":"http:\/\/www.robertosedda.it\/index.php?rest_route=\/wp\/v2\/posts\/17022"}],"collection":[{"href":"http:\/\/www.robertosedda.it\/index.php?rest_route=\/wp\/v2\/posts"}],"about":[{"href":"http:\/\/www.robertosedda.it\/index.php?rest_route=\/wp\/v2\/types\/post"}],"author":[{"embeddable":true,"href":"http:\/\/www.robertosedda.it\/index.php?rest_route=\/wp\/v2\/users\/1"}],"replies":[{"embeddable":true,"href":"http:\/\/www.robertosedda.it\/index.php?rest_route=%2Fwp%2Fv2%2Fcomments&post=17022"}],"version-history":[{"count":1,"href":"http:\/\/www.robertosedda.it\/index.php?rest_route=\/wp\/v2\/posts\/17022\/revisions"}],"predecessor-version":[{"id":17024,"href":"http:\/\/www.robertosedda.it\/index.php?rest_route=\/wp\/v2\/posts\/17022\/revisions\/17024"}],"wp:featuredmedia":[{"embeddable":true,"href":"http:\/\/www.robertosedda.it\/index.php?rest_route=\/wp\/v2\/media\/17023"}],"wp:attachment":[{"href":"http:\/\/www.robertosedda.it\/index.php?rest_route=%2Fwp%2Fv2%2Fmedia&parent=17022"}],"wp:term":[{"taxonomy":"category","embeddable":true,"href":"http:\/\/www.robertosedda.it\/index.php?rest_route=%2Fwp%2Fv2%2Fcategories&post=17022"},{"taxonomy":"post_tag","embeddable":true,"href":"http:\/\/www.robertosedda.it\/index.php?rest_route=%2Fwp%2Fv2%2Ftags&post=17022"}],"curies":[{"name":"wp","href":"https:\/\/api.w.org\/{rel}","templated":true}]}}