{"id":17007,"date":"2019-08-16T10:00:00","date_gmt":"2019-08-16T08:00:00","guid":{"rendered":"http:\/\/www.robertosedda.it\/?p=17007"},"modified":"2019-08-16T09:28:59","modified_gmt":"2019-08-16T07:28:59","slug":"non-ce-lo-meritiamo-keanu-reeves","status":"publish","type":"post","link":"http:\/\/www.robertosedda.it\/?p=17007","title":{"rendered":"Non ce lo meritiamo, Keanu Reeves"},"content":{"rendered":"\n<figure class=\"wp-block-image\"><img data-attachment-id=\"17008\" data-permalink=\"http:\/\/www.robertosedda.it\/?attachment_id=17008\" data-orig-file=\"https:\/\/i0.wp.com\/www.robertosedda.it\/wp-content\/uploads\/2019\/08\/keanu-reeves.jpg?fit=800%2C400\" data-orig-size=\"800,400\" data-comments-opened=\"1\" data-image-meta=\"{&quot;aperture&quot;:&quot;0&quot;,&quot;credit&quot;:&quot;&quot;,&quot;camera&quot;:&quot;&quot;,&quot;caption&quot;:&quot;&quot;,&quot;created_timestamp&quot;:&quot;0&quot;,&quot;copyright&quot;:&quot;2019 Getty Images&quot;,&quot;focal_length&quot;:&quot;0&quot;,&quot;iso&quot;:&quot;0&quot;,&quot;shutter_speed&quot;:&quot;0&quot;,&quot;title&quot;:&quot;&quot;,&quot;orientation&quot;:&quot;0&quot;}\" data-image-title=\"keanu-reeves\" data-image-description=\"\" data-image-caption=\"\" data-medium-file=\"https:\/\/i0.wp.com\/www.robertosedda.it\/wp-content\/uploads\/2019\/08\/keanu-reeves.jpg?fit=300%2C150\" data-large-file=\"https:\/\/i0.wp.com\/www.robertosedda.it\/wp-content\/uploads\/2019\/08\/keanu-reeves.jpg?fit=510%2C255\" decoding=\"async\" loading=\"lazy\" width=\"510\" height=\"255\" src=\"https:\/\/i0.wp.com\/www.robertosedda.it\/wp-content\/uploads\/2019\/08\/keanu-reeves.jpg?resize=510%2C255\" alt=\"\" class=\"wp-image-17008\" srcset=\"https:\/\/i0.wp.com\/www.robertosedda.it\/wp-content\/uploads\/2019\/08\/keanu-reeves.jpg?resize=510%2C255 510w, https:\/\/i0.wp.com\/www.robertosedda.it\/wp-content\/uploads\/2019\/08\/keanu-reeves.jpg?resize=150%2C75 150w, https:\/\/i0.wp.com\/www.robertosedda.it\/wp-content\/uploads\/2019\/08\/keanu-reeves.jpg?resize=300%2C150 300w, https:\/\/i0.wp.com\/www.robertosedda.it\/wp-content\/uploads\/2019\/08\/keanu-reeves.jpg?w=800 800w\" sizes=\"(max-width: 510px) 100vw, 510px\" data-recalc-dims=\"1\" \/><\/figure>\n\n\n\n<p><em>Il Post<\/em> <a href=\"https:\/\/www.ilpost.it\/2019\/06\/11\/keanu-reeves\/\">dedica un articolo a Keanu Reeves<\/a>, prendendo spunto da un editoriale del <em>New Yorker<\/em> e mettendo in fila una serie di altri contributi (vi invito a esplorare i vari <em>link<\/em>), episodi e aspetti del personaggio.<\/p>\n\n\n\n<p>La sintesi? Non ce lo meritiamo, Keanu Reeves. <\/p>\n","protected":false},"excerpt":{"rendered":"<p>Il Post dedica un articolo a Keanu Reeves, prendendo spunto da un editoriale del New Yorker e mettendo in fila<\/p>\n","protected":false},"author":1,"featured_media":17008,"comment_status":"open","ping_status":"open","sticky":false,"template":"","format":"standard","meta":{"_mi_skip_tracking":false,"_monsterinsights_sitenote_active":false,"_monsterinsights_sitenote_note":"","_monsterinsights_sitenote_category":0,"jetpack_post_was_ever_published":false,"_jetpack_newsletter_access":"","jetpack_publicize_message":"","jetpack_is_tweetstorm":false,"jetpack_publicize_feature_enabled":true,"jetpack_social_post_already_shared":false,"jetpack_social_options":{"image_generator_settings":{"template":"highway","enabled":false}}},"categories":[83,52,56,95,16],"tags":[],"jetpack_publicize_connections":[],"jetpack_featured_media_url":"https:\/\/i0.wp.com\/www.robertosedda.it\/wp-content\/uploads\/2019\/08\/keanu-reeves.jpg?fit=800%2C400","jetpack_sharing_enabled":true,"jetpack_shortlink":"https:\/\/wp.me\/p4jV2T-4qj","jetpack_likes_enabled":true,"jetpack-related-posts":[{"id":6840,"url":"http:\/\/www.robertosedda.it\/?p=6840","url_meta":{"origin":17007,"position":0},"title":"Film a met\u00e0 &#8211; 3 (e basta, spero!)","author":"Rufus","date":"26\/03\/2014","format":"video","excerpt":"Dopo i due film sentimentali di cui ho parlato nei giorni scorsi ho deciso di cambiare completamente genere e sono andato a vedere 47 Ronin con mio cognato Alberto, mio complice abituale in queste escursioni con giocattoloni hollywoodiani. 47 Ronin si \u00e8 rivelato il film pi\u00f9 a met\u00e0 di tutti.\u2026","rel":"","context":"In &quot;Cappe e spade&quot;","block_context":{"text":"Cappe e spade","link":"http:\/\/www.robertosedda.it\/?cat=70"},"img":{"alt_text":"","src":"https:\/\/i0.wp.com\/img.youtube.com\/vi\/ya-SqxD7wn8\/0.jpg?resize=350%2C200","width":350,"height":200},"classes":[]},{"id":14699,"url":"http:\/\/www.robertosedda.it\/?p=14699","url_meta":{"origin":17007,"position":1},"title":"Dovevano metterci per forza  l&#8217;avventura e rovinarlo?!","author":"Rufus","date":"16\/02\/2018","format":"video","excerpt":"Cloverfield (Reeves, USA 2008) https:\/\/www.youtube.com\/watch?v=bclgFIznm_I Ho recuperato Cloverfield che non avevo mai visto in una visione coi Fabbricastorie sapendone il giusto, cio\u00e8 che era girato in soggettiva come The Blair Witch Project e che, da qualche parte, c'era un ponte. In realt\u00e0 il punto pi\u00f9 interessante arriva presto, quando fortissima\u2026","rel":"","context":"In &quot;Cappe e spade&quot;","block_context":{"text":"Cappe e spade","link":"http:\/\/www.robertosedda.it\/?cat=70"},"img":{"alt_text":"","src":"https:\/\/i0.wp.com\/www.robertosedda.it\/wp-content\/uploads\/2022\/02\/cloverfield.jpg?fit=1200%2C675&resize=350%2C200","width":350,"height":200,"srcset":"https:\/\/i0.wp.com\/www.robertosedda.it\/wp-content\/uploads\/2022\/02\/cloverfield.jpg?fit=1200%2C675&resize=350%2C200 1x, https:\/\/i0.wp.com\/www.robertosedda.it\/wp-content\/uploads\/2022\/02\/cloverfield.jpg?fit=1200%2C675&resize=700%2C400 2x, https:\/\/i0.wp.com\/www.robertosedda.it\/wp-content\/uploads\/2022\/02\/cloverfield.jpg?fit=1200%2C675&resize=1050%2C600 3x"},"classes":[]},{"id":18226,"url":"http:\/\/www.robertosedda.it\/?p=18226","url_meta":{"origin":17007,"position":2},"title":"Esempio appropriato: John Wick","author":"Rufus","date":"24\/07\/2020","format":false,"excerpt":"Le scorse notti, dopo la visione familiare di Modern Family o Boris o Il giovane Montalbano, quando Maria Bonaria era andata a letto e io non riuscivo a dormire, mi sono guardato tutta la saga (finora) di John Wick, primo, secondo e terzo. Parentesi: come faccia Maria Bonaria a dormire,\u2026","rel":"","context":"In &quot;Coordinate&quot;","block_context":{"text":"Coordinate","link":"http:\/\/www.robertosedda.it\/?cat=52"},"img":{"alt_text":"","src":"https:\/\/i0.wp.com\/www.robertosedda.it\/wp-content\/uploads\/2020\/07\/John-Wick.jpg?fit=1200%2C675&resize=350%2C200","width":350,"height":200,"srcset":"https:\/\/i0.wp.com\/www.robertosedda.it\/wp-content\/uploads\/2020\/07\/John-Wick.jpg?fit=1200%2C675&resize=350%2C200 1x, https:\/\/i0.wp.com\/www.robertosedda.it\/wp-content\/uploads\/2020\/07\/John-Wick.jpg?fit=1200%2C675&resize=700%2C400 2x, https:\/\/i0.wp.com\/www.robertosedda.it\/wp-content\/uploads\/2020\/07\/John-Wick.jpg?fit=1200%2C675&resize=1050%2C600 3x"},"classes":[]},{"id":3334,"url":"http:\/\/www.robertosedda.it\/?p=3334","url_meta":{"origin":17007,"position":3},"title":"Elon Musk, Mark Zuckerberg e la politica di Washington","author":"Rufus","date":"30\/05\/2013","format":false,"excerpt":"Ho l'impressione che non molti in Italia abbiano mai sentito parlare di Elon Musk, eppure \u00e8 una figura interessante: co-fondatore di PayPal, poi presidente e amministratore delegato di aziende che producono cose che\u00a0(forse) cambieranno la nostra vita, ha messo il suo nome sul primo successore commerciale dello Space Shuttle, sulla\u2026","rel":"","context":"In &quot;Coordinate&quot;","block_context":{"text":"Coordinate","link":"http:\/\/www.robertosedda.it\/?cat=52"},"img":{"alt_text":"","src":"https:\/\/i0.wp.com\/www.robertosedda.it\/wp-content\/uploads\/2013\/05\/Elon-Musk.jpg?fit=575%2C270&resize=350%2C200","width":350,"height":200},"classes":[]},{"id":12048,"url":"http:\/\/www.robertosedda.it\/?p=12048","url_meta":{"origin":17007,"position":4},"title":"Triste e solitario","author":"Rufus","date":"06\/06\/2016","format":false,"excerpt":"\u00abScusi, due biglietti per Viterbo\u00bb. \u00ab...\u00bb \u00abMi dice anche il binario, per favore?\u00bb \u00abTriste e solitario\u00bb \u00ab?!\u00bb \u00abEr binario pe' Viterbo. 'na tragedia. Che c'\u00e8 dda fa' a Viterbo? Nulla\u00bb \u00abEeeh... uhm... io c'avrei degli amici, li andiamo a trovare\u00bb \u00abEbbuon per lei. Ma nun \u00e8 la regola. Compra anche\u2026","rel":"","context":"In &quot;Coordinate&quot;","block_context":{"text":"Coordinate","link":"http:\/\/www.robertosedda.it\/?cat=52"},"img":{"alt_text":"","src":"https:\/\/i0.wp.com\/www.robertosedda.it\/wp-content\/uploads\/2016\/06\/Viterbo-Porta-Romana.jpg?fit=1200%2C900&resize=350%2C200","width":350,"height":200,"srcset":"https:\/\/i0.wp.com\/www.robertosedda.it\/wp-content\/uploads\/2016\/06\/Viterbo-Porta-Romana.jpg?fit=1200%2C900&resize=350%2C200 1x, https:\/\/i0.wp.com\/www.robertosedda.it\/wp-content\/uploads\/2016\/06\/Viterbo-Porta-Romana.jpg?fit=1200%2C900&resize=700%2C400 2x, https:\/\/i0.wp.com\/www.robertosedda.it\/wp-content\/uploads\/2016\/06\/Viterbo-Porta-Romana.jpg?fit=1200%2C900&resize=1050%2C600 3x"},"classes":[]},{"id":5070,"url":"http:\/\/www.robertosedda.it\/?p=5070","url_meta":{"origin":17007,"position":5},"title":"Nervi saldi","author":"Rufus","date":"21\/11\/2013","format":false,"excerpt":"Io in questi giorni non avrei molta voglia di scrivere, o vorrei parlare di Shakespeare, Pennac o regate al cinema con la mente sgombra. Siccome non ho la mente sgombra, non scrivo. Sono anche irritato dalla retorica patriottarda, ma diversamente da questa estate non mi sembra il caso di discuterne\u2026","rel":"","context":"In &quot;Coordinate&quot;","block_context":{"text":"Coordinate","link":"http:\/\/www.robertosedda.it\/?cat=52"},"img":{"alt_text":"","src":"https:\/\/i0.wp.com\/www.robertosedda.it\/wp-content\/uploads\/2013\/11\/lara-comi.jpg?fit=586%2C314&resize=350%2C200","width":350,"height":200},"classes":[]}],"_links":{"self":[{"href":"http:\/\/www.robertosedda.it\/index.php?rest_route=\/wp\/v2\/posts\/17007"}],"collection":[{"href":"http:\/\/www.robertosedda.it\/index.php?rest_route=\/wp\/v2\/posts"}],"about":[{"href":"http:\/\/www.robertosedda.it\/index.php?rest_route=\/wp\/v2\/types\/post"}],"author":[{"embeddable":true,"href":"http:\/\/www.robertosedda.it\/index.php?rest_route=\/wp\/v2\/users\/1"}],"replies":[{"embeddable":true,"href":"http:\/\/www.robertosedda.it\/index.php?rest_route=%2Fwp%2Fv2%2Fcomments&post=17007"}],"version-history":[{"count":1,"href":"http:\/\/www.robertosedda.it\/index.php?rest_route=\/wp\/v2\/posts\/17007\/revisions"}],"predecessor-version":[{"id":17009,"href":"http:\/\/www.robertosedda.it\/index.php?rest_route=\/wp\/v2\/posts\/17007\/revisions\/17009"}],"wp:featuredmedia":[{"embeddable":true,"href":"http:\/\/www.robertosedda.it\/index.php?rest_route=\/wp\/v2\/media\/17008"}],"wp:attachment":[{"href":"http:\/\/www.robertosedda.it\/index.php?rest_route=%2Fwp%2Fv2%2Fmedia&parent=17007"}],"wp:term":[{"taxonomy":"category","embeddable":true,"href":"http:\/\/www.robertosedda.it\/index.php?rest_route=%2Fwp%2Fv2%2Fcategories&post=17007"},{"taxonomy":"post_tag","embeddable":true,"href":"http:\/\/www.robertosedda.it\/index.php?rest_route=%2Fwp%2Fv2%2Ftags&post=17007"}],"curies":[{"name":"wp","href":"https:\/\/api.w.org\/{rel}","templated":true}]}}