{"id":16944,"date":"2019-07-29T17:38:16","date_gmt":"2019-07-29T15:38:16","guid":{"rendered":"http:\/\/www.robertosedda.it\/?p=16944"},"modified":"2019-07-29T17:43:38","modified_gmt":"2019-07-29T15:43:38","slug":"teatro-al-cinema","status":"publish","type":"post","link":"http:\/\/www.robertosedda.it\/?p=16944","title":{"rendered":"Teatro al cinema"},"content":{"rendered":"\n<p>Ho visto la settimana scorsa, praticamente per caso, <em>Il flauto magico di Piazza Vittorio<\/em>, riproposizione del quasi omonimo spettacolo teatrale (e disco), tratto ovviamente dal <em>Flauto magico <\/em>di Mozart.<\/p>\n\n\n\n<figure class=\"wp-block-embed-youtube wp-block-embed is-type-video is-provider-youtube wp-embed-aspect-16-9 wp-has-aspect-ratio\"><div class=\"wp-block-embed__wrapper\">\n<span class=\"embed-youtube\" style=\"text-align:center; display: block;\"><iframe loading=\"lazy\" class=\"youtube-player\" width=\"800\" height=\"450\" src=\"https:\/\/www.youtube.com\/embed\/pc8RlfTNk1U?version=3&#038;rel=1&#038;showsearch=0&#038;showinfo=1&#038;iv_load_policy=1&#038;fs=1&#038;hl=it-IT&#038;autohide=2&#038;wmode=transparent\" allowfullscreen=\"true\" style=\"border:0;\" sandbox=\"allow-scripts allow-same-origin allow-popups allow-presentation\"><\/iframe><\/span>\n<\/div><\/figure>\n\n\n\n<p>Ero con Maria Bonaria e il Subcomandante Marcos e ci siamo tutti e tre divertiti molto: consiglio la visione senza riserve (tra l&#8217;altro, secondo me, ci si pu\u00f2 andare tranquillamente con figli). <\/p>\n\n\n\n<p>\u00c8 una bella festa del teatro e della musica, e tutto sommato la recensione potrebbe fermarsi qui. Nel senso, davvero \u00e8 difficile aggiungere qualcosa di sostanziale per farne la farne recensione o, perlomeno, concentrarmi sugli stessi argomenti che, dando una rapida occhiata, ho visto sottolineare sulla rete.<\/p>\n\n\n\n<p>C&#8217;\u00e8 un <em>cast <\/em>multiculturale. Ammazza. L&#8217;anno scorso ho visto a teatro <em>Battlefield<\/em>, un classico dell&#8217;epica (indiana), il <em>Mahabharata<\/em>, nell&#8217;adattamento di Peter Brooks (inglese) e Jean-Claude Carri\u00e8re (francese), recitato da un&#8217;attrice belga di origine rwandese, un afroamericano che vive in Italia, un rwandese\/belga che vive a Londra e infine uno scozzese purosangue. E le musiche erano di un giapponese, quindi di cosa stiamo parlando? Il teatro ha superato da un pezzo quello stadio per il quale ci interroghiamo se <a href=\"http:\/\/www.ansa.it\/canale_lifestyle\/notizie\/people\/2019\/07\/11\/la-sirenetta-e-nera-polemiche-in-usa-per-la-scelta-di-halle-bailey-per-il-remake_1733f229-ea15-401e-ba44-ca96974b62db.html\">la sirenetta pu\u00f2 essere nera<\/a> (il teatro si \u00e8 anche gi\u00e0 liberato anche di preconcetti come l&#8217;appropriazione culturale &#8211; ed \u00e8 una fortuna considerato che non ci sono pi\u00f9 in circolazione molti indiani del IV secolo a.C. per recitare il <em>Mahabharata<\/em>, e anche gli scozzesi potrebbero risentirsi per il <em><a href=\"http:\/\/www.robertosedda.it\/?p=14766\">Macbettu<\/a><\/em>).<\/p>\n\n\n\n<p>I costumi e le scenografie, coloratissimi e inventivi, erano fantastici, ma l&#8217;opera \u00e8 spesso cos\u00ec. La musica di Mozart, liberamente reinterpretata, era piegata intelligentemente alle esigenze di una messa in scena <em>pop<\/em>  e postmoderna. anche questo non \u00e8 proprio inaudito, ecco.<\/p>\n\n\n\n<figure class=\"wp-block-image alignwide\"><img data-attachment-id=\"16945\" data-permalink=\"http:\/\/www.robertosedda.it\/?attachment_id=16945\" data-orig-file=\"https:\/\/i0.wp.com\/www.robertosedda.it\/wp-content\/uploads\/2019\/07\/Flauto-magico.jpg?fit=1280%2C720\" data-orig-size=\"1280,720\" data-comments-opened=\"1\" data-image-meta=\"{&quot;aperture&quot;:&quot;0&quot;,&quot;credit&quot;:&quot;&quot;,&quot;camera&quot;:&quot;&quot;,&quot;caption&quot;:&quot;&quot;,&quot;created_timestamp&quot;:&quot;0&quot;,&quot;copyright&quot;:&quot;&quot;,&quot;focal_length&quot;:&quot;0&quot;,&quot;iso&quot;:&quot;0&quot;,&quot;shutter_speed&quot;:&quot;0&quot;,&quot;title&quot;:&quot;&quot;,&quot;orientation&quot;:&quot;0&quot;}\" data-image-title=\"Flauto magico\" data-image-description=\"\" data-image-caption=\"\" data-medium-file=\"https:\/\/i0.wp.com\/www.robertosedda.it\/wp-content\/uploads\/2019\/07\/Flauto-magico.jpg?fit=300%2C169\" data-large-file=\"https:\/\/i0.wp.com\/www.robertosedda.it\/wp-content\/uploads\/2019\/07\/Flauto-magico.jpg?fit=510%2C287\" decoding=\"async\" loading=\"lazy\" width=\"800\" height=\"450\" src=\"https:\/\/i0.wp.com\/www.robertosedda.it\/wp-content\/uploads\/2019\/07\/Flauto-magico.jpg?resize=800%2C450\" alt=\"\" class=\"wp-image-16945\" srcset=\"https:\/\/i0.wp.com\/www.robertosedda.it\/wp-content\/uploads\/2019\/07\/Flauto-magico.jpg?w=1280 1280w, https:\/\/i0.wp.com\/www.robertosedda.it\/wp-content\/uploads\/2019\/07\/Flauto-magico.jpg?resize=150%2C84 150w, https:\/\/i0.wp.com\/www.robertosedda.it\/wp-content\/uploads\/2019\/07\/Flauto-magico.jpg?resize=300%2C169 300w, https:\/\/i0.wp.com\/www.robertosedda.it\/wp-content\/uploads\/2019\/07\/Flauto-magico.jpg?resize=510%2C287 510w\" sizes=\"(max-width: 800px) 100vw, 800px\" data-recalc-dims=\"1\" \/><\/figure>\n\n\n\n<p>Vorrei essere chiaro: non sto facendo quello <em>blas\u00e9<\/em> che ha gi\u00e0 visto tutto: vado a teatro tre volte l&#8217;anno e tutto per me \u00e8 sempre una sorpresa. Quello che voglio dire \u00e8 che fermarsi a questo &#8211; ai <em>colori<\/em>, della pelle degli interpreti, delle scenografie e dei costumi, della musica &#8211; mi sembra troppo poco, e in fondo pure riduttivo rispetto alla bravura degli artisti coinvolti, che meritano di essere giudicati per la qualit\u00e0 delle loro prestazioni (generalmente buone, e ottimamente diretti) e non perch\u00e9 sono cubani, senegalesi, marocchini o italiani.<\/p>\n\n\n\n<p>In fondo, si dovrebbe giudicare il teatro non perch\u00e9 reinterpreta e reinventa &#8211; cosa che fa pi\u00f9  meno dai tempi del bisnonno di Plauto &#8211; ma perch\u00e9 l&#8217;adattamento \u00e8 fatto <em>bene<\/em>. Io ho detto dall&#8217;inizio che mi sono molto divertito, quindi forse potevo chiuderla l\u00ec senza tutto il resto del discorso, ma era un riflessione che mi ha accompagnato a casa &#8211; tra l&#8217;altro, distraendomi a sufficienza che mi sono dimenticato la macchina davanti al cinema.<\/p>\n\n\n\n<p>Ah, gi\u00e0, ecco un&#8217;altra cosa che mi sono dimenticato: non \u00e8 teatro, \u00e8 cinema! E quindi c&#8217;\u00e8 dentro questo <em>Il flauto magico di piazza Vittorio<\/em> un&#8217;ulteriore dimensione di adattamento: il cinema che mette in scena la messa in scena <em>pop<\/em> di una messa in scena settecentesca.<\/p>\n\n\n\n<p>E qui entra in campo tutta un&#8217;altra serie di giudizi: lo spettacolo teatrale potrebbe, per ipotesi, essere un <em>buon<\/em> adattamento che il cinema non riesce a rendere pienamente.<\/p>\n\n\n\n<p>Qualche volta, per la verit\u00e0, Cabiddu sembra un po&#8217; imbarazzato dalla ristrettezza degli spazi di manovra a sua disposizione (nel dibattito dopo la prima ha accennato anche a una pochezza di certe risorse disponibili). Qualche volta la realt\u00e0 cinematografica sembra distillarsi a una realt\u00e0 semitelevisiva di quando si trasmette il teatro o l&#8217;opera in diretta. <\/p>\n\n\n\n<p>Solo in qualche momento, in realt\u00e0. Perch\u00e9 il taglio scelto da Cabiddu e Mario Tronco, quello che potremmo chiamare dell&#8217;<em>affettuoso omaggio<\/em>, funziona. <\/p>\n\n\n\n<figure class=\"wp-block-image alignwide\"><img data-attachment-id=\"16946\" data-permalink=\"http:\/\/www.robertosedda.it\/?attachment_id=16946\" data-orig-file=\"https:\/\/i0.wp.com\/www.robertosedda.it\/wp-content\/uploads\/2019\/07\/Flauto-magico-2.jpg?fit=800%2C450\" data-orig-size=\"800,450\" data-comments-opened=\"1\" data-image-meta=\"{&quot;aperture&quot;:&quot;0&quot;,&quot;credit&quot;:&quot;&quot;,&quot;camera&quot;:&quot;&quot;,&quot;caption&quot;:&quot;&quot;,&quot;created_timestamp&quot;:&quot;0&quot;,&quot;copyright&quot;:&quot;&quot;,&quot;focal_length&quot;:&quot;0&quot;,&quot;iso&quot;:&quot;0&quot;,&quot;shutter_speed&quot;:&quot;0&quot;,&quot;title&quot;:&quot;&quot;,&quot;orientation&quot;:&quot;0&quot;}\" data-image-title=\"Flauto magico 2\" data-image-description=\"\" data-image-caption=\"\" data-medium-file=\"https:\/\/i0.wp.com\/www.robertosedda.it\/wp-content\/uploads\/2019\/07\/Flauto-magico-2.jpg?fit=300%2C169\" data-large-file=\"https:\/\/i0.wp.com\/www.robertosedda.it\/wp-content\/uploads\/2019\/07\/Flauto-magico-2.jpg?fit=510%2C287\" decoding=\"async\" loading=\"lazy\" width=\"800\" height=\"450\" src=\"https:\/\/i0.wp.com\/www.robertosedda.it\/wp-content\/uploads\/2019\/07\/Flauto-magico-2.jpg?resize=800%2C450\" alt=\"\" class=\"wp-image-16946\" srcset=\"https:\/\/i0.wp.com\/www.robertosedda.it\/wp-content\/uploads\/2019\/07\/Flauto-magico-2.jpg?w=800 800w, https:\/\/i0.wp.com\/www.robertosedda.it\/wp-content\/uploads\/2019\/07\/Flauto-magico-2.jpg?resize=150%2C84 150w, https:\/\/i0.wp.com\/www.robertosedda.it\/wp-content\/uploads\/2019\/07\/Flauto-magico-2.jpg?resize=300%2C169 300w, https:\/\/i0.wp.com\/www.robertosedda.it\/wp-content\/uploads\/2019\/07\/Flauto-magico-2.jpg?resize=510%2C287 510w\" sizes=\"(max-width: 800px) 100vw, 800px\" data-recalc-dims=\"1\" \/><\/figure>\n\n\n\n<p>Affettuoso omaggio. Prima di tutto, la regia e l&#8217;adattamento cinematografico riprendono i temi portanti dello spettacolo teatrale: un omaggio alla magia del teatro, alla fantasia, alla sua capacit\u00e0 di trasportare l&#8217;immaginazione in luoghi fantastici con l&#8217;aiuto, magari, solo di qualche straccio colorato e di fondali dipinti &#8211; poco importa se presi in prestito da un <em>videogame<\/em>. <\/p>\n\n\n\n<p>Un omaggio a Mozart, ovviamente. ANche questo doveva essere gi\u00e0 nell&#8217;edizione originale.<\/p>\n\n\n\n<p>Ma poi Cabiddu e Tronco hanno un tocco fortunatissimo aggiungendo un omaggio affettuoso alla stessa <em>Orchestra di piazza Vittorio<\/em> e agli spazi che abita, cio\u00e8 il quartiere intorno. \u00c8 allora che la multiculturalit\u00e0, le etnie diverse, le tradizioni musicali lontane tra loro e ricomposte armonicamente  ridicentano un punto di forza e una caratteristiche che, poniamo, <em>Battlefield<\/em> o <em>Macbettu<\/em> <em> o <\/em>la<em>Carmen<\/em> ambientata nella Guerra Civile Spagnola non hanno: perch\u00e9 non sono pi\u00f9 solo scelte artistiche, ma rimandano alla concretezza dell&#8217;esperienza dell&#8217;<em>Orchestra<\/em>, le sue relazioni, i corpi fisici che la compongono, con le loro storie personali e le loro relazioni e gli spazi che abitano; in questo senso, la scelta di trasformare il giardino di piazza Vittorio e gli spazi circostanti nel grande palcoscenico in cui \u00e8 ambientato  tutto il film, trasfigurandolo in luogo fiabesco notturno mi \u00e8 sembrata la scelta pi\u00f9 fortunata: lo spazio diventa protagonista assoluto e ricorda, plasticamente, la storia stessa e l&#8217;identit\u00e0 dell&#8217;<em>Orchestra<\/em>.<\/p>\n","protected":false},"excerpt":{"rendered":"<p>Ho visto la settimana scorsa, praticamente per caso, Il flauto magico di Piazza Vittorio, riproposizione del quasi omonimo spettacolo teatrale<\/p>\n","protected":false},"author":1,"featured_media":16945,"comment_status":"open","ping_status":"open","sticky":false,"template":"","format":"standard","meta":{"_mi_skip_tracking":false,"_monsterinsights_sitenote_active":false,"_monsterinsights_sitenote_note":"","_monsterinsights_sitenote_category":0,"jetpack_post_was_ever_published":false,"_jetpack_newsletter_access":"","jetpack_publicize_message":"","jetpack_is_tweetstorm":false,"jetpack_publicize_feature_enabled":true,"jetpack_social_post_already_shared":false,"jetpack_social_options":{"image_generator_settings":{"template":"highway","enabled":false}}},"categories":[52,14,56,101,12],"tags":[],"jetpack_publicize_connections":[],"jetpack_featured_media_url":"https:\/\/i0.wp.com\/www.robertosedda.it\/wp-content\/uploads\/2019\/07\/Flauto-magico.jpg?fit=1280%2C720","jetpack_sharing_enabled":true,"jetpack_shortlink":"https:\/\/wp.me\/p4jV2T-4pi","jetpack_likes_enabled":true,"jetpack-related-posts":[{"id":11710,"url":"http:\/\/www.robertosedda.it\/?p=11710","url_meta":{"origin":16944,"position":0},"title":"Il Re Cervo a Oggi parliamo di libri","author":"Rufus","date":"22\/03\/2016","format":false,"excerpt":"La settimana scorsa ho pubblicato qui sul sito le puntate di\u00a0Oggi parliamo di libri dedicate a Corneille e Racine; la vicinanza cronologica di questi due autori con Moli\u00e8re deve avermi confuso, perch\u00e9 non mi sono accorto che facendoli succedere immediatamente al Tartufo\u00a0saltavo due puntate intermedie, quelle nelle quali avevo proseguito\u2026","rel":"","context":"In &quot;Coordinate&quot;","block_context":{"text":"Coordinate","link":"http:\/\/www.robertosedda.it\/?cat=52"},"img":{"alt_text":"","src":"https:\/\/i0.wp.com\/www.robertosedda.it\/wp-content\/uploads\/2016\/03\/Re-Cervo.jpg?fit=720%2C618&resize=350%2C200","width":350,"height":200,"srcset":"https:\/\/i0.wp.com\/www.robertosedda.it\/wp-content\/uploads\/2016\/03\/Re-Cervo.jpg?fit=720%2C618&resize=350%2C200 1x, https:\/\/i0.wp.com\/www.robertosedda.it\/wp-content\/uploads\/2016\/03\/Re-Cervo.jpg?fit=720%2C618&resize=700%2C400 2x"},"classes":[]},{"id":11858,"url":"http:\/\/www.robertosedda.it\/?p=11858","url_meta":{"origin":16944,"position":1},"title":"La perplessit\u00e0 del cuore","author":"Rufus","date":"20\/04\/2016","format":false,"excerpt":"Varr\u00e0 davvero\u00a0la pena di parlare (e soprattutto di leggere) di Vittorio Alfieri e del\u00a0Saul? Un'opera fuori del nostro tempo, probabilmente, eppure con un taglio inaspettatamente moderno. http:\/\/www.radiokalaritana.it\/audio\/LIB-S04E23-Vittorio_Alfieri_Saul-20160303.mp3 Saul - Vittorio Alfieri Metto in linea oggi la puntata di\u00a0Oggi parliamo di libri\u00a0dedicata al\u00a0Saul di Vittorio Alfieri, che\u00a0prosegue il quartetto di trasmissioni\u2026","rel":"","context":"In &quot;Coordinate&quot;","block_context":{"text":"Coordinate","link":"http:\/\/www.robertosedda.it\/?cat=52"},"img":{"alt_text":"","src":"https:\/\/i0.wp.com\/www.robertosedda.it\/wp-content\/uploads\/2016\/04\/Vittorio-Alfieri.jpg?fit=1024%2C768&resize=350%2C200","width":350,"height":200,"srcset":"https:\/\/i0.wp.com\/www.robertosedda.it\/wp-content\/uploads\/2016\/04\/Vittorio-Alfieri.jpg?fit=1024%2C768&resize=350%2C200 1x, https:\/\/i0.wp.com\/www.robertosedda.it\/wp-content\/uploads\/2016\/04\/Vittorio-Alfieri.jpg?fit=1024%2C768&resize=700%2C400 2x"},"classes":[]},{"id":16231,"url":"http:\/\/www.robertosedda.it\/?p=16231","url_meta":{"origin":16944,"position":2},"title":"Repertori e cataloghi","author":"Rufus","date":"07\/02\/2019","format":false,"excerpt":"La settimana scorsa ho visto al teatro Argentina di Roma La\u00a0tragedia\u00a0del\u00a0vendicatore di Thomas Middleton, che contrariamente a quello che crede Google\u00a0non\u00a0\u00e8\u00a0un\u00a0parente\u00a0della\u00a0Duchessa\u00a0di Cambridge\u00a0ma\u00a0un autore di teatro pi\u00f9 o meno contemporaneo di Shakespeare. Parentesi: siccome Middleton \u00e8 stato attivo soprattutto dopo la morte della Regina Elisabetta non \u00e8 corretto definirlo un esponente\u2026","rel":"","context":"In &quot;Coordinate&quot;","block_context":{"text":"Coordinate","link":"http:\/\/www.robertosedda.it\/?cat=52"},"img":{"alt_text":"","src":"https:\/\/i0.wp.com\/www.robertosedda.it\/wp-content\/uploads\/2019\/02\/Middleton.jpg?fit=1200%2C900&resize=350%2C200","width":350,"height":200,"srcset":"https:\/\/i0.wp.com\/www.robertosedda.it\/wp-content\/uploads\/2019\/02\/Middleton.jpg?fit=1200%2C900&resize=350%2C200 1x, https:\/\/i0.wp.com\/www.robertosedda.it\/wp-content\/uploads\/2019\/02\/Middleton.jpg?fit=1200%2C900&resize=700%2C400 2x, https:\/\/i0.wp.com\/www.robertosedda.it\/wp-content\/uploads\/2019\/02\/Middleton.jpg?fit=1200%2C900&resize=1050%2C600 3x"},"classes":[]},{"id":11945,"url":"http:\/\/www.robertosedda.it\/?p=11945","url_meta":{"origin":16944,"position":3},"title":"Oggi parliamo di libri arriva all&#8217;Ottocento","author":"Rufus","date":"11\/05\/2016","format":false,"excerpt":"Sono abbastanza soddisfatto della puntata di Oggi parliamo di libri con cui ho aperto l'ultimo, lungo, ciclo di trasmissioni della stagione (\u00e8 ormai chiaro che non riuscir\u00f2 a parlare del teatro del '900). http:\/\/www.radiokalaritana.it\/audio\/download\/LIB-S04E25-Il_teatro_nel_1800-20160317.mp3 Il teatro nell'800 Non \u00e8 che sempre bisogna dire cose straordinarie (infatti io non ci riesco\u2026","rel":"","context":"In &quot;Coordinate&quot;","block_context":{"text":"Coordinate","link":"http:\/\/www.robertosedda.it\/?cat=52"},"img":{"alt_text":"","src":"https:\/\/i0.wp.com\/www.robertosedda.it\/wp-content\/uploads\/2016\/05\/Hobsbawm-Et\u00e0-rivoluzione-e1683811506646.jpg?fit=750%2C1088&resize=350%2C200","width":350,"height":200,"srcset":"https:\/\/i0.wp.com\/www.robertosedda.it\/wp-content\/uploads\/2016\/05\/Hobsbawm-Et\u00e0-rivoluzione-e1683811506646.jpg?fit=750%2C1088&resize=350%2C200 1x, https:\/\/i0.wp.com\/www.robertosedda.it\/wp-content\/uploads\/2016\/05\/Hobsbawm-Et\u00e0-rivoluzione-e1683811506646.jpg?fit=750%2C1088&resize=700%2C400 2x"},"classes":[]},{"id":2621,"url":"http:\/\/www.robertosedda.it\/?p=2621","url_meta":{"origin":16944,"position":4},"title":"Da un Manfredi all&#8217;altro","author":"Rufus","date":"20\/03\/2013","format":false,"excerpt":"Gianfranco Manfredi uno: finisce Shangai Devil \u00c8 terminata pochi giorni fa la serie di Shangai Devil, di cui ho parlato tempo fa. Ne ho approfittato per rileggere di un fiato tutti i diciotto numeri della miniserie: una esperienza piacevole che ha ingentilito un fine settimana con l'influenza. Con una rilettura\u2026","rel":"","context":"In &quot;Cappe e spade&quot;","block_context":{"text":"Cappe e spade","link":"http:\/\/www.robertosedda.it\/?cat=70"},"img":{"alt_text":"","src":"https:\/\/i0.wp.com\/www.robertosedda.it\/wp-content\/uploads\/2013\/03\/magico-vento2.jpg?fit=400%2C392&resize=350%2C200","width":350,"height":200},"classes":[]},{"id":11154,"url":"http:\/\/www.robertosedda.it\/?p=11154","url_meta":{"origin":16944,"position":5},"title":"Le mutande della monaca","author":"Rufus","date":"10\/11\/2015","format":false,"excerpt":"http:\/\/www.radiokalaritana.it\/audio\/LIB-S04E06-Rosvita%20Dgandersheim-20151022.mp3 Il teatro medievale: 1 -\u00a0Rosvita di Gandersheim http:\/\/www.radiokalaritana.it\/audio\/LIB-S04E07-Il_teatro_nella_vita_della_Chiesa-20151029.mp3 Il teatro medievale: 2\u00a0- Le sacre rappresentazioni Riascoltando le due puntate di\u00a0Oggi parliamo di libri dedicate al teatro medievale ho una certa esitazione, che del resto mi ha accompagnato anche quando le ho preparate: il dubbio di essere stato, come dire?\u2026","rel":"","context":"In &quot;Coordinate&quot;","block_context":{"text":"Coordinate","link":"http:\/\/www.robertosedda.it\/?cat=52"},"img":{"alt_text":"","src":"https:\/\/i0.wp.com\/www.robertosedda.it\/wp-content\/uploads\/2015\/11\/Rosvita.jpg?fit=327%2C363&resize=350%2C200","width":350,"height":200},"classes":[]}],"_links":{"self":[{"href":"http:\/\/www.robertosedda.it\/index.php?rest_route=\/wp\/v2\/posts\/16944"}],"collection":[{"href":"http:\/\/www.robertosedda.it\/index.php?rest_route=\/wp\/v2\/posts"}],"about":[{"href":"http:\/\/www.robertosedda.it\/index.php?rest_route=\/wp\/v2\/types\/post"}],"author":[{"embeddable":true,"href":"http:\/\/www.robertosedda.it\/index.php?rest_route=\/wp\/v2\/users\/1"}],"replies":[{"embeddable":true,"href":"http:\/\/www.robertosedda.it\/index.php?rest_route=%2Fwp%2Fv2%2Fcomments&post=16944"}],"version-history":[{"count":1,"href":"http:\/\/www.robertosedda.it\/index.php?rest_route=\/wp\/v2\/posts\/16944\/revisions"}],"predecessor-version":[{"id":16947,"href":"http:\/\/www.robertosedda.it\/index.php?rest_route=\/wp\/v2\/posts\/16944\/revisions\/16947"}],"wp:featuredmedia":[{"embeddable":true,"href":"http:\/\/www.robertosedda.it\/index.php?rest_route=\/wp\/v2\/media\/16945"}],"wp:attachment":[{"href":"http:\/\/www.robertosedda.it\/index.php?rest_route=%2Fwp%2Fv2%2Fmedia&parent=16944"}],"wp:term":[{"taxonomy":"category","embeddable":true,"href":"http:\/\/www.robertosedda.it\/index.php?rest_route=%2Fwp%2Fv2%2Fcategories&post=16944"},{"taxonomy":"post_tag","embeddable":true,"href":"http:\/\/www.robertosedda.it\/index.php?rest_route=%2Fwp%2Fv2%2Ftags&post=16944"}],"curies":[{"name":"wp","href":"https:\/\/api.w.org\/{rel}","templated":true}]}}