{"id":16935,"date":"2019-07-25T12:56:43","date_gmt":"2019-07-25T10:56:43","guid":{"rendered":"http:\/\/www.robertosedda.it\/?p=16935"},"modified":"2023-07-26T09:19:57","modified_gmt":"2023-07-26T07:19:57","slug":"cose-in-chiaro","status":"publish","type":"post","link":"http:\/\/www.robertosedda.it\/?p=16935","title":{"rendered":"Cose in chiaro"},"content":{"rendered":"\n<p>Ieri, quando sono tornato a casa dal lavoro, mia moglie che \u00e8 il cuore pensante della nostra famiglia mi ha avvisato che avevamo appena comprato da <em>Amnesty<\/em> uno striscione <em>Verit\u00e0 per Giulio Regeni<\/em>.<\/p>\n\n\n\n<p>Lo striscione che era appeso in Comune \u00e8 stato tolto, abbiamo deciso di mantenere in pareggio la contabilit\u00e0 cittadina degli striscioni. Appena arriva lo mettiamo in balcone, finch\u00e9 ce lo lasciano.<\/p>\n\n\n\n<figure class=\"wp-block-image alignwide\"><img data-attachment-id=\"16936\" data-permalink=\"http:\/\/www.robertosedda.it\/?attachment_id=16936\" data-orig-file=\"https:\/\/i0.wp.com\/www.robertosedda.it\/wp-content\/uploads\/2019\/07\/Regeni-striscione.jpg?fit=1911%2C647\" data-orig-size=\"1911,647\" data-comments-opened=\"1\" data-image-meta=\"{&quot;aperture&quot;:&quot;0&quot;,&quot;credit&quot;:&quot;Roberto Sedda&quot;,&quot;camera&quot;:&quot;&quot;,&quot;caption&quot;:&quot;&quot;,&quot;created_timestamp&quot;:&quot;1564051373&quot;,&quot;copyright&quot;:&quot;&quot;,&quot;focal_length&quot;:&quot;0&quot;,&quot;iso&quot;:&quot;0&quot;,&quot;shutter_speed&quot;:&quot;0&quot;,&quot;title&quot;:&quot;&quot;,&quot;orientation&quot;:&quot;0&quot;}\" data-image-title=\"Regeni striscione\" data-image-description=\"\" data-image-caption=\"\" data-medium-file=\"https:\/\/i0.wp.com\/www.robertosedda.it\/wp-content\/uploads\/2019\/07\/Regeni-striscione.jpg?fit=300%2C102\" data-large-file=\"https:\/\/i0.wp.com\/www.robertosedda.it\/wp-content\/uploads\/2019\/07\/Regeni-striscione.jpg?fit=510%2C173\" decoding=\"async\" loading=\"lazy\" width=\"800\" height=\"271\" src=\"https:\/\/i0.wp.com\/www.robertosedda.it\/wp-content\/uploads\/2019\/07\/Regeni-striscione.jpg?resize=800%2C271\" alt=\"\" class=\"wp-image-16936\" srcset=\"https:\/\/i0.wp.com\/www.robertosedda.it\/wp-content\/uploads\/2019\/07\/Regeni-striscione.jpg?w=1911 1911w, https:\/\/i0.wp.com\/www.robertosedda.it\/wp-content\/uploads\/2019\/07\/Regeni-striscione.jpg?resize=150%2C51 150w, https:\/\/i0.wp.com\/www.robertosedda.it\/wp-content\/uploads\/2019\/07\/Regeni-striscione.jpg?resize=300%2C102 300w, https:\/\/i0.wp.com\/www.robertosedda.it\/wp-content\/uploads\/2019\/07\/Regeni-striscione.jpg?resize=510%2C173 510w, https:\/\/i0.wp.com\/www.robertosedda.it\/wp-content\/uploads\/2019\/07\/Regeni-striscione.jpg?w=1600 1600w\" sizes=\"(max-width: 800px) 100vw, 800px\" data-recalc-dims=\"1\" \/><\/figure>\n\n\n\n<p>Dice il Sindaco che il vecchio striscione ormai era rovinato. La cosa, ovviamente, fa discutere perch\u00e9, guarda caso, in giro per l&#8217;Italia un gran numero di neoeletti nuovi amministratori pubblici quasi per prima cosa appena insediati sono andati a verificare lo stato dello striscione e guarda caso lo hanno trovato tutti in cattive condizioni e perci\u00f2 l&#8217;hanno tolto.<\/p>\n\n\n\n<p>E, guarda caso, sono tutti neoeletti amministratori di destra, pi\u00f9 o meno estrema. Ok, estrema: destra moderata in Italia non ce n&#8217;\u00e8, ci sono solo destrorsi estremisti o molto estremisti.<\/p>\n\n\n\n<p>Quando si \u00e8 saputo che Regeni era stato ucciso ho mandato una <em>mail<\/em> al preside e a un paio di docenti della Facolt\u00e0 dove lavoro per dirgli che un luogo di studio di relazioni internazionali come il nostro, che manda studenti e ricercatori in giro per il mondo e spesso negli stessi luoghi dove lavorava Regeni, non avrebbe dovuto rimanere indifferente al destino di uno che viene ammazzato mentre fa ricerca all&#8217;estero.<\/p>\n\n\n\n<p>Era un po&#8217; una riflessione a voce alta, generata dal fatto che io sono sempre <a href=\"http:\/\/www.robertosedda.it\/?p=5105\">fedele al mio multiforme popolo<\/a>, e fu raccolta. La Facolt\u00e0 organizz\u00f2 un piccolo incontro con un po&#8217; di borsisti e ricercatori che raccontarono cosa vuol dire andare a studiare e fare ricerca nel Medio Oriente, le relazioni che si stringono, le percezioni che si riportano indietro, anche i rischi che si corrono (o non si corrono). <\/p>\n\n\n\n<p>Spesso allo sportello vengono studenti o laureati che mi raccontano che sono stati a studiare e formarsi o a lavorare in Palestina, in Siria, in Turchia, fra i curdi, o nel Sud-Est asiatico o in America Latina. Altri studenti sono direttamente mediorientali: dopo che avranno finito di studiare da noi torneranno a casa, in contesti come l&#8217;Algeria dove fino a non molto tempo fa la violenza era feroce. Pensare a uno di quei ragazzi o ragazze con cui fai due battute allo sportello che viene torturato, ucciso e buttato per strada come uno straccio mi stringe il cuore. Penso che capiti lo stesso a ogni essere umano, per questo mi \u00e8 incomprensibile come si possa trasformare una questione come quella di Regeni in un fatto politico di bandiera, o in un fatto settario.<\/p>\n\n\n\n<p>Oh, poi io continuo a non capire come si possa decidere anche di <a href=\"http:\/\/www.robertosedda.it\/?p=15701\">lavarsi le mani della gente che muore affogata<\/a>, quindi evidentemente non conto. Sono io che non capisco.<\/p>\n\n\n\n<p>Ma comunque il Sindaco dice, oggi sul giornale, che personalmente ritiene che sulla <em>vicenda<\/em> (cio\u00e8, tortura e assassinio, per essere precisi) vada fatta chiarezza. Benissimo.<\/p>\n\n\n\n<p>Ieri poi, a tavola, si diceva che magari servirebbe che anche altri reagissero mettendo lo striscione alla finestra. Andrebbe benissimo, ovviamente. Pi\u00f9 persone tengono vivi il ricordo e l&#8217;attenzione meglio \u00e8. Ma il punto \u00e8 politico, e riguarda l&#8217;atteggiamento del Comune e, per la verit\u00e0, non riguarda nemmeno lo striscione e neanche le convinzioni <em>personali<\/em> del Sindaco, ma che scelta politica voglia fare il Comune.<\/p>\n\n\n\n<p>Leggo ugualmente sul giornale che Francesca Ghirra, che in Consiglio comunale \u00e8 la referente principale dell&#8217;opposizione, intende sollevare l&#8217;argomento. Spero che il dibattito non si riduca a striscione s\u00ec o no. Il fatto \u00e8 che c&#8217;\u00e8 <a href=\"https:\/\/www.amnesty.it\/campagne\/verita-giulio-regeni\/\">una campagna di <\/a><em><a href=\"https:\/\/www.amnesty.it\/campagne\/verita-giulio-regeni\/\">Amnesty<\/a><\/em>, con degli obiettivi ben precisi e chiaramente spiegati. Sul sito di <em>Amnesty<\/em> fra le adesioni alla campagna c&#8217;\u00e8 anche quella, che suppongo sia stata espressa come atto formale, del Comune di Cagliari.<\/p>\n\n\n\n<p>Adesione alla campagna, non impegno a esporre uno striscione <em>sine die<\/em> in quella specifica finestra. Al Sindaco andrebbe chiesto se intende ritirare l&#8217;adesione del Comune, immagino con altro atto formale, o meno.<\/p>\n\n\n\n<p>Se, come mi auguro, non la vuole ritirare, si possono fare un sacco di cose senza, uso l&#8217;espressione del Sindaco, appendere striscioni nella facciata del Municipio <em>come allo stadio<\/em>.<\/p>\n\n\n\n<p>Per esempio, il Sindaco potrebbe appendere lo striscione nel suo studio, sotto il crocifisso. \u00c8 sempre interessante, quando da qualche parte rientra il crocifisso, controllare cosa esce contemporaneamente: un tempo c&#8217;\u00e8 stato un governo che ha rimesso il crocifisso nelle aule scolastiche e poi ha fatto uscire quarantamila supplenti; sarebbe il caso di evitare che rientri il crocifisso ed esca il ricordo dei torturati, considerato che Ges\u00f9 \u00e8 un torturato pure lui.<\/p>\n\n\n\n<p>Oppure, ignoro se il Comune abbia un cappellano, ma io che sono devoto di La Pira penso che in un&#8217;occasione del genere il sindaco di Firenze avrebbe magari fatto dire una messa in suffragio mensile per il povero Regeni. Il 14 di ogni mese si ricorda che la campagna \u00e8 ancora attiva e che devono ancora giungere risposte: magari far celebrare una messa il 14 di ogni mese? Anche Gandhi, quando non voleva usare un linguaggio politico che potesse confondere, spostava il discorso sulla spiritualit\u00e0.<\/p>\n\n\n\n<p>E ci sono, naturalmente, modi laici di aderire e sostenere la campagna. Una donazione del Comune ad <em>Amnesty<\/em>. Una donazione di tutti i Consiglieri e assessori comunali, senza distinzioni di partito. Una seduta solenne e aperta del Consiglio che ricordi che, a tre anni di distanza, Regeni non ha ancora avuto giustizia. Intitolare un&#8217;aula del palazzo comunale a Regeni. O una scuola. Invitare i genitori a Cagliari per un incontro pubblico. Fare una convenzione con <em>Amnesty<\/em> perch\u00e9 l&#8217;anno prossimo in tutte le scuole comunali si faccia un incontro con i loro volontari sui temi dei diritti umani e della tortura. <\/p>\n\n\n\n<p>Se al Sindaco non piace nessuna di queste idee mi chiami: ne ho alcune altre decine da suggerirgli. O meglio ancora: chiami <em>Amnesty<\/em>, sono sicuro che avr\u00e0 solo l&#8217;imbarazzo della scelta.<\/p>\n\n\n\n<p>Oppure, si dica chiaro: \u00e8 una questione di etichette politiche e abbiamo tre metri di pelo sullo stomaco. Si scriva ad <em>Amnesty<\/em> per dire che il Comune ritira l&#8217;adesione.<\/p>\n\n\n\n<p>Basta essere chiari. Meglio che le cose siano in chiaro, senza ambiguit\u00e0. Come si dice, o s\u00ec o no, il di pi\u00f9 viene dal demonio.<\/p>\n","protected":false},"excerpt":{"rendered":"<p>Ieri, quando sono tornato a casa dal lavoro, mia moglie che \u00e8 il cuore pensante della nostra famiglia mi ha<\/p>\n","protected":false},"author":1,"featured_media":16937,"comment_status":"open","ping_status":"open","sticky":false,"template":"","format":"standard","meta":{"_mi_skip_tracking":false,"_monsterinsights_sitenote_active":false,"_monsterinsights_sitenote_note":"","_monsterinsights_sitenote_category":0,"jetpack_post_was_ever_published":false,"_jetpack_newsletter_access":"","jetpack_publicize_message":"","jetpack_is_tweetstorm":false,"jetpack_publicize_feature_enabled":true,"jetpack_social_post_already_shared":false,"jetpack_social_options":{"image_generator_settings":{"template":"highway","enabled":false}}},"categories":[52,57,17,59,16],"tags":[],"jetpack_publicize_connections":[],"jetpack_featured_media_url":"https:\/\/i0.wp.com\/www.robertosedda.it\/wp-content\/uploads\/2019\/07\/Regeni-logo.png?fit=370%2C136","jetpack_sharing_enabled":true,"jetpack_shortlink":"https:\/\/wp.me\/p4jV2T-4p9","jetpack_likes_enabled":true,"jetpack-related-posts":[{"id":19954,"url":"http:\/\/www.robertosedda.it\/?p=19954","url_meta":{"origin":16935,"position":0},"title":"Sfregi","author":"Rufus","date":"24\/02\/2023","format":false,"excerpt":"Repubblica equidistante Ho visto oggi en passant un certo stracciarsi le vesti (presumibilmente nere, sotto il doppiopetto gessato) per una manifestazione anarchica in favore di Cospito all'Altare della Patria. Il Tempo molto meno L'agitarsi di Crosetto e La Russa mi ha, come suol dirsi, sbloccato un ricordo, perch\u00e9 anch'io sono\u2026","rel":"","context":"In &quot;Coordinate&quot;","block_context":{"text":"Coordinate","link":"http:\/\/www.robertosedda.it\/?cat=52"},"img":{"alt_text":"","src":"https:\/\/i0.wp.com\/www.robertosedda.it\/wp-content\/uploads\/2023\/02\/Sfregio2.png?fit=802%2C656&resize=350%2C200","width":350,"height":200,"srcset":"https:\/\/i0.wp.com\/www.robertosedda.it\/wp-content\/uploads\/2023\/02\/Sfregio2.png?fit=802%2C656&resize=350%2C200 1x, https:\/\/i0.wp.com\/www.robertosedda.it\/wp-content\/uploads\/2023\/02\/Sfregio2.png?fit=802%2C656&resize=700%2C400 2x"},"classes":[]},{"id":16952,"url":"http:\/\/www.robertosedda.it\/?p=16952","url_meta":{"origin":16935,"position":1},"title":"Basta una ricerchina?","author":"Rufus","date":"30\/07\/2019","format":false,"excerpt":"Beffa. Quella qui sotto non sembra ma \u00e8 una beffa. Bellissima. Quello che vedete proiettato sul muro \u00e8 lo stemma del Presidente degli Stati Uniti. Solo che non \u00e8 lo stemma vero. Se uno guarda con attenzione nota che l'aquila ha due teste, non una. \u00c8 l'aquila russa che \u00e8\u2026","rel":"","context":"In &quot;Coordinate&quot;","block_context":{"text":"Coordinate","link":"http:\/\/www.robertosedda.it\/?cat=52"},"img":{"alt_text":"","src":"https:\/\/i0.wp.com\/www.robertosedda.it\/wp-content\/uploads\/2019\/07\/Trump-fake-seal.jpg?fit=1200%2C801&resize=350%2C200","width":350,"height":200,"srcset":"https:\/\/i0.wp.com\/www.robertosedda.it\/wp-content\/uploads\/2019\/07\/Trump-fake-seal.jpg?fit=1200%2C801&resize=350%2C200 1x, https:\/\/i0.wp.com\/www.robertosedda.it\/wp-content\/uploads\/2019\/07\/Trump-fake-seal.jpg?fit=1200%2C801&resize=700%2C400 2x, https:\/\/i0.wp.com\/www.robertosedda.it\/wp-content\/uploads\/2019\/07\/Trump-fake-seal.jpg?fit=1200%2C801&resize=1050%2C600 3x"},"classes":[]},{"id":6923,"url":"http:\/\/www.robertosedda.it\/?p=6923","url_meta":{"origin":16935,"position":2},"title":"Sardegna, a ciascuno il suo silenzio (un intervento di Vito Biolchini)","author":"Rufus","date":"08\/04\/2014","format":false,"excerpt":"Oltre che su questo blog, questo articolo viene pubblicato anche sui siti\u00a0di Vito Biolchini,\u00a0Enrico Lobina,\u00a0Fondazione Sardinia,\u00a0Aladinpensiero,\u00a0Tramas de Amistade,\u00a0Madrigopolis,\u00a0Sardegna Soprattutto,\u00a0Sportello Formaparis,\u00a0Tottusinpari. Sardegna, a ciascuno il suo silenzio (Pigliaru non spiega: almeno ascolter\u00e0?) di Vito Biolchini E all'improvviso scese il silenzio. Se nei sette mesi che hanno preceduto il voto una febbre\u2026","rel":"","context":"In &quot;Coordinate&quot;","block_context":{"text":"Coordinate","link":"http:\/\/www.robertosedda.it\/?cat=52"},"img":{"alt_text":"","src":"https:\/\/i0.wp.com\/www.robertosedda.it\/wp-content\/uploads\/2014\/02\/videolina_pigliaru.jpg?fit=1200%2C900&resize=350%2C200","width":350,"height":200,"srcset":"https:\/\/i0.wp.com\/www.robertosedda.it\/wp-content\/uploads\/2014\/02\/videolina_pigliaru.jpg?fit=1200%2C900&resize=350%2C200 1x, https:\/\/i0.wp.com\/www.robertosedda.it\/wp-content\/uploads\/2014\/02\/videolina_pigliaru.jpg?fit=1200%2C900&resize=700%2C400 2x, https:\/\/i0.wp.com\/www.robertosedda.it\/wp-content\/uploads\/2014\/02\/videolina_pigliaru.jpg?fit=1200%2C900&resize=1050%2C600 3x"},"classes":[]},{"id":10376,"url":"http:\/\/www.robertosedda.it\/?p=10376","url_meta":{"origin":16935,"position":3},"title":"Sradicamenti e aeroporti","author":"Rufus","date":"15\/06\/2015","format":false,"excerpt":"Quella sensazione di spaesamento che solo i veri cagliaritani possono capire Venerd\u00ec ero a Bologna per questioni di Banca Etica. Appena sceso dall'aereo mi dirigo al bar, una\u00a0qualche\u00a0catena del gruppo Autogrill, credo, per un caff\u00e8. Un bar ben messo, grande, con una grande vetrina di cornetti e panini e ovviamente\u2026","rel":"","context":"In &quot;Coordinate&quot;","block_context":{"text":"Coordinate","link":"http:\/\/www.robertosedda.it\/?cat=52"},"img":{"alt_text":"","src":"https:\/\/i0.wp.com\/www.robertosedda.it\/wp-content\/uploads\/2015\/06\/Aeroporto-Marconi-Bologna.jpg?fit=550%2C315&resize=350%2C200","width":350,"height":200},"classes":[]},{"id":8305,"url":"http:\/\/www.robertosedda.it\/?p=8305","url_meta":{"origin":16935,"position":4},"title":"Il micetto di casa","author":"Rufus","date":"03\/09\/2014","format":false,"excerpt":"Mi capita, di questi tempi, di visitare un sacco di farmacie. Non \u00e8 di solito un'incombenza allegra, anche se scopro che i farmacisti sono, in s\u00e9, un'eterogenea brigata di tizi con tutta una gamma di\u00a0tic e di particolarit\u00e0. E poi un po' mi perdo nel rutilante mondo delle creme per\u2026","rel":"","context":"In &quot;Coordinate&quot;","block_context":{"text":"Coordinate","link":"http:\/\/www.robertosedda.it\/?cat=52"},"img":{"alt_text":"","src":"https:\/\/i0.wp.com\/www.robertosedda.it\/wp-content\/uploads\/2014\/09\/INTIMIDIRE.jpg?fit=960%2C720&resize=350%2C200","width":350,"height":200,"srcset":"https:\/\/i0.wp.com\/www.robertosedda.it\/wp-content\/uploads\/2014\/09\/INTIMIDIRE.jpg?fit=960%2C720&resize=350%2C200 1x, https:\/\/i0.wp.com\/www.robertosedda.it\/wp-content\/uploads\/2014\/09\/INTIMIDIRE.jpg?fit=960%2C720&resize=700%2C400 2x"},"classes":[]},{"id":14029,"url":"http:\/\/www.robertosedda.it\/?p=14029","url_meta":{"origin":16935,"position":5},"title":"C&#8217;\u00e8 speranza per l&#8217;arte sulla linea P","author":"Rufus","date":"31\/07\/2017","format":false,"excerpt":"Qualche giorno fa tornavo dal mare con l'autobus e avevo dietro di me due ragazzi poco sopra i vent'anni che discutevano di vacanze. Essendo ragazzi poco sopra i vent'anni il dibattito riguardava temi come se vai in vacanza da solo e sei impegnato poi magari l\u00ec ti capita una situazione\u2026","rel":"","context":"In &quot;Coordinate&quot;","block_context":{"text":"Coordinate","link":"http:\/\/www.robertosedda.it\/?cat=52"},"img":{"alt_text":"","src":"https:\/\/i0.wp.com\/www.robertosedda.it\/wp-content\/uploads\/2017\/07\/Galleria_darte_CA.jpg?fit=900%2C1200&resize=350%2C200","width":350,"height":200,"srcset":"https:\/\/i0.wp.com\/www.robertosedda.it\/wp-content\/uploads\/2017\/07\/Galleria_darte_CA.jpg?fit=900%2C1200&resize=350%2C200 1x, https:\/\/i0.wp.com\/www.robertosedda.it\/wp-content\/uploads\/2017\/07\/Galleria_darte_CA.jpg?fit=900%2C1200&resize=700%2C400 2x"},"classes":[]}],"_links":{"self":[{"href":"http:\/\/www.robertosedda.it\/index.php?rest_route=\/wp\/v2\/posts\/16935"}],"collection":[{"href":"http:\/\/www.robertosedda.it\/index.php?rest_route=\/wp\/v2\/posts"}],"about":[{"href":"http:\/\/www.robertosedda.it\/index.php?rest_route=\/wp\/v2\/types\/post"}],"author":[{"embeddable":true,"href":"http:\/\/www.robertosedda.it\/index.php?rest_route=\/wp\/v2\/users\/1"}],"replies":[{"embeddable":true,"href":"http:\/\/www.robertosedda.it\/index.php?rest_route=%2Fwp%2Fv2%2Fcomments&post=16935"}],"version-history":[{"count":6,"href":"http:\/\/www.robertosedda.it\/index.php?rest_route=\/wp\/v2\/posts\/16935\/revisions"}],"predecessor-version":[{"id":16943,"href":"http:\/\/www.robertosedda.it\/index.php?rest_route=\/wp\/v2\/posts\/16935\/revisions\/16943"}],"wp:featuredmedia":[{"embeddable":true,"href":"http:\/\/www.robertosedda.it\/index.php?rest_route=\/wp\/v2\/media\/16937"}],"wp:attachment":[{"href":"http:\/\/www.robertosedda.it\/index.php?rest_route=%2Fwp%2Fv2%2Fmedia&parent=16935"}],"wp:term":[{"taxonomy":"category","embeddable":true,"href":"http:\/\/www.robertosedda.it\/index.php?rest_route=%2Fwp%2Fv2%2Fcategories&post=16935"},{"taxonomy":"post_tag","embeddable":true,"href":"http:\/\/www.robertosedda.it\/index.php?rest_route=%2Fwp%2Fv2%2Ftags&post=16935"}],"curies":[{"name":"wp","href":"https:\/\/api.w.org\/{rel}","templated":true}]}}