{"id":16885,"date":"2019-07-04T09:52:30","date_gmt":"2019-07-04T07:52:30","guid":{"rendered":"http:\/\/www.robertosedda.it\/?p=16885"},"modified":"2023-07-11T13:16:14","modified_gmt":"2023-07-11T11:16:14","slug":"sulle-regole","status":"publish","type":"post","link":"http:\/\/www.robertosedda.it\/?p=16885","title":{"rendered":"Sulle regole"},"content":{"rendered":"\n<p>Il mio amico e compagno Antonio Messina mi ha segnalato su <em>Facebook<\/em> una disamina dal punto di vista legale di alcuni fatti legati alla nota vicenda della <em>Sea Watch<\/em> <a href=\"https:\/\/www.facebook.com\/fabio.sabatini\/posts\/10156835517539843\">fatta da Fabio Sabatini<\/a> (che non conosco). Le argomentazioni riportate sono convincenti, corrispondono alle cose che so e che ho studiato e sono certamente appropriate al dibattito in corso, quindi ho deciso di ripubblicarle qui, per\u00f2 con una curiosa avvertenza, e cio\u00e8 che \u00e8 tutta roba che mi appassiona pochissimo, nel senso che mi pare che le cose siano davvero molto oltre e quindi che queste siano discussioni certamente importanti ma anche un po&#8217; di retroguardia, come cercher\u00f2 di argomentare alla fine. Ho anche il dubbio che la parte finale sul ruolo di <em>Lega<\/em> e <em>5Stelle<\/em> a Strasburgo tolga un po&#8217; di peso al ragionamento complessivo, ma questo \u00e8 meno importante. Intanto il testo di Sabatini \u00e8 questo: <\/p>\n\n\n\n<hr class=\"wp-block-separator\"\/>\n\n\n\n<p><strong>10 cose che gli italiani dovrebbero aver imparato dalla immediata scarcerazione della comandante&nbsp;<\/strong><a href=\"https:\/\/www.facebook.com\/hashtag\/carolarackete?source=feed_text&amp;epa=HASHTAG\"><strong>#CarolaRackete<\/strong><\/a><strong>.<\/strong><\/p>\n\n\n\n<p>1) La Convenzione di Amburgo del 1979 obbliga chi effettua soccorso in mare a scortare i naufraghi in un &#8220;porto sicuro&#8221; nel minore tempo possibile.<\/p>\n\n\n\n<p>2) Nel 2004, l&#8217;agenzia delle Nazioni Unite per la navigazione ha integrato le regole di soccorso in mare stabilendo che un porto \u00e8 &#8220;sicuro&#8221; se: &#8220;la vita dei sopravvissuti non \u00e8 minacciata, se possono essere soddisfatte le necessit\u00e0 umane di base e definite le modalit\u00e0 di trasporto verso la destinazione successiva o finale, tenendo conto della protezione dei diritti fondamentali nel rispetto del principio di non respingimento&#8221;. Non tutti i paesi accettano tale definizione: Malta, per esempio, no (<a href=\"https:\/\/l.facebook.com\/l.php?u=https%3A%2F%2Fbit.ly%2F2xoRIbW%3Ffbclid%3DIwAR2_k3edgugxJWBvJNJNNvQ2ArKWO2k-PocpTW1jLYhHmY2eLPIY1H_YfEY&amp;h=AT0Umy3LNPDV6sGJcPBf3CbT2CdvWQlW6ftkQT4CBiylxmSCPihmhsCNzkMntqqkrcozdnnpS-cWitAeXp-g0BkWcZ0Tc1DUX-MerBEdGZNwQExQJqk0G3pkiCwv6OB2GNs0iTIqZ7jFEBrHehbHrok-fGYmmtGyUPerTRq_nQ\" target=\"_blank\" rel=\"noreferrer noopener\">https:\/\/bit.ly\/2xoRIbW<\/a>).<\/p>\n\n\n\n<p>3) Come scrive&nbsp;<a href=\"https:\/\/www.facebook.com\/vitalba.a?__tn__=%2CdKH-R-R&amp;eid=ARAJ-Uud_k0XzyG379CTWHKdiwwKC-2trCwGuwV6natA1IuYACwNXtUQ1c45w2XNA5dX_fVh_pNfJs1b&amp;fref=mentions\">Vitalba Azzollini<\/a>, per l&#8217;Art. 117 della Costituzione un trattato internazionale ratificato e reso esecutivo nell&#8217;ordinamento italiano \u00e8 al riparo da possibili ripensamenti del legislatore, e condiziona la produzione legislativa successiva, che a esso dovr\u00e0 dunque conformarsi. Nel prendere la decisione di accostarsi a Lampedusa, la comandante Rackete ha obbedito a una legge di rango superiore al decreto sicurezza bis (<a href=\"https:\/\/l.facebook.com\/l.php?u=https%3A%2F%2Fbit.ly%2F2YwDK3Y%3Ffbclid%3DIwAR270jvJZl72gpCmBHRhHBLPQuUOKJGk5S3s-dflKd3XPR4yTVgAZXYUoGM&amp;h=AT2eUli1VqMadzE8ueTPfqao-DoP3NDJPtf4E61ixQacLyWbnXmGEgjiEBpqaZ1IDzm84xkCeCIOSiHbpqDe3OimMDsAirWU09zqk12eoSmgu0evaZi2MTxW36BWpCokcv61Ir7K0E1ihwkTKa4GEVtyY8bP\" target=\"_blank\" rel=\"noreferrer noopener\">https:\/\/bit.ly\/2YwDK3Y<\/a>).<\/p>\n\n\n\n<p>4) Il decreto sicurezza bis fa acqua da tutte le parti, perch\u00e9, nel tentativo di prevaricare norme di rango superiore, invoca una &#8220;presunzione di colpevolezza&#8221; dei soccorritori, per definizione rei di favorire l&#8217;immigrazione clandestina, che non pu\u00f2 essere stabilita a priori dal potere esecutivo. Di nuovo, consiglio di leggere attentamente&nbsp;<a href=\"https:\/\/www.facebook.com\/vitalba.a?__tn__=%2CdKH-R-R&amp;eid=ARB8vksytViSGCxTtKWaphlC0Ia8e951MuU-pVT3bX4KVSaQCdymW1XywYHVHUEYs4q3DVqU7PzWEW1s&amp;fref=mentions\">Vitalba Azzollini<\/a>&nbsp;(<a href=\"https:\/\/l.facebook.com\/l.php?u=https%3A%2F%2Fbit.ly%2F2XoubYf%3Ffbclid%3DIwAR0qI13-EXDDL3TzArjy1G9nHypmRAzesrIGj2piXPtKA1knSCi0OJCMai4&amp;h=AT1N_CTFt_StbHTs7KSohk1TYMiRfPeMzmmc-lKmu4_0sxrr-er7hFX705Od6WK1lroK0dEdExiPtSbIkzagpqdQxCIq3byKeUGV9Vxu1rQmjIeISLFxgoPoWOkhUC2ltneBg_uzBQ1xlonKmgevWlBU-19k\" target=\"_blank\" rel=\"noreferrer noopener\">https:\/\/bit.ly\/2XoubYf<\/a>).<\/p>\n\n\n\n<p>5) Chi presta soccorso ai naufraghi al largo della Libia ha meno opzioni di quanto sembri e si trova a dover fare scelte difficili. \u00c8 obbligato dalle convenzioni internazionali sia a salvare i naufraghi sia a portarli nel porto sicuro pi\u00f9 vicino. I porti pi\u00f9 vicini non sono necessariamente sicuri, e i porti sicuri non sono necessariamente vicini.<\/p>\n\n\n\n<p>6) La Libia non \u00e8 un porto sicuro.<\/p>\n\n\n\n<p>Secondo l&#8217;Onu e le testimonianze unanimi di giornalisti e sopravvissuti, in Libia i migranti sono detenuti arbitrariamente in campi di prigionia, dove sono ridotti in schiavit\u00f9 e sistematicamente oggetto di stupro e torture.<\/p>\n\n\n\n<p>Secondo testimonianze, le torture sono riprese con degli smartphone e inviate ai parenti delle vittime a scopo di estorsione. L&#8217;Onu riferisce anche che le autorit\u00e0 locali collaborano con gli aguzzini (<a href=\"https:\/\/l.facebook.com\/l.php?u=https%3A%2F%2Fbit.ly%2F2WjvXG1%3Ffbclid%3DIwAR3FbMB5OIxrJntcz89FH5R0EZvjDplxjrCsJdVy4JBuL-QkVraAWB-Q0Oo&amp;h=AT3c0fgM6abNCPtAFIDI1TYb98V2R0_cMEDaUAjfkQnlDD2JZPhNMhkfA2-iQzN3hvnmFzFFZT0s8_0XUm-rNoomEEJPsyUkqYtOiEu04hANrw0Mzt4gDOvSJ_lmWMQqkebDd7bSXwUzizwdRTrpI9WoRbWR\" target=\"_blank\" rel=\"noreferrer noopener\">https:\/\/bit.ly\/2WjvXG1<\/a>).<\/p>\n\n\n\n<p>Quando sono recuperati dalla Guardia costiera libica, i naufraghi sono riportati nei campi di concentramento dove ricomincia l&#8217;inferno (<a href=\"https:\/\/l.facebook.com\/l.php?u=https%3A%2F%2Fbit.ly%2F2Rx3dKc%3Ffbclid%3DIwAR1-_22ZNP1St4GD2IHHSXeqB_Aoa41bhkPauIVMVzQt3XpqHJ402xjgubE&amp;h=AT2f0-S8shGfM68enaDzWNwFclrkgMqHJ6cIMUDA5i_W8BAw9gWGzCPO9IlDDG2jZ4GOky21XFtAQUVUiuVySepCYfnRCzidtq2vq9-Pq8gytKvWpirnyGyOgm5Bi1sVJ2ryn6c0zWlhVAGFnLM8xDv56WcM\" target=\"_blank\" rel=\"noreferrer noopener\">https:\/\/bit.ly\/2Rx3dKc<\/a>).<\/p>\n\n\n\n<p>Inoltre, in Libia \u00e8 in corso una guerra civile. Ieri sono morti almeno 40 migranti, e altri 80 sono rimasti feriti, a causa del bombardamento di un campo di detenzione (<a href=\"https:\/\/l.facebook.com\/l.php?u=https%3A%2F%2Fbbc.in%2F2XEqxsJ%3Ffbclid%3DIwAR36xyZKrSU3zsp2egcHxALndcYUf61HUpShDbVvmDo8-k_51QzBya5_LCs&amp;h=AT3QxvQmCOey-LHaxSnhhFcakuZkg0Vf-X24I_2tE3-zrLChPHgQSRvNJiWjEhoty0dfpH9DXscK3twoXN9WOxCq5F4k1PIDRpIonPRf6Yy4gD8hsxlFGDyInILIUTv1-uBPIWs8UF8y6NTIWNb2f0TwGqMa\" target=\"_blank\" rel=\"noreferrer noopener\">https:\/\/bbc.in\/2XEqxsJ<\/a>).<\/p>\n\n\n\n<p>Riportare un naufrago in Libia spesso significa condannarlo a morte (per avere un&#8217;idea dell&#8217;orrore, si veda per esempio questa testimonianza&nbsp;<a href=\"https:\/\/l.facebook.com\/l.php?u=https%3A%2F%2Fbit.ly%2F2FD4to7%3Ffbclid%3DIwAR1ybgiEc-OlC-O3F-THdescCcNUdUrHqZcbaPcdnxLG2uneYJ_RNUUOZpg&amp;h=AT2OrepH-2pVKRfTb4Wx78tU9vmONG6uf8SzxPMnho58ntRCniy3cJ73WkFS-Pv6L667nl-O4eUI1BEOI6ijXXFx37zWfML2zlPu10tmWoZC2q35fWOO1HzpzozBtDGrA1liI25YQC5DxkXsK0G9fcYY-XH4\" target=\"_blank\" rel=\"noreferrer noopener\">https:\/\/bit.ly\/2FD4to7<\/a>).<\/p>\n\n\n\n<p>7) La Tunisia non \u00e8 un porto sicuro.<\/p>\n\n\n\n<p>Come scrive Luca Gambardella sul Foglio, in Tunisia manca una legge che permetta di presentare richiesta di protezione umanitaria. Pertanto i richiedenti asilo rischiano di essere respinti, in aperta violazione delle convenzioni internazionali (<a href=\"https:\/\/l.facebook.com\/l.php?u=https%3A%2F%2Fbit.ly%2F2XfZ249%3Ffbclid%3DIwAR1HNG6TW0IdiEeK6fo9kEJYJirZwajmMp1Xo74yAY_bLHWTYlPSNedmu6o&amp;h=AT03TDNQPbH-kcTfJii1Aou1xkcUWPxJco4XwRWOiBQfj0ozbkKeE2BevcFz8s4L3sco0O87Btyd3j36WlmofW3R7VNQoKav5eS_opmiVbEfF0uh9QjDXqv4TAtetDXy7wAjOOoVKhCJnsl8W-j-StvPxYNQ\" target=\"_blank\" rel=\"noreferrer noopener\">https:\/\/bit.ly\/2XfZ249<\/a>).<\/p>\n\n\n\n<p>Per esempio, pi\u00f9 di 30 migranti del Bangladesh salvati da un cargo mercantile il 31 maggio e approdati in Tunisia, sono stati rimpatriati con la forza.<\/p>\n\n\n\n<p>La Tunisia non soddisfa quindi la definizione di porto sicuro in cui &#8220;possono essere soddisfatte le necessit\u00e0 umane di base e definite le modalit\u00e0 di trasporto verso la destinazione successiva o finale, tenendo conto della protezione dei diritti fondamentali nel rispetto del principio di non respingimento&#8221; (<a href=\"https:\/\/l.facebook.com\/l.php?u=https%3A%2F%2Fbit.ly%2F2JdzYGm%3Ffbclid%3DIwAR2-Lv2onhVeW8sc8Uw1AnekLdmSKYpxpowYzjeN_h7BhKf8zfl9xkDj_04&amp;h=AT32YKEjfEjK9gi61uoTfySlPDKlF6yF8td6chIoRxO3OPy7TeS3wvuK1Ioqzy51HbR3CmNxKRZ4qMo2f6-5Iq6HGyaYe4jCsvsrGcwfCxwV2ZmTq9QaWLdnvznbQq0wfaENFrVke1ipMkoPKJwAk0jMiY60\" target=\"_blank\" rel=\"noreferrer noopener\">https:\/\/bit.ly\/2JdzYGm<\/a>).<\/p>\n\n\n\n<p>8) Malta \u00e8 spesso pi\u00f9 lontana di Lampedusa dai luoghi di soccorso, e comunque non \u00e8 un luogo adatto all&#8217;accoglienza dei migranti, per ragioni sia politiche sia giuridiche.<\/p>\n\n\n\n<p>a) \u00c8 un paese minuscolo, che in proporzione alla superficie, alla popolazione e al Pil, accoglie gi\u00e0 molti pi\u00f9 migranti dell&#8217;Italia. b) Non \u00e8 dotata di strutture di accoglienza. Chi arriva senza documenti viene chiuso in un centro di detenzione, dove pu\u00f2 rimanere in attesa di asilo politico fino a 18 mesi. Secondo le testimonianze dei giornalisti e dei reduci, i centri sono delle carceri, in cui i naufraghi sono detenuti in condizioni disumane (<a href=\"https:\/\/l.facebook.com\/l.php?u=https%3A%2F%2Fbit.ly%2F300zklY%3Ffbclid%3DIwAR0nVJJCmbW7VlsGPvM02y_sTfurYIEE6V6YVSUrSj9o6dz_qMwqhhHQVX4&amp;h=AT1qmF9fEMf-EWnHZwGY-kDGpKWqmicrmeBbHnLIEoqp2bdrA5hOkxX_3zGe7TxHxAc-6NlDte_VmGNQQH9wXzIvg7HLh7qAdxOaiVXk7mfw4i5TOSsfRKof2dDORfHhw9U2-Biebtcno3uaqQYOWaZVCS1T\" target=\"_blank\" rel=\"noreferrer noopener\">https:\/\/bit.ly\/300zklY<\/a>). c) Le autorit\u00e0 maltesi negano spesso i porti alle Ong.<\/p>\n\n\n\n<p>Altri paesi, come la Grecia, la Spagna e l&#8217;Olanda, sono pi\u00f9 lontani dell&#8217;Italia, e trasportare i naufraghi fin l\u00ec costituirebbe una violazione delle convenzioni internazionali (<a href=\"https:\/\/l.facebook.com\/l.php?u=https%3A%2F%2Fbit.ly%2F2xinDLb%3Ffbclid%3DIwAR3XhsKxPF5djY9CpCbG2mZwglkLXOCQ6a2nsADVHzH6Q2HAMowTjidpOQU&amp;h=AT1ZtfvfUMeWvvwCez3FHZlCl98cTkQ7e9-1h8PqtkQ_P_AhQtg_0rqGxNb_9shDl-p1X4pag8QS_NASb_rMDQYKlJaIIqm2jZpqk06UmWN3w1FuhkqpHa9z9v45fOkzvfcf3miaeUpTrImxuEGSYGLEkTiV\" target=\"_blank\" rel=\"noreferrer noopener\">https:\/\/bit.ly\/2xinDLb<\/a>).<\/p>\n\n\n\n<p>9) La comandante Rackete quindi non poteva riportare i naufraghi in Libia, n\u00e9 approdare in Tunisia, n\u00e9 attraversare l&#8217;oceano per giungere in Olanda. Non aveva altra scelta che dirigersi verso il porto sicuro pi\u00f9 vicino, Lampedusa, per portare a compimento l&#8217;operazione di soccorso in ossequio a leggi di rango superiore a quelle italiane (<a href=\"https:\/\/l.facebook.com\/l.php?u=https%3A%2F%2Fbit.ly%2F323txOy%3Ffbclid%3DIwAR3Di6NhUyyHuhQ-Uqx2R87nJGZ-1I2L7-jdSe84Sl2jGAnfMtFGv4JaADY&amp;h=AT3wJ60Nsk7XPAGwc2XXnygtFBLf362iE3DtC56gVer3wctrX_47VfvEK8WgFlG85tjJMjaYVMAIOqHljX7q9-1AJG_Y1kSGR14qotigKAp_vLNyVlQcm837NlciZIq4UMDU32uL5H8shHLqBbulTDOk1LQo\" target=\"_blank\" rel=\"noreferrer noopener\">https:\/\/bit.ly\/323txOy<\/a>).<\/p>\n\n\n\n<p>Come scrive&nbsp;<a href=\"https:\/\/www.facebook.com\/vitalba.a?__tn__=%2CdKH-R-R&amp;eid=ARDaWlKfqDBJG6PcOu1XueUQvVsJpDYBYNbYvehtSGHuskYpr5E9ixEVH9AFTMjBWdrpU5agSmJhDRdD&amp;fref=mentions\">Vitalba Azzollini<\/a>, la decisione della gip di Agrigento Alessandra Vella conferma che la scelta della comandante era obbligata e che il decreto sicurezza bis, su cui il ministro dell\u2019Interno ha fondato la chiusura delle acque alla Sea Watch 3, non \u00e8 applicabile alle azioni di salvataggio (<a href=\"https:\/\/l.facebook.com\/l.php?u=https%3A%2F%2Fbit.ly%2F2YwDK3Y%3Ffbclid%3DIwAR2YU7lzCKfYETfaOor_BEty2Ls1h5esleyZgxB4M5DJ9RDx4aXFh-Vmhfw&amp;h=AT2qIjbkmUk0wpDuplM4zkHxxIWJI6TyhYL5Sl9K3FSQRxmmDyi0eb6DRC_ub5tLLpTdv82Gix_SI885qLFlLGAQJBJQMGT4hnEfvwCSK0_65bOhyQUkkBx3h2teOHMgRdVWvlJ17WFXODdohJqmnsUFbue3\" target=\"_blank\" rel=\"noreferrer noopener\">https:\/\/bit.ly\/2YwDK3Y<\/a>).<\/p>\n\n\n\n<p>10) Poich\u00e9 nel Mediterraneo non c&#8217;\u00e8 pi\u00f9 alcuna forma di soccorso sistematico all&#8217;infuori delle iniziative dei volontari, la vicenda della Sea Watch \u00e8 destinata a ripetersi. C&#8217;\u00e8 bisogno di una soluzione politica e per realizzarla \u00e8 necessario che il governo collabori attivamente con il resto d&#8217;Europa. Ma il governo, per il momento, alcuna intenzione di collaborare.<\/p>\n\n\n\n<p>Come scritto dal Post, un primo passo avanti potrebbe essere il superamento del cosiddetto Accordo di Dublino, che obbliga il paese di arrivo dei migranti a valutare sul proprio territorio le richieste di asilo (<a href=\"https:\/\/l.facebook.com\/l.php?u=https%3A%2F%2Fbit.ly%2F2xinDLb%3Ffbclid%3DIwAR38-1MQu2JAzlFSapliwpytTnMWnOvc6bzv8czvHO6o-W5NSyGiERD10Fw&amp;h=AT1RUsMWwUc83SPgDOKwzO5nQ9ThZc-1TVTF6y21cSSO-AOGEhrCicGil7WdnpU8lP4ga79B9d9SDpbnGgI31I-CucPC_wGtZ1Gb79txTQ64fVv9jWde0Z4-sKNvtEatwwV1668QJglu8wS27CVFnQuN7oaZ\" target=\"_blank\" rel=\"noreferrer noopener\">https:\/\/bit.ly\/2xinDLb<\/a>).<\/p>\n\n\n\n<p>Tuttavia, quando il Parlamento europeo ha proposto una riforma dell&#8217;accordo che avrebbe consentito il ricollocamento automatico dei migranti nel resto d&#8217;Europa, Lega e 5 stelle hanno votato contro. I 5 stelle hanno sostenuto che la riforma fosse troppo poco ambiziosa (<a href=\"https:\/\/l.facebook.com\/l.php?u=https%3A%2F%2Fbit.ly%2F2ZWa0xC%3Ffbclid%3DIwAR1dvi6B13pgcRK_Dk6e9rVBpb64yFRXnC3MSv0Ho3RotozmuG1VcU24ZKg&amp;h=AT1656JDRniDARN52m0KqPx1CWoqMAEQpfk1sB5IAtqQ7NA66HCC9F__71ugQzhKshCTdSgISDbfle5l8uHo_anMA4sT4ReFML5YP4kwsTdyBg6QaiLEyv7zlLUc6ie0s7EUW4AHCeK7LE1yXjyWftiqE0EP\" target=\"_blank\" rel=\"noreferrer noopener\">https:\/\/bit.ly\/2ZWa0xC<\/a>).<\/p>\n\n\n\n<p>Secondo la testimonianza di Elly Schlein, (all&#8217;epoca eurodeputata di Possibile), confermata da Pagella Politica, la Lega ha invece disertato tutte le 22 riunioni informali dei gruppi parlamentari in cui si \u00e8 svolto il negoziato per la riforma (<a href=\"https:\/\/l.facebook.com\/l.php?u=https%3A%2F%2Fbit.ly%2F2WsEpFy%3Ffbclid%3DIwAR1z8E8JfTF_kwbA4vZYBN78i6Hd56vCdJ1TwkenFVoNXkPWdkWpP5PyA6U&amp;h=AT2bxuGU5zpHJ30RIxuSAEeZ46i-FNtuvBwcUcIprP662d0uzPjrohzRcXRNYIRCvY33BXABsjmIrZYu7EIUOq2muv8Z3wVxk6tXGX3WQs_zKhAAtWc6FRFJL-OIuzF_Z5dLvhrnnb6JcDEMl5FvYGJRd7tB\" target=\"_blank\" rel=\"noreferrer noopener\">https:\/\/bit.ly\/2WsEpFy<\/a>).<\/p>\n\n\n\n<p>L&#8217;opposizione alla riforma di Dublino \u00e8 una scelta politica legittima, che tuttavia intralcia il ricollocamento dei richiedenti asilo nel resto d&#8217;Europa.<\/p>\n\n\n\n<p>Lega e M5S auspicano che ciascun paese europeo sia vincolato ad accogliere una quota di richiedenti asilo e si dicono detrattori dell&#8217;accordo di Dublino, ma per il momento hanno scelto di ostacolare la riforma dell&#8217;accordo rendendo di fatto pi\u00f9 difficile l&#8217;istituzione di quote vincolanti.<\/p>\n\n\n\n<hr class=\"wp-block-separator\"\/>\n\n\n\n<p>Sono sicuro che quelli che passano per questa pagina lo trovano convincente, quindi perch\u00e9 sono freddo? <\/p>\n\n\n\n<figure class=\"wp-block-image alignwide\"><img data-attachment-id=\"16890\" data-permalink=\"http:\/\/www.robertosedda.it\/?attachment_id=16890\" data-orig-file=\"https:\/\/i0.wp.com\/www.robertosedda.it\/wp-content\/uploads\/2019\/07\/Re-Sole.jpg?fit=992%2C605\" data-orig-size=\"992,605\" data-comments-opened=\"1\" data-image-meta=\"{&quot;aperture&quot;:&quot;0&quot;,&quot;credit&quot;:&quot;&quot;,&quot;camera&quot;:&quot;&quot;,&quot;caption&quot;:&quot;&quot;,&quot;created_timestamp&quot;:&quot;0&quot;,&quot;copyright&quot;:&quot;&quot;,&quot;focal_length&quot;:&quot;0&quot;,&quot;iso&quot;:&quot;0&quot;,&quot;shutter_speed&quot;:&quot;0&quot;,&quot;title&quot;:&quot;&quot;,&quot;orientation&quot;:&quot;0&quot;}\" data-image-title=\"Re Sole\" data-image-description=\"\" data-image-caption=\"\" data-medium-file=\"https:\/\/i0.wp.com\/www.robertosedda.it\/wp-content\/uploads\/2019\/07\/Re-Sole.jpg?fit=300%2C183\" data-large-file=\"https:\/\/i0.wp.com\/www.robertosedda.it\/wp-content\/uploads\/2019\/07\/Re-Sole.jpg?fit=510%2C311\" decoding=\"async\" loading=\"lazy\" width=\"800\" height=\"488\" src=\"https:\/\/i0.wp.com\/www.robertosedda.it\/wp-content\/uploads\/2019\/07\/Re-Sole.jpg?resize=800%2C488\" alt=\"\" class=\"wp-image-16890\" srcset=\"https:\/\/i0.wp.com\/www.robertosedda.it\/wp-content\/uploads\/2019\/07\/Re-Sole.jpg?w=992 992w, https:\/\/i0.wp.com\/www.robertosedda.it\/wp-content\/uploads\/2019\/07\/Re-Sole.jpg?resize=150%2C91 150w, https:\/\/i0.wp.com\/www.robertosedda.it\/wp-content\/uploads\/2019\/07\/Re-Sole.jpg?resize=300%2C183 300w, https:\/\/i0.wp.com\/www.robertosedda.it\/wp-content\/uploads\/2019\/07\/Re-Sole.jpg?resize=510%2C311 510w\" sizes=\"(max-width: 800px) 100vw, 800px\" data-recalc-dims=\"1\" \/><\/figure>\n\n\n\n<p>Boh, detto in due parole perch\u00e9 ragiona come se agissimo ancora in una repubblica ideale ricca di bilanciamenti di poteri e contrappesi, nella quale queste argomentazioni strettamente legali effettivamente chiuderebbero il discorso. Il problema \u00e8 che questa non \u00e8 la situazione dell&#8217;Italia, nella quale decisioni politiche extralegali si incarnano poi in situazioni giuridiche abnormi: siamo il paese, giova ricordarlo, nel quale il Parlamento ha votato serenamente per dichiarare che Ruby era la nipote di Mubarak. <\/p>\n\n\n\n<p>Al di l\u00e0 delle battute, la nostra democrazia \u00e8 in crisi conclamata da almeno trent&#8217;anni e procede per collassi successivi: quello recente \u00e8 grave perch\u00e9 agisce su un corpo gi\u00e0 molto malato e mette in fila cose obiettivamente sinora inaudite.<\/p>\n\n\n\n<p>Per esempio: abbiamo un Governo (e un Parlamento) che ha emanato, scientemente, delle norme di dubbissimo valore giuridico, e per\u00f2 le ha fatte, sapendo che la loro illegalit\u00e0 (per esempio, rispetto alla Costituzione, alle norme internazionali&#8230;) \u00e8 in pratica molto difficile da sfidare. <\/p>\n\n\n\n<p>Abbiamo pezzi del Governo che governano con atti anch&#8217;essi sospetti dal punto di vista della legittimit\u00e0 (circolari interpretative di norme che non esistono, per esempio), oppure extraprocedurali (<em>Twitter<\/em> non \u00e8 ancora fonte del diritto). Quando Salvini dice (cio\u00e8 ordina) che i migranti possono sbarcare solo se la Rackete viene arrestata e la nave sequestrata sta compiendo azioni, in  senso stretto, illegittime: perch\u00e9 n\u00e9 l&#8217;arresto n\u00e9 il sequestro competono a lui personalmente e in realt\u00e0 neanche ad apparati del suo Ministero. Eppure sono atti, finch\u00e9 non sfidati in tribunale, vincolanti, in quanto provenienti da autorit\u00e0 legittime: gerarchicamente gli apparati di sicurezza hanno l&#8217;obbligo di bloccare la nave. Questo mette chiunque &#8211; non solo la Rackete e non solo sul tema dei migranti &#8211; nel continuo dilemma di cosa fare: obbedire alle leggi? Quali leggi, esattamente? E questo prima ancora di dover discutere del dissidio fra legge e coscienza.<\/p>\n\n\n\n<p>Ci sono per\u00f2, palesemente, pezzi dello Stato che non vivono affatto questo dilemma ma che invece di questa efficacia sospetta delle leggi si fanno scudo per giustificare azioni che sono, anch&#8217;esse, estremamente sospette dal punto di vista della legittimit\u00e0 (non solo sulle questioni migranti, basti vedere il ruolo che vanno spesso assumendo i prefetti sulle pi\u00f9 disparate questioni genericamente legate alla sicurezza; anzi, sarebbe interessante che qualcuno si preoccupasse di mettere in fila le notizie che si vedono giungere un po&#8217; dappertutto sull&#8217;improvviso protagonismo di certi prefetti). Il preteso ruolo dei funzionari pubblici di <em>servire lo Stato<\/em> e non interessi di parte \u00e8 sempre meno credibile, soprattutto ai vertici (ok, forse sono io un&#8217;anima bella e non me n&#8217;ero mai accorto, ma tengo il punto).<\/p>\n\n\n\n<p>C&#8217;\u00e8 un apparato mediatico che abdica &#8211; o scientemente preferisce la mistificazione &#8211; al proprio ruolo di informazione, limitandosi a legittimare le opinioni espresse da pezzi del Governo, anche quando non suffragate da prove (appunto: <em>opinioni<\/em>), costruendo nell&#8217;opinione pubblica consapevolezze che non corrispondono ai fatti &#8211; questo fa s\u00ec che se e quando finalmente la legittimit\u00e0 di quelle azioni viene sfidata da altri pezzi dello Stato (la Magistratura, ma mesi fa la Marina Militare e qui e l\u00e0 i sindaci) queste resistenze sono sostanzialmente incomprensibili: \u00abcom&#8217;\u00e8 possibile che non sia un crimine che una nave pirata speroni una nave della militare?\u00bb. Perch\u00e9 i fatti non corrispondono, ma vaglieli a spiegare ora, se non li hai voluti spiegare prima.<\/p>\n\n\n\n<p>Non sono cose del tutto nuove. Per esempio, e per citare atti di un Governo di diversa parte politica, da anni l&#8217;Italia vende armi a paesi in guerra o dittature. Eppure c&#8217;\u00e8 in Italia una legge che lo vieta, e ci sono elementi di diritto internazionale ai quali l&#8217;Italia sarebbe vincolata che lo vieterebbero anch&#8217;essi. Eppure le necessarie autorizzazioni sono state rilasciate e questi sono atti governativi che hanno anch&#8217;essi certamente valore legale e che, sinora, non \u00e8 stato possibile portare davanti a un giudice (probabilmente non c&#8217;\u00e8 nemmeno un giudice che possa essere chiamato a dirimere la questione). E di questa incertezza\/certezza del diritto una marea di funzionari pubblici, sindacalisti e politici si fanno scudo per evitare, alla fin fine, di far rispettare la legge e fermare questo commercio, preferendo perseguire la propria convenienza o convincimento personale.  <\/p>\n\n\n\n<p>Non sono storie cos\u00ec lontane: i meccanismi di base sono gli stessi. Quello che  differisce, casomai, \u00e8 che sinora si trattava di azioni in qualche modo collettive: decidere di vendere armi all&#8217;uno o all&#8217;altro, adottare certe politiche ambientali o altre sono decisioni collettive, che mettono assieme pi\u00f9 attori: ministri, funzionari, politici, industriali. Quello che \u00e8 nuovo \u00e8 che adesso, invece, in qualche modo Salvini esprime un&#8217;idea monocratica del modo col quale si giunge alle decisioni di governo: in senso preciso direi monarchica. <\/p>\n\n\n\n<p>Che Salvini dica che non \u00e8 d&#8217;accordo con la giudice passi. Tutti i politici prima o poi lo fanno. Il problema, come per Riace e diverse altre cose, \u00e8 che Salvini lo dice da una posizione nella quale si pone come fonte del diritto, cio\u00e8 sostituisce la sua volont\u00e0 e la sua opinione al processo formale di formazione delle leggi e di gestione della cosa pubblica. <em>Prima<\/em> viene la sua volont\u00e0, e <em>poi<\/em> si forma lo strumento legale o operativo per portare a termine la sua volont\u00e0. \u00c8 come col Re Sole: DArtagnan andava da Madame Rackete e le diceva: \u00abSignora, <strong>per volont\u00e0 del Re<\/strong> dovete seguirmi alla Bastiglia\u00bb. La volont\u00e0 del Re bastava e avanzava: al massimo al Governatore della Bastiglia si mostrava un biglietto di pugno del Re: <em>\u00e8 mia volont\u00e0 che Madame sia rinchiusa per tutto il tempo che mi piacer\u00e0<\/em>. Se D&#8217;Artagnan avesse detto al Re: \u00abMaest\u00e0, il Governatore della Bastiglia dice che il mandato d&#8217;arresto non \u00e8 valido e ha liberato Madame Rackete\u00bb, Luigi XVI sarebbe sbalordito. Salvini sbalordisce allo stesso modo, solo che lui governa non per grazia di Dio ma per volont\u00e0 della nazione. E perch\u00e9 non dovrebbe sbalordire? Ha prodotto sia gli strumenti giuridici appropriati (i decreti, le circolari) che l&#8217;interpretazione dei fatti necessaria perch\u00e9 l&#8217;apparato dello Stato sappia perch\u00e9 e come agire (migranti illegali, rifiuto di sottostare al blocco navale, speronamento, arresto, sequestro). E infatti subito ha minacciato la riforma della magistratura, secondo una logica che ai tempi del De Andr\u00e8 di <em>Sogno n. 2<\/em> sembrava distopica:<\/p>\n\n\n\n<blockquote class=\"wp-block-quote\"><p>Ascolta<br \/>una volta un giudice come me<br \/>giudic\u00f2 chi gli aveva dettato la legge: <br \/>prima cambiarono il giudice&nbsp;<br \/>e subito dopo&nbsp;<br \/>la legge.&nbsp; <\/p><\/blockquote>\n\n\n\n<figure class=\"wp-block-embed-youtube wp-block-embed is-type-video is-provider-youtube wp-embed-aspect-16-9 wp-has-aspect-ratio\"><div class=\"wp-block-embed__wrapper\">\n<span class=\"embed-youtube\" style=\"text-align:center; display: block;\"><iframe loading=\"lazy\" class=\"youtube-player\" width=\"800\" height=\"450\" src=\"https:\/\/www.youtube.com\/embed\/R1cTk1KFKJc?version=3&#038;rel=1&#038;showsearch=0&#038;showinfo=1&#038;iv_load_policy=1&#038;fs=1&#038;hl=it-IT&#038;autohide=2&#038;wmode=transparent\" allowfullscreen=\"true\" style=\"border:0;\" sandbox=\"allow-scripts allow-same-origin allow-popups allow-presentation\"><\/iframe><\/span>\n<\/div><\/figure>\n\n\n\n<p>Naturalmente, anche qui non sono cose nuove: da Berlusconi a Renzi la <em>governabilit\u00e0<\/em> \u00e8 stata usata per deprecare i lacci e i laccioli di questa fastidiosa democrazia parlamentare che impedisce a noi sovrani illuminati di fare quel che ci pare, con discussioni che ogni volta ripartivano dal gradino pi\u00f9 basso. Oggi, per\u00f2, si scende di botto di un&#8217;intera rampa di scale.<\/p>\n\n\n\n<p>L&#8217;opposizione invoca, da tempo, lo spettro del fascismo. Devo dire che, come sapete, sull&#8217;argomento mantengo i miei dubbi. Ma non c&#8217;\u00e8 bisogno di essere fascisti per essere autoritari o, come il Re Sole, direttamente assolutisti: \u00e8 <em>esattamente<\/em> l&#8217;evoluzione naturale degli ultimi trent&#8217;anni. <\/p>\n\n\n\n<p>Del resto la storia insegna che l&#8217;esito delle oligarchie \u00e8 sempre monarchico, e a livello mondiale siamo pieni di oligarchie. <\/p>\n\n\n\n<p>Come mantenere le repubbliche nella crisi delle oligarchie, questo \u00e8 il problema.<\/p>\n","protected":false},"excerpt":{"rendered":"<p>Il mio amico e compagno Antonio Messina mi ha segnalato su Facebook una disamina dal punto di vista legale di<\/p>\n","protected":false},"author":1,"featured_media":16899,"comment_status":"open","ping_status":"open","sticky":false,"template":"","format":"standard","meta":{"_mi_skip_tracking":false,"_monsterinsights_sitenote_active":false,"_monsterinsights_sitenote_note":"","_monsterinsights_sitenote_category":0,"jetpack_post_was_ever_published":false,"_jetpack_newsletter_access":"","jetpack_publicize_message":"","jetpack_is_tweetstorm":false,"jetpack_publicize_feature_enabled":true,"jetpack_social_post_already_shared":false,"jetpack_social_options":{"image_generator_settings":{"template":"highway","enabled":false}}},"categories":[52,57,17,59,16],"tags":[],"jetpack_publicize_connections":[],"jetpack_featured_media_url":"https:\/\/i0.wp.com\/www.robertosedda.it\/wp-content\/uploads\/2019\/07\/Re-Sole-2.jpg?fit=995%2C565","jetpack_sharing_enabled":true,"jetpack_shortlink":"https:\/\/wp.me\/p4jV2T-4ol","jetpack_likes_enabled":true,"jetpack-related-posts":[{"id":15358,"url":"http:\/\/www.robertosedda.it\/?p=15358","url_meta":{"origin":16885,"position":0},"title":"Lupi mannari e corruttori","author":"Rufus","date":"14\/06\/2018","format":false,"excerpt":"Una discussione di ieri sulla responsabilit\u00e0 politica (che \u00e8 cosa diversa da quella giudiziaria) a proposito degli arresti nella faccenda del nuovo stadio della Roma mi ha fatto tornare in mente una cosa che volevo dire tempo fa quando si \u00e8 discusso della proposta di Davigo (e altri) di utilizzare\u2026","rel":"","context":"In &quot;Coordinate&quot;","block_context":{"text":"Coordinate","link":"http:\/\/www.robertosedda.it\/?cat=52"},"img":{"alt_text":"","src":"https:\/\/i0.wp.com\/www.robertosedda.it\/wp-content\/uploads\/2018\/06\/Lupo-cattivo-con-cappello-Titti.jpeg?fit=959%2C1200&resize=350%2C200","width":350,"height":200,"srcset":"https:\/\/i0.wp.com\/www.robertosedda.it\/wp-content\/uploads\/2018\/06\/Lupo-cattivo-con-cappello-Titti.jpeg?fit=959%2C1200&resize=350%2C200 1x, https:\/\/i0.wp.com\/www.robertosedda.it\/wp-content\/uploads\/2018\/06\/Lupo-cattivo-con-cappello-Titti.jpeg?fit=959%2C1200&resize=700%2C400 2x"},"classes":[]},{"id":12353,"url":"http:\/\/www.robertosedda.it\/?p=12353","url_meta":{"origin":16885,"position":1},"title":"Lo dico sinceramente&#8230;","author":"Rufus","date":"25\/08\/2016","format":false,"excerpt":"\u00c8 stato pubblicato oggi\u00a0sul sito di Banca Etica l'annuncio ufficiale del fatto\u00a0che il 23 settembre inauguriamo ufficialmente la nuova sede del banchiere ambulante a Cagliari. E quindi ciao, arrivederci, \u00e8 stato bello conoscervi: fino al 23 io non esisto pi\u00f9,\u00a0kaputt, c'\u00e8 un monte impressionante di cose da fare, perch\u00e9 ci\u2026","rel":"","context":"In &quot;Banche e finanza&quot;","block_context":{"text":"Banche e finanza","link":"http:\/\/www.robertosedda.it\/?cat=72"},"img":{"alt_text":"","src":"https:\/\/i0.wp.com\/www.robertosedda.it\/wp-content\/uploads\/2016\/08\/Banca-Etica-Cagliari.jpg?fit=962%2C726&resize=350%2C200","width":350,"height":200,"srcset":"https:\/\/i0.wp.com\/www.robertosedda.it\/wp-content\/uploads\/2016\/08\/Banca-Etica-Cagliari.jpg?fit=962%2C726&resize=350%2C200 1x, https:\/\/i0.wp.com\/www.robertosedda.it\/wp-content\/uploads\/2016\/08\/Banca-Etica-Cagliari.jpg?fit=962%2C726&resize=700%2C400 2x"},"classes":[]},{"id":20578,"url":"http:\/\/www.robertosedda.it\/?p=20578","url_meta":{"origin":16885,"position":2},"title":"Decisioni improvvise","author":"Rufus","date":"30\/04\/2025","format":false,"excerpt":"Lo scorso 25 aprile mi sono iscritto all'ANPI, devo dire: non so bene perch\u00e9. Nel senso: ci sono certamente pi\u00f9 e pi\u00f9 buone ragioni per iscriversi all'ANPI, tanto pi\u00f9 di questi tempi, per\u00f2 io non ci avevo mai pensato. Poi, alla manifestazione del 25 aprile ho incontrato un'amica carissima che\u2026","rel":"","context":"In &quot;Coordinate&quot;","block_context":{"text":"Coordinate","link":"http:\/\/www.robertosedda.it\/?cat=52"},"img":{"alt_text":"","src":"https:\/\/i0.wp.com\/www.robertosedda.it\/wp-content\/uploads\/2025\/04\/WhatsApp-Image-2025-04-30-at-12.24.57.jpeg?fit=923%2C1177&resize=350%2C200","width":350,"height":200,"srcset":"https:\/\/i0.wp.com\/www.robertosedda.it\/wp-content\/uploads\/2025\/04\/WhatsApp-Image-2025-04-30-at-12.24.57.jpeg?fit=923%2C1177&resize=350%2C200 1x, https:\/\/i0.wp.com\/www.robertosedda.it\/wp-content\/uploads\/2025\/04\/WhatsApp-Image-2025-04-30-at-12.24.57.jpeg?fit=923%2C1177&resize=700%2C400 2x"},"classes":[]},{"id":7896,"url":"http:\/\/www.robertosedda.it\/?p=7896","url_meta":{"origin":16885,"position":3},"title":"Quel che ho detto al Consiglio comunale di Cagliari","author":"Rufus","date":"03\/07\/2014","format":false,"excerpt":"Ok, lo ammetto: il titolo dell'articolo \u00e8 leggermente fuorviante. Ieri mattina c'\u00e8 stata una seduta straordinaria del Consiglio comunale di Cagliari sul tema del diritto alla casa; nel pomeriggio nella stessa sala consiliare l'amministrazione ha convocato gli attori interessati - costruttori, sindacati, inquilini, cooperazione, ingegneri, architetti e anche, come nel\u2026","rel":"","context":"In &quot;Coordinate&quot;","block_context":{"text":"Coordinate","link":"http:\/\/www.robertosedda.it\/?cat=52"},"img":{"alt_text":"","src":"https:\/\/i0.wp.com\/www.robertosedda.it\/wp-content\/uploads\/2013\/11\/Panorama-Cagliari.jpg?fit=640%2C428&resize=350%2C200","width":350,"height":200},"classes":[]},{"id":14891,"url":"http:\/\/www.robertosedda.it\/?p=14891","url_meta":{"origin":16885,"position":4},"title":"Dieci dischi fondamentali&#8230; pi\u00f9 uno","author":"Rufus","date":"28\/03\/2018","format":"video","excerpt":"Nei giorni scorsi ho partecipato a una delle classiche catene su Facebook: si trattava di elencare in dieci giorni dieci dischi fondamentali della propria vita. La cosa si sommava a qualche discussione familiare successiva alla visione di una successione di puntate de\u00a0I miei vinili. E insomma, mi sono lasciato convincere\u2026","rel":"","context":"In &quot;Coordinate&quot;","block_context":{"text":"Coordinate","link":"http:\/\/www.robertosedda.it\/?cat=52"},"img":{"alt_text":"","src":"https:\/\/i0.wp.com\/www.robertosedda.it\/wp-content\/uploads\/2018\/03\/3.jpg?fit=498%2C500&resize=350%2C200","width":350,"height":200},"classes":[]},{"id":6715,"url":"http:\/\/www.robertosedda.it\/?p=6715","url_meta":{"origin":16885,"position":5},"title":"Cosa c&#8217;entra la noviolenza col Museo Nivola di Orani?","author":"Rufus","date":"17\/03\/2014","format":false,"excerpt":"Un'ascendenza fortemente sentita Non so se ho mai raccontato qui sul blog di essere mezzo oranese - Delitala da parte di madre, e fierissimo di questa ascendenza - e quindi dotato di solidissime radici barbaricine. Se Cagliari \u00e8 la mia citt\u00e0 del cuore, senza merito perch\u00e9 vi sono nato e\u2026","rel":"","context":"In &quot;Coordinate&quot;","block_context":{"text":"Coordinate","link":"http:\/\/www.robertosedda.it\/?cat=52"},"img":{"alt_text":"","src":"https:\/\/i0.wp.com\/www.robertosedda.it\/wp-content\/uploads\/2014\/03\/Davanti-Sa-Itria-a-Orani.jpg?fit=960%2C720&resize=350%2C200","width":350,"height":200,"srcset":"https:\/\/i0.wp.com\/www.robertosedda.it\/wp-content\/uploads\/2014\/03\/Davanti-Sa-Itria-a-Orani.jpg?fit=960%2C720&resize=350%2C200 1x, https:\/\/i0.wp.com\/www.robertosedda.it\/wp-content\/uploads\/2014\/03\/Davanti-Sa-Itria-a-Orani.jpg?fit=960%2C720&resize=700%2C400 2x"},"classes":[]}],"_links":{"self":[{"href":"http:\/\/www.robertosedda.it\/index.php?rest_route=\/wp\/v2\/posts\/16885"}],"collection":[{"href":"http:\/\/www.robertosedda.it\/index.php?rest_route=\/wp\/v2\/posts"}],"about":[{"href":"http:\/\/www.robertosedda.it\/index.php?rest_route=\/wp\/v2\/types\/post"}],"author":[{"embeddable":true,"href":"http:\/\/www.robertosedda.it\/index.php?rest_route=\/wp\/v2\/users\/1"}],"replies":[{"embeddable":true,"href":"http:\/\/www.robertosedda.it\/index.php?rest_route=%2Fwp%2Fv2%2Fcomments&post=16885"}],"version-history":[{"count":10,"href":"http:\/\/www.robertosedda.it\/index.php?rest_route=\/wp\/v2\/posts\/16885\/revisions"}],"predecessor-version":[{"id":16900,"href":"http:\/\/www.robertosedda.it\/index.php?rest_route=\/wp\/v2\/posts\/16885\/revisions\/16900"}],"wp:featuredmedia":[{"embeddable":true,"href":"http:\/\/www.robertosedda.it\/index.php?rest_route=\/wp\/v2\/media\/16899"}],"wp:attachment":[{"href":"http:\/\/www.robertosedda.it\/index.php?rest_route=%2Fwp%2Fv2%2Fmedia&parent=16885"}],"wp:term":[{"taxonomy":"category","embeddable":true,"href":"http:\/\/www.robertosedda.it\/index.php?rest_route=%2Fwp%2Fv2%2Fcategories&post=16885"},{"taxonomy":"post_tag","embeddable":true,"href":"http:\/\/www.robertosedda.it\/index.php?rest_route=%2Fwp%2Fv2%2Ftags&post=16885"}],"curies":[{"name":"wp","href":"https:\/\/api.w.org\/{rel}","templated":true}]}}