{"id":16839,"date":"2019-06-18T13:20:11","date_gmt":"2019-06-18T11:20:11","guid":{"rendered":"http:\/\/www.robertosedda.it\/?p=16839"},"modified":"2024-06-19T13:50:44","modified_gmt":"2024-06-19T11:50:44","slug":"ma-allora-dove-ci-si-trova","status":"publish","type":"post","link":"http:\/\/www.robertosedda.it\/?p=16839","title":{"rendered":"Ma allora dove ci si trova?"},"content":{"rendered":"\n<p>Il titolo non si riferisce, come potreste pensare, alla possibilit\u00e0 di prendere un aperitivo con gli amici, ma a una riflessione che mi \u00e8 venuta in mente leggendo una <a href=\"https:\/\/www.foxnews.com\/politics\/rep-will-hurd-disinvited-to-cybersecurity-conference-after-voting-record-on-womens-rights-sparks-outrage\">notiziola<\/a> proposta oggi dal solito <a href=\"http:\/\/www.robertosedda.it\/?page_id=10420\">aggregatore di notizie<\/a>.<\/p>\n\n\n\n<figure class=\"wp-block-image alignwide\"><img data-attachment-id=\"16840\" data-permalink=\"http:\/\/www.robertosedda.it\/?attachment_id=16840\" data-orig-file=\"https:\/\/i0.wp.com\/www.robertosedda.it\/wp-content\/uploads\/2019\/06\/Will-Hurd-FB.jpg?fit=1280%2C720\" data-orig-size=\"1280,720\" data-comments-opened=\"1\" data-image-meta=\"{&quot;aperture&quot;:&quot;0&quot;,&quot;credit&quot;:&quot;&quot;,&quot;camera&quot;:&quot;&quot;,&quot;caption&quot;:&quot;&quot;,&quot;created_timestamp&quot;:&quot;0&quot;,&quot;copyright&quot;:&quot;&quot;,&quot;focal_length&quot;:&quot;0&quot;,&quot;iso&quot;:&quot;0&quot;,&quot;shutter_speed&quot;:&quot;0&quot;,&quot;title&quot;:&quot;&quot;,&quot;orientation&quot;:&quot;0&quot;}\" data-image-title=\"Will-Hurd-FB\" data-image-description=\"\" data-image-caption=\"\" data-medium-file=\"https:\/\/i0.wp.com\/www.robertosedda.it\/wp-content\/uploads\/2019\/06\/Will-Hurd-FB.jpg?fit=300%2C169\" data-large-file=\"https:\/\/i0.wp.com\/www.robertosedda.it\/wp-content\/uploads\/2019\/06\/Will-Hurd-FB.jpg?fit=510%2C287\" decoding=\"async\" loading=\"lazy\" width=\"800\" height=\"450\" src=\"https:\/\/i0.wp.com\/www.robertosedda.it\/wp-content\/uploads\/2019\/06\/Will-Hurd-FB.jpg?resize=800%2C450\" alt=\"\" class=\"wp-image-16840\" srcset=\"https:\/\/i0.wp.com\/www.robertosedda.it\/wp-content\/uploads\/2019\/06\/Will-Hurd-FB.jpg?w=1280 1280w, https:\/\/i0.wp.com\/www.robertosedda.it\/wp-content\/uploads\/2019\/06\/Will-Hurd-FB.jpg?resize=150%2C84 150w, https:\/\/i0.wp.com\/www.robertosedda.it\/wp-content\/uploads\/2019\/06\/Will-Hurd-FB.jpg?resize=300%2C169 300w, https:\/\/i0.wp.com\/www.robertosedda.it\/wp-content\/uploads\/2019\/06\/Will-Hurd-FB.jpg?resize=510%2C287 510w\" sizes=\"(max-width: 800px) 100vw, 800px\" data-recalc-dims=\"1\" \/><\/figure>\n\n\n\n<p>Dunque, il tizio che vedete qui sopra (che fra l&#8217;altro \u00e8 un afroamericano, il che complica la questione) si chiama <a href=\"https:\/\/it.wikipedia.org\/wiki\/Will_Hurd\">Will Hurd<\/a> ed \u00e8 un componente della Camera dei Rappresentanti degli Stati Uniti, per il Texas. \u00c8 un repubblicano, \u00e8 considerato vicino al Tea Party e ha lavorato per nove anni nella CIA come agente sotto copertura, sul campo. <\/p>\n\n\n\n<p>Con queste premesse non \u00e8 sorprendente scoprire che \u00e8 un esperto di sicurezza informatica e che ha in curriculum una serie di voti, su diversi argomenti, contrari a posizioni femministe: ha votato contro il finanziamento pubblico di <em>Planned Parenthood<\/em>, una ONG che si occupa di genitorialit\u00e0 responsabile, contro le politiche attive per un maggior inserimento delle donne nelle discipline <em>STEM<\/em> (scienza, tecnologia, ingegneria e matematica) e contro l&#8217;aborto in gravidanza avanzata.<\/p>\n\n\n\n<p>Queste sue due caratteristiche &#8211; cybersicurezza e posizioni conservatrici &#8211; sono venute a collidere quando, recentemente, \u00e8 stato invitato come relatore a <em><a href=\"https:\/\/en.wikipedia.org\/wiki\/Black_Hat_Briefings\">Blackhat USA 2019<\/a><\/em>, un importante convegno che si tiene annualmente in giro per il mondo sui temi della sicurezza informatica. Una serie di altre invitate e partecipanti hanno obiettato alla sua presenza e, dopo che inizialmente gli organizzatori avevano provato a resistere, la pressione montante e gli inviti al boicottaggio sono stati tali che l&#8217;invito a Hurd \u00e8 stato ritirato.<\/p>\n\n\n\n<figure class=\"wp-block-embed aligncenter is-type-rich is-provider-twitter wp-block-embed-twitter\"><div class=\"wp-block-embed__wrapper\">\n<blockquote class=\"twitter-tweet\" data-width=\"550\" data-dnt=\"true\"><p lang=\"en\" dir=\"ltr\">A keynote from a lawmaker who doesn\u2019t believe women should have fundamental human rights is not a great way make women feel welcome in the infosec community. <a href=\"https:\/\/twitter.com\/BlackHatEvents?ref_src=twsrc%5Etfw\">@BlackHatEvents<\/a>  <a href=\"https:\/\/t.co\/0nFrY30KEF\">https:\/\/t.co\/0nFrY30KEF<\/a><\/p>&mdash; Eva (@evacide) <a href=\"https:\/\/twitter.com\/evacide\/status\/1139293816077332480?ref_src=twsrc%5Etfw\">June 13, 2019<\/a><\/blockquote><script async src=\"https:\/\/platform.twitter.com\/widgets.js\" charset=\"utf-8\"><\/script>\n<\/div><\/figure>\n\n\n\n<p> Credo che sia interessante riportare i due comunicati relativi all&#8217;episodio. Quello degli organizzatori sostanzialmente non giustifica le argomentazioni contro la presenza di Hurd, ma piuttosto si muove nella logica dell&#8217;ammissione di una sconfitta:<\/p>\n\n\n\n<blockquote class=\"wp-block-quote\"><p>Black Hat ha deciso di rimuovere la relazione introduttiva e di saluto  <br \/>di <em>Black Hat USA<\/em> dell&#8217;onorevole Will Hurd. Abbiamo mal valutato la separazione fra tecnologia e politica. Continueremo a concentrarci sulla tecnologia e la ricerca, tuttavia riconosciamo che <em>Black Hat USA<\/em> non \u00e8 la piattaforma appropriata per il dibattito politico polarizzato conseguente alla nostra scelta di relatore.<\/p><cite>Dichiarazione degli organizzatori a <em>TechCrunch<\/em><\/cite><\/blockquote>\n\n\n\n<p>A sua volta Hurd ha risposto con una dichiarazione piuttosto abile (uno non far\u00e0 l&#8217;agente sul campo della <em>CIA<\/em> se non sa due o tre cose, come per esempio apparire pacato e dialogico e mettere avanti il fatto di essere afroamericano e avere servito il suo paese in contesti pericolosi): <\/p>\n\n\n\n<blockquote class=\"wp-block-quote\"><p>L&#8217;onorevole Hurd ha considerato un onore essere stato invitato e spera che la <em>Black Hat Conference<\/em> sia un successo. L&#8217;onorevole Hurd ha sempre cercato di confrontarsi attivamente con gruppi di persone che non necessariamente condividono tutti i suoi voti o opinioni. L&#8217;onorevole Hurd avrebbe portato la prospettiva di una persona di colore e di qualcuno che ha servito la nostra nazione all&#8217;estero. <\/p><cite>Dichiarazione dell&#8217;addetta stampa, Katie Thompson, a <em>Fox News<\/em><\/cite><\/blockquote>\n\n\n\n<p>Devo dire che sul giudizio sull&#8217;episodio sono combattuto. Da una parte il boicottaggio \u00e8 una pratica di lotta politica certamente legittima, e ancora di pi\u00f9 \u00e8 legittimo avere cura di segnare politicamente le distanze ogni volta che lo si ritiene necessario. Immagino anche che nel contesto specifico degli Stati Uniti di oggi ci sia molta pi\u00f9 esasperazione nei confronti del Partito Repubblicano che in altri momenti. D&#8217;altra parte, <a href=\"http:\/\/www.robertosedda.it\/?p=14299\">come ho gi\u00e0 scritto<\/a>, il boicottaggio correttamente inteso ha dei limiti e su quello che mira non alla negoziazione da posizioni di forza ma direttamente all&#8217;annientamento dell&#8217;avversario, come in questo caso, \u00e8 lecito avere dubbi, non solo etici ma anche politici.<\/p>\n\n\n\n<p>Il tema, in prima battuta, \u00e8 questo: le posizioni di Hurd, con buona pace delle sue avversarie e avversari, non sono <em>estreme<\/em>. Non \u00e8 solo il fatto che, se sono vere le <a href=\"http:\/\/www.robertosedda.it\/?p=15829\">percentuali con le quali si suddividono le trib\u00f9 politiche americane<\/a>, due terzi circa dell&#8217;elettorato \u00e8 altrettanto distante dalle posizioni di Hurd quanto da quelle delle sue critiche. Il problema \u00e8 che quando sono posizioni incorporate in uno dei due maggiori partiti politici della nazione, che esprime il Presidente, la maggioranza di una delle due Camere e chiss\u00e0 quanti amministratori locali, l&#8217;annientamento \u00e8 fuori questione. Il mondo non \u00e8 <em>liberal<\/em> e non \u00e8 possibile far scomparire i conservatori solo impedendogli di presentarsi a un convegno dopo l&#8217;altro. L&#8217;esclusione delle posizioni avversarie da determinati segmenti di dibattito pubblico &#8211; diciamo: i luoghi dove si incontrano soggetti probabilmente giovani, colti e (<a href=\"http:\/\/www.robertosedda.it\/?p=16202\">moderatamente<\/a>) abbienti come gli esperti di sicurezza informatica &#8211; non otterr\u00e0 di modificare complessivamente i rapporti di forza sociali: anzi \u00e8 probabile che l&#8217;esistenza di recinti di discussione artificiali ottenuti in questo modo e diversi da quelli dove dibatte il restante 92% della popolazione &#8211; cito sempre lo studio sulle trib\u00f9 politiche &#8211; contribuisca alla costruzione di narrazioni conservatrici che fanno passare il dibattito sul potere riproduttivo delle donne per strane idiosincrasie di una minoranza rumorosa e fissata; l&#8217;accusa di <em>radical chic o<\/em> <em>comunisti col Rolex<\/em>, per spiegarci in riferimento al dibattito italiano, \u00e8 dietro l&#8217;angolo e polemiche come queste la rendono pi\u00f9 efficace, non meno. Oppure prima o poi semplicemente qualcuno si stancher\u00e0 e, sapendo di poter contare sul 92% rimanente &#8211; o comunque su una maggioranza sufficiente &#8211; decider\u00e0 che se c&#8217;\u00e8 qualcuno che deve stare a casa, quello sei tu.<\/p>\n\n\n\n<p>Ma il tema sull&#8217;opportunit\u00e0 politica, in realt\u00e0, \u00e8 secondario: pu\u00f2 anche darsi che il 75% di americani &#8211; secondo lo studio:<em> esausti<\/em> &#8211; che non sono n\u00e9 conservatori n\u00e9 attivisti liberali si disinteressi sostanzialmente di questo tipo di dibattiti, ascrivendolo alle bizzarrie degli estremisti. Rimane per\u00f2 il problema, mi pare maggiore, della cura dei luoghi di dibattito pubblico. Se esperti di settore di differenti impostazioni politiche non possono incontrarsi neanche in incontri riservati alla loro disciplina, dove potranno mai incontrarsi? Una societ\u00e0 dove vigesse il diritto alla scomunica reciproca sarebbe una societ\u00e0 distopica, tribale, in cui la societ\u00e0 civile e i corpi intermedi sono stati completamente annullati, costituita solo di spezzoni che non si incontrano mai e se non forse, in Parlamento e, anche l\u00ec, senza nessun dibattito politico, solo la conta di chi \u00e8 pi\u00f9 forte in quel momento (mentre scrivevo queste ultime righe mi \u00e8 venuto in mente che \u00e8 anche un modello molto grillino, ma questo articolo voleva essere in realt\u00e0 solo una breve segnalazione, \u00e8 gi\u00e0 diventato eccessivamente lungo e casomai questo ultimo appunto sar\u00e0 ripreso un&#8217;altra volta, con pi\u00f9 calma).<\/p>\n","protected":false},"excerpt":{"rendered":"<p>Il titolo non si riferisce, come potreste pensare, alla possibilit\u00e0 di prendere un aperitivo con gli amici, ma a una<\/p>\n","protected":false},"author":1,"featured_media":16840,"comment_status":"open","ping_status":"open","sticky":false,"template":"","format":"standard","meta":{"_mi_skip_tracking":false,"_monsterinsights_sitenote_active":false,"_monsterinsights_sitenote_note":"","_monsterinsights_sitenote_category":0,"jetpack_post_was_ever_published":false,"_jetpack_newsletter_access":"","jetpack_publicize_message":"","jetpack_is_tweetstorm":false,"jetpack_publicize_feature_enabled":true,"jetpack_social_post_already_shared":true,"jetpack_social_options":{"image_generator_settings":{"template":"highway","enabled":false}}},"categories":[52,57,17,59,16],"tags":[],"jetpack_publicize_connections":[],"jetpack_featured_media_url":"https:\/\/i0.wp.com\/www.robertosedda.it\/wp-content\/uploads\/2019\/06\/Will-Hurd-FB.jpg?fit=1280%2C720","jetpack_sharing_enabled":true,"jetpack_shortlink":"https:\/\/wp.me\/p4jV2T-4nB","jetpack_likes_enabled":true,"jetpack-related-posts":[],"_links":{"self":[{"href":"http:\/\/www.robertosedda.it\/index.php?rest_route=\/wp\/v2\/posts\/16839"}],"collection":[{"href":"http:\/\/www.robertosedda.it\/index.php?rest_route=\/wp\/v2\/posts"}],"about":[{"href":"http:\/\/www.robertosedda.it\/index.php?rest_route=\/wp\/v2\/types\/post"}],"author":[{"embeddable":true,"href":"http:\/\/www.robertosedda.it\/index.php?rest_route=\/wp\/v2\/users\/1"}],"replies":[{"embeddable":true,"href":"http:\/\/www.robertosedda.it\/index.php?rest_route=%2Fwp%2Fv2%2Fcomments&post=16839"}],"version-history":[{"count":6,"href":"http:\/\/www.robertosedda.it\/index.php?rest_route=\/wp\/v2\/posts\/16839\/revisions"}],"predecessor-version":[{"id":18869,"href":"http:\/\/www.robertosedda.it\/index.php?rest_route=\/wp\/v2\/posts\/16839\/revisions\/18869"}],"wp:featuredmedia":[{"embeddable":true,"href":"http:\/\/www.robertosedda.it\/index.php?rest_route=\/wp\/v2\/media\/16840"}],"wp:attachment":[{"href":"http:\/\/www.robertosedda.it\/index.php?rest_route=%2Fwp%2Fv2%2Fmedia&parent=16839"}],"wp:term":[{"taxonomy":"category","embeddable":true,"href":"http:\/\/www.robertosedda.it\/index.php?rest_route=%2Fwp%2Fv2%2Fcategories&post=16839"},{"taxonomy":"post_tag","embeddable":true,"href":"http:\/\/www.robertosedda.it\/index.php?rest_route=%2Fwp%2Fv2%2Ftags&post=16839"}],"curies":[{"name":"wp","href":"https:\/\/api.w.org\/{rel}","templated":true}]}}